{"id":10700,"date":"2017-02-27T13:45:33","date_gmt":"2017-02-27T13:45:33","guid":{"rendered":"http:\/\/www.mpppst.gob.ve\/mpppstweb\/?p=10700"},"modified":"2017-02-27T13:45:33","modified_gmt":"2017-02-27T13:45:33","slug":"27f-de-1989-la-sublevacion-de-los-cerros","status":"publish","type":"post","link":"https:\/\/www.mpppst.gob.ve\/mpppstweb\/index.php\/2017\/02\/27\/27f-de-1989-la-sublevacion-de-los-cerros\/","title":{"rendered":"27F de 1989: La sublevaci\u00f3n de los cerros"},"content":{"rendered":"<p>Siguiendo la doctrina tradicional, la d\u00e9cada de los ochenta ha quedado registrada como una d\u00e9cada perdida. Para los pa\u00edses de Am\u00e9rica Latina y El Caribe, este per\u00edodo se present\u00f3 como una aplanadora, pues se implementaron con fuerza irreversible un conjunto de pol\u00edticas que, en nada, ten\u00edan relaci\u00f3n con la din\u00e1mica inherente a estos pa\u00edses, alterando sus modos de existencia, sus pr\u00e1cticas y, con especial \u00e9nfasis, desconociendo la dimensi\u00f3n social. El resultado fue un innegable empobrecimiento de tales pa\u00edses con las consecuencias conocidas por nosotros.<br \/>\nLa denominada mundializaci\u00f3n o globalizaci\u00f3n de la econom\u00eda, as\u00ed como la aplicaci\u00f3n de las recetas del Consenso de Washington (liberalizaci\u00f3n, privatizaci\u00f3n y desregularizaci\u00f3n) generaron efectos adversos en millones de seres humanos de la Am\u00e9rica Meridional, quienes, sencillamente, quedaron excluidos de la posibilidad de tener una vida en dignas condiciones.<br \/>\n<strong>Del empobrecimiento sistem\u00e1tico<\/strong><br \/>\nNo hubo organismo alguno que pudiera disfrazar las cifras o indicadores econ\u00f3micos y sociales (por s\u00f3lo mencionar dos variables) de los pa\u00edses de Am\u00e9rica Latina y El Caribe. Incluso la CEPAL lleg\u00f3 a reportar los siguientes datos. A principios del a\u00f1o 2000, alrededor de 250 millones de latinoamericanos\/as y caribe\u00f1os\/as se encontraban en situaci\u00f3n de pobreza o, mejor a\u00fan, empobrecidos.<br \/>\nCuando Carlos Andr\u00e9s P\u00e9rez asumi\u00f3, por segunda vez, la Presidencia de la Rep\u00fablica de Venezuela, el 02 de Febrero de 1989, nunca imagin\u00f3 lo que ocurrir\u00eda apenas veinticinco d\u00edas despu\u00e9s. Jam\u00e1s hubiera pasado por su mente que, luego del ostentoso \u2013por no decir caprichoso- agasajo en el Teatro Teresa Carre\u00f1o, pasar\u00eda a la historia como uno de los peores gobiernos no s\u00f3lo de Venezuela, sino de la Am\u00e9rica Latina. Se trat\u00f3 de un Gobierno que nos dej\u00f3 lecciones, las cuales quedaron selladas en el imaginario de la gente\u2026<br \/>\nA esa ceremonia \u201ctriunfal\u201d, con aroma de Poison de Dior y de Polo, de Ralph Laurent, asistieron presidentes y personalidades, de la talla de Fidel Castro, Daniel Ortega, Balaguer, el Vicepresidente de los EEUU; Alan Garc\u00eda, Julio Mar\u00eda Sanguinetti, Virgilio Barco, Azcona, Borja, Oscar Arias, Gabriel Garc\u00eda M\u00e1rquez, Jimmy Carter, Willy Brandt, Felipe Gonz\u00e1lez, Miguel de Scoto\u2026 entre otros tantos. (El d\u00eda que bajaron los cerros; 1989: 17-20)<br \/>\nFue, justamente, lo que Carlos Andr\u00e9s se reserv\u00f3 ese 2 de Febrero de 1989, lo que ocasion\u00f3 que las masas dejaran sus ranchos para reclamar lo que hist\u00f3ricamente los gobiernos le hab\u00edan despojado. Bast\u00f3 con el anuncio y materializaci\u00f3n de las medidas que posteriormente posibilitaron el aumento de los precios, la congelaci\u00f3n de los salarios, el acuerdo con el Fondo Monetario Internacional\u2026 para que Venezuela se alzara. El llamado \u201ccaracazo\u201d trascendi\u00f3 Caracas.<br \/>\nAunque en honor a la \u201cverdad verdadera\u201d, de lo que se trat\u00f3 fue de una explosi\u00f3n social producto del agotamiento de un modelo que se reprodujo sistem\u00e1ticamente desde el Pacto de Punto Fijo. Un esquema que conspiraba contra el bienestar del pueblo, arrebat\u00e1ndole su felicidad y empobreciendo no s\u00f3lo su condici\u00f3n de vida, sino su existencia misma. Las medidas anunciadas por CAP s\u00f3lo representaron el avent\u00f3n que requer\u00eda el pueblo para quitarse, de una vez como ocurri\u00f3 ese 27F, el velo de su existencia.<br \/>\nLa primera manifestaci\u00f3n de la sublevaci\u00f3n empez\u00f3 con los aumentos hechos por la ruta Caracas- Guarenas- Guatire. Este incremento expresaba un 60% \u00f3 m\u00e1s por encima del anunciado en Gaceta Oficial. De manera tal que desde Guarenas hasta Caracas (y viceversa) los usuarios deb\u00edan cancelar 10 bol\u00edvares. Y desde Guatire hasta Caracas (y viceversa) los usuarios deb\u00edan pagar 12 bol\u00edvares. No obstante, los choferes plantearon que el pago deb\u00eda ser de 16 y 18 bol\u00edvares respectivamente. (El d\u00eda que bajaron los cerros; Ob. cit: 25). Por cierto, este aumento era el pre\u00e1mbulo de una escalada del incremento de bienes y servicios. Dicho sea de paso, aumentar el precio de la gasolina y del transporte (en tales magnitudes) resultaba inexplicable en un pa\u00eds productor de petr\u00f3leo.<br \/>\n<strong>La acci\u00f3n de masas se torn\u00f3 un hecho \u201cpol\u00edtico\u201d<\/strong><br \/>\nEl 27F es un d\u00eda en el cual la gente se resisti\u00f3 ante un sistema que, adem\u00e1s de asumirlo como sujeto pasivo, de cosificarlo y de confiscarle sus vidas, se revel\u00f3 frente a la l\u00f3gica de un modelo pol\u00edtico que se hab\u00eda naturalizado hasta entonces. La gente comenz\u00f3 a comprender que el hilo hist\u00f3rico puede tener otro rostro toda vez que el pueblo, lleno de conciencia, asuma sus designios. De tal manera que la acci\u00f3n de los gobiernos hasta el per\u00edodo de Gobierno de CAP, en 1993, quedar\u00e1 en el tiempo como de los m\u00e1s opresores: opresores materiales y de la conciencia de los seres humanos.<br \/>\nAunque el 27 de Febrero de 1989 fue, en un primer momento, una acci\u00f3n espont\u00e1nea de masas, producto del agotamiento del modelo pol\u00edtico, econ\u00f3mico y social que hab\u00eda prevalecido en el pa\u00eds, y es cierto tambi\u00e9n que en primera instancia no tuvo objetivos pol\u00edticos definidos, signific\u00f3 un cuestionamiento al \u201corden\u201d establecido, por imposici\u00f3n, el cual era ya insoportable para las mayor\u00edas venezolanas. La revuelta social se extendi\u00f3 durante tres d\u00edas con una ola de saqueos en la capital y otras ciudades venezolanas\u2026 El Gobierno, para mitigar o anular las acciones del pueblo, militariz\u00f3 el pa\u00eds y se suspendieron las garant\u00edas constitucionales. La acci\u00f3n fue sofocada a tiros por el Ej\u00e9rcito y la polic\u00eda, lo que dej\u00f3 un saldo de entre 300 y, quiz\u00e1s, tres mil muertos, seg\u00fan diversas fuentes.<br \/>\nEl 27 de febrero de 1989 ha quedado registrado como la mayor masacre cometida contra el pueblo venezolano, por parte del Gobierno de Carlos Andr\u00e9s P\u00e9rez, quien ech\u00f3 mano de la Fuerza Armada para arremeter contra la poblaci\u00f3n. Este hecho, vale se\u00f1alar, produjo intensos procesos de reflexi\u00f3n en la Fuerza Armada venezolana, aparato del Estado que se interpel\u00f3 a s\u00ed misma: \u00bfc\u00f3mo asesinar al pueblo, del cual provengo? De all\u00ed que la Fuerza Armada, su rol y su funci\u00f3n, est\u00e9 ahora plagada de una nueva l\u00f3gica y conciencia, que da al traste con ese aparato ideol\u00f3gico del Estado que otrora se encargaba de la reproducci\u00f3n del sistema de dominaci\u00f3n.<br \/>\nLas pol\u00edticas p\u00fablicas ejecutadas por los gobiernos inscritos en el per\u00edodo de la Cuarta Rep\u00fablica, no hay duda, iban a contracorriente de las bases de nuestra soberan\u00eda e independencia\u2026Otro aspecto, no menos importante, fue el panorama de miseria ocasionada por la deuda externa contra\u00edda con los organismos financieros internacionales: Fondo Monetario Internacional, Banco Mundial y Banco Interamericano de Desarrollo.<br \/>\nPues bien, este evento signific\u00f3 el quiebre del modelo pol\u00edtico instaurado a partir del Pacto de Punto Fijo, acuerdo de gobernabilidad mediante el cual los actores pol\u00edticos y sociales del momento, en conjunci\u00f3n con las principales instituciones de la burgues\u00eda, como Fedec\u00e1maras, la Iglesia Cat\u00f3lica y las Fuerzas Armadas, se compromet\u00edan a defender a la democracia representativa, como forma pol\u00edtica, y al capitalismo basado en nuestro caso en la exportaci\u00f3n segura de petr\u00f3leo barato.<br \/>\nEn lo econ\u00f3mico el modelo evidenci\u00f3 su agotamiento debido a la exacerbada fuga de capitales, originada por el viernes negro de Febrero de 1983, per\u00edodo en el cual se implement\u00f3 una importante devaluaci\u00f3n de la moneda para dar freno a la fuga de capitales. En la dimensi\u00f3n social es claro que el Estado, cada vez con m\u00e1s fuerza, se desentend\u00eda del \u00e1rea social. \u201cLo social\u201d representaba un gasto, por tanto, las acciones de Gobierno no estaban dirigidas a atender esa dimensi\u00f3n. Ese Estado, et\u00e9reo, lejano de las bases, de o\u00eddos sordos a las presiones que emanaban de la estructura societaria, tambi\u00e9n fortaleci\u00f3 sus atribuciones autoritarias y aparatos represivos (a trav\u00e9s de la polic\u00eda y del Ej\u00e9rcito) poni\u00e9ndolos a punto para neutralizar la protesta social, a trav\u00e9s, entre otras t\u00e1cticas, de la criminalizaci\u00f3n de la protesta.<br \/>\nLos hechos del\u00a0\u00a027F adquirieron un gran contenido, significaci\u00f3n, m\u00e1s all\u00e1 del alzamiento de las bases. Se convirti\u00f3, en s\u00ed misma, en una propuesta de resistencia, de ant\u00edtesis del orden reinante. Se volvi\u00f3 una acci\u00f3n que amalgam\u00f3 la lucha del pueblo venezolano, el empoderamiento respecto del pa\u00eds y de la forma de conducirlo\u2026. originando nuevas f\u00f3rmulas de participaci\u00f3n y organizaci\u00f3n que hoy siguen edific\u00e1ndose. Ese 27F fue un grito de las bases populares que se aliment\u00f3 de una metodolog\u00eda propia y molde\u00f3 un discurso, tambi\u00e9n propio. Ambos inacabados.<\/p>\n<p>Por Marbelys Mav\u00e1rez Laguna<\/p>\n","protected":false},"excerpt":{"rendered":"<p>Siguiendo la doctrina tradicional, la d\u00e9cada de los ochenta ha quedado registrada como una d\u00e9cada perdida. &hellip; <a title=\"27F de 1989: La sublevaci\u00f3n de los cerros\" class=\"hm-read-more\" href=\"https:\/\/www.mpppst.gob.ve\/mpppstweb\/index.php\/2017\/02\/27\/27f-de-1989-la-sublevacion-de-los-cerros\/\"><span class=\"screen-reader-text\">27F de 1989: La sublevaci\u00f3n de los cerros<\/span>Read more<\/a><\/p>\n","protected":false},"author":25,"featured_media":10701,"comment_status":"closed","ping_status":"closed","sticky":false,"template":"","format":"standard","meta":{"footnotes":""},"categories":[360],"tags":[229,240,227],"yoast_head":"<!-- This site is optimized with the Yoast SEO plugin v22.5 - https:\/\/yoast.com\/wordpress\/plugins\/seo\/ -->\n<title>27F de 1989: La sublevaci\u00f3n de los cerros - MPPPST<\/title>\n<meta name=\"robots\" content=\"index, follow, max-snippet:-1, max-image-preview:large, max-video-preview:-1\" \/>\n<link rel=\"canonical\" href=\"https:\/\/www.mpppst.gob.ve\/mpppstweb\/index.php\/2017\/02\/27\/27f-de-1989-la-sublevacion-de-los-cerros\/\" \/>\n<meta property=\"og:locale\" content=\"es_ES\" \/>\n<meta property=\"og:type\" content=\"article\" \/>\n<meta property=\"og:title\" content=\"27F de 1989: La sublevaci\u00f3n de los cerros - MPPPST\" \/>\n<meta property=\"og:description\" content=\"Siguiendo la doctrina tradicional, la d\u00e9cada de los ochenta ha quedado registrada como una d\u00e9cada perdida. &hellip; 27F de 1989: La sublevaci\u00f3n de los cerrosRead more\" \/>\n<meta property=\"og:url\" content=\"https:\/\/www.mpppst.gob.ve\/mpppstweb\/index.php\/2017\/02\/27\/27f-de-1989-la-sublevacion-de-los-cerros\/\" \/>\n<meta property=\"og:site_name\" content=\"MPPPST\" \/>\n<meta property=\"article:published_time\" content=\"2017-02-27T13:45:33+00:00\" \/>\n<meta property=\"og:image\" content=\"https:\/\/www.mpppst.gob.ve\/mpppstweb\/wp-content\/uploads\/2017\/02\/caracazo-5.jpg\" \/>\n\t<meta property=\"og:image:width\" content=\"800\" \/>\n\t<meta property=\"og:image:height\" content=\"445\" \/>\n\t<meta property=\"og:image:type\" content=\"image\/jpeg\" \/>\n<meta name=\"author\" content=\"MPPPST Prensa\" \/>\n<meta name=\"twitter:card\" content=\"summary_large_image\" \/>\n<meta name=\"twitter:label1\" content=\"Escrito por\" \/>\n\t<meta name=\"twitter:data1\" content=\"MPPPST Prensa\" \/>\n\t<meta name=\"twitter:label2\" content=\"Tiempo de lectura\" \/>\n\t<meta name=\"twitter:data2\" content=\"7 minutos\" \/>\n<script type=\"application\/ld+json\" class=\"yoast-schema-graph\">{\"@context\":\"https:\/\/schema.org\",\"@graph\":[{\"@type\":\"Article\",\"@id\":\"https:\/\/www.mpppst.gob.ve\/mpppstweb\/index.php\/2017\/02\/27\/27f-de-1989-la-sublevacion-de-los-cerros\/#article\",\"isPartOf\":{\"@id\":\"https:\/\/www.mpppst.gob.ve\/mpppstweb\/index.php\/2017\/02\/27\/27f-de-1989-la-sublevacion-de-los-cerros\/\"},\"author\":{\"name\":\"MPPPST Prensa\",\"@id\":\"https:\/\/www.mpppst.gob.ve\/mpppstweb\/#\/schema\/person\/fc187ee8ead412bd4c9304b62f900ea4\"},\"headline\":\"27F de 1989: La sublevaci\u00f3n de los cerros\",\"datePublished\":\"2017-02-27T13:45:33+00:00\",\"dateModified\":\"2017-02-27T13:45:33+00:00\",\"mainEntityOfPage\":{\"@id\":\"https:\/\/www.mpppst.gob.ve\/mpppstweb\/index.php\/2017\/02\/27\/27f-de-1989-la-sublevacion-de-los-cerros\/\"},\"wordCount\":1494,\"publisher\":{\"@id\":\"https:\/\/www.mpppst.gob.ve\/mpppstweb\/#organization\"},\"image\":{\"@id\":\"https:\/\/www.mpppst.gob.ve\/mpppstweb\/index.php\/2017\/02\/27\/27f-de-1989-la-sublevacion-de-los-cerros\/#primaryimage\"},\"thumbnailUrl\":\"https:\/\/www.mpppst.gob.ve\/mpppstweb\/wp-content\/uploads\/2017\/02\/caracazo-5.jpg\",\"keywords\":[\"Defensa Integral\",\"Participaci\u00f3n popular y protag\u00f3nica\",\"Proceso Social\"],\"articleSection\":[\"Movimientos Sociales\"],\"inLanguage\":\"es\"},{\"@type\":\"WebPage\",\"@id\":\"https:\/\/www.mpppst.gob.ve\/mpppstweb\/index.php\/2017\/02\/27\/27f-de-1989-la-sublevacion-de-los-cerros\/\",\"url\":\"https:\/\/www.mpppst.gob.ve\/mpppstweb\/index.php\/2017\/02\/27\/27f-de-1989-la-sublevacion-de-los-cerros\/\",\"name\":\"27F de 1989: La sublevaci\u00f3n de los cerros - MPPPST\",\"isPartOf\":{\"@id\":\"https:\/\/www.mpppst.gob.ve\/mpppstweb\/#website\"},\"primaryImageOfPage\":{\"@id\":\"https:\/\/www.mpppst.gob.ve\/mpppstweb\/index.php\/2017\/02\/27\/27f-de-1989-la-sublevacion-de-los-cerros\/#primaryimage\"},\"image\":{\"@id\":\"https:\/\/www.mpppst.gob.ve\/mpppstweb\/index.php\/2017\/02\/27\/27f-de-1989-la-sublevacion-de-los-cerros\/#primaryimage\"},\"thumbnailUrl\":\"https:\/\/www.mpppst.gob.ve\/mpppstweb\/wp-content\/uploads\/2017\/02\/caracazo-5.jpg\",\"datePublished\":\"2017-02-27T13:45:33+00:00\",\"dateModified\":\"2017-02-27T13:45:33+00:00\",\"breadcrumb\":{\"@id\":\"https:\/\/www.mpppst.gob.ve\/mpppstweb\/index.php\/2017\/02\/27\/27f-de-1989-la-sublevacion-de-los-cerros\/#breadcrumb\"},\"inLanguage\":\"es\",\"potentialAction\":[{\"@type\":\"ReadAction\",\"target\":[\"https:\/\/www.mpppst.gob.ve\/mpppstweb\/index.php\/2017\/02\/27\/27f-de-1989-la-sublevacion-de-los-cerros\/\"]}]},{\"@type\":\"ImageObject\",\"inLanguage\":\"es\",\"@id\":\"https:\/\/www.mpppst.gob.ve\/mpppstweb\/index.php\/2017\/02\/27\/27f-de-1989-la-sublevacion-de-los-cerros\/#primaryimage\",\"url\":\"https:\/\/www.mpppst.gob.ve\/mpppstweb\/wp-content\/uploads\/2017\/02\/caracazo-5.jpg\",\"contentUrl\":\"https:\/\/www.mpppst.gob.ve\/mpppstweb\/wp-content\/uploads\/2017\/02\/caracazo-5.jpg\",\"width\":800,\"height\":445},{\"@type\":\"BreadcrumbList\",\"@id\":\"https:\/\/www.mpppst.gob.ve\/mpppstweb\/index.php\/2017\/02\/27\/27f-de-1989-la-sublevacion-de-los-cerros\/#breadcrumb\",\"itemListElement\":[{\"@type\":\"ListItem\",\"position\":1,\"name\":\"Home\",\"item\":\"https:\/\/www.mpppst.gob.ve\/mpppstweb\/\"},{\"@type\":\"ListItem\",\"position\":2,\"name\":\"27F de 1989: La sublevaci\u00f3n de los cerros\"}]},{\"@type\":\"WebSite\",\"@id\":\"https:\/\/www.mpppst.gob.ve\/mpppstweb\/#website\",\"url\":\"https:\/\/www.mpppst.gob.ve\/mpppstweb\/\",\"name\":\"MPPPST\",\"description\":\"Ministerio del Poder Popular para el Proceso Social de Trabajo\",\"publisher\":{\"@id\":\"https:\/\/www.mpppst.gob.ve\/mpppstweb\/#organization\"},\"potentialAction\":[{\"@type\":\"SearchAction\",\"target\":{\"@type\":\"EntryPoint\",\"urlTemplate\":\"https:\/\/www.mpppst.gob.ve\/mpppstweb\/?s={search_term_string}\"},\"query-input\":\"required name=search_term_string\"}],\"inLanguage\":\"es\"},{\"@type\":\"Organization\",\"@id\":\"https:\/\/www.mpppst.gob.ve\/mpppstweb\/#organization\",\"name\":\"mpppst\",\"url\":\"https:\/\/www.mpppst.gob.ve\/mpppstweb\/\",\"logo\":{\"@type\":\"ImageObject\",\"inLanguage\":\"es\",\"@id\":\"https:\/\/www.mpppst.gob.ve\/mpppstweb\/#\/schema\/logo\/image\/\",\"url\":\"https:\/\/www.mpppst.gob.ve\/mpppstweb\/wp-content\/uploads\/2025\/07\/cropped-cropped-g910.png\",\"contentUrl\":\"https:\/\/www.mpppst.gob.ve\/mpppstweb\/wp-content\/uploads\/2025\/07\/cropped-cropped-g910.png\",\"width\":1080,\"height\":241,\"caption\":\"mpppst\"},\"image\":{\"@id\":\"https:\/\/www.mpppst.gob.ve\/mpppstweb\/#\/schema\/logo\/image\/\"}},{\"@type\":\"Person\",\"@id\":\"https:\/\/www.mpppst.gob.ve\/mpppstweb\/#\/schema\/person\/fc187ee8ead412bd4c9304b62f900ea4\",\"name\":\"MPPPST Prensa\",\"url\":\"https:\/\/www.mpppst.gob.ve\/mpppstweb\/index.php\/author\/prensa-mpppst\/\"}]}<\/script>\n<!-- \/ Yoast SEO plugin. -->","yoast_head_json":{"title":"27F de 1989: La sublevaci\u00f3n de los cerros - MPPPST","robots":{"index":"index","follow":"follow","max-snippet":"max-snippet:-1","max-image-preview":"max-image-preview:large","max-video-preview":"max-video-preview:-1"},"canonical":"https:\/\/www.mpppst.gob.ve\/mpppstweb\/index.php\/2017\/02\/27\/27f-de-1989-la-sublevacion-de-los-cerros\/","og_locale":"es_ES","og_type":"article","og_title":"27F de 1989: La sublevaci\u00f3n de los cerros - MPPPST","og_description":"Siguiendo la doctrina tradicional, la d\u00e9cada de los ochenta ha quedado registrada como una d\u00e9cada perdida. &hellip; 27F de 1989: La sublevaci\u00f3n de los cerrosRead more","og_url":"https:\/\/www.mpppst.gob.ve\/mpppstweb\/index.php\/2017\/02\/27\/27f-de-1989-la-sublevacion-de-los-cerros\/","og_site_name":"MPPPST","article_published_time":"2017-02-27T13:45:33+00:00","og_image":[{"width":800,"height":445,"url":"https:\/\/www.mpppst.gob.ve\/mpppstweb\/wp-content\/uploads\/2017\/02\/caracazo-5.jpg","type":"image\/jpeg"}],"author":"MPPPST Prensa","twitter_card":"summary_large_image","twitter_misc":{"Escrito por":"MPPPST Prensa","Tiempo de lectura":"7 minutos"},"schema":{"@context":"https:\/\/schema.org","@graph":[{"@type":"Article","@id":"https:\/\/www.mpppst.gob.ve\/mpppstweb\/index.php\/2017\/02\/27\/27f-de-1989-la-sublevacion-de-los-cerros\/#article","isPartOf":{"@id":"https:\/\/www.mpppst.gob.ve\/mpppstweb\/index.php\/2017\/02\/27\/27f-de-1989-la-sublevacion-de-los-cerros\/"},"author":{"name":"MPPPST Prensa","@id":"https:\/\/www.mpppst.gob.ve\/mpppstweb\/#\/schema\/person\/fc187ee8ead412bd4c9304b62f900ea4"},"headline":"27F de 1989: La sublevaci\u00f3n de los cerros","datePublished":"2017-02-27T13:45:33+00:00","dateModified":"2017-02-27T13:45:33+00:00","mainEntityOfPage":{"@id":"https:\/\/www.mpppst.gob.ve\/mpppstweb\/index.php\/2017\/02\/27\/27f-de-1989-la-sublevacion-de-los-cerros\/"},"wordCount":1494,"publisher":{"@id":"https:\/\/www.mpppst.gob.ve\/mpppstweb\/#organization"},"image":{"@id":"https:\/\/www.mpppst.gob.ve\/mpppstweb\/index.php\/2017\/02\/27\/27f-de-1989-la-sublevacion-de-los-cerros\/#primaryimage"},"thumbnailUrl":"https:\/\/www.mpppst.gob.ve\/mpppstweb\/wp-content\/uploads\/2017\/02\/caracazo-5.jpg","keywords":["Defensa Integral","Participaci\u00f3n popular y protag\u00f3nica","Proceso Social"],"articleSection":["Movimientos Sociales"],"inLanguage":"es"},{"@type":"WebPage","@id":"https:\/\/www.mpppst.gob.ve\/mpppstweb\/index.php\/2017\/02\/27\/27f-de-1989-la-sublevacion-de-los-cerros\/","url":"https:\/\/www.mpppst.gob.ve\/mpppstweb\/index.php\/2017\/02\/27\/27f-de-1989-la-sublevacion-de-los-cerros\/","name":"27F de 1989: La sublevaci\u00f3n de los cerros - MPPPST","isPartOf":{"@id":"https:\/\/www.mpppst.gob.ve\/mpppstweb\/#website"},"primaryImageOfPage":{"@id":"https:\/\/www.mpppst.gob.ve\/mpppstweb\/index.php\/2017\/02\/27\/27f-de-1989-la-sublevacion-de-los-cerros\/#primaryimage"},"image":{"@id":"https:\/\/www.mpppst.gob.ve\/mpppstweb\/index.php\/2017\/02\/27\/27f-de-1989-la-sublevacion-de-los-cerros\/#primaryimage"},"thumbnailUrl":"https:\/\/www.mpppst.gob.ve\/mpppstweb\/wp-content\/uploads\/2017\/02\/caracazo-5.jpg","datePublished":"2017-02-27T13:45:33+00:00","dateModified":"2017-02-27T13:45:33+00:00","breadcrumb":{"@id":"https:\/\/www.mpppst.gob.ve\/mpppstweb\/index.php\/2017\/02\/27\/27f-de-1989-la-sublevacion-de-los-cerros\/#breadcrumb"},"inLanguage":"es","potentialAction":[{"@type":"ReadAction","target":["https:\/\/www.mpppst.gob.ve\/mpppstweb\/index.php\/2017\/02\/27\/27f-de-1989-la-sublevacion-de-los-cerros\/"]}]},{"@type":"ImageObject","inLanguage":"es","@id":"https:\/\/www.mpppst.gob.ve\/mpppstweb\/index.php\/2017\/02\/27\/27f-de-1989-la-sublevacion-de-los-cerros\/#primaryimage","url":"https:\/\/www.mpppst.gob.ve\/mpppstweb\/wp-content\/uploads\/2017\/02\/caracazo-5.jpg","contentUrl":"https:\/\/www.mpppst.gob.ve\/mpppstweb\/wp-content\/uploads\/2017\/02\/caracazo-5.jpg","width":800,"height":445},{"@type":"BreadcrumbList","@id":"https:\/\/www.mpppst.gob.ve\/mpppstweb\/index.php\/2017\/02\/27\/27f-de-1989-la-sublevacion-de-los-cerros\/#breadcrumb","itemListElement":[{"@type":"ListItem","position":1,"name":"Home","item":"https:\/\/www.mpppst.gob.ve\/mpppstweb\/"},{"@type":"ListItem","position":2,"name":"27F de 1989: La sublevaci\u00f3n de los cerros"}]},{"@type":"WebSite","@id":"https:\/\/www.mpppst.gob.ve\/mpppstweb\/#website","url":"https:\/\/www.mpppst.gob.ve\/mpppstweb\/","name":"MPPPST","description":"Ministerio del Poder Popular para el Proceso Social de Trabajo","publisher":{"@id":"https:\/\/www.mpppst.gob.ve\/mpppstweb\/#organization"},"potentialAction":[{"@type":"SearchAction","target":{"@type":"EntryPoint","urlTemplate":"https:\/\/www.mpppst.gob.ve\/mpppstweb\/?s={search_term_string}"},"query-input":"required name=search_term_string"}],"inLanguage":"es"},{"@type":"Organization","@id":"https:\/\/www.mpppst.gob.ve\/mpppstweb\/#organization","name":"mpppst","url":"https:\/\/www.mpppst.gob.ve\/mpppstweb\/","logo":{"@type":"ImageObject","inLanguage":"es","@id":"https:\/\/www.mpppst.gob.ve\/mpppstweb\/#\/schema\/logo\/image\/","url":"https:\/\/www.mpppst.gob.ve\/mpppstweb\/wp-content\/uploads\/2025\/07\/cropped-cropped-g910.png","contentUrl":"https:\/\/www.mpppst.gob.ve\/mpppstweb\/wp-content\/uploads\/2025\/07\/cropped-cropped-g910.png","width":1080,"height":241,"caption":"mpppst"},"image":{"@id":"https:\/\/www.mpppst.gob.ve\/mpppstweb\/#\/schema\/logo\/image\/"}},{"@type":"Person","@id":"https:\/\/www.mpppst.gob.ve\/mpppstweb\/#\/schema\/person\/fc187ee8ead412bd4c9304b62f900ea4","name":"MPPPST Prensa","url":"https:\/\/www.mpppst.gob.ve\/mpppstweb\/index.php\/author\/prensa-mpppst\/"}]}},"_links":{"self":[{"href":"https:\/\/www.mpppst.gob.ve\/mpppstweb\/index.php\/wp-json\/wp\/v2\/posts\/10700"}],"collection":[{"href":"https:\/\/www.mpppst.gob.ve\/mpppstweb\/index.php\/wp-json\/wp\/v2\/posts"}],"about":[{"href":"https:\/\/www.mpppst.gob.ve\/mpppstweb\/index.php\/wp-json\/wp\/v2\/types\/post"}],"author":[{"embeddable":true,"href":"https:\/\/www.mpppst.gob.ve\/mpppstweb\/index.php\/wp-json\/wp\/v2\/users\/25"}],"replies":[{"embeddable":true,"href":"https:\/\/www.mpppst.gob.ve\/mpppstweb\/index.php\/wp-json\/wp\/v2\/comments?post=10700"}],"version-history":[{"count":1,"href":"https:\/\/www.mpppst.gob.ve\/mpppstweb\/index.php\/wp-json\/wp\/v2\/posts\/10700\/revisions"}],"predecessor-version":[{"id":10702,"href":"https:\/\/www.mpppst.gob.ve\/mpppstweb\/index.php\/wp-json\/wp\/v2\/posts\/10700\/revisions\/10702"}],"wp:featuredmedia":[{"embeddable":true,"href":"https:\/\/www.mpppst.gob.ve\/mpppstweb\/index.php\/wp-json\/wp\/v2\/media\/10701"}],"wp:attachment":[{"href":"https:\/\/www.mpppst.gob.ve\/mpppstweb\/index.php\/wp-json\/wp\/v2\/media?parent=10700"}],"wp:term":[{"taxonomy":"category","embeddable":true,"href":"https:\/\/www.mpppst.gob.ve\/mpppstweb\/index.php\/wp-json\/wp\/v2\/categories?post=10700"},{"taxonomy":"post_tag","embeddable":true,"href":"https:\/\/www.mpppst.gob.ve\/mpppstweb\/index.php\/wp-json\/wp\/v2\/tags?post=10700"}],"curies":[{"name":"wp","href":"https:\/\/api.w.org\/{rel}","templated":true}]}}