{"id":10703,"date":"2017-02-27T13:52:56","date_gmt":"2017-02-27T13:52:56","guid":{"rendered":"http:\/\/www.mpppst.gob.ve\/mpppstweb\/?p=10703"},"modified":"2017-02-27T13:52:56","modified_gmt":"2017-02-27T13:52:56","slug":"27-de-febrero-de-1989-la-masacre-que-no-debemos-olvidar","status":"publish","type":"post","link":"https:\/\/www.mpppst.gob.ve\/mpppstweb\/index.php\/2017\/02\/27\/27-de-febrero-de-1989-la-masacre-que-no-debemos-olvidar\/","title":{"rendered":"27 de Febrero de 1989: La masacre que no debemos olvidar"},"content":{"rendered":"<p>El 27 de febrero de 1989 constituye un hecho hist\u00f3rico susceptible, a\u00fan, de ser estudiado. Vale destacar que a partir de los a\u00f1os 50, la gesti\u00f3n pol\u00edtica nacional es gestada por acuerdos con el imperialismo norteamericano a trav\u00e9s del pacto de Punto Fijo acordado por los partidos AD-COPEI.<br \/>\nAlgunos hechos hist\u00f3ricos son necesarios rememorar para tenerlos presente. En primer lugar, en el a\u00f1o 1974 con la Presidencia de Carlos Andr\u00e9s P\u00e9rez (CAP) se produjo una bonanza por el precio del petr\u00f3leo que pasa de menos de 10 d\u00f3lares el barril a un precio significativo generado por el embargo petrolero, como consecuencia de la negativa de los pa\u00edses \u00e1rabes a venderlo a pa\u00edses propiciadores de guerras. De esta forma, EEUU concentra sus compras en Venezuela.<br \/>\nEn los a\u00f1os 80 el 4 de Febrero encuentra otro precedente: la presidencia de Luis Herrera Campins. De tal forma que, en el contexto de la ca\u00edda de los precios de los commodities -materias primas como el petr\u00f3leo, hierro&#8230;- que amenaz\u00f3 las reservas en moneda dura del pa\u00eds. El Presidente del BCV, D\u00edaz Bruzual (El B\u00fafalo) decide que todo ingreso en d\u00f3lares debe ser depositado en el BCV, incluyendo los de PDVSA.<br \/>\nEn este per\u00edodo estallan las compras nerviosas que generan riesgos para gastos estatales y pago de deuda externa. Banqueros y grandes empresarios son los que m\u00e1s los acaparan, en detrimento de los peque\u00f1os ahorristas.<br \/>\nEn febrero del 83, estalla la crisis que precipita creaci\u00f3n del R\u00e9gimen de Cambio Diferencial (RECADI). La corrupci\u00f3n encabezada por grandes compradores que depositan las divisas en el exterior con capitales de 300 mil millones d\u00f3lares. El \u00fanico procesado fue el famoso \u00abchinito de RECADI\u00bb.<br \/>\nAmbos gobiernos prometen administraci\u00f3n austera, y ambos, engordan la deuda p\u00fablica externa, llamada por Fidel Castro como la \u00abdeuda eterna\u00bb. Llega al rid\u00edculo en la administraci\u00f3n Lusinchi, cuando al entregar la presidencia al segundo per\u00edodo de CAP expresa: \u00abMe enga\u00f1aron con la deuda\u00bb.<\/p>\n<p>&nbsp;<\/p>\n<p>Lo anterior es una m\u00ednima informaci\u00f3n sobre las gestiones administrativas AD-COPEI que cuentan con apoyo del MAS y la resistencia del Grupo de la Unidad Parlamentaria de Izquierda, los diputados Maza Zavala, D. A. Rangel, Garc\u00eda Ponce, Am\u00e9rico Mart\u00edn y R\u00f3mulo Henr\u00edquez como vocero de la misma. Situaci\u00f3n que estalla con el segundo CAP.<br \/>\n<strong>Vino la lucha popular<\/strong><br \/>\nLos antecedentes mencionados, forjaron el comienzo de una heroica experiencia y lucha popular por los sufrimientos del pueblo de Bol\u00edvar: enga\u00f1o, represi\u00f3n sistem\u00e1tica, corrupci\u00f3n, complicidad gubernamental e impunidad insolente que se convirti\u00f3 en crisis del sistema pol\u00edtico-moral que gener\u00f3 insurrecci\u00f3n popular de 1989 conocida como \u00abEl Caracazo\u00bb, lo que a su vez produjo la constituci\u00f3n del Movimiento Bolivariano, cuyo hito hist\u00f3rico fue el 4F de 1992 con la insurrecci\u00f3n c\u00edvico-militar guiada por los m\u00e1s altos valores patrios.<br \/>\nEsta insurrecci\u00f3n y el \u00abpor ahora\u00bb de Hugo Ch\u00e1vez, gan\u00f3 el coraz\u00f3n y la conciencia popular que culmina con el triunfo abrumador de la causa liberadora en las elecciones de 1998.<br \/>\nEl CAP II, demagogo y mentiroso al fin y su triunfo con 4 millones de votos gener\u00f3 expectivas que comenzaron a ser frustradas con su llamada \u00abCoronaci\u00f3n\u00bb en el reci\u00e9n creado TTC: \u00ab&#8230; no vengo a disfrutar del poder y sus vanaglorias&#8230; no habr\u00e1n ajustes econ\u00f3micos cuyos efectos se sientan solo en los grupos de menores ingresos\u00bb (\u00daltimas Noticias 3-2-1989).<br \/>\nNo obstante, CAP planifica el llamado \u00abPAQUETE\u00bb. El ministro de Planificaci\u00f3n, Miguel \u00abpaquetico\u00bb Rodr\u00edguez firma la \u00abCarta de Intenci\u00f3n\u00bb con el FMI en Washington. Los firmantes fueron el ministro de Planificaci\u00f3n, Egl\u00e9e Iturbe de Hacienda y Pedro Tinoco, Presidente del BCV.<br \/>\n\u00abAunque esta carta no representa garant\u00eda inmediata de dinero fresco, evidencia una voluntad pol\u00edtica de asumir los sacrificios que se desprende de un programa de ajustes como el que se est\u00e1 llevando a la pr\u00e1ctica en el pa\u00eds\u00bb. (Vladimir Villegas Diario de Caracas)<\/p>\n<p>\u00ab&#8230; Ir al FMI no es una opci\u00f3n. Es la \u00fanica opci\u00f3n que tiene el pa\u00eds&#8230; No hemos ido a mendigar, hemos pedido consejos al Fondo\u2026 despu\u00e9s de largos estudios con verdaderos hombres&#8230;\u00bb (CAP. El Mundo)<br \/>\nPor otra parte, el diario 2001, publicaba lo siguiente: \u00abSHOCK\u00bb econ\u00f3mico para la poblaci\u00f3n: Aumentan combustible, lubricantes, pasajes e intereses. \u00daltimas Noticias daba este tratamiento al contexto social: \u00ab\u00a1Ya es demasiado! Exclaman amas de casa frente a los abastos\u00bb. Y durante febrero de 1989 El Diario de Caracas abr\u00eda su portada de la siguiente forma: \u00abViolenta poblada arras\u00f3 con el comercio en Guarenas\u201d. Justo durante los d\u00edas aciagos de febrero de 1989, \u00daltimas Noticias titulaba de la siguiente manera: \u00abNoche de terror y violencia vivi\u00f3 Caracas. Bajaron los barrios y se intensific\u00f3 el saqueo\u00bb<\/p>\n<p><strong>Represi\u00f3n, muerte indiscriminada, desapariciones&#8230;<\/strong><br \/>\nLa represi\u00f3n fue ordenada por CAP. Es la culminaci\u00f3n de una serie de violaciones a los derechos humanos operada por el puntofijismo desde aquella triste, famosa y c\u00ednica frase de Betancourt: \u00abDisparen primero y averig\u00fcen despu\u00e9s\u00bb que tiene como hitos a las masacres de Cantaura, Yumare y El Amparo.<\/p>\n<p>&nbsp;<\/p>\n<p><strong>Mi testimonio personal<\/strong><br \/>\nEn ese momento viv\u00ed dos hechos: uno, el cura popular que ten\u00edamos en El Llanito sali\u00f3 a la calle, cruz en mano para intentar vanamente parar la represi\u00f3n. Dos: en la esquina de nuestra vivienda, se instal\u00f3 una patrulla de la DISIP que disparaba Guaire por medio a los humildes habitantes de las barriadas de Petare. Dejaron mont\u00f3n de casquillos como testimonio de su accionar impune e inmisericorde.<\/p>\n<p>Por Carlos Su\u00e1rez<\/p>\n","protected":false},"excerpt":{"rendered":"<p>El 27 de febrero de 1989 constituye un hecho hist\u00f3rico susceptible, a\u00fan, de ser estudiado. Vale &hellip; <a title=\"27 de Febrero de 1989: La masacre que no debemos olvidar\" class=\"hm-read-more\" href=\"https:\/\/www.mpppst.gob.ve\/mpppstweb\/index.php\/2017\/02\/27\/27-de-febrero-de-1989-la-masacre-que-no-debemos-olvidar\/\"><span class=\"screen-reader-text\">27 de Febrero de 1989: La masacre que no debemos olvidar<\/span>Read more<\/a><\/p>\n","protected":false},"author":25,"featured_media":10704,"comment_status":"closed","ping_status":"closed","sticky":false,"template":"","format":"standard","meta":{"footnotes":""},"categories":[360],"tags":[229,227],"yoast_head":"<!-- This site is optimized with the Yoast SEO plugin v22.5 - https:\/\/yoast.com\/wordpress\/plugins\/seo\/ -->\n<title>27 de Febrero de 1989: La masacre que no debemos olvidar - MPPPST<\/title>\n<meta name=\"robots\" content=\"index, follow, max-snippet:-1, max-image-preview:large, max-video-preview:-1\" \/>\n<link rel=\"canonical\" href=\"https:\/\/www.mpppst.gob.ve\/mpppstweb\/index.php\/2017\/02\/27\/27-de-febrero-de-1989-la-masacre-que-no-debemos-olvidar\/\" \/>\n<meta property=\"og:locale\" content=\"es_ES\" \/>\n<meta property=\"og:type\" content=\"article\" \/>\n<meta property=\"og:title\" content=\"27 de Febrero de 1989: La masacre que no debemos olvidar - MPPPST\" \/>\n<meta property=\"og:description\" content=\"El 27 de febrero de 1989 constituye un hecho hist\u00f3rico susceptible, a\u00fan, de ser estudiado. Vale &hellip; 27 de Febrero de 1989: La masacre que no debemos olvidarRead more\" \/>\n<meta property=\"og:url\" content=\"https:\/\/www.mpppst.gob.ve\/mpppstweb\/index.php\/2017\/02\/27\/27-de-febrero-de-1989-la-masacre-que-no-debemos-olvidar\/\" \/>\n<meta property=\"og:site_name\" content=\"MPPPST\" \/>\n<meta property=\"article:published_time\" content=\"2017-02-27T13:52:56+00:00\" \/>\n<meta property=\"og:image\" content=\"https:\/\/www.mpppst.gob.ve\/mpppstweb\/wp-content\/uploads\/2017\/02\/caracazo-1.jpg\" \/>\n\t<meta property=\"og:image:width\" content=\"800\" \/>\n\t<meta property=\"og:image:height\" content=\"445\" \/>\n\t<meta property=\"og:image:type\" content=\"image\/jpeg\" \/>\n<meta name=\"author\" content=\"MPPPST Prensa\" \/>\n<meta name=\"twitter:card\" content=\"summary_large_image\" \/>\n<meta name=\"twitter:label1\" content=\"Escrito por\" \/>\n\t<meta name=\"twitter:data1\" content=\"MPPPST Prensa\" \/>\n\t<meta name=\"twitter:label2\" content=\"Tiempo de lectura\" \/>\n\t<meta name=\"twitter:data2\" content=\"5 minutos\" \/>\n<script type=\"application\/ld+json\" class=\"yoast-schema-graph\">{\"@context\":\"https:\/\/schema.org\",\"@graph\":[{\"@type\":\"Article\",\"@id\":\"https:\/\/www.mpppst.gob.ve\/mpppstweb\/index.php\/2017\/02\/27\/27-de-febrero-de-1989-la-masacre-que-no-debemos-olvidar\/#article\",\"isPartOf\":{\"@id\":\"https:\/\/www.mpppst.gob.ve\/mpppstweb\/index.php\/2017\/02\/27\/27-de-febrero-de-1989-la-masacre-que-no-debemos-olvidar\/\"},\"author\":{\"name\":\"MPPPST Prensa\",\"@id\":\"https:\/\/www.mpppst.gob.ve\/mpppstweb\/#\/schema\/person\/fc187ee8ead412bd4c9304b62f900ea4\"},\"headline\":\"27 de Febrero de 1989: La masacre que no debemos olvidar\",\"datePublished\":\"2017-02-27T13:52:56+00:00\",\"dateModified\":\"2017-02-27T13:52:56+00:00\",\"mainEntityOfPage\":{\"@id\":\"https:\/\/www.mpppst.gob.ve\/mpppstweb\/index.php\/2017\/02\/27\/27-de-febrero-de-1989-la-masacre-que-no-debemos-olvidar\/\"},\"wordCount\":968,\"publisher\":{\"@id\":\"https:\/\/www.mpppst.gob.ve\/mpppstweb\/#organization\"},\"image\":{\"@id\":\"https:\/\/www.mpppst.gob.ve\/mpppstweb\/index.php\/2017\/02\/27\/27-de-febrero-de-1989-la-masacre-que-no-debemos-olvidar\/#primaryimage\"},\"thumbnailUrl\":\"https:\/\/www.mpppst.gob.ve\/mpppstweb\/wp-content\/uploads\/2017\/02\/caracazo-1.jpg\",\"keywords\":[\"Defensa Integral\",\"Proceso Social\"],\"articleSection\":[\"Movimientos Sociales\"],\"inLanguage\":\"es\"},{\"@type\":\"WebPage\",\"@id\":\"https:\/\/www.mpppst.gob.ve\/mpppstweb\/index.php\/2017\/02\/27\/27-de-febrero-de-1989-la-masacre-que-no-debemos-olvidar\/\",\"url\":\"https:\/\/www.mpppst.gob.ve\/mpppstweb\/index.php\/2017\/02\/27\/27-de-febrero-de-1989-la-masacre-que-no-debemos-olvidar\/\",\"name\":\"27 de Febrero de 1989: La masacre que no debemos olvidar - MPPPST\",\"isPartOf\":{\"@id\":\"https:\/\/www.mpppst.gob.ve\/mpppstweb\/#website\"},\"primaryImageOfPage\":{\"@id\":\"https:\/\/www.mpppst.gob.ve\/mpppstweb\/index.php\/2017\/02\/27\/27-de-febrero-de-1989-la-masacre-que-no-debemos-olvidar\/#primaryimage\"},\"image\":{\"@id\":\"https:\/\/www.mpppst.gob.ve\/mpppstweb\/index.php\/2017\/02\/27\/27-de-febrero-de-1989-la-masacre-que-no-debemos-olvidar\/#primaryimage\"},\"thumbnailUrl\":\"https:\/\/www.mpppst.gob.ve\/mpppstweb\/wp-content\/uploads\/2017\/02\/caracazo-1.jpg\",\"datePublished\":\"2017-02-27T13:52:56+00:00\",\"dateModified\":\"2017-02-27T13:52:56+00:00\",\"breadcrumb\":{\"@id\":\"https:\/\/www.mpppst.gob.ve\/mpppstweb\/index.php\/2017\/02\/27\/27-de-febrero-de-1989-la-masacre-que-no-debemos-olvidar\/#breadcrumb\"},\"inLanguage\":\"es\",\"potentialAction\":[{\"@type\":\"ReadAction\",\"target\":[\"https:\/\/www.mpppst.gob.ve\/mpppstweb\/index.php\/2017\/02\/27\/27-de-febrero-de-1989-la-masacre-que-no-debemos-olvidar\/\"]}]},{\"@type\":\"ImageObject\",\"inLanguage\":\"es\",\"@id\":\"https:\/\/www.mpppst.gob.ve\/mpppstweb\/index.php\/2017\/02\/27\/27-de-febrero-de-1989-la-masacre-que-no-debemos-olvidar\/#primaryimage\",\"url\":\"https:\/\/www.mpppst.gob.ve\/mpppstweb\/wp-content\/uploads\/2017\/02\/caracazo-1.jpg\",\"contentUrl\":\"https:\/\/www.mpppst.gob.ve\/mpppstweb\/wp-content\/uploads\/2017\/02\/caracazo-1.jpg\",\"width\":800,\"height\":445},{\"@type\":\"BreadcrumbList\",\"@id\":\"https:\/\/www.mpppst.gob.ve\/mpppstweb\/index.php\/2017\/02\/27\/27-de-febrero-de-1989-la-masacre-que-no-debemos-olvidar\/#breadcrumb\",\"itemListElement\":[{\"@type\":\"ListItem\",\"position\":1,\"name\":\"Home\",\"item\":\"https:\/\/www.mpppst.gob.ve\/mpppstweb\/\"},{\"@type\":\"ListItem\",\"position\":2,\"name\":\"27 de Febrero de 1989: La masacre que no debemos olvidar\"}]},{\"@type\":\"WebSite\",\"@id\":\"https:\/\/www.mpppst.gob.ve\/mpppstweb\/#website\",\"url\":\"https:\/\/www.mpppst.gob.ve\/mpppstweb\/\",\"name\":\"MPPPST\",\"description\":\"Ministerio del Poder Popular para el Proceso Social de Trabajo\",\"publisher\":{\"@id\":\"https:\/\/www.mpppst.gob.ve\/mpppstweb\/#organization\"},\"potentialAction\":[{\"@type\":\"SearchAction\",\"target\":{\"@type\":\"EntryPoint\",\"urlTemplate\":\"https:\/\/www.mpppst.gob.ve\/mpppstweb\/?s={search_term_string}\"},\"query-input\":\"required name=search_term_string\"}],\"inLanguage\":\"es\"},{\"@type\":\"Organization\",\"@id\":\"https:\/\/www.mpppst.gob.ve\/mpppstweb\/#organization\",\"name\":\"mpppst\",\"url\":\"https:\/\/www.mpppst.gob.ve\/mpppstweb\/\",\"logo\":{\"@type\":\"ImageObject\",\"inLanguage\":\"es\",\"@id\":\"https:\/\/www.mpppst.gob.ve\/mpppstweb\/#\/schema\/logo\/image\/\",\"url\":\"https:\/\/www.mpppst.gob.ve\/mpppstweb\/wp-content\/uploads\/2025\/07\/cropped-cropped-g910.png\",\"contentUrl\":\"https:\/\/www.mpppst.gob.ve\/mpppstweb\/wp-content\/uploads\/2025\/07\/cropped-cropped-g910.png\",\"width\":1080,\"height\":241,\"caption\":\"mpppst\"},\"image\":{\"@id\":\"https:\/\/www.mpppst.gob.ve\/mpppstweb\/#\/schema\/logo\/image\/\"}},{\"@type\":\"Person\",\"@id\":\"https:\/\/www.mpppst.gob.ve\/mpppstweb\/#\/schema\/person\/fc187ee8ead412bd4c9304b62f900ea4\",\"name\":\"MPPPST Prensa\",\"url\":\"https:\/\/www.mpppst.gob.ve\/mpppstweb\/index.php\/author\/prensa-mpppst\/\"}]}<\/script>\n<!-- \/ Yoast SEO plugin. -->","yoast_head_json":{"title":"27 de Febrero de 1989: La masacre que no debemos olvidar - MPPPST","robots":{"index":"index","follow":"follow","max-snippet":"max-snippet:-1","max-image-preview":"max-image-preview:large","max-video-preview":"max-video-preview:-1"},"canonical":"https:\/\/www.mpppst.gob.ve\/mpppstweb\/index.php\/2017\/02\/27\/27-de-febrero-de-1989-la-masacre-que-no-debemos-olvidar\/","og_locale":"es_ES","og_type":"article","og_title":"27 de Febrero de 1989: La masacre que no debemos olvidar - MPPPST","og_description":"El 27 de febrero de 1989 constituye un hecho hist\u00f3rico susceptible, a\u00fan, de ser estudiado. Vale &hellip; 27 de Febrero de 1989: La masacre que no debemos olvidarRead more","og_url":"https:\/\/www.mpppst.gob.ve\/mpppstweb\/index.php\/2017\/02\/27\/27-de-febrero-de-1989-la-masacre-que-no-debemos-olvidar\/","og_site_name":"MPPPST","article_published_time":"2017-02-27T13:52:56+00:00","og_image":[{"width":800,"height":445,"url":"https:\/\/www.mpppst.gob.ve\/mpppstweb\/wp-content\/uploads\/2017\/02\/caracazo-1.jpg","type":"image\/jpeg"}],"author":"MPPPST Prensa","twitter_card":"summary_large_image","twitter_misc":{"Escrito por":"MPPPST Prensa","Tiempo de lectura":"5 minutos"},"schema":{"@context":"https:\/\/schema.org","@graph":[{"@type":"Article","@id":"https:\/\/www.mpppst.gob.ve\/mpppstweb\/index.php\/2017\/02\/27\/27-de-febrero-de-1989-la-masacre-que-no-debemos-olvidar\/#article","isPartOf":{"@id":"https:\/\/www.mpppst.gob.ve\/mpppstweb\/index.php\/2017\/02\/27\/27-de-febrero-de-1989-la-masacre-que-no-debemos-olvidar\/"},"author":{"name":"MPPPST Prensa","@id":"https:\/\/www.mpppst.gob.ve\/mpppstweb\/#\/schema\/person\/fc187ee8ead412bd4c9304b62f900ea4"},"headline":"27 de Febrero de 1989: La masacre que no debemos olvidar","datePublished":"2017-02-27T13:52:56+00:00","dateModified":"2017-02-27T13:52:56+00:00","mainEntityOfPage":{"@id":"https:\/\/www.mpppst.gob.ve\/mpppstweb\/index.php\/2017\/02\/27\/27-de-febrero-de-1989-la-masacre-que-no-debemos-olvidar\/"},"wordCount":968,"publisher":{"@id":"https:\/\/www.mpppst.gob.ve\/mpppstweb\/#organization"},"image":{"@id":"https:\/\/www.mpppst.gob.ve\/mpppstweb\/index.php\/2017\/02\/27\/27-de-febrero-de-1989-la-masacre-que-no-debemos-olvidar\/#primaryimage"},"thumbnailUrl":"https:\/\/www.mpppst.gob.ve\/mpppstweb\/wp-content\/uploads\/2017\/02\/caracazo-1.jpg","keywords":["Defensa Integral","Proceso Social"],"articleSection":["Movimientos Sociales"],"inLanguage":"es"},{"@type":"WebPage","@id":"https:\/\/www.mpppst.gob.ve\/mpppstweb\/index.php\/2017\/02\/27\/27-de-febrero-de-1989-la-masacre-que-no-debemos-olvidar\/","url":"https:\/\/www.mpppst.gob.ve\/mpppstweb\/index.php\/2017\/02\/27\/27-de-febrero-de-1989-la-masacre-que-no-debemos-olvidar\/","name":"27 de Febrero de 1989: La masacre que no debemos olvidar - MPPPST","isPartOf":{"@id":"https:\/\/www.mpppst.gob.ve\/mpppstweb\/#website"},"primaryImageOfPage":{"@id":"https:\/\/www.mpppst.gob.ve\/mpppstweb\/index.php\/2017\/02\/27\/27-de-febrero-de-1989-la-masacre-que-no-debemos-olvidar\/#primaryimage"},"image":{"@id":"https:\/\/www.mpppst.gob.ve\/mpppstweb\/index.php\/2017\/02\/27\/27-de-febrero-de-1989-la-masacre-que-no-debemos-olvidar\/#primaryimage"},"thumbnailUrl":"https:\/\/www.mpppst.gob.ve\/mpppstweb\/wp-content\/uploads\/2017\/02\/caracazo-1.jpg","datePublished":"2017-02-27T13:52:56+00:00","dateModified":"2017-02-27T13:52:56+00:00","breadcrumb":{"@id":"https:\/\/www.mpppst.gob.ve\/mpppstweb\/index.php\/2017\/02\/27\/27-de-febrero-de-1989-la-masacre-que-no-debemos-olvidar\/#breadcrumb"},"inLanguage":"es","potentialAction":[{"@type":"ReadAction","target":["https:\/\/www.mpppst.gob.ve\/mpppstweb\/index.php\/2017\/02\/27\/27-de-febrero-de-1989-la-masacre-que-no-debemos-olvidar\/"]}]},{"@type":"ImageObject","inLanguage":"es","@id":"https:\/\/www.mpppst.gob.ve\/mpppstweb\/index.php\/2017\/02\/27\/27-de-febrero-de-1989-la-masacre-que-no-debemos-olvidar\/#primaryimage","url":"https:\/\/www.mpppst.gob.ve\/mpppstweb\/wp-content\/uploads\/2017\/02\/caracazo-1.jpg","contentUrl":"https:\/\/www.mpppst.gob.ve\/mpppstweb\/wp-content\/uploads\/2017\/02\/caracazo-1.jpg","width":800,"height":445},{"@type":"BreadcrumbList","@id":"https:\/\/www.mpppst.gob.ve\/mpppstweb\/index.php\/2017\/02\/27\/27-de-febrero-de-1989-la-masacre-que-no-debemos-olvidar\/#breadcrumb","itemListElement":[{"@type":"ListItem","position":1,"name":"Home","item":"https:\/\/www.mpppst.gob.ve\/mpppstweb\/"},{"@type":"ListItem","position":2,"name":"27 de Febrero de 1989: La masacre que no debemos olvidar"}]},{"@type":"WebSite","@id":"https:\/\/www.mpppst.gob.ve\/mpppstweb\/#website","url":"https:\/\/www.mpppst.gob.ve\/mpppstweb\/","name":"MPPPST","description":"Ministerio del Poder Popular para el Proceso Social de Trabajo","publisher":{"@id":"https:\/\/www.mpppst.gob.ve\/mpppstweb\/#organization"},"potentialAction":[{"@type":"SearchAction","target":{"@type":"EntryPoint","urlTemplate":"https:\/\/www.mpppst.gob.ve\/mpppstweb\/?s={search_term_string}"},"query-input":"required name=search_term_string"}],"inLanguage":"es"},{"@type":"Organization","@id":"https:\/\/www.mpppst.gob.ve\/mpppstweb\/#organization","name":"mpppst","url":"https:\/\/www.mpppst.gob.ve\/mpppstweb\/","logo":{"@type":"ImageObject","inLanguage":"es","@id":"https:\/\/www.mpppst.gob.ve\/mpppstweb\/#\/schema\/logo\/image\/","url":"https:\/\/www.mpppst.gob.ve\/mpppstweb\/wp-content\/uploads\/2025\/07\/cropped-cropped-g910.png","contentUrl":"https:\/\/www.mpppst.gob.ve\/mpppstweb\/wp-content\/uploads\/2025\/07\/cropped-cropped-g910.png","width":1080,"height":241,"caption":"mpppst"},"image":{"@id":"https:\/\/www.mpppst.gob.ve\/mpppstweb\/#\/schema\/logo\/image\/"}},{"@type":"Person","@id":"https:\/\/www.mpppst.gob.ve\/mpppstweb\/#\/schema\/person\/fc187ee8ead412bd4c9304b62f900ea4","name":"MPPPST Prensa","url":"https:\/\/www.mpppst.gob.ve\/mpppstweb\/index.php\/author\/prensa-mpppst\/"}]}},"_links":{"self":[{"href":"https:\/\/www.mpppst.gob.ve\/mpppstweb\/index.php\/wp-json\/wp\/v2\/posts\/10703"}],"collection":[{"href":"https:\/\/www.mpppst.gob.ve\/mpppstweb\/index.php\/wp-json\/wp\/v2\/posts"}],"about":[{"href":"https:\/\/www.mpppst.gob.ve\/mpppstweb\/index.php\/wp-json\/wp\/v2\/types\/post"}],"author":[{"embeddable":true,"href":"https:\/\/www.mpppst.gob.ve\/mpppstweb\/index.php\/wp-json\/wp\/v2\/users\/25"}],"replies":[{"embeddable":true,"href":"https:\/\/www.mpppst.gob.ve\/mpppstweb\/index.php\/wp-json\/wp\/v2\/comments?post=10703"}],"version-history":[{"count":1,"href":"https:\/\/www.mpppst.gob.ve\/mpppstweb\/index.php\/wp-json\/wp\/v2\/posts\/10703\/revisions"}],"predecessor-version":[{"id":10705,"href":"https:\/\/www.mpppst.gob.ve\/mpppstweb\/index.php\/wp-json\/wp\/v2\/posts\/10703\/revisions\/10705"}],"wp:featuredmedia":[{"embeddable":true,"href":"https:\/\/www.mpppst.gob.ve\/mpppstweb\/index.php\/wp-json\/wp\/v2\/media\/10704"}],"wp:attachment":[{"href":"https:\/\/www.mpppst.gob.ve\/mpppstweb\/index.php\/wp-json\/wp\/v2\/media?parent=10703"}],"wp:term":[{"taxonomy":"category","embeddable":true,"href":"https:\/\/www.mpppst.gob.ve\/mpppstweb\/index.php\/wp-json\/wp\/v2\/categories?post=10703"},{"taxonomy":"post_tag","embeddable":true,"href":"https:\/\/www.mpppst.gob.ve\/mpppstweb\/index.php\/wp-json\/wp\/v2\/tags?post=10703"}],"curies":[{"name":"wp","href":"https:\/\/api.w.org\/{rel}","templated":true}]}}