{"id":10714,"date":"2017-03-01T15:02:34","date_gmt":"2017-03-01T15:02:34","guid":{"rendered":"http:\/\/www.mpppst.gob.ve\/mpppstweb\/?p=10714"},"modified":"2017-03-01T15:03:58","modified_gmt":"2017-03-01T15:03:58","slug":"mas-de-ocho-millones-de-venezolanos-se-movilizaron-durante-asueto-de-carnaval","status":"publish","type":"post","link":"https:\/\/www.mpppst.gob.ve\/mpppstweb\/index.php\/2017\/03\/01\/mas-de-ocho-millones-de-venezolanos-se-movilizaron-durante-asueto-de-carnaval\/","title":{"rendered":"M\u00e1s de ocho millones de venezolanos se movilizaron durante asueto de carnaval"},"content":{"rendered":"<p>Ocho millones de personas se movilizaron hasta este martes por todo el pa\u00eds durante el asueto de carnaval que comenz\u00f3 el viernes 24 de febrero, inform\u00f3 el ministro del Poder Popular para Interiores, Justicia y P\u00e1z, N\u00e9stor Reverol, durante una inspecci\u00f3n al dispositivo de seguridad vial en el distribuidor Metropolitano de la Autopista Gran Mariscal de Ayacucho, en Miranda.<\/p>\n<p>\u00abEstamos reforzando todos los ejes viales, autopistas para garantizar el retorno seguro de los m\u00e1s de ocho millones de venezolanos que utilizaron estas fiestas para compartir en familia, visitar las 477 playas aptas, as\u00ed como los 43 parques nacionales\u00bb, indic\u00f3 el ministro, en un contacto con VTV.<\/p>\n<p>La cifra de movilizaci\u00f3n super\u00f3 la estimaci\u00f3n inicial de siete millones de venezolanos hecha por el Gobierno nacional al comienzo del asueto.<\/p>\n<p>Los estados m\u00e1s visitados fueron los de la costa, entre los que destaca Vargas con m\u00e1s de dos millones de temporadistas, y Anzo\u00e1tegui con 691.000.<\/p>\n<p>AVN<\/p>\n<p>&nbsp;<\/p>\n","protected":false},"excerpt":{"rendered":"<p>Ocho millones de personas se movilizaron hasta este martes por todo el pa\u00eds durante el asueto &hellip; <a title=\"M\u00e1s de ocho millones de venezolanos se movilizaron durante asueto de carnaval\" class=\"hm-read-more\" href=\"https:\/\/www.mpppst.gob.ve\/mpppstweb\/index.php\/2017\/03\/01\/mas-de-ocho-millones-de-venezolanos-se-movilizaron-durante-asueto-de-carnaval\/\"><span class=\"screen-reader-text\">M\u00e1s de ocho millones de venezolanos se movilizaron durante asueto de carnaval<\/span>Read more<\/a><\/p>\n","protected":false},"author":25,"featured_media":10719,"comment_status":"closed","ping_status":"closed","sticky":false,"template":"","format":"standard","meta":{"footnotes":""},"categories":[82],"tags":[240],"yoast_head":"<!-- This site is optimized with the Yoast SEO plugin v22.5 - https:\/\/yoast.com\/wordpress\/plugins\/seo\/ -->\n<title>M\u00e1s de ocho millones de venezolanos se movilizaron durante asueto de carnaval - MPPPST<\/title>\n<meta name=\"robots\" content=\"index, follow, max-snippet:-1, max-image-preview:large, max-video-preview:-1\" \/>\n<link rel=\"canonical\" href=\"https:\/\/www.mpppst.gob.ve\/mpppstweb\/index.php\/2017\/03\/01\/mas-de-ocho-millones-de-venezolanos-se-movilizaron-durante-asueto-de-carnaval\/\" \/>\n<meta property=\"og:locale\" content=\"es_ES\" \/>\n<meta property=\"og:type\" content=\"article\" \/>\n<meta property=\"og:title\" content=\"M\u00e1s de ocho millones de venezolanos se movilizaron durante asueto de carnaval - MPPPST\" \/>\n<meta property=\"og:description\" content=\"Ocho millones de personas se movilizaron hasta este martes por todo el pa\u00eds durante el asueto &hellip; M\u00e1s de ocho millones de venezolanos se movilizaron durante asueto de carnavalRead more\" \/>\n<meta property=\"og:url\" content=\"https:\/\/www.mpppst.gob.ve\/mpppstweb\/index.php\/2017\/03\/01\/mas-de-ocho-millones-de-venezolanos-se-movilizaron-durante-asueto-de-carnaval\/\" \/>\n<meta property=\"og:site_name\" content=\"MPPPST\" \/>\n<meta property=\"article:published_time\" content=\"2017-03-01T15:02:34+00:00\" \/>\n<meta property=\"article:modified_time\" content=\"2017-03-01T15:03:58+00:00\" \/>\n<meta property=\"og:image\" content=\"https:\/\/www.mpppst.gob.ve\/mpppstweb\/wp-content\/uploads\/2017\/03\/CARNAVALES-2017-2.jpg\" \/>\n\t<meta property=\"og:image:width\" content=\"800\" \/>\n\t<meta property=\"og:image:height\" content=\"445\" \/>\n\t<meta property=\"og:image:type\" content=\"image\/jpeg\" \/>\n<meta name=\"author\" content=\"MPPPST Prensa\" \/>\n<meta name=\"twitter:card\" content=\"summary_large_image\" \/>\n<meta name=\"twitter:label1\" content=\"Escrito por\" \/>\n\t<meta name=\"twitter:data1\" content=\"MPPPST Prensa\" \/>\n\t<meta name=\"twitter:label2\" content=\"Tiempo de lectura\" \/>\n\t<meta name=\"twitter:data2\" content=\"1 minuto\" \/>\n<script type=\"application\/ld+json\" class=\"yoast-schema-graph\">{\"@context\":\"https:\/\/schema.org\",\"@graph\":[{\"@type\":\"Article\",\"@id\":\"https:\/\/www.mpppst.gob.ve\/mpppstweb\/index.php\/2017\/03\/01\/mas-de-ocho-millones-de-venezolanos-se-movilizaron-durante-asueto-de-carnaval\/#article\",\"isPartOf\":{\"@id\":\"https:\/\/www.mpppst.gob.ve\/mpppstweb\/index.php\/2017\/03\/01\/mas-de-ocho-millones-de-venezolanos-se-movilizaron-durante-asueto-de-carnaval\/\"},\"author\":{\"name\":\"MPPPST Prensa\",\"@id\":\"https:\/\/www.mpppst.gob.ve\/mpppstweb\/#\/schema\/person\/fc187ee8ead412bd4c9304b62f900ea4\"},\"headline\":\"M\u00e1s de ocho millones de venezolanos se movilizaron durante asueto de carnaval\",\"datePublished\":\"2017-03-01T15:02:34+00:00\",\"dateModified\":\"2017-03-01T15:03:58+00:00\",\"mainEntityOfPage\":{\"@id\":\"https:\/\/www.mpppst.gob.ve\/mpppstweb\/index.php\/2017\/03\/01\/mas-de-ocho-millones-de-venezolanos-se-movilizaron-durante-asueto-de-carnaval\/\"},\"wordCount\":174,\"publisher\":{\"@id\":\"https:\/\/www.mpppst.gob.ve\/mpppstweb\/#organization\"},\"image\":{\"@id\":\"https:\/\/www.mpppst.gob.ve\/mpppstweb\/index.php\/2017\/03\/01\/mas-de-ocho-millones-de-venezolanos-se-movilizaron-durante-asueto-de-carnaval\/#primaryimage\"},\"thumbnailUrl\":\"https:\/\/www.mpppst.gob.ve\/mpppstweb\/wp-content\/uploads\/2017\/03\/CARNAVALES-2017-2.jpg\",\"keywords\":[\"Participaci\u00f3n popular y protag\u00f3nica\"],\"articleSection\":[\"Gobierno Nacional\"],\"inLanguage\":\"es\"},{\"@type\":\"WebPage\",\"@id\":\"https:\/\/www.mpppst.gob.ve\/mpppstweb\/index.php\/2017\/03\/01\/mas-de-ocho-millones-de-venezolanos-se-movilizaron-durante-asueto-de-carnaval\/\",\"url\":\"https:\/\/www.mpppst.gob.ve\/mpppstweb\/index.php\/2017\/03\/01\/mas-de-ocho-millones-de-venezolanos-se-movilizaron-durante-asueto-de-carnaval\/\",\"name\":\"M\u00e1s de ocho millones de venezolanos se movilizaron durante asueto de carnaval - MPPPST\",\"isPartOf\":{\"@id\":\"https:\/\/www.mpppst.gob.ve\/mpppstweb\/#website\"},\"primaryImageOfPage\":{\"@id\":\"https:\/\/www.mpppst.gob.ve\/mpppstweb\/index.php\/2017\/03\/01\/mas-de-ocho-millones-de-venezolanos-se-movilizaron-durante-asueto-de-carnaval\/#primaryimage\"},\"image\":{\"@id\":\"https:\/\/www.mpppst.gob.ve\/mpppstweb\/index.php\/2017\/03\/01\/mas-de-ocho-millones-de-venezolanos-se-movilizaron-durante-asueto-de-carnaval\/#primaryimage\"},\"thumbnailUrl\":\"https:\/\/www.mpppst.gob.ve\/mpppstweb\/wp-content\/uploads\/2017\/03\/CARNAVALES-2017-2.jpg\",\"datePublished\":\"2017-03-01T15:02:34+00:00\",\"dateModified\":\"2017-03-01T15:03:58+00:00\",\"breadcrumb\":{\"@id\":\"https:\/\/www.mpppst.gob.ve\/mpppstweb\/index.php\/2017\/03\/01\/mas-de-ocho-millones-de-venezolanos-se-movilizaron-durante-asueto-de-carnaval\/#breadcrumb\"},\"inLanguage\":\"es\",\"potentialAction\":[{\"@type\":\"ReadAction\",\"target\":[\"https:\/\/www.mpppst.gob.ve\/mpppstweb\/index.php\/2017\/03\/01\/mas-de-ocho-millones-de-venezolanos-se-movilizaron-durante-asueto-de-carnaval\/\"]}]},{\"@type\":\"ImageObject\",\"inLanguage\":\"es\",\"@id\":\"https:\/\/www.mpppst.gob.ve\/mpppstweb\/index.php\/2017\/03\/01\/mas-de-ocho-millones-de-venezolanos-se-movilizaron-durante-asueto-de-carnaval\/#primaryimage\",\"url\":\"https:\/\/www.mpppst.gob.ve\/mpppstweb\/wp-content\/uploads\/2017\/03\/CARNAVALES-2017-2.jpg\",\"contentUrl\":\"https:\/\/www.mpppst.gob.ve\/mpppstweb\/wp-content\/uploads\/2017\/03\/CARNAVALES-2017-2.jpg\",\"width\":800,\"height\":445},{\"@type\":\"BreadcrumbList\",\"@id\":\"https:\/\/www.mpppst.gob.ve\/mpppstweb\/index.php\/2017\/03\/01\/mas-de-ocho-millones-de-venezolanos-se-movilizaron-durante-asueto-de-carnaval\/#breadcrumb\",\"itemListElement\":[{\"@type\":\"ListItem\",\"position\":1,\"name\":\"Home\",\"item\":\"https:\/\/www.mpppst.gob.ve\/mpppstweb\/\"},{\"@type\":\"ListItem\",\"position\":2,\"name\":\"M\u00e1s de ocho millones de venezolanos se movilizaron durante asueto de carnaval\"}]},{\"@type\":\"WebSite\",\"@id\":\"https:\/\/www.mpppst.gob.ve\/mpppstweb\/#website\",\"url\":\"https:\/\/www.mpppst.gob.ve\/mpppstweb\/\",\"name\":\"MPPPST\",\"description\":\"Ministerio del Poder Popular para el Proceso Social de Trabajo\",\"publisher\":{\"@id\":\"https:\/\/www.mpppst.gob.ve\/mpppstweb\/#organization\"},\"potentialAction\":[{\"@type\":\"SearchAction\",\"target\":{\"@type\":\"EntryPoint\",\"urlTemplate\":\"https:\/\/www.mpppst.gob.ve\/mpppstweb\/?s={search_term_string}\"},\"query-input\":\"required name=search_term_string\"}],\"inLanguage\":\"es\"},{\"@type\":\"Organization\",\"@id\":\"https:\/\/www.mpppst.gob.ve\/mpppstweb\/#organization\",\"name\":\"mpppst\",\"url\":\"https:\/\/www.mpppst.gob.ve\/mpppstweb\/\",\"logo\":{\"@type\":\"ImageObject\",\"inLanguage\":\"es\",\"@id\":\"https:\/\/www.mpppst.gob.ve\/mpppstweb\/#\/schema\/logo\/image\/\",\"url\":\"https:\/\/www.mpppst.gob.ve\/mpppstweb\/wp-content\/uploads\/2025\/07\/cropped-cropped-g910.png\",\"contentUrl\":\"https:\/\/www.mpppst.gob.ve\/mpppstweb\/wp-content\/uploads\/2025\/07\/cropped-cropped-g910.png\",\"width\":1080,\"height\":241,\"caption\":\"mpppst\"},\"image\":{\"@id\":\"https:\/\/www.mpppst.gob.ve\/mpppstweb\/#\/schema\/logo\/image\/\"}},{\"@type\":\"Person\",\"@id\":\"https:\/\/www.mpppst.gob.ve\/mpppstweb\/#\/schema\/person\/fc187ee8ead412bd4c9304b62f900ea4\",\"name\":\"MPPPST Prensa\",\"url\":\"https:\/\/www.mpppst.gob.ve\/mpppstweb\/index.php\/author\/prensa-mpppst\/\"}]}<\/script>\n<!-- \/ Yoast SEO plugin. -->","yoast_head_json":{"title":"M\u00e1s de ocho millones de venezolanos se movilizaron durante asueto de carnaval - MPPPST","robots":{"index":"index","follow":"follow","max-snippet":"max-snippet:-1","max-image-preview":"max-image-preview:large","max-video-preview":"max-video-preview:-1"},"canonical":"https:\/\/www.mpppst.gob.ve\/mpppstweb\/index.php\/2017\/03\/01\/mas-de-ocho-millones-de-venezolanos-se-movilizaron-durante-asueto-de-carnaval\/","og_locale":"es_ES","og_type":"article","og_title":"M\u00e1s de ocho millones de venezolanos se movilizaron durante asueto de carnaval - MPPPST","og_description":"Ocho millones de personas se movilizaron hasta este martes por todo el pa\u00eds durante el asueto &hellip; M\u00e1s de ocho millones de venezolanos se movilizaron durante asueto de carnavalRead more","og_url":"https:\/\/www.mpppst.gob.ve\/mpppstweb\/index.php\/2017\/03\/01\/mas-de-ocho-millones-de-venezolanos-se-movilizaron-durante-asueto-de-carnaval\/","og_site_name":"MPPPST","article_published_time":"2017-03-01T15:02:34+00:00","article_modified_time":"2017-03-01T15:03:58+00:00","og_image":[{"width":800,"height":445,"url":"https:\/\/www.mpppst.gob.ve\/mpppstweb\/wp-content\/uploads\/2017\/03\/CARNAVALES-2017-2.jpg","type":"image\/jpeg"}],"author":"MPPPST Prensa","twitter_card":"summary_large_image","twitter_misc":{"Escrito por":"MPPPST Prensa","Tiempo de lectura":"1 minuto"},"schema":{"@context":"https:\/\/schema.org","@graph":[{"@type":"Article","@id":"https:\/\/www.mpppst.gob.ve\/mpppstweb\/index.php\/2017\/03\/01\/mas-de-ocho-millones-de-venezolanos-se-movilizaron-durante-asueto-de-carnaval\/#article","isPartOf":{"@id":"https:\/\/www.mpppst.gob.ve\/mpppstweb\/index.php\/2017\/03\/01\/mas-de-ocho-millones-de-venezolanos-se-movilizaron-durante-asueto-de-carnaval\/"},"author":{"name":"MPPPST Prensa","@id":"https:\/\/www.mpppst.gob.ve\/mpppstweb\/#\/schema\/person\/fc187ee8ead412bd4c9304b62f900ea4"},"headline":"M\u00e1s de ocho millones de venezolanos se movilizaron durante asueto de carnaval","datePublished":"2017-03-01T15:02:34+00:00","dateModified":"2017-03-01T15:03:58+00:00","mainEntityOfPage":{"@id":"https:\/\/www.mpppst.gob.ve\/mpppstweb\/index.php\/2017\/03\/01\/mas-de-ocho-millones-de-venezolanos-se-movilizaron-durante-asueto-de-carnaval\/"},"wordCount":174,"publisher":{"@id":"https:\/\/www.mpppst.gob.ve\/mpppstweb\/#organization"},"image":{"@id":"https:\/\/www.mpppst.gob.ve\/mpppstweb\/index.php\/2017\/03\/01\/mas-de-ocho-millones-de-venezolanos-se-movilizaron-durante-asueto-de-carnaval\/#primaryimage"},"thumbnailUrl":"https:\/\/www.mpppst.gob.ve\/mpppstweb\/wp-content\/uploads\/2017\/03\/CARNAVALES-2017-2.jpg","keywords":["Participaci\u00f3n popular y protag\u00f3nica"],"articleSection":["Gobierno Nacional"],"inLanguage":"es"},{"@type":"WebPage","@id":"https:\/\/www.mpppst.gob.ve\/mpppstweb\/index.php\/2017\/03\/01\/mas-de-ocho-millones-de-venezolanos-se-movilizaron-durante-asueto-de-carnaval\/","url":"https:\/\/www.mpppst.gob.ve\/mpppstweb\/index.php\/2017\/03\/01\/mas-de-ocho-millones-de-venezolanos-se-movilizaron-durante-asueto-de-carnaval\/","name":"M\u00e1s de ocho millones de venezolanos se movilizaron durante asueto de carnaval - MPPPST","isPartOf":{"@id":"https:\/\/www.mpppst.gob.ve\/mpppstweb\/#website"},"primaryImageOfPage":{"@id":"https:\/\/www.mpppst.gob.ve\/mpppstweb\/index.php\/2017\/03\/01\/mas-de-ocho-millones-de-venezolanos-se-movilizaron-durante-asueto-de-carnaval\/#primaryimage"},"image":{"@id":"https:\/\/www.mpppst.gob.ve\/mpppstweb\/index.php\/2017\/03\/01\/mas-de-ocho-millones-de-venezolanos-se-movilizaron-durante-asueto-de-carnaval\/#primaryimage"},"thumbnailUrl":"https:\/\/www.mpppst.gob.ve\/mpppstweb\/wp-content\/uploads\/2017\/03\/CARNAVALES-2017-2.jpg","datePublished":"2017-03-01T15:02:34+00:00","dateModified":"2017-03-01T15:03:58+00:00","breadcrumb":{"@id":"https:\/\/www.mpppst.gob.ve\/mpppstweb\/index.php\/2017\/03\/01\/mas-de-ocho-millones-de-venezolanos-se-movilizaron-durante-asueto-de-carnaval\/#breadcrumb"},"inLanguage":"es","potentialAction":[{"@type":"ReadAction","target":["https:\/\/www.mpppst.gob.ve\/mpppstweb\/index.php\/2017\/03\/01\/mas-de-ocho-millones-de-venezolanos-se-movilizaron-durante-asueto-de-carnaval\/"]}]},{"@type":"ImageObject","inLanguage":"es","@id":"https:\/\/www.mpppst.gob.ve\/mpppstweb\/index.php\/2017\/03\/01\/mas-de-ocho-millones-de-venezolanos-se-movilizaron-durante-asueto-de-carnaval\/#primaryimage","url":"https:\/\/www.mpppst.gob.ve\/mpppstweb\/wp-content\/uploads\/2017\/03\/CARNAVALES-2017-2.jpg","contentUrl":"https:\/\/www.mpppst.gob.ve\/mpppstweb\/wp-content\/uploads\/2017\/03\/CARNAVALES-2017-2.jpg","width":800,"height":445},{"@type":"BreadcrumbList","@id":"https:\/\/www.mpppst.gob.ve\/mpppstweb\/index.php\/2017\/03\/01\/mas-de-ocho-millones-de-venezolanos-se-movilizaron-durante-asueto-de-carnaval\/#breadcrumb","itemListElement":[{"@type":"ListItem","position":1,"name":"Home","item":"https:\/\/www.mpppst.gob.ve\/mpppstweb\/"},{"@type":"ListItem","position":2,"name":"M\u00e1s de ocho millones de venezolanos se movilizaron durante asueto de carnaval"}]},{"@type":"WebSite","@id":"https:\/\/www.mpppst.gob.ve\/mpppstweb\/#website","url":"https:\/\/www.mpppst.gob.ve\/mpppstweb\/","name":"MPPPST","description":"Ministerio del Poder Popular para el Proceso Social de Trabajo","publisher":{"@id":"https:\/\/www.mpppst.gob.ve\/mpppstweb\/#organization"},"potentialAction":[{"@type":"SearchAction","target":{"@type":"EntryPoint","urlTemplate":"https:\/\/www.mpppst.gob.ve\/mpppstweb\/?s={search_term_string}"},"query-input":"required name=search_term_string"}],"inLanguage":"es"},{"@type":"Organization","@id":"https:\/\/www.mpppst.gob.ve\/mpppstweb\/#organization","name":"mpppst","url":"https:\/\/www.mpppst.gob.ve\/mpppstweb\/","logo":{"@type":"ImageObject","inLanguage":"es","@id":"https:\/\/www.mpppst.gob.ve\/mpppstweb\/#\/schema\/logo\/image\/","url":"https:\/\/www.mpppst.gob.ve\/mpppstweb\/wp-content\/uploads\/2025\/07\/cropped-cropped-g910.png","contentUrl":"https:\/\/www.mpppst.gob.ve\/mpppstweb\/wp-content\/uploads\/2025\/07\/cropped-cropped-g910.png","width":1080,"height":241,"caption":"mpppst"},"image":{"@id":"https:\/\/www.mpppst.gob.ve\/mpppstweb\/#\/schema\/logo\/image\/"}},{"@type":"Person","@id":"https:\/\/www.mpppst.gob.ve\/mpppstweb\/#\/schema\/person\/fc187ee8ead412bd4c9304b62f900ea4","name":"MPPPST Prensa","url":"https:\/\/www.mpppst.gob.ve\/mpppstweb\/index.php\/author\/prensa-mpppst\/"}]}},"_links":{"self":[{"href":"https:\/\/www.mpppst.gob.ve\/mpppstweb\/index.php\/wp-json\/wp\/v2\/posts\/10714"}],"collection":[{"href":"https:\/\/www.mpppst.gob.ve\/mpppstweb\/index.php\/wp-json\/wp\/v2\/posts"}],"about":[{"href":"https:\/\/www.mpppst.gob.ve\/mpppstweb\/index.php\/wp-json\/wp\/v2\/types\/post"}],"author":[{"embeddable":true,"href":"https:\/\/www.mpppst.gob.ve\/mpppstweb\/index.php\/wp-json\/wp\/v2\/users\/25"}],"replies":[{"embeddable":true,"href":"https:\/\/www.mpppst.gob.ve\/mpppstweb\/index.php\/wp-json\/wp\/v2\/comments?post=10714"}],"version-history":[{"count":1,"href":"https:\/\/www.mpppst.gob.ve\/mpppstweb\/index.php\/wp-json\/wp\/v2\/posts\/10714\/revisions"}],"predecessor-version":[{"id":10718,"href":"https:\/\/www.mpppst.gob.ve\/mpppstweb\/index.php\/wp-json\/wp\/v2\/posts\/10714\/revisions\/10718"}],"wp:featuredmedia":[{"embeddable":true,"href":"https:\/\/www.mpppst.gob.ve\/mpppstweb\/index.php\/wp-json\/wp\/v2\/media\/10719"}],"wp:attachment":[{"href":"https:\/\/www.mpppst.gob.ve\/mpppstweb\/index.php\/wp-json\/wp\/v2\/media?parent=10714"}],"wp:term":[{"taxonomy":"category","embeddable":true,"href":"https:\/\/www.mpppst.gob.ve\/mpppstweb\/index.php\/wp-json\/wp\/v2\/categories?post=10714"},{"taxonomy":"post_tag","embeddable":true,"href":"https:\/\/www.mpppst.gob.ve\/mpppstweb\/index.php\/wp-json\/wp\/v2\/tags?post=10714"}],"curies":[{"name":"wp","href":"https:\/\/api.w.org\/{rel}","templated":true}]}}