{"id":10727,"date":"2017-03-02T14:03:15","date_gmt":"2017-03-02T14:03:15","guid":{"rendered":"http:\/\/www.mpppst.gob.ve\/mpppstweb\/?p=10727"},"modified":"2017-03-02T14:03:58","modified_gmt":"2017-03-02T14:03:58","slug":"presidente-maduro-marzo-sera-el-mes-de-la-revolucion-productiva-de-los-clap","status":"publish","type":"post","link":"https:\/\/www.mpppst.gob.ve\/mpppstweb\/index.php\/2017\/03\/02\/presidente-maduro-marzo-sera-el-mes-de-la-revolucion-productiva-de-los-clap\/","title":{"rendered":"Presidente Maduro: Marzo ser\u00e1 el mes de la revoluci\u00f3n productiva de los Clap"},"content":{"rendered":"<p>Crear una revoluci\u00f3n productiva que consolide el nuevo modelo econ\u00f3mico del pa\u00eds ser\u00e1 el principal objetivo de los Comit\u00e9s Locales de Abastecimiento y Producci\u00f3n (Clap), instancia del poder popular creados para combatir la guerra econ\u00f3mica y frenar el fen\u00f3meno del acaparamiento y el desv\u00edo de los alimentos, con la participaci\u00f3n activa del pueblo organizado.<\/p>\n<p>As\u00ed lo enfatiz\u00f3 este mi\u00e9rcoles el presidente de la Rep\u00fablica, Nicol\u00e1s Maduro, desde el estado Sucre donde se inaugur\u00f3 el Centro de Empaquetado, Coordinaci\u00f3n y Abastecimiento de los Clap en la entidad nororiental, que producir\u00e1 m\u00e1s de 80 mil bolsas de alimentos de forma mensual.<\/p>\n<p>\u00abTodos los Clap del pa\u00eds deben tener sus proyectos productivos y financiarle el proyecto productivo (&#8230;) Yo quiero que demos un paso en firme, y que pensemos en grande, un pueblo de productores, un pueblo productivo\u00bb, expres\u00f3 el jefe de Estado en transmisi\u00f3n conjunta de radio y televisi\u00f3n.<\/p>\n<p>\u00abYo quiero que el mes de marzo, sea el mes de la revoluci\u00f3n productiva de todos los Clap registrados en el pa\u00eds\u00bb, agreg\u00f3 el Mandatario Nacional al tiempo que se\u00f1al\u00f3 la necesidad de completar, en marzo, el proceso de censo y carnetizaci\u00f3n a las familias atendidas por esta instancia popular.<\/p>\n<p>Hasta este momento, los Clap atienden a 5.734.705 familias venezolanas. La meta es llegar al pr\u00f3ximo 12 de marzo \u2013 cuando se celebra el primer aniversario de la organizaci\u00f3n popular \u2013 a seis millones de familias venezolanas.<\/p>\n<p>En este sentido, el presidente Nicol\u00e1s Maduro se\u00f1al\u00f3 que todas las personas atendidas por los Clap, deben contar con el Carnet de la Patria, para as\u00ed poder cubrir todas las necesidades del pueblo.<\/p>\n<p>Asimismo, inst\u00f3 al poder popular que integra los Clap a trabajar, de manera conjunta con los Consejos Comunales, las Unidades de Batalla Bol\u00edvar-Ch\u00e1vez (UBCh) y los C\u00edrculos de Lucha Popular (CLP); con el fin de impulsar asambleas comunitarias para tratar los temas de inter\u00e9s y as\u00ed atender todas las necesidades de las familias.<\/p>\n<p>Al respecto, destac\u00f3 la importancia de consolidar la uni\u00f3n popular para trabajar en superar la coyuntura econ\u00f3mica como producto del sabotaje de sectores de la derecha.<\/p>\n<p>\u00abLa f\u00f3rmula nuestra es el trabajo permanente (&#8230;) la consciencia superior de los valores, de la honestidad, la solidaridad, la unidad, tenemos que educarnos en la uni\u00f3n\u00bb, expres\u00f3 el Jefe de Estado al tiempo que resalt\u00f3 el trabajo que realizaron los Comit\u00e9s para distribuir alimentos durante las fechas carnestolendas.<\/p>\n<p>\u00abA pesar de que el 27 y 28 fue fecha festiva los Clap no se detuvieron (&#8230;), estuvieron en la calle, casa por casa (&#8230;) fue la mejor manera de recordar desde el dolor que nos produce de quienes vivieron el 27 y 28 de febrero de 1989\u00bb, dijo.<\/p>\n<p><strong>Clap pesquero<\/strong><\/p>\n<p>Durante su alocuci\u00f3n, el Mandatario Nacional se\u00f1al\u00f3 que para esta temporada, que inicia la pesca de la sardina, prote\u00edna que, tras ser extra\u00edda por los trabajadores del mar de manera artesanal, ser\u00e1 distribuida de manera directa al pueblo con la puesta en funcionamiento del nuevo Clap Pesquero.<\/p>\n<p>\u00abHoy se levanta la veda de la sardina, comienza la pesca y retomamos con fuerza la Caravana de la Sardina 2017 y la Feria de la Sardina para los Clap\u00bb, manifest\u00f3 el Mandatario Nacional.<\/p>\n<p>Al respecto, el ministro para Pesca y Acuicultura, almirante Gilberto Pinto Blanco, indic\u00f3 que en funci\u00f3n de lograr ese objetivo, los Clap trabajar\u00e1n en alianza con el Consejo de Pescadores y Pescadoras, Acuicultores y Acuicultoras, el Frente Nacional de Pescadores Sim\u00f3n Bol\u00edvar y el Consejo Presidencial de Pescadores.<\/p>\n<p>Desde la Pen\u00ednsula de Araya, municipio Cruz Salmer\u00f3n Acosta, Pinto Blanco indic\u00f3 que la meta es poner, en cada jornada, 150 toneladas de sardina a la orden de los Clap para su distribuci\u00f3n justo al pueblo.<\/p>\n<p>&nbsp;<\/p>\n<p>&nbsp;<\/p>\n","protected":false},"excerpt":{"rendered":"<p>Crear una revoluci\u00f3n productiva que consolide el nuevo modelo econ\u00f3mico del pa\u00eds ser\u00e1 el principal objetivo &hellip; <a title=\"Presidente Maduro: Marzo ser\u00e1 el mes de la revoluci\u00f3n productiva de los Clap\" class=\"hm-read-more\" href=\"https:\/\/www.mpppst.gob.ve\/mpppstweb\/index.php\/2017\/03\/02\/presidente-maduro-marzo-sera-el-mes-de-la-revolucion-productiva-de-los-clap\/\"><span class=\"screen-reader-text\">Presidente Maduro: Marzo ser\u00e1 el mes de la revoluci\u00f3n productiva de los Clap<\/span>Read more<\/a><\/p>\n","protected":false},"author":25,"featured_media":10728,"comment_status":"closed","ping_status":"closed","sticky":false,"template":"","format":"standard","meta":{"footnotes":""},"categories":[167,82,163],"tags":[259],"yoast_head":"<!-- This site is optimized with the Yoast SEO plugin v22.5 - https:\/\/yoast.com\/wordpress\/plugins\/seo\/ -->\n<title>Presidente Maduro: Marzo ser\u00e1 el mes de la revoluci\u00f3n productiva de los Clap - MPPPST<\/title>\n<meta name=\"robots\" content=\"index, follow, max-snippet:-1, max-image-preview:large, max-video-preview:-1\" \/>\n<link rel=\"canonical\" href=\"https:\/\/www.mpppst.gob.ve\/mpppstweb\/index.php\/2017\/03\/02\/presidente-maduro-marzo-sera-el-mes-de-la-revolucion-productiva-de-los-clap\/\" \/>\n<meta property=\"og:locale\" content=\"es_ES\" \/>\n<meta property=\"og:type\" content=\"article\" \/>\n<meta property=\"og:title\" content=\"Presidente Maduro: Marzo ser\u00e1 el mes de la revoluci\u00f3n productiva de los Clap - MPPPST\" \/>\n<meta property=\"og:description\" content=\"Crear una revoluci\u00f3n productiva que consolide el nuevo modelo econ\u00f3mico del pa\u00eds ser\u00e1 el principal objetivo &hellip; Presidente Maduro: Marzo ser\u00e1 el mes de la revoluci\u00f3n productiva de los ClapRead more\" \/>\n<meta property=\"og:url\" content=\"https:\/\/www.mpppst.gob.ve\/mpppstweb\/index.php\/2017\/03\/02\/presidente-maduro-marzo-sera-el-mes-de-la-revolucion-productiva-de-los-clap\/\" \/>\n<meta property=\"og:site_name\" content=\"MPPPST\" \/>\n<meta property=\"article:published_time\" content=\"2017-03-02T14:03:15+00:00\" \/>\n<meta property=\"article:modified_time\" content=\"2017-03-02T14:03:58+00:00\" \/>\n<meta property=\"og:image\" content=\"https:\/\/www.mpppst.gob.ve\/mpppstweb\/wp-content\/uploads\/2017\/03\/maduro_sucre_314884167911.jpg\" \/>\n\t<meta property=\"og:image:width\" content=\"800\" \/>\n\t<meta property=\"og:image:height\" content=\"445\" \/>\n\t<meta property=\"og:image:type\" content=\"image\/jpeg\" \/>\n<meta name=\"author\" content=\"MPPPST Prensa\" \/>\n<meta name=\"twitter:card\" content=\"summary_large_image\" \/>\n<meta name=\"twitter:label1\" content=\"Escrito por\" \/>\n\t<meta name=\"twitter:data1\" content=\"MPPPST Prensa\" \/>\n\t<meta name=\"twitter:label2\" content=\"Tiempo de lectura\" \/>\n\t<meta name=\"twitter:data2\" content=\"3 minutos\" \/>\n<script type=\"application\/ld+json\" class=\"yoast-schema-graph\">{\"@context\":\"https:\/\/schema.org\",\"@graph\":[{\"@type\":\"Article\",\"@id\":\"https:\/\/www.mpppst.gob.ve\/mpppstweb\/index.php\/2017\/03\/02\/presidente-maduro-marzo-sera-el-mes-de-la-revolucion-productiva-de-los-clap\/#article\",\"isPartOf\":{\"@id\":\"https:\/\/www.mpppst.gob.ve\/mpppstweb\/index.php\/2017\/03\/02\/presidente-maduro-marzo-sera-el-mes-de-la-revolucion-productiva-de-los-clap\/\"},\"author\":{\"name\":\"MPPPST Prensa\",\"@id\":\"https:\/\/www.mpppst.gob.ve\/mpppstweb\/#\/schema\/person\/fc187ee8ead412bd4c9304b62f900ea4\"},\"headline\":\"Presidente Maduro: Marzo ser\u00e1 el mes de la revoluci\u00f3n productiva de los Clap\",\"datePublished\":\"2017-03-02T14:03:15+00:00\",\"dateModified\":\"2017-03-02T14:03:58+00:00\",\"mainEntityOfPage\":{\"@id\":\"https:\/\/www.mpppst.gob.ve\/mpppstweb\/index.php\/2017\/03\/02\/presidente-maduro-marzo-sera-el-mes-de-la-revolucion-productiva-de-los-clap\/\"},\"wordCount\":656,\"publisher\":{\"@id\":\"https:\/\/www.mpppst.gob.ve\/mpppstweb\/#organization\"},\"image\":{\"@id\":\"https:\/\/www.mpppst.gob.ve\/mpppstweb\/index.php\/2017\/03\/02\/presidente-maduro-marzo-sera-el-mes-de-la-revolucion-productiva-de-los-clap\/#primaryimage\"},\"thumbnailUrl\":\"https:\/\/www.mpppst.gob.ve\/mpppstweb\/wp-content\/uploads\/2017\/03\/maduro_sucre_314884167911.jpg\",\"keywords\":[\"CLAP\"],\"articleSection\":[\"Defensa Integral\",\"Gobierno Nacional\",\"Noticias\"],\"inLanguage\":\"es\"},{\"@type\":\"WebPage\",\"@id\":\"https:\/\/www.mpppst.gob.ve\/mpppstweb\/index.php\/2017\/03\/02\/presidente-maduro-marzo-sera-el-mes-de-la-revolucion-productiva-de-los-clap\/\",\"url\":\"https:\/\/www.mpppst.gob.ve\/mpppstweb\/index.php\/2017\/03\/02\/presidente-maduro-marzo-sera-el-mes-de-la-revolucion-productiva-de-los-clap\/\",\"name\":\"Presidente Maduro: Marzo ser\u00e1 el mes de la revoluci\u00f3n productiva de los Clap - MPPPST\",\"isPartOf\":{\"@id\":\"https:\/\/www.mpppst.gob.ve\/mpppstweb\/#website\"},\"primaryImageOfPage\":{\"@id\":\"https:\/\/www.mpppst.gob.ve\/mpppstweb\/index.php\/2017\/03\/02\/presidente-maduro-marzo-sera-el-mes-de-la-revolucion-productiva-de-los-clap\/#primaryimage\"},\"image\":{\"@id\":\"https:\/\/www.mpppst.gob.ve\/mpppstweb\/index.php\/2017\/03\/02\/presidente-maduro-marzo-sera-el-mes-de-la-revolucion-productiva-de-los-clap\/#primaryimage\"},\"thumbnailUrl\":\"https:\/\/www.mpppst.gob.ve\/mpppstweb\/wp-content\/uploads\/2017\/03\/maduro_sucre_314884167911.jpg\",\"datePublished\":\"2017-03-02T14:03:15+00:00\",\"dateModified\":\"2017-03-02T14:03:58+00:00\",\"breadcrumb\":{\"@id\":\"https:\/\/www.mpppst.gob.ve\/mpppstweb\/index.php\/2017\/03\/02\/presidente-maduro-marzo-sera-el-mes-de-la-revolucion-productiva-de-los-clap\/#breadcrumb\"},\"inLanguage\":\"es\",\"potentialAction\":[{\"@type\":\"ReadAction\",\"target\":[\"https:\/\/www.mpppst.gob.ve\/mpppstweb\/index.php\/2017\/03\/02\/presidente-maduro-marzo-sera-el-mes-de-la-revolucion-productiva-de-los-clap\/\"]}]},{\"@type\":\"ImageObject\",\"inLanguage\":\"es\",\"@id\":\"https:\/\/www.mpppst.gob.ve\/mpppstweb\/index.php\/2017\/03\/02\/presidente-maduro-marzo-sera-el-mes-de-la-revolucion-productiva-de-los-clap\/#primaryimage\",\"url\":\"https:\/\/www.mpppst.gob.ve\/mpppstweb\/wp-content\/uploads\/2017\/03\/maduro_sucre_314884167911.jpg\",\"contentUrl\":\"https:\/\/www.mpppst.gob.ve\/mpppstweb\/wp-content\/uploads\/2017\/03\/maduro_sucre_314884167911.jpg\",\"width\":800,\"height\":445},{\"@type\":\"BreadcrumbList\",\"@id\":\"https:\/\/www.mpppst.gob.ve\/mpppstweb\/index.php\/2017\/03\/02\/presidente-maduro-marzo-sera-el-mes-de-la-revolucion-productiva-de-los-clap\/#breadcrumb\",\"itemListElement\":[{\"@type\":\"ListItem\",\"position\":1,\"name\":\"Home\",\"item\":\"https:\/\/www.mpppst.gob.ve\/mpppstweb\/\"},{\"@type\":\"ListItem\",\"position\":2,\"name\":\"Presidente Maduro: Marzo ser\u00e1 el mes de la revoluci\u00f3n productiva de los Clap\"}]},{\"@type\":\"WebSite\",\"@id\":\"https:\/\/www.mpppst.gob.ve\/mpppstweb\/#website\",\"url\":\"https:\/\/www.mpppst.gob.ve\/mpppstweb\/\",\"name\":\"MPPPST\",\"description\":\"Ministerio del Poder Popular para el Proceso Social de Trabajo\",\"publisher\":{\"@id\":\"https:\/\/www.mpppst.gob.ve\/mpppstweb\/#organization\"},\"potentialAction\":[{\"@type\":\"SearchAction\",\"target\":{\"@type\":\"EntryPoint\",\"urlTemplate\":\"https:\/\/www.mpppst.gob.ve\/mpppstweb\/?s={search_term_string}\"},\"query-input\":\"required name=search_term_string\"}],\"inLanguage\":\"es\"},{\"@type\":\"Organization\",\"@id\":\"https:\/\/www.mpppst.gob.ve\/mpppstweb\/#organization\",\"name\":\"mpppst\",\"url\":\"https:\/\/www.mpppst.gob.ve\/mpppstweb\/\",\"logo\":{\"@type\":\"ImageObject\",\"inLanguage\":\"es\",\"@id\":\"https:\/\/www.mpppst.gob.ve\/mpppstweb\/#\/schema\/logo\/image\/\",\"url\":\"https:\/\/www.mpppst.gob.ve\/mpppstweb\/wp-content\/uploads\/2025\/07\/cropped-cropped-g910.png\",\"contentUrl\":\"https:\/\/www.mpppst.gob.ve\/mpppstweb\/wp-content\/uploads\/2025\/07\/cropped-cropped-g910.png\",\"width\":1080,\"height\":241,\"caption\":\"mpppst\"},\"image\":{\"@id\":\"https:\/\/www.mpppst.gob.ve\/mpppstweb\/#\/schema\/logo\/image\/\"}},{\"@type\":\"Person\",\"@id\":\"https:\/\/www.mpppst.gob.ve\/mpppstweb\/#\/schema\/person\/fc187ee8ead412bd4c9304b62f900ea4\",\"name\":\"MPPPST Prensa\",\"url\":\"https:\/\/www.mpppst.gob.ve\/mpppstweb\/index.php\/author\/prensa-mpppst\/\"}]}<\/script>\n<!-- \/ Yoast SEO plugin. -->","yoast_head_json":{"title":"Presidente Maduro: Marzo ser\u00e1 el mes de la revoluci\u00f3n productiva de los Clap - MPPPST","robots":{"index":"index","follow":"follow","max-snippet":"max-snippet:-1","max-image-preview":"max-image-preview:large","max-video-preview":"max-video-preview:-1"},"canonical":"https:\/\/www.mpppst.gob.ve\/mpppstweb\/index.php\/2017\/03\/02\/presidente-maduro-marzo-sera-el-mes-de-la-revolucion-productiva-de-los-clap\/","og_locale":"es_ES","og_type":"article","og_title":"Presidente Maduro: Marzo ser\u00e1 el mes de la revoluci\u00f3n productiva de los Clap - MPPPST","og_description":"Crear una revoluci\u00f3n productiva que consolide el nuevo modelo econ\u00f3mico del pa\u00eds ser\u00e1 el principal objetivo &hellip; Presidente Maduro: Marzo ser\u00e1 el mes de la revoluci\u00f3n productiva de los ClapRead more","og_url":"https:\/\/www.mpppst.gob.ve\/mpppstweb\/index.php\/2017\/03\/02\/presidente-maduro-marzo-sera-el-mes-de-la-revolucion-productiva-de-los-clap\/","og_site_name":"MPPPST","article_published_time":"2017-03-02T14:03:15+00:00","article_modified_time":"2017-03-02T14:03:58+00:00","og_image":[{"width":800,"height":445,"url":"https:\/\/www.mpppst.gob.ve\/mpppstweb\/wp-content\/uploads\/2017\/03\/maduro_sucre_314884167911.jpg","type":"image\/jpeg"}],"author":"MPPPST Prensa","twitter_card":"summary_large_image","twitter_misc":{"Escrito por":"MPPPST Prensa","Tiempo de lectura":"3 minutos"},"schema":{"@context":"https:\/\/schema.org","@graph":[{"@type":"Article","@id":"https:\/\/www.mpppst.gob.ve\/mpppstweb\/index.php\/2017\/03\/02\/presidente-maduro-marzo-sera-el-mes-de-la-revolucion-productiva-de-los-clap\/#article","isPartOf":{"@id":"https:\/\/www.mpppst.gob.ve\/mpppstweb\/index.php\/2017\/03\/02\/presidente-maduro-marzo-sera-el-mes-de-la-revolucion-productiva-de-los-clap\/"},"author":{"name":"MPPPST Prensa","@id":"https:\/\/www.mpppst.gob.ve\/mpppstweb\/#\/schema\/person\/fc187ee8ead412bd4c9304b62f900ea4"},"headline":"Presidente Maduro: Marzo ser\u00e1 el mes de la revoluci\u00f3n productiva de los Clap","datePublished":"2017-03-02T14:03:15+00:00","dateModified":"2017-03-02T14:03:58+00:00","mainEntityOfPage":{"@id":"https:\/\/www.mpppst.gob.ve\/mpppstweb\/index.php\/2017\/03\/02\/presidente-maduro-marzo-sera-el-mes-de-la-revolucion-productiva-de-los-clap\/"},"wordCount":656,"publisher":{"@id":"https:\/\/www.mpppst.gob.ve\/mpppstweb\/#organization"},"image":{"@id":"https:\/\/www.mpppst.gob.ve\/mpppstweb\/index.php\/2017\/03\/02\/presidente-maduro-marzo-sera-el-mes-de-la-revolucion-productiva-de-los-clap\/#primaryimage"},"thumbnailUrl":"https:\/\/www.mpppst.gob.ve\/mpppstweb\/wp-content\/uploads\/2017\/03\/maduro_sucre_314884167911.jpg","keywords":["CLAP"],"articleSection":["Defensa Integral","Gobierno Nacional","Noticias"],"inLanguage":"es"},{"@type":"WebPage","@id":"https:\/\/www.mpppst.gob.ve\/mpppstweb\/index.php\/2017\/03\/02\/presidente-maduro-marzo-sera-el-mes-de-la-revolucion-productiva-de-los-clap\/","url":"https:\/\/www.mpppst.gob.ve\/mpppstweb\/index.php\/2017\/03\/02\/presidente-maduro-marzo-sera-el-mes-de-la-revolucion-productiva-de-los-clap\/","name":"Presidente Maduro: Marzo ser\u00e1 el mes de la revoluci\u00f3n productiva de los Clap - MPPPST","isPartOf":{"@id":"https:\/\/www.mpppst.gob.ve\/mpppstweb\/#website"},"primaryImageOfPage":{"@id":"https:\/\/www.mpppst.gob.ve\/mpppstweb\/index.php\/2017\/03\/02\/presidente-maduro-marzo-sera-el-mes-de-la-revolucion-productiva-de-los-clap\/#primaryimage"},"image":{"@id":"https:\/\/www.mpppst.gob.ve\/mpppstweb\/index.php\/2017\/03\/02\/presidente-maduro-marzo-sera-el-mes-de-la-revolucion-productiva-de-los-clap\/#primaryimage"},"thumbnailUrl":"https:\/\/www.mpppst.gob.ve\/mpppstweb\/wp-content\/uploads\/2017\/03\/maduro_sucre_314884167911.jpg","datePublished":"2017-03-02T14:03:15+00:00","dateModified":"2017-03-02T14:03:58+00:00","breadcrumb":{"@id":"https:\/\/www.mpppst.gob.ve\/mpppstweb\/index.php\/2017\/03\/02\/presidente-maduro-marzo-sera-el-mes-de-la-revolucion-productiva-de-los-clap\/#breadcrumb"},"inLanguage":"es","potentialAction":[{"@type":"ReadAction","target":["https:\/\/www.mpppst.gob.ve\/mpppstweb\/index.php\/2017\/03\/02\/presidente-maduro-marzo-sera-el-mes-de-la-revolucion-productiva-de-los-clap\/"]}]},{"@type":"ImageObject","inLanguage":"es","@id":"https:\/\/www.mpppst.gob.ve\/mpppstweb\/index.php\/2017\/03\/02\/presidente-maduro-marzo-sera-el-mes-de-la-revolucion-productiva-de-los-clap\/#primaryimage","url":"https:\/\/www.mpppst.gob.ve\/mpppstweb\/wp-content\/uploads\/2017\/03\/maduro_sucre_314884167911.jpg","contentUrl":"https:\/\/www.mpppst.gob.ve\/mpppstweb\/wp-content\/uploads\/2017\/03\/maduro_sucre_314884167911.jpg","width":800,"height":445},{"@type":"BreadcrumbList","@id":"https:\/\/www.mpppst.gob.ve\/mpppstweb\/index.php\/2017\/03\/02\/presidente-maduro-marzo-sera-el-mes-de-la-revolucion-productiva-de-los-clap\/#breadcrumb","itemListElement":[{"@type":"ListItem","position":1,"name":"Home","item":"https:\/\/www.mpppst.gob.ve\/mpppstweb\/"},{"@type":"ListItem","position":2,"name":"Presidente Maduro: Marzo ser\u00e1 el mes de la revoluci\u00f3n productiva de los Clap"}]},{"@type":"WebSite","@id":"https:\/\/www.mpppst.gob.ve\/mpppstweb\/#website","url":"https:\/\/www.mpppst.gob.ve\/mpppstweb\/","name":"MPPPST","description":"Ministerio del Poder Popular para el Proceso Social de Trabajo","publisher":{"@id":"https:\/\/www.mpppst.gob.ve\/mpppstweb\/#organization"},"potentialAction":[{"@type":"SearchAction","target":{"@type":"EntryPoint","urlTemplate":"https:\/\/www.mpppst.gob.ve\/mpppstweb\/?s={search_term_string}"},"query-input":"required name=search_term_string"}],"inLanguage":"es"},{"@type":"Organization","@id":"https:\/\/www.mpppst.gob.ve\/mpppstweb\/#organization","name":"mpppst","url":"https:\/\/www.mpppst.gob.ve\/mpppstweb\/","logo":{"@type":"ImageObject","inLanguage":"es","@id":"https:\/\/www.mpppst.gob.ve\/mpppstweb\/#\/schema\/logo\/image\/","url":"https:\/\/www.mpppst.gob.ve\/mpppstweb\/wp-content\/uploads\/2025\/07\/cropped-cropped-g910.png","contentUrl":"https:\/\/www.mpppst.gob.ve\/mpppstweb\/wp-content\/uploads\/2025\/07\/cropped-cropped-g910.png","width":1080,"height":241,"caption":"mpppst"},"image":{"@id":"https:\/\/www.mpppst.gob.ve\/mpppstweb\/#\/schema\/logo\/image\/"}},{"@type":"Person","@id":"https:\/\/www.mpppst.gob.ve\/mpppstweb\/#\/schema\/person\/fc187ee8ead412bd4c9304b62f900ea4","name":"MPPPST Prensa","url":"https:\/\/www.mpppst.gob.ve\/mpppstweb\/index.php\/author\/prensa-mpppst\/"}]}},"_links":{"self":[{"href":"https:\/\/www.mpppst.gob.ve\/mpppstweb\/index.php\/wp-json\/wp\/v2\/posts\/10727"}],"collection":[{"href":"https:\/\/www.mpppst.gob.ve\/mpppstweb\/index.php\/wp-json\/wp\/v2\/posts"}],"about":[{"href":"https:\/\/www.mpppst.gob.ve\/mpppstweb\/index.php\/wp-json\/wp\/v2\/types\/post"}],"author":[{"embeddable":true,"href":"https:\/\/www.mpppst.gob.ve\/mpppstweb\/index.php\/wp-json\/wp\/v2\/users\/25"}],"replies":[{"embeddable":true,"href":"https:\/\/www.mpppst.gob.ve\/mpppstweb\/index.php\/wp-json\/wp\/v2\/comments?post=10727"}],"version-history":[{"count":1,"href":"https:\/\/www.mpppst.gob.ve\/mpppstweb\/index.php\/wp-json\/wp\/v2\/posts\/10727\/revisions"}],"predecessor-version":[{"id":10729,"href":"https:\/\/www.mpppst.gob.ve\/mpppstweb\/index.php\/wp-json\/wp\/v2\/posts\/10727\/revisions\/10729"}],"wp:featuredmedia":[{"embeddable":true,"href":"https:\/\/www.mpppst.gob.ve\/mpppstweb\/index.php\/wp-json\/wp\/v2\/media\/10728"}],"wp:attachment":[{"href":"https:\/\/www.mpppst.gob.ve\/mpppstweb\/index.php\/wp-json\/wp\/v2\/media?parent=10727"}],"wp:term":[{"taxonomy":"category","embeddable":true,"href":"https:\/\/www.mpppst.gob.ve\/mpppstweb\/index.php\/wp-json\/wp\/v2\/categories?post=10727"},{"taxonomy":"post_tag","embeddable":true,"href":"https:\/\/www.mpppst.gob.ve\/mpppstweb\/index.php\/wp-json\/wp\/v2\/tags?post=10727"}],"curies":[{"name":"wp","href":"https:\/\/api.w.org\/{rel}","templated":true}]}}