{"id":10731,"date":"2017-03-02T14:07:14","date_gmt":"2017-03-02T14:07:14","guid":{"rendered":"http:\/\/www.mpppst.gob.ve\/mpppstweb\/?p=10731"},"modified":"2017-03-02T14:07:14","modified_gmt":"2017-03-02T14:07:14","slug":"ministro-arreaza-llama-a-la-clase-trabajadora-a-acelerar-desarrollo-del-motor-mineria","status":"publish","type":"post","link":"https:\/\/www.mpppst.gob.ve\/mpppstweb\/index.php\/2017\/03\/02\/ministro-arreaza-llama-a-la-clase-trabajadora-a-acelerar-desarrollo-del-motor-mineria\/","title":{"rendered":"Ministro Arreaza llama a la clase trabajadora a acelerar desarrollo del Motor Miner\u00eda"},"content":{"rendered":"<p>Minci<\/p>\n<p>Este mi\u00e9rcoles, el ministro del Poder Popular de Desarrollo Minero Ecol\u00f3gico,<strong> Jorge Arreaza,<\/strong> llam\u00f3 a los trabajadores y trabajadoras del sector a acelerar el desarrollo del Motor Miner\u00eda para superar el rentismo petrolero, mediante la <strong>diversificaci\u00f3n de la econom\u00eda nacional.<\/strong><\/p>\n<p>\u201cTenemos que <strong>trascender el sistema rentista petrolero y construir nuestro sistema productivo socialista<\/strong> a partir del desarrollo de las fuerzas productivas, y quienes desatan las fuerzas productivas son los trabajadores y las trabajadoras\u201d, afirm\u00f3 Arreaza durante una asamblea con la fuerza laboral de Loma de N\u00edquel, una divisi\u00f3n de la Corporaci\u00f3n Venezolana de Miner\u00eda (CVM Miner\u00eda), ente adscrito al <strong>Ministerio del Poder Popular de Desarrollo Minero Ecol\u00f3gico<\/strong>(Mppdme).<\/p>\n<p>El Gobierno Bolivariano impulsa el <strong>Motor Miner\u00eda<\/strong> para el desarrollo soberano del pa\u00eds, se\u00f1al\u00f3 Arreaza.<\/p>\n<p><strong>\u201c\u00c9sta va a ser la fuente complementaria de ingresos de la Rep\u00fablica<\/strong> para poder seguir invirtiendo en el pueblo\u201d, expres\u00f3.<\/p>\n<p>Arreaza record\u00f3 el reconocimiento al esp\u00edritu de los trabajadores de Loma de N\u00edquel hecho por el Comandante Presidente Hugo Ch\u00e1vez, y destac\u00f3 la<strong>importancia estrat\u00e9gica de esta empresa para la Rep\u00fablica,<\/strong> as\u00ed como el significado del n\u00edquel en el encadenamiento productivo nacional.<\/p>\n<p><strong>\u201cEl proceso de la empresa tiene que traducirse en lo que ustedes vienen construyendo,<\/strong>que es que se quede en Venezuela, y no s\u00f3lo para poder exportar los productos y subproductos, sino para el encadenamiento productivo\u201d, apunt\u00f3.<\/p>\n<p>A\u00f1adi\u00f3 que \u201cpodr\u00e1n existir los empresarios, los capitales, todo lo que quieran, pero <strong>sin el trabajador, sin la trabajadora, no existe nada de lo que hacemos, de lo que comemos, de d\u00f3nde vivimos,<\/strong> por d\u00f3nde caminamos, d\u00f3nde nos transportamos. Por eso es que es tan significativo que entendamos la importancia del Motor Miner\u00eda en este momento\u201d, manifest\u00f3.<\/p>\n<p><strong>El n\u00edquel es un mineral de gran demanda industrial<\/strong> (como en la sider\u00fargica), principalmente para la obtenci\u00f3n de aceros de gran calidad.\u00a0Las aleaciones de n\u00edquel y acero son usadas en<strong>manufactura de maquinaria pesada, herramientas<\/strong> y en equipos capaces de soportar elevadas temperaturas, incluyendo turbinas de gas y dispositivos ambientales como limpiadores, depuradores, entre otros.<\/p>\n<p>Las aleaciones n\u00edquel-cromo son usadas en la <strong>fabricaci\u00f3n de qu\u00edmicos corrosivos y en instrumentos de altas temperaturas (material refractario).<\/strong> El uso actual de mayor demanda es la fabricaci\u00f3n de aceros especiales como el acero inoxidable.<\/p>\n","protected":false},"excerpt":{"rendered":"<p>Minci Este mi\u00e9rcoles, el ministro del Poder Popular de Desarrollo Minero Ecol\u00f3gico, Jorge Arreaza, llam\u00f3 a &hellip; <a title=\"Ministro Arreaza llama a la clase trabajadora a acelerar desarrollo del Motor Miner\u00eda\" class=\"hm-read-more\" href=\"https:\/\/www.mpppst.gob.ve\/mpppstweb\/index.php\/2017\/03\/02\/ministro-arreaza-llama-a-la-clase-trabajadora-a-acelerar-desarrollo-del-motor-mineria\/\"><span class=\"screen-reader-text\">Ministro Arreaza llama a la clase trabajadora a acelerar desarrollo del Motor Miner\u00eda<\/span>Read more<\/a><\/p>\n","protected":false},"author":25,"featured_media":10732,"comment_status":"closed","ping_status":"closed","sticky":false,"template":"","format":"standard","meta":{"footnotes":""},"categories":[82,163,84],"tags":[249,225,222],"yoast_head":"<!-- This site is optimized with the Yoast SEO plugin v22.5 - https:\/\/yoast.com\/wordpress\/plugins\/seo\/ -->\n<title>Ministro Arreaza llama a la clase trabajadora a acelerar desarrollo del Motor Miner\u00eda - MPPPST<\/title>\n<meta name=\"robots\" content=\"index, follow, max-snippet:-1, max-image-preview:large, max-video-preview:-1\" \/>\n<link rel=\"canonical\" href=\"https:\/\/www.mpppst.gob.ve\/mpppstweb\/index.php\/2017\/03\/02\/ministro-arreaza-llama-a-la-clase-trabajadora-a-acelerar-desarrollo-del-motor-mineria\/\" \/>\n<meta property=\"og:locale\" content=\"es_ES\" \/>\n<meta property=\"og:type\" content=\"article\" \/>\n<meta property=\"og:title\" content=\"Ministro Arreaza llama a la clase trabajadora a acelerar desarrollo del Motor Miner\u00eda - MPPPST\" \/>\n<meta property=\"og:description\" content=\"Minci Este mi\u00e9rcoles, el ministro del Poder Popular de Desarrollo Minero Ecol\u00f3gico, Jorge Arreaza, llam\u00f3 a &hellip; Ministro Arreaza llama a la clase trabajadora a acelerar desarrollo del Motor Miner\u00edaRead more\" \/>\n<meta property=\"og:url\" content=\"https:\/\/www.mpppst.gob.ve\/mpppstweb\/index.php\/2017\/03\/02\/ministro-arreaza-llama-a-la-clase-trabajadora-a-acelerar-desarrollo-del-motor-mineria\/\" \/>\n<meta property=\"og:site_name\" content=\"MPPPST\" \/>\n<meta property=\"article:published_time\" content=\"2017-03-02T14:07:14+00:00\" \/>\n<meta property=\"og:image\" content=\"https:\/\/www.mpppst.gob.ve\/mpppstweb\/wp-content\/uploads\/2017\/03\/Jorge-Arreaza.jpg\" \/>\n\t<meta property=\"og:image:width\" content=\"800\" \/>\n\t<meta property=\"og:image:height\" content=\"445\" \/>\n\t<meta property=\"og:image:type\" content=\"image\/jpeg\" \/>\n<meta name=\"author\" content=\"MPPPST Prensa\" \/>\n<meta name=\"twitter:card\" content=\"summary_large_image\" \/>\n<meta name=\"twitter:label1\" content=\"Escrito por\" \/>\n\t<meta name=\"twitter:data1\" content=\"MPPPST Prensa\" \/>\n\t<meta name=\"twitter:label2\" content=\"Tiempo de lectura\" \/>\n\t<meta name=\"twitter:data2\" content=\"2 minutos\" \/>\n<script type=\"application\/ld+json\" class=\"yoast-schema-graph\">{\"@context\":\"https:\/\/schema.org\",\"@graph\":[{\"@type\":\"Article\",\"@id\":\"https:\/\/www.mpppst.gob.ve\/mpppstweb\/index.php\/2017\/03\/02\/ministro-arreaza-llama-a-la-clase-trabajadora-a-acelerar-desarrollo-del-motor-mineria\/#article\",\"isPartOf\":{\"@id\":\"https:\/\/www.mpppst.gob.ve\/mpppstweb\/index.php\/2017\/03\/02\/ministro-arreaza-llama-a-la-clase-trabajadora-a-acelerar-desarrollo-del-motor-mineria\/\"},\"author\":{\"name\":\"MPPPST Prensa\",\"@id\":\"https:\/\/www.mpppst.gob.ve\/mpppstweb\/#\/schema\/person\/fc187ee8ead412bd4c9304b62f900ea4\"},\"headline\":\"Ministro Arreaza llama a la clase trabajadora a acelerar desarrollo del Motor Miner\u00eda\",\"datePublished\":\"2017-03-02T14:07:14+00:00\",\"dateModified\":\"2017-03-02T14:07:14+00:00\",\"mainEntityOfPage\":{\"@id\":\"https:\/\/www.mpppst.gob.ve\/mpppstweb\/index.php\/2017\/03\/02\/ministro-arreaza-llama-a-la-clase-trabajadora-a-acelerar-desarrollo-del-motor-mineria\/\"},\"wordCount\":419,\"publisher\":{\"@id\":\"https:\/\/www.mpppst.gob.ve\/mpppstweb\/#organization\"},\"image\":{\"@id\":\"https:\/\/www.mpppst.gob.ve\/mpppstweb\/index.php\/2017\/03\/02\/ministro-arreaza-llama-a-la-clase-trabajadora-a-acelerar-desarrollo-del-motor-mineria\/#primaryimage\"},\"thumbnailUrl\":\"https:\/\/www.mpppst.gob.ve\/mpppstweb\/wp-content\/uploads\/2017\/03\/Jorge-Arreaza.jpg\",\"keywords\":[\"Econom\u00eda\",\"Fuerza Laboral\",\"Gobierno Bolivariano\"],\"articleSection\":[\"Gobierno Nacional\",\"Noticias\",\"Vida Laboral y Sindical\"],\"inLanguage\":\"es\"},{\"@type\":\"WebPage\",\"@id\":\"https:\/\/www.mpppst.gob.ve\/mpppstweb\/index.php\/2017\/03\/02\/ministro-arreaza-llama-a-la-clase-trabajadora-a-acelerar-desarrollo-del-motor-mineria\/\",\"url\":\"https:\/\/www.mpppst.gob.ve\/mpppstweb\/index.php\/2017\/03\/02\/ministro-arreaza-llama-a-la-clase-trabajadora-a-acelerar-desarrollo-del-motor-mineria\/\",\"name\":\"Ministro Arreaza llama a la clase trabajadora a acelerar desarrollo del Motor Miner\u00eda - MPPPST\",\"isPartOf\":{\"@id\":\"https:\/\/www.mpppst.gob.ve\/mpppstweb\/#website\"},\"primaryImageOfPage\":{\"@id\":\"https:\/\/www.mpppst.gob.ve\/mpppstweb\/index.php\/2017\/03\/02\/ministro-arreaza-llama-a-la-clase-trabajadora-a-acelerar-desarrollo-del-motor-mineria\/#primaryimage\"},\"image\":{\"@id\":\"https:\/\/www.mpppst.gob.ve\/mpppstweb\/index.php\/2017\/03\/02\/ministro-arreaza-llama-a-la-clase-trabajadora-a-acelerar-desarrollo-del-motor-mineria\/#primaryimage\"},\"thumbnailUrl\":\"https:\/\/www.mpppst.gob.ve\/mpppstweb\/wp-content\/uploads\/2017\/03\/Jorge-Arreaza.jpg\",\"datePublished\":\"2017-03-02T14:07:14+00:00\",\"dateModified\":\"2017-03-02T14:07:14+00:00\",\"breadcrumb\":{\"@id\":\"https:\/\/www.mpppst.gob.ve\/mpppstweb\/index.php\/2017\/03\/02\/ministro-arreaza-llama-a-la-clase-trabajadora-a-acelerar-desarrollo-del-motor-mineria\/#breadcrumb\"},\"inLanguage\":\"es\",\"potentialAction\":[{\"@type\":\"ReadAction\",\"target\":[\"https:\/\/www.mpppst.gob.ve\/mpppstweb\/index.php\/2017\/03\/02\/ministro-arreaza-llama-a-la-clase-trabajadora-a-acelerar-desarrollo-del-motor-mineria\/\"]}]},{\"@type\":\"ImageObject\",\"inLanguage\":\"es\",\"@id\":\"https:\/\/www.mpppst.gob.ve\/mpppstweb\/index.php\/2017\/03\/02\/ministro-arreaza-llama-a-la-clase-trabajadora-a-acelerar-desarrollo-del-motor-mineria\/#primaryimage\",\"url\":\"https:\/\/www.mpppst.gob.ve\/mpppstweb\/wp-content\/uploads\/2017\/03\/Jorge-Arreaza.jpg\",\"contentUrl\":\"https:\/\/www.mpppst.gob.ve\/mpppstweb\/wp-content\/uploads\/2017\/03\/Jorge-Arreaza.jpg\",\"width\":800,\"height\":445},{\"@type\":\"BreadcrumbList\",\"@id\":\"https:\/\/www.mpppst.gob.ve\/mpppstweb\/index.php\/2017\/03\/02\/ministro-arreaza-llama-a-la-clase-trabajadora-a-acelerar-desarrollo-del-motor-mineria\/#breadcrumb\",\"itemListElement\":[{\"@type\":\"ListItem\",\"position\":1,\"name\":\"Home\",\"item\":\"https:\/\/www.mpppst.gob.ve\/mpppstweb\/\"},{\"@type\":\"ListItem\",\"position\":2,\"name\":\"Ministro Arreaza llama a la clase trabajadora a acelerar desarrollo del Motor Miner\u00eda\"}]},{\"@type\":\"WebSite\",\"@id\":\"https:\/\/www.mpppst.gob.ve\/mpppstweb\/#website\",\"url\":\"https:\/\/www.mpppst.gob.ve\/mpppstweb\/\",\"name\":\"MPPPST\",\"description\":\"Ministerio del Poder Popular para el Proceso Social de Trabajo\",\"publisher\":{\"@id\":\"https:\/\/www.mpppst.gob.ve\/mpppstweb\/#organization\"},\"potentialAction\":[{\"@type\":\"SearchAction\",\"target\":{\"@type\":\"EntryPoint\",\"urlTemplate\":\"https:\/\/www.mpppst.gob.ve\/mpppstweb\/?s={search_term_string}\"},\"query-input\":\"required name=search_term_string\"}],\"inLanguage\":\"es\"},{\"@type\":\"Organization\",\"@id\":\"https:\/\/www.mpppst.gob.ve\/mpppstweb\/#organization\",\"name\":\"mpppst\",\"url\":\"https:\/\/www.mpppst.gob.ve\/mpppstweb\/\",\"logo\":{\"@type\":\"ImageObject\",\"inLanguage\":\"es\",\"@id\":\"https:\/\/www.mpppst.gob.ve\/mpppstweb\/#\/schema\/logo\/image\/\",\"url\":\"https:\/\/www.mpppst.gob.ve\/mpppstweb\/wp-content\/uploads\/2025\/07\/cropped-cropped-g910.png\",\"contentUrl\":\"https:\/\/www.mpppst.gob.ve\/mpppstweb\/wp-content\/uploads\/2025\/07\/cropped-cropped-g910.png\",\"width\":1080,\"height\":241,\"caption\":\"mpppst\"},\"image\":{\"@id\":\"https:\/\/www.mpppst.gob.ve\/mpppstweb\/#\/schema\/logo\/image\/\"}},{\"@type\":\"Person\",\"@id\":\"https:\/\/www.mpppst.gob.ve\/mpppstweb\/#\/schema\/person\/fc187ee8ead412bd4c9304b62f900ea4\",\"name\":\"MPPPST Prensa\",\"url\":\"https:\/\/www.mpppst.gob.ve\/mpppstweb\/index.php\/author\/prensa-mpppst\/\"}]}<\/script>\n<!-- \/ Yoast SEO plugin. -->","yoast_head_json":{"title":"Ministro Arreaza llama a la clase trabajadora a acelerar desarrollo del Motor Miner\u00eda - MPPPST","robots":{"index":"index","follow":"follow","max-snippet":"max-snippet:-1","max-image-preview":"max-image-preview:large","max-video-preview":"max-video-preview:-1"},"canonical":"https:\/\/www.mpppst.gob.ve\/mpppstweb\/index.php\/2017\/03\/02\/ministro-arreaza-llama-a-la-clase-trabajadora-a-acelerar-desarrollo-del-motor-mineria\/","og_locale":"es_ES","og_type":"article","og_title":"Ministro Arreaza llama a la clase trabajadora a acelerar desarrollo del Motor Miner\u00eda - MPPPST","og_description":"Minci Este mi\u00e9rcoles, el ministro del Poder Popular de Desarrollo Minero Ecol\u00f3gico, Jorge Arreaza, llam\u00f3 a &hellip; Ministro Arreaza llama a la clase trabajadora a acelerar desarrollo del Motor Miner\u00edaRead more","og_url":"https:\/\/www.mpppst.gob.ve\/mpppstweb\/index.php\/2017\/03\/02\/ministro-arreaza-llama-a-la-clase-trabajadora-a-acelerar-desarrollo-del-motor-mineria\/","og_site_name":"MPPPST","article_published_time":"2017-03-02T14:07:14+00:00","og_image":[{"width":800,"height":445,"url":"https:\/\/www.mpppst.gob.ve\/mpppstweb\/wp-content\/uploads\/2017\/03\/Jorge-Arreaza.jpg","type":"image\/jpeg"}],"author":"MPPPST Prensa","twitter_card":"summary_large_image","twitter_misc":{"Escrito por":"MPPPST Prensa","Tiempo de lectura":"2 minutos"},"schema":{"@context":"https:\/\/schema.org","@graph":[{"@type":"Article","@id":"https:\/\/www.mpppst.gob.ve\/mpppstweb\/index.php\/2017\/03\/02\/ministro-arreaza-llama-a-la-clase-trabajadora-a-acelerar-desarrollo-del-motor-mineria\/#article","isPartOf":{"@id":"https:\/\/www.mpppst.gob.ve\/mpppstweb\/index.php\/2017\/03\/02\/ministro-arreaza-llama-a-la-clase-trabajadora-a-acelerar-desarrollo-del-motor-mineria\/"},"author":{"name":"MPPPST Prensa","@id":"https:\/\/www.mpppst.gob.ve\/mpppstweb\/#\/schema\/person\/fc187ee8ead412bd4c9304b62f900ea4"},"headline":"Ministro Arreaza llama a la clase trabajadora a acelerar desarrollo del Motor Miner\u00eda","datePublished":"2017-03-02T14:07:14+00:00","dateModified":"2017-03-02T14:07:14+00:00","mainEntityOfPage":{"@id":"https:\/\/www.mpppst.gob.ve\/mpppstweb\/index.php\/2017\/03\/02\/ministro-arreaza-llama-a-la-clase-trabajadora-a-acelerar-desarrollo-del-motor-mineria\/"},"wordCount":419,"publisher":{"@id":"https:\/\/www.mpppst.gob.ve\/mpppstweb\/#organization"},"image":{"@id":"https:\/\/www.mpppst.gob.ve\/mpppstweb\/index.php\/2017\/03\/02\/ministro-arreaza-llama-a-la-clase-trabajadora-a-acelerar-desarrollo-del-motor-mineria\/#primaryimage"},"thumbnailUrl":"https:\/\/www.mpppst.gob.ve\/mpppstweb\/wp-content\/uploads\/2017\/03\/Jorge-Arreaza.jpg","keywords":["Econom\u00eda","Fuerza Laboral","Gobierno Bolivariano"],"articleSection":["Gobierno Nacional","Noticias","Vida Laboral y Sindical"],"inLanguage":"es"},{"@type":"WebPage","@id":"https:\/\/www.mpppst.gob.ve\/mpppstweb\/index.php\/2017\/03\/02\/ministro-arreaza-llama-a-la-clase-trabajadora-a-acelerar-desarrollo-del-motor-mineria\/","url":"https:\/\/www.mpppst.gob.ve\/mpppstweb\/index.php\/2017\/03\/02\/ministro-arreaza-llama-a-la-clase-trabajadora-a-acelerar-desarrollo-del-motor-mineria\/","name":"Ministro Arreaza llama a la clase trabajadora a acelerar desarrollo del Motor Miner\u00eda - MPPPST","isPartOf":{"@id":"https:\/\/www.mpppst.gob.ve\/mpppstweb\/#website"},"primaryImageOfPage":{"@id":"https:\/\/www.mpppst.gob.ve\/mpppstweb\/index.php\/2017\/03\/02\/ministro-arreaza-llama-a-la-clase-trabajadora-a-acelerar-desarrollo-del-motor-mineria\/#primaryimage"},"image":{"@id":"https:\/\/www.mpppst.gob.ve\/mpppstweb\/index.php\/2017\/03\/02\/ministro-arreaza-llama-a-la-clase-trabajadora-a-acelerar-desarrollo-del-motor-mineria\/#primaryimage"},"thumbnailUrl":"https:\/\/www.mpppst.gob.ve\/mpppstweb\/wp-content\/uploads\/2017\/03\/Jorge-Arreaza.jpg","datePublished":"2017-03-02T14:07:14+00:00","dateModified":"2017-03-02T14:07:14+00:00","breadcrumb":{"@id":"https:\/\/www.mpppst.gob.ve\/mpppstweb\/index.php\/2017\/03\/02\/ministro-arreaza-llama-a-la-clase-trabajadora-a-acelerar-desarrollo-del-motor-mineria\/#breadcrumb"},"inLanguage":"es","potentialAction":[{"@type":"ReadAction","target":["https:\/\/www.mpppst.gob.ve\/mpppstweb\/index.php\/2017\/03\/02\/ministro-arreaza-llama-a-la-clase-trabajadora-a-acelerar-desarrollo-del-motor-mineria\/"]}]},{"@type":"ImageObject","inLanguage":"es","@id":"https:\/\/www.mpppst.gob.ve\/mpppstweb\/index.php\/2017\/03\/02\/ministro-arreaza-llama-a-la-clase-trabajadora-a-acelerar-desarrollo-del-motor-mineria\/#primaryimage","url":"https:\/\/www.mpppst.gob.ve\/mpppstweb\/wp-content\/uploads\/2017\/03\/Jorge-Arreaza.jpg","contentUrl":"https:\/\/www.mpppst.gob.ve\/mpppstweb\/wp-content\/uploads\/2017\/03\/Jorge-Arreaza.jpg","width":800,"height":445},{"@type":"BreadcrumbList","@id":"https:\/\/www.mpppst.gob.ve\/mpppstweb\/index.php\/2017\/03\/02\/ministro-arreaza-llama-a-la-clase-trabajadora-a-acelerar-desarrollo-del-motor-mineria\/#breadcrumb","itemListElement":[{"@type":"ListItem","position":1,"name":"Home","item":"https:\/\/www.mpppst.gob.ve\/mpppstweb\/"},{"@type":"ListItem","position":2,"name":"Ministro Arreaza llama a la clase trabajadora a acelerar desarrollo del Motor Miner\u00eda"}]},{"@type":"WebSite","@id":"https:\/\/www.mpppst.gob.ve\/mpppstweb\/#website","url":"https:\/\/www.mpppst.gob.ve\/mpppstweb\/","name":"MPPPST","description":"Ministerio del Poder Popular para el Proceso Social de Trabajo","publisher":{"@id":"https:\/\/www.mpppst.gob.ve\/mpppstweb\/#organization"},"potentialAction":[{"@type":"SearchAction","target":{"@type":"EntryPoint","urlTemplate":"https:\/\/www.mpppst.gob.ve\/mpppstweb\/?s={search_term_string}"},"query-input":"required name=search_term_string"}],"inLanguage":"es"},{"@type":"Organization","@id":"https:\/\/www.mpppst.gob.ve\/mpppstweb\/#organization","name":"mpppst","url":"https:\/\/www.mpppst.gob.ve\/mpppstweb\/","logo":{"@type":"ImageObject","inLanguage":"es","@id":"https:\/\/www.mpppst.gob.ve\/mpppstweb\/#\/schema\/logo\/image\/","url":"https:\/\/www.mpppst.gob.ve\/mpppstweb\/wp-content\/uploads\/2025\/07\/cropped-cropped-g910.png","contentUrl":"https:\/\/www.mpppst.gob.ve\/mpppstweb\/wp-content\/uploads\/2025\/07\/cropped-cropped-g910.png","width":1080,"height":241,"caption":"mpppst"},"image":{"@id":"https:\/\/www.mpppst.gob.ve\/mpppstweb\/#\/schema\/logo\/image\/"}},{"@type":"Person","@id":"https:\/\/www.mpppst.gob.ve\/mpppstweb\/#\/schema\/person\/fc187ee8ead412bd4c9304b62f900ea4","name":"MPPPST Prensa","url":"https:\/\/www.mpppst.gob.ve\/mpppstweb\/index.php\/author\/prensa-mpppst\/"}]}},"_links":{"self":[{"href":"https:\/\/www.mpppst.gob.ve\/mpppstweb\/index.php\/wp-json\/wp\/v2\/posts\/10731"}],"collection":[{"href":"https:\/\/www.mpppst.gob.ve\/mpppstweb\/index.php\/wp-json\/wp\/v2\/posts"}],"about":[{"href":"https:\/\/www.mpppst.gob.ve\/mpppstweb\/index.php\/wp-json\/wp\/v2\/types\/post"}],"author":[{"embeddable":true,"href":"https:\/\/www.mpppst.gob.ve\/mpppstweb\/index.php\/wp-json\/wp\/v2\/users\/25"}],"replies":[{"embeddable":true,"href":"https:\/\/www.mpppst.gob.ve\/mpppstweb\/index.php\/wp-json\/wp\/v2\/comments?post=10731"}],"version-history":[{"count":1,"href":"https:\/\/www.mpppst.gob.ve\/mpppstweb\/index.php\/wp-json\/wp\/v2\/posts\/10731\/revisions"}],"predecessor-version":[{"id":10733,"href":"https:\/\/www.mpppst.gob.ve\/mpppstweb\/index.php\/wp-json\/wp\/v2\/posts\/10731\/revisions\/10733"}],"wp:featuredmedia":[{"embeddable":true,"href":"https:\/\/www.mpppst.gob.ve\/mpppstweb\/index.php\/wp-json\/wp\/v2\/media\/10732"}],"wp:attachment":[{"href":"https:\/\/www.mpppst.gob.ve\/mpppstweb\/index.php\/wp-json\/wp\/v2\/media?parent=10731"}],"wp:term":[{"taxonomy":"category","embeddable":true,"href":"https:\/\/www.mpppst.gob.ve\/mpppstweb\/index.php\/wp-json\/wp\/v2\/categories?post=10731"},{"taxonomy":"post_tag","embeddable":true,"href":"https:\/\/www.mpppst.gob.ve\/mpppstweb\/index.php\/wp-json\/wp\/v2\/tags?post=10731"}],"curies":[{"name":"wp","href":"https:\/\/api.w.org\/{rel}","templated":true}]}}