{"id":10734,"date":"2017-03-02T14:17:47","date_gmt":"2017-03-02T14:17:47","guid":{"rendered":"http:\/\/www.mpppst.gob.ve\/mpppstweb\/?p=10734"},"modified":"2017-03-02T14:17:47","modified_gmt":"2017-03-02T14:17:47","slug":"onu-advierte-sobre-vulneracion-del-derecho-a-la-vivienda-en-el-mundo","status":"publish","type":"post","link":"https:\/\/www.mpppst.gob.ve\/mpppstweb\/index.php\/2017\/03\/02\/onu-advierte-sobre-vulneracion-del-derecho-a-la-vivienda-en-el-mundo\/","title":{"rendered":"ONU advierte sobre vulneraci\u00f3n del derecho a la vivienda en el mundo"},"content":{"rendered":"<p>La relatora especial sobre la vivienda adecuada de la Organizaci\u00f3n de Naciones Unidas (ONU), Leilani Farah, advirti\u00f3 este mi\u00e9rcoles que la especulaci\u00f3n del mercado inmobiliario mundial socava el derecho humano a la vivienda digna.<\/p>\n<p>\u00abLa vivienda ha perdido su funci\u00f3n social y es vista en su lugar como un veh\u00edculo para la riqueza y para aumentar los activos\u00bb, denunci\u00f3, al presentar un informe sobre vivienda ante el Consejo de Derechos Humanos de la ONU, que sesiona hasta el pr\u00f3ximo 24 de marzo en Ginebra, Suiza.<\/p>\n<p>\u00abEl mundo financiero ha operado esencialmente sin ninguna consideraci\u00f3n al hecho de que la vivienda digna es un derecho humano y los estados son c\u00f3mplices\u00bb de este comportamiento, se\u00f1al\u00f3.<\/p>\n<p>La vivienda \u00abse ha convertido en un activo financiero vac\u00edo de cualquier conexi\u00f3n con la comunidad, la dignidad y la idea de un hogar\u00bb.<\/p>\n<p>Conden\u00f3 que algunos pa\u00edses contribuyan con el mercado especulativo y no midan el impacto negativo que generan en la poblaci\u00f3n. En ese sentido sugiri\u00f3 a los gobiernos del mundo no anteponer los intereses de los inversionistas por encima de los derechos humanos de los habitantes.<\/p>\n<p>\u00abMillones de personas en todo el mundo est\u00e1n siendo desahuciadas o desplazadas por el desarrollo, y alejadas de las ciudades por los elevados precios\u00bb, fustig\u00f3.<\/p>\n<p>Lament\u00f3 que la \u00abrendici\u00f3n de cuentas de los gobiernos con respecto a sus obligaciones en materia de derechos humanos haya sido sustituida por la rendici\u00f3n de cuentas ante mercados e inversores\u00bb.<\/p>\n<p>Recomend\u00f3 a los pa\u00edses regular a los actores privados para prevenir \u00abviolaciones descaradas\u00bb de los derechos humanos, entre ellos el de la vivienda.<\/p>\n<p>En contraposici\u00f3n a la tendencia inflacionaria mundial, pa\u00edses de Am\u00e9rica Latina como Brasil, Ecuador y Venezuela, han desarrollado programas de construcci\u00f3n de viviendas sociales dirigidas a familias en situaci\u00f3n de pobreza, pobreza extrema y clase media.<\/p>\n<p>En Brasil, el ex presidente Luiz In\u00e1cio Lula da Silva cre\u00f3 en 2009 el programa Mi Casa, Mi Vida, con el que se construyeron 4,25 millones de hogares hasta la administraci\u00f3n de la presidenta Dilma Rousseff.<\/p>\n<p>Venezuela desarrolla desde 2011 un programa in\u00e9dito de construcci\u00f3n denominado Gran Misi\u00f3n Vivienda Venezuela, que articula al sector p\u00fablico y privado para la construcci\u00f3n de casas en todo el pa\u00eds, con prioridad para familias en situaci\u00f3n de pobreza. Hasta ahora, luego de seis a\u00f1os, se han entregado 1.500.000 hogares, lo cual representa el 50% de la meta planteada de levantar 3.000.000 hasta 2019.<\/p>\n<p>Ecuador logr\u00f3 la \u00faltima d\u00e9cada cubrir en 50% el d\u00e9ficit de vivienda social que alcanzaba antes del gobierno del presidente Rafael Correa 1.000.000 de casas. Adem\u00e1s de la construcci\u00f3n, se incrementaron los cr\u00e9ditos para construir y comprar vivienda que hace diez a\u00f1os promediaban los 1.500 d\u00f3lares y ahora ascendieron a hasta 13.000.<\/p>\n<p>AVN<\/p>\n","protected":false},"excerpt":{"rendered":"<p>La relatora especial sobre la vivienda adecuada de la Organizaci\u00f3n de Naciones Unidas (ONU), Leilani Farah, &hellip; <a title=\"ONU advierte sobre vulneraci\u00f3n del derecho a la vivienda en el mundo\" class=\"hm-read-more\" href=\"https:\/\/www.mpppst.gob.ve\/mpppstweb\/index.php\/2017\/03\/02\/onu-advierte-sobre-vulneracion-del-derecho-a-la-vivienda-en-el-mundo\/\"><span class=\"screen-reader-text\">ONU advierte sobre vulneraci\u00f3n del derecho a la vivienda en el mundo<\/span>Read more<\/a><\/p>\n","protected":false},"author":25,"featured_media":10735,"comment_status":"closed","ping_status":"closed","sticky":false,"template":"","format":"standard","meta":{"footnotes":""},"categories":[237],"tags":[245,363],"yoast_head":"<!-- This site is optimized with the Yoast SEO plugin v22.5 - https:\/\/yoast.com\/wordpress\/plugins\/seo\/ -->\n<title>ONU advierte sobre vulneraci\u00f3n del derecho a la vivienda en el mundo - MPPPST<\/title>\n<meta name=\"robots\" content=\"index, follow, max-snippet:-1, max-image-preview:large, max-video-preview:-1\" \/>\n<link rel=\"canonical\" href=\"https:\/\/www.mpppst.gob.ve\/mpppstweb\/index.php\/2017\/03\/02\/onu-advierte-sobre-vulneracion-del-derecho-a-la-vivienda-en-el-mundo\/\" \/>\n<meta property=\"og:locale\" content=\"es_ES\" \/>\n<meta property=\"og:type\" content=\"article\" \/>\n<meta property=\"og:title\" content=\"ONU advierte sobre vulneraci\u00f3n del derecho a la vivienda en el mundo - MPPPST\" \/>\n<meta property=\"og:description\" content=\"La relatora especial sobre la vivienda adecuada de la Organizaci\u00f3n de Naciones Unidas (ONU), Leilani Farah, &hellip; ONU advierte sobre vulneraci\u00f3n del derecho a la vivienda en el mundoRead more\" \/>\n<meta property=\"og:url\" content=\"https:\/\/www.mpppst.gob.ve\/mpppstweb\/index.php\/2017\/03\/02\/onu-advierte-sobre-vulneracion-del-derecho-a-la-vivienda-en-el-mundo\/\" \/>\n<meta property=\"og:site_name\" content=\"MPPPST\" \/>\n<meta property=\"article:published_time\" content=\"2017-03-02T14:17:47+00:00\" \/>\n<meta property=\"og:image\" content=\"https:\/\/www.mpppst.gob.ve\/mpppstweb\/wp-content\/uploads\/2017\/03\/desahucio_guadalcanal5_2102010dsc_009213678717672.jpg\" \/>\n\t<meta property=\"og:image:width\" content=\"800\" \/>\n\t<meta property=\"og:image:height\" content=\"445\" \/>\n\t<meta property=\"og:image:type\" content=\"image\/jpeg\" \/>\n<meta name=\"author\" content=\"MPPPST Prensa\" \/>\n<meta name=\"twitter:card\" content=\"summary_large_image\" \/>\n<meta name=\"twitter:label1\" content=\"Escrito por\" \/>\n\t<meta name=\"twitter:data1\" content=\"MPPPST Prensa\" \/>\n\t<meta name=\"twitter:label2\" content=\"Tiempo de lectura\" \/>\n\t<meta name=\"twitter:data2\" content=\"2 minutos\" \/>\n<script type=\"application\/ld+json\" class=\"yoast-schema-graph\">{\"@context\":\"https:\/\/schema.org\",\"@graph\":[{\"@type\":\"Article\",\"@id\":\"https:\/\/www.mpppst.gob.ve\/mpppstweb\/index.php\/2017\/03\/02\/onu-advierte-sobre-vulneracion-del-derecho-a-la-vivienda-en-el-mundo\/#article\",\"isPartOf\":{\"@id\":\"https:\/\/www.mpppst.gob.ve\/mpppstweb\/index.php\/2017\/03\/02\/onu-advierte-sobre-vulneracion-del-derecho-a-la-vivienda-en-el-mundo\/\"},\"author\":{\"name\":\"MPPPST Prensa\",\"@id\":\"https:\/\/www.mpppst.gob.ve\/mpppstweb\/#\/schema\/person\/fc187ee8ead412bd4c9304b62f900ea4\"},\"headline\":\"ONU advierte sobre vulneraci\u00f3n del derecho a la vivienda en el mundo\",\"datePublished\":\"2017-03-02T14:17:47+00:00\",\"dateModified\":\"2017-03-02T14:17:47+00:00\",\"mainEntityOfPage\":{\"@id\":\"https:\/\/www.mpppst.gob.ve\/mpppstweb\/index.php\/2017\/03\/02\/onu-advierte-sobre-vulneracion-del-derecho-a-la-vivienda-en-el-mundo\/\"},\"wordCount\":490,\"publisher\":{\"@id\":\"https:\/\/www.mpppst.gob.ve\/mpppstweb\/#organization\"},\"image\":{\"@id\":\"https:\/\/www.mpppst.gob.ve\/mpppstweb\/index.php\/2017\/03\/02\/onu-advierte-sobre-vulneracion-del-derecho-a-la-vivienda-en-el-mundo\/#primaryimage\"},\"thumbnailUrl\":\"https:\/\/www.mpppst.gob.ve\/mpppstweb\/wp-content\/uploads\/2017\/03\/desahucio_guadalcanal5_2102010dsc_009213678717672.jpg\",\"keywords\":[\"internacionales\",\"ONU\"],\"articleSection\":[\"Procesos y organismo internacionales\"],\"inLanguage\":\"es\"},{\"@type\":\"WebPage\",\"@id\":\"https:\/\/www.mpppst.gob.ve\/mpppstweb\/index.php\/2017\/03\/02\/onu-advierte-sobre-vulneracion-del-derecho-a-la-vivienda-en-el-mundo\/\",\"url\":\"https:\/\/www.mpppst.gob.ve\/mpppstweb\/index.php\/2017\/03\/02\/onu-advierte-sobre-vulneracion-del-derecho-a-la-vivienda-en-el-mundo\/\",\"name\":\"ONU advierte sobre vulneraci\u00f3n del derecho a la vivienda en el mundo - MPPPST\",\"isPartOf\":{\"@id\":\"https:\/\/www.mpppst.gob.ve\/mpppstweb\/#website\"},\"primaryImageOfPage\":{\"@id\":\"https:\/\/www.mpppst.gob.ve\/mpppstweb\/index.php\/2017\/03\/02\/onu-advierte-sobre-vulneracion-del-derecho-a-la-vivienda-en-el-mundo\/#primaryimage\"},\"image\":{\"@id\":\"https:\/\/www.mpppst.gob.ve\/mpppstweb\/index.php\/2017\/03\/02\/onu-advierte-sobre-vulneracion-del-derecho-a-la-vivienda-en-el-mundo\/#primaryimage\"},\"thumbnailUrl\":\"https:\/\/www.mpppst.gob.ve\/mpppstweb\/wp-content\/uploads\/2017\/03\/desahucio_guadalcanal5_2102010dsc_009213678717672.jpg\",\"datePublished\":\"2017-03-02T14:17:47+00:00\",\"dateModified\":\"2017-03-02T14:17:47+00:00\",\"breadcrumb\":{\"@id\":\"https:\/\/www.mpppst.gob.ve\/mpppstweb\/index.php\/2017\/03\/02\/onu-advierte-sobre-vulneracion-del-derecho-a-la-vivienda-en-el-mundo\/#breadcrumb\"},\"inLanguage\":\"es\",\"potentialAction\":[{\"@type\":\"ReadAction\",\"target\":[\"https:\/\/www.mpppst.gob.ve\/mpppstweb\/index.php\/2017\/03\/02\/onu-advierte-sobre-vulneracion-del-derecho-a-la-vivienda-en-el-mundo\/\"]}]},{\"@type\":\"ImageObject\",\"inLanguage\":\"es\",\"@id\":\"https:\/\/www.mpppst.gob.ve\/mpppstweb\/index.php\/2017\/03\/02\/onu-advierte-sobre-vulneracion-del-derecho-a-la-vivienda-en-el-mundo\/#primaryimage\",\"url\":\"https:\/\/www.mpppst.gob.ve\/mpppstweb\/wp-content\/uploads\/2017\/03\/desahucio_guadalcanal5_2102010dsc_009213678717672.jpg\",\"contentUrl\":\"https:\/\/www.mpppst.gob.ve\/mpppstweb\/wp-content\/uploads\/2017\/03\/desahucio_guadalcanal5_2102010dsc_009213678717672.jpg\",\"width\":800,\"height\":445},{\"@type\":\"BreadcrumbList\",\"@id\":\"https:\/\/www.mpppst.gob.ve\/mpppstweb\/index.php\/2017\/03\/02\/onu-advierte-sobre-vulneracion-del-derecho-a-la-vivienda-en-el-mundo\/#breadcrumb\",\"itemListElement\":[{\"@type\":\"ListItem\",\"position\":1,\"name\":\"Home\",\"item\":\"https:\/\/www.mpppst.gob.ve\/mpppstweb\/\"},{\"@type\":\"ListItem\",\"position\":2,\"name\":\"ONU advierte sobre vulneraci\u00f3n del derecho a la vivienda en el mundo\"}]},{\"@type\":\"WebSite\",\"@id\":\"https:\/\/www.mpppst.gob.ve\/mpppstweb\/#website\",\"url\":\"https:\/\/www.mpppst.gob.ve\/mpppstweb\/\",\"name\":\"MPPPST\",\"description\":\"Ministerio del Poder Popular para el Proceso Social de Trabajo\",\"publisher\":{\"@id\":\"https:\/\/www.mpppst.gob.ve\/mpppstweb\/#organization\"},\"potentialAction\":[{\"@type\":\"SearchAction\",\"target\":{\"@type\":\"EntryPoint\",\"urlTemplate\":\"https:\/\/www.mpppst.gob.ve\/mpppstweb\/?s={search_term_string}\"},\"query-input\":\"required name=search_term_string\"}],\"inLanguage\":\"es\"},{\"@type\":\"Organization\",\"@id\":\"https:\/\/www.mpppst.gob.ve\/mpppstweb\/#organization\",\"name\":\"mpppst\",\"url\":\"https:\/\/www.mpppst.gob.ve\/mpppstweb\/\",\"logo\":{\"@type\":\"ImageObject\",\"inLanguage\":\"es\",\"@id\":\"https:\/\/www.mpppst.gob.ve\/mpppstweb\/#\/schema\/logo\/image\/\",\"url\":\"https:\/\/www.mpppst.gob.ve\/mpppstweb\/wp-content\/uploads\/2025\/07\/cropped-cropped-g910.png\",\"contentUrl\":\"https:\/\/www.mpppst.gob.ve\/mpppstweb\/wp-content\/uploads\/2025\/07\/cropped-cropped-g910.png\",\"width\":1080,\"height\":241,\"caption\":\"mpppst\"},\"image\":{\"@id\":\"https:\/\/www.mpppst.gob.ve\/mpppstweb\/#\/schema\/logo\/image\/\"}},{\"@type\":\"Person\",\"@id\":\"https:\/\/www.mpppst.gob.ve\/mpppstweb\/#\/schema\/person\/fc187ee8ead412bd4c9304b62f900ea4\",\"name\":\"MPPPST Prensa\",\"url\":\"https:\/\/www.mpppst.gob.ve\/mpppstweb\/index.php\/author\/prensa-mpppst\/\"}]}<\/script>\n<!-- \/ Yoast SEO plugin. -->","yoast_head_json":{"title":"ONU advierte sobre vulneraci\u00f3n del derecho a la vivienda en el mundo - MPPPST","robots":{"index":"index","follow":"follow","max-snippet":"max-snippet:-1","max-image-preview":"max-image-preview:large","max-video-preview":"max-video-preview:-1"},"canonical":"https:\/\/www.mpppst.gob.ve\/mpppstweb\/index.php\/2017\/03\/02\/onu-advierte-sobre-vulneracion-del-derecho-a-la-vivienda-en-el-mundo\/","og_locale":"es_ES","og_type":"article","og_title":"ONU advierte sobre vulneraci\u00f3n del derecho a la vivienda en el mundo - MPPPST","og_description":"La relatora especial sobre la vivienda adecuada de la Organizaci\u00f3n de Naciones Unidas (ONU), Leilani Farah, &hellip; ONU advierte sobre vulneraci\u00f3n del derecho a la vivienda en el mundoRead more","og_url":"https:\/\/www.mpppst.gob.ve\/mpppstweb\/index.php\/2017\/03\/02\/onu-advierte-sobre-vulneracion-del-derecho-a-la-vivienda-en-el-mundo\/","og_site_name":"MPPPST","article_published_time":"2017-03-02T14:17:47+00:00","og_image":[{"width":800,"height":445,"url":"https:\/\/www.mpppst.gob.ve\/mpppstweb\/wp-content\/uploads\/2017\/03\/desahucio_guadalcanal5_2102010dsc_009213678717672.jpg","type":"image\/jpeg"}],"author":"MPPPST Prensa","twitter_card":"summary_large_image","twitter_misc":{"Escrito por":"MPPPST Prensa","Tiempo de lectura":"2 minutos"},"schema":{"@context":"https:\/\/schema.org","@graph":[{"@type":"Article","@id":"https:\/\/www.mpppst.gob.ve\/mpppstweb\/index.php\/2017\/03\/02\/onu-advierte-sobre-vulneracion-del-derecho-a-la-vivienda-en-el-mundo\/#article","isPartOf":{"@id":"https:\/\/www.mpppst.gob.ve\/mpppstweb\/index.php\/2017\/03\/02\/onu-advierte-sobre-vulneracion-del-derecho-a-la-vivienda-en-el-mundo\/"},"author":{"name":"MPPPST Prensa","@id":"https:\/\/www.mpppst.gob.ve\/mpppstweb\/#\/schema\/person\/fc187ee8ead412bd4c9304b62f900ea4"},"headline":"ONU advierte sobre vulneraci\u00f3n del derecho a la vivienda en el mundo","datePublished":"2017-03-02T14:17:47+00:00","dateModified":"2017-03-02T14:17:47+00:00","mainEntityOfPage":{"@id":"https:\/\/www.mpppst.gob.ve\/mpppstweb\/index.php\/2017\/03\/02\/onu-advierte-sobre-vulneracion-del-derecho-a-la-vivienda-en-el-mundo\/"},"wordCount":490,"publisher":{"@id":"https:\/\/www.mpppst.gob.ve\/mpppstweb\/#organization"},"image":{"@id":"https:\/\/www.mpppst.gob.ve\/mpppstweb\/index.php\/2017\/03\/02\/onu-advierte-sobre-vulneracion-del-derecho-a-la-vivienda-en-el-mundo\/#primaryimage"},"thumbnailUrl":"https:\/\/www.mpppst.gob.ve\/mpppstweb\/wp-content\/uploads\/2017\/03\/desahucio_guadalcanal5_2102010dsc_009213678717672.jpg","keywords":["internacionales","ONU"],"articleSection":["Procesos y organismo internacionales"],"inLanguage":"es"},{"@type":"WebPage","@id":"https:\/\/www.mpppst.gob.ve\/mpppstweb\/index.php\/2017\/03\/02\/onu-advierte-sobre-vulneracion-del-derecho-a-la-vivienda-en-el-mundo\/","url":"https:\/\/www.mpppst.gob.ve\/mpppstweb\/index.php\/2017\/03\/02\/onu-advierte-sobre-vulneracion-del-derecho-a-la-vivienda-en-el-mundo\/","name":"ONU advierte sobre vulneraci\u00f3n del derecho a la vivienda en el mundo - MPPPST","isPartOf":{"@id":"https:\/\/www.mpppst.gob.ve\/mpppstweb\/#website"},"primaryImageOfPage":{"@id":"https:\/\/www.mpppst.gob.ve\/mpppstweb\/index.php\/2017\/03\/02\/onu-advierte-sobre-vulneracion-del-derecho-a-la-vivienda-en-el-mundo\/#primaryimage"},"image":{"@id":"https:\/\/www.mpppst.gob.ve\/mpppstweb\/index.php\/2017\/03\/02\/onu-advierte-sobre-vulneracion-del-derecho-a-la-vivienda-en-el-mundo\/#primaryimage"},"thumbnailUrl":"https:\/\/www.mpppst.gob.ve\/mpppstweb\/wp-content\/uploads\/2017\/03\/desahucio_guadalcanal5_2102010dsc_009213678717672.jpg","datePublished":"2017-03-02T14:17:47+00:00","dateModified":"2017-03-02T14:17:47+00:00","breadcrumb":{"@id":"https:\/\/www.mpppst.gob.ve\/mpppstweb\/index.php\/2017\/03\/02\/onu-advierte-sobre-vulneracion-del-derecho-a-la-vivienda-en-el-mundo\/#breadcrumb"},"inLanguage":"es","potentialAction":[{"@type":"ReadAction","target":["https:\/\/www.mpppst.gob.ve\/mpppstweb\/index.php\/2017\/03\/02\/onu-advierte-sobre-vulneracion-del-derecho-a-la-vivienda-en-el-mundo\/"]}]},{"@type":"ImageObject","inLanguage":"es","@id":"https:\/\/www.mpppst.gob.ve\/mpppstweb\/index.php\/2017\/03\/02\/onu-advierte-sobre-vulneracion-del-derecho-a-la-vivienda-en-el-mundo\/#primaryimage","url":"https:\/\/www.mpppst.gob.ve\/mpppstweb\/wp-content\/uploads\/2017\/03\/desahucio_guadalcanal5_2102010dsc_009213678717672.jpg","contentUrl":"https:\/\/www.mpppst.gob.ve\/mpppstweb\/wp-content\/uploads\/2017\/03\/desahucio_guadalcanal5_2102010dsc_009213678717672.jpg","width":800,"height":445},{"@type":"BreadcrumbList","@id":"https:\/\/www.mpppst.gob.ve\/mpppstweb\/index.php\/2017\/03\/02\/onu-advierte-sobre-vulneracion-del-derecho-a-la-vivienda-en-el-mundo\/#breadcrumb","itemListElement":[{"@type":"ListItem","position":1,"name":"Home","item":"https:\/\/www.mpppst.gob.ve\/mpppstweb\/"},{"@type":"ListItem","position":2,"name":"ONU advierte sobre vulneraci\u00f3n del derecho a la vivienda en el mundo"}]},{"@type":"WebSite","@id":"https:\/\/www.mpppst.gob.ve\/mpppstweb\/#website","url":"https:\/\/www.mpppst.gob.ve\/mpppstweb\/","name":"MPPPST","description":"Ministerio del Poder Popular para el Proceso Social de Trabajo","publisher":{"@id":"https:\/\/www.mpppst.gob.ve\/mpppstweb\/#organization"},"potentialAction":[{"@type":"SearchAction","target":{"@type":"EntryPoint","urlTemplate":"https:\/\/www.mpppst.gob.ve\/mpppstweb\/?s={search_term_string}"},"query-input":"required name=search_term_string"}],"inLanguage":"es"},{"@type":"Organization","@id":"https:\/\/www.mpppst.gob.ve\/mpppstweb\/#organization","name":"mpppst","url":"https:\/\/www.mpppst.gob.ve\/mpppstweb\/","logo":{"@type":"ImageObject","inLanguage":"es","@id":"https:\/\/www.mpppst.gob.ve\/mpppstweb\/#\/schema\/logo\/image\/","url":"https:\/\/www.mpppst.gob.ve\/mpppstweb\/wp-content\/uploads\/2025\/07\/cropped-cropped-g910.png","contentUrl":"https:\/\/www.mpppst.gob.ve\/mpppstweb\/wp-content\/uploads\/2025\/07\/cropped-cropped-g910.png","width":1080,"height":241,"caption":"mpppst"},"image":{"@id":"https:\/\/www.mpppst.gob.ve\/mpppstweb\/#\/schema\/logo\/image\/"}},{"@type":"Person","@id":"https:\/\/www.mpppst.gob.ve\/mpppstweb\/#\/schema\/person\/fc187ee8ead412bd4c9304b62f900ea4","name":"MPPPST Prensa","url":"https:\/\/www.mpppst.gob.ve\/mpppstweb\/index.php\/author\/prensa-mpppst\/"}]}},"_links":{"self":[{"href":"https:\/\/www.mpppst.gob.ve\/mpppstweb\/index.php\/wp-json\/wp\/v2\/posts\/10734"}],"collection":[{"href":"https:\/\/www.mpppst.gob.ve\/mpppstweb\/index.php\/wp-json\/wp\/v2\/posts"}],"about":[{"href":"https:\/\/www.mpppst.gob.ve\/mpppstweb\/index.php\/wp-json\/wp\/v2\/types\/post"}],"author":[{"embeddable":true,"href":"https:\/\/www.mpppst.gob.ve\/mpppstweb\/index.php\/wp-json\/wp\/v2\/users\/25"}],"replies":[{"embeddable":true,"href":"https:\/\/www.mpppst.gob.ve\/mpppstweb\/index.php\/wp-json\/wp\/v2\/comments?post=10734"}],"version-history":[{"count":1,"href":"https:\/\/www.mpppst.gob.ve\/mpppstweb\/index.php\/wp-json\/wp\/v2\/posts\/10734\/revisions"}],"predecessor-version":[{"id":10736,"href":"https:\/\/www.mpppst.gob.ve\/mpppstweb\/index.php\/wp-json\/wp\/v2\/posts\/10734\/revisions\/10736"}],"wp:featuredmedia":[{"embeddable":true,"href":"https:\/\/www.mpppst.gob.ve\/mpppstweb\/index.php\/wp-json\/wp\/v2\/media\/10735"}],"wp:attachment":[{"href":"https:\/\/www.mpppst.gob.ve\/mpppstweb\/index.php\/wp-json\/wp\/v2\/media?parent=10734"}],"wp:term":[{"taxonomy":"category","embeddable":true,"href":"https:\/\/www.mpppst.gob.ve\/mpppstweb\/index.php\/wp-json\/wp\/v2\/categories?post=10734"},{"taxonomy":"post_tag","embeddable":true,"href":"https:\/\/www.mpppst.gob.ve\/mpppstweb\/index.php\/wp-json\/wp\/v2\/tags?post=10734"}],"curies":[{"name":"wp","href":"https:\/\/api.w.org\/{rel}","templated":true}]}}