{"id":10737,"date":"2017-03-02T15:01:34","date_gmt":"2017-03-02T15:01:34","guid":{"rendered":"http:\/\/www.mpppst.gob.ve\/mpppstweb\/?p=10737"},"modified":"2017-03-02T15:03:46","modified_gmt":"2017-03-02T15:03:46","slug":"presidente-maduro-alerto-sobre-surgimiento-de-peligrosas-corrientes-segregacionistas","status":"publish","type":"post","link":"https:\/\/www.mpppst.gob.ve\/mpppstweb\/index.php\/2017\/03\/02\/presidente-maduro-alerto-sobre-surgimiento-de-peligrosas-corrientes-segregacionistas\/","title":{"rendered":"Presidente Maduro alert\u00f3 sobre surgimiento de peligrosas corrientes segregacionistas"},"content":{"rendered":"<p>\u201cDesde Venezuela le decimos a los extremistas del norte: aqu\u00ed est\u00e1n los pueblos de los libertadores y defenderemos nuestra identidad y nuestro derecho a vivir en paz, con dignidad, respeto. No somos esclavos de nadie, no somos menos que nadie, no nos creemos m\u00e1s que nadie\u201d, denunci\u00f3 el presidente Nicol\u00e1s Maduro Moros.<\/p>\n<p>\u201cHago un alerta al mundo entero ante el surgimiento de peligrosas corrientes segregacionistas, racistas y xen\u00f3fobas que amenazan con agredir a los pueblos del mundo, con dividir m\u00e1s a la humanidad y llenar de guerras al mundo entero\u201d, alert\u00f3 desde Cuman\u00e1, donde inaugur\u00f3 un CEAC (Centro de Empaquetado de Alimentos para los Comit\u00e9s Locales de Abastecimiento y Producci\u00f3n \u2013CLAP-).<\/p>\n<p>El Jefe de Estado mostr\u00f3 su preocupaci\u00f3n por el surgimiento de supremacistas blancos de la extrema derecha de pa\u00edses desarrollados que pretenden imponer su visi\u00f3n del mundo en desmedro de las mayor\u00edas.<\/p>\n<p>Refiri\u00f3 la entrevista a un personaje con poder en EEUU, Jared Taylor, por parte de un periodista de origen latino que trabaja y vive en ese pa\u00eds, Jorge Ramos, de la empresa comunicacional Univisi\u00f3n, casado con una venezolana.<\/p>\n<p>\u201cYo la vi y qued\u00e9 asombrado\u2026\u201d, coment\u00f3 Maduro, alertando sobre el grave peligro que se cierne sobre el planeta. \u201cC\u00f3mo resurgen las corrientes xen\u00f3fobas, fascistas, antilatinoamericanas, antipueblos del sur\u201d, agreg\u00f3.<\/p>\n<p>Aunque no conoce al personaje, el Presidente Maduro alert\u00f3 que la entrevista es fiel reflejo de algunos poderosos sectores de raza blanca que en verdad creen que son superiores a todos los pueblos del mundo, que son m\u00e1s inteligentes e importantes. Incluso, abiertamente el entrevistado habla de la necesidad del nuevo gobierno de Trump de no dejarse arrebatar su pa\u00eds por los extranjeros, inmigrantes, negros, asi\u00e1ticos o cualquier persona que no sea \u201csu gente\u201d.<\/p>\n<p>\u201cAs\u00ed empez\u00f3 Hitler, y los fascistas que llenaron de violencia y guerra. Es una banda de extremistas que est\u00e1n tomando el poder de los m\u00e1s importantes pa\u00edses del mundo llamado desarrollado\u201d, denunci\u00f3.<\/p>\n<p>\u201c\u00bfY nosotros nos vamos a dejar arrasar por ellos? \u00bfNos vamos a dejar someter por ellos?\u201d, plante\u00f3, respondiendo enseguida que no.<\/p>\n<p>\u201cHa surgido una corriente facistoide, extremista de derecha, que cree, cual Hitler, la supremac\u00eda blanca, de la raza europea blanca sobre el resto de los pueblos del mundo. Es preocupante. Cuando los pueblos del mundo debemos marchar hacia un di\u00e1logo de culturas, de civilizaciones, de religiones, proceso de mestizaje, de encuentro de razas, religi\u00f3n y de historia\u201d, expres\u00f3.<\/p>\n<p>Record\u00f3 que por eso Venezuela ha lanzado el pasado lunes en la sede del Consejo de Derechos Humanos de la ONU, y a trav\u00e9s de la presidencia prot\u00e9mpore del Movimiento No Alienados (MNOAL) el plan Mundial para el gran di\u00e1logo de cultura, di\u00e1logo de civilizaciones y religiones.<\/p>\n<p>Pidi\u00f3 al ministro de Comunicaci\u00f3n e Informaci\u00f3n, Ernesto Villegas, hacer una evaluaci\u00f3n de esta entrevista para pasarla en transmisi\u00f3n nacional de radio y televisi\u00f3n en Venezuela, con el prop\u00f3sito de que los venezolanos sepan a lo que el mundo se est\u00e1 enfrentando.<\/p>\n<p>\u201cLa entrevista es larga pero voy a buscar el momento apropiado para que Venezuela vea las amenazas a los que nos enfrentamos\u201d, puntualiz\u00f3, pidiendo al pueblo venezolano trabajar y defender la uni\u00f3n lograda para seguir haciendo Revoluci\u00f3n. \u201cY defender nuestro derecho a la dignidad, a nuestro derecho a existir\u201d.<\/p>\n<p>YVKE Mundial<\/p>\n","protected":false},"excerpt":{"rendered":"<p>\u201cDesde Venezuela le decimos a los extremistas del norte: aqu\u00ed est\u00e1n los pueblos de los libertadores &hellip; <a title=\"Presidente Maduro alert\u00f3 sobre surgimiento de peligrosas corrientes segregacionistas\" class=\"hm-read-more\" href=\"https:\/\/www.mpppst.gob.ve\/mpppstweb\/index.php\/2017\/03\/02\/presidente-maduro-alerto-sobre-surgimiento-de-peligrosas-corrientes-segregacionistas\/\"><span class=\"screen-reader-text\">Presidente Maduro alert\u00f3 sobre surgimiento de peligrosas corrientes segregacionistas<\/span>Read more<\/a><\/p>\n","protected":false},"author":25,"featured_media":10738,"comment_status":"closed","ping_status":"closed","sticky":false,"template":"","format":"standard","meta":{"footnotes":""},"categories":[82,260,166],"tags":[229,245],"yoast_head":"<!-- This site is optimized with the Yoast SEO plugin v22.5 - https:\/\/yoast.com\/wordpress\/plugins\/seo\/ -->\n<title>Presidente Maduro alert\u00f3 sobre surgimiento de peligrosas corrientes segregacionistas - MPPPST<\/title>\n<meta name=\"robots\" content=\"index, follow, max-snippet:-1, max-image-preview:large, max-video-preview:-1\" \/>\n<link rel=\"canonical\" href=\"https:\/\/www.mpppst.gob.ve\/mpppstweb\/index.php\/2017\/03\/02\/presidente-maduro-alerto-sobre-surgimiento-de-peligrosas-corrientes-segregacionistas\/\" \/>\n<meta property=\"og:locale\" content=\"es_ES\" \/>\n<meta property=\"og:type\" content=\"article\" \/>\n<meta property=\"og:title\" content=\"Presidente Maduro alert\u00f3 sobre surgimiento de peligrosas corrientes segregacionistas - MPPPST\" \/>\n<meta property=\"og:description\" content=\"\u201cDesde Venezuela le decimos a los extremistas del norte: aqu\u00ed est\u00e1n los pueblos de los libertadores &hellip; Presidente Maduro alert\u00f3 sobre surgimiento de peligrosas corrientes segregacionistasRead more\" \/>\n<meta property=\"og:url\" content=\"https:\/\/www.mpppst.gob.ve\/mpppstweb\/index.php\/2017\/03\/02\/presidente-maduro-alerto-sobre-surgimiento-de-peligrosas-corrientes-segregacionistas\/\" \/>\n<meta property=\"og:site_name\" content=\"MPPPST\" \/>\n<meta property=\"article:published_time\" content=\"2017-03-02T15:01:34+00:00\" \/>\n<meta property=\"article:modified_time\" content=\"2017-03-02T15:03:46+00:00\" \/>\n<meta property=\"og:image\" content=\"https:\/\/www.mpppst.gob.ve\/mpppstweb\/wp-content\/uploads\/2017\/03\/presidente-990x460.jpg\" \/>\n\t<meta property=\"og:image:width\" content=\"800\" \/>\n\t<meta property=\"og:image:height\" content=\"445\" \/>\n\t<meta property=\"og:image:type\" content=\"image\/jpeg\" \/>\n<meta name=\"author\" content=\"MPPPST Prensa\" \/>\n<meta name=\"twitter:card\" content=\"summary_large_image\" \/>\n<meta name=\"twitter:label1\" content=\"Escrito por\" \/>\n\t<meta name=\"twitter:data1\" content=\"MPPPST Prensa\" \/>\n\t<meta name=\"twitter:label2\" content=\"Tiempo de lectura\" \/>\n\t<meta name=\"twitter:data2\" content=\"3 minutos\" \/>\n<script type=\"application\/ld+json\" class=\"yoast-schema-graph\">{\"@context\":\"https:\/\/schema.org\",\"@graph\":[{\"@type\":\"Article\",\"@id\":\"https:\/\/www.mpppst.gob.ve\/mpppstweb\/index.php\/2017\/03\/02\/presidente-maduro-alerto-sobre-surgimiento-de-peligrosas-corrientes-segregacionistas\/#article\",\"isPartOf\":{\"@id\":\"https:\/\/www.mpppst.gob.ve\/mpppstweb\/index.php\/2017\/03\/02\/presidente-maduro-alerto-sobre-surgimiento-de-peligrosas-corrientes-segregacionistas\/\"},\"author\":{\"name\":\"MPPPST Prensa\",\"@id\":\"https:\/\/www.mpppst.gob.ve\/mpppstweb\/#\/schema\/person\/fc187ee8ead412bd4c9304b62f900ea4\"},\"headline\":\"Presidente Maduro alert\u00f3 sobre surgimiento de peligrosas corrientes segregacionistas\",\"datePublished\":\"2017-03-02T15:01:34+00:00\",\"dateModified\":\"2017-03-02T15:03:46+00:00\",\"mainEntityOfPage\":{\"@id\":\"https:\/\/www.mpppst.gob.ve\/mpppstweb\/index.php\/2017\/03\/02\/presidente-maduro-alerto-sobre-surgimiento-de-peligrosas-corrientes-segregacionistas\/\"},\"wordCount\":581,\"publisher\":{\"@id\":\"https:\/\/www.mpppst.gob.ve\/mpppstweb\/#organization\"},\"image\":{\"@id\":\"https:\/\/www.mpppst.gob.ve\/mpppstweb\/index.php\/2017\/03\/02\/presidente-maduro-alerto-sobre-surgimiento-de-peligrosas-corrientes-segregacionistas\/#primaryimage\"},\"thumbnailUrl\":\"https:\/\/www.mpppst.gob.ve\/mpppstweb\/wp-content\/uploads\/2017\/03\/presidente-990x460.jpg\",\"keywords\":[\"Defensa Integral\",\"internacionales\"],\"articleSection\":[\"Gobierno Nacional\",\"Internacionales\",\"Venezuela y el Mundo\"],\"inLanguage\":\"es\"},{\"@type\":\"WebPage\",\"@id\":\"https:\/\/www.mpppst.gob.ve\/mpppstweb\/index.php\/2017\/03\/02\/presidente-maduro-alerto-sobre-surgimiento-de-peligrosas-corrientes-segregacionistas\/\",\"url\":\"https:\/\/www.mpppst.gob.ve\/mpppstweb\/index.php\/2017\/03\/02\/presidente-maduro-alerto-sobre-surgimiento-de-peligrosas-corrientes-segregacionistas\/\",\"name\":\"Presidente Maduro alert\u00f3 sobre surgimiento de peligrosas corrientes segregacionistas - MPPPST\",\"isPartOf\":{\"@id\":\"https:\/\/www.mpppst.gob.ve\/mpppstweb\/#website\"},\"primaryImageOfPage\":{\"@id\":\"https:\/\/www.mpppst.gob.ve\/mpppstweb\/index.php\/2017\/03\/02\/presidente-maduro-alerto-sobre-surgimiento-de-peligrosas-corrientes-segregacionistas\/#primaryimage\"},\"image\":{\"@id\":\"https:\/\/www.mpppst.gob.ve\/mpppstweb\/index.php\/2017\/03\/02\/presidente-maduro-alerto-sobre-surgimiento-de-peligrosas-corrientes-segregacionistas\/#primaryimage\"},\"thumbnailUrl\":\"https:\/\/www.mpppst.gob.ve\/mpppstweb\/wp-content\/uploads\/2017\/03\/presidente-990x460.jpg\",\"datePublished\":\"2017-03-02T15:01:34+00:00\",\"dateModified\":\"2017-03-02T15:03:46+00:00\",\"breadcrumb\":{\"@id\":\"https:\/\/www.mpppst.gob.ve\/mpppstweb\/index.php\/2017\/03\/02\/presidente-maduro-alerto-sobre-surgimiento-de-peligrosas-corrientes-segregacionistas\/#breadcrumb\"},\"inLanguage\":\"es\",\"potentialAction\":[{\"@type\":\"ReadAction\",\"target\":[\"https:\/\/www.mpppst.gob.ve\/mpppstweb\/index.php\/2017\/03\/02\/presidente-maduro-alerto-sobre-surgimiento-de-peligrosas-corrientes-segregacionistas\/\"]}]},{\"@type\":\"ImageObject\",\"inLanguage\":\"es\",\"@id\":\"https:\/\/www.mpppst.gob.ve\/mpppstweb\/index.php\/2017\/03\/02\/presidente-maduro-alerto-sobre-surgimiento-de-peligrosas-corrientes-segregacionistas\/#primaryimage\",\"url\":\"https:\/\/www.mpppst.gob.ve\/mpppstweb\/wp-content\/uploads\/2017\/03\/presidente-990x460.jpg\",\"contentUrl\":\"https:\/\/www.mpppst.gob.ve\/mpppstweb\/wp-content\/uploads\/2017\/03\/presidente-990x460.jpg\",\"width\":800,\"height\":445},{\"@type\":\"BreadcrumbList\",\"@id\":\"https:\/\/www.mpppst.gob.ve\/mpppstweb\/index.php\/2017\/03\/02\/presidente-maduro-alerto-sobre-surgimiento-de-peligrosas-corrientes-segregacionistas\/#breadcrumb\",\"itemListElement\":[{\"@type\":\"ListItem\",\"position\":1,\"name\":\"Home\",\"item\":\"https:\/\/www.mpppst.gob.ve\/mpppstweb\/\"},{\"@type\":\"ListItem\",\"position\":2,\"name\":\"Presidente Maduro alert\u00f3 sobre surgimiento de peligrosas corrientes segregacionistas\"}]},{\"@type\":\"WebSite\",\"@id\":\"https:\/\/www.mpppst.gob.ve\/mpppstweb\/#website\",\"url\":\"https:\/\/www.mpppst.gob.ve\/mpppstweb\/\",\"name\":\"MPPPST\",\"description\":\"Ministerio del Poder Popular para el Proceso Social de Trabajo\",\"publisher\":{\"@id\":\"https:\/\/www.mpppst.gob.ve\/mpppstweb\/#organization\"},\"potentialAction\":[{\"@type\":\"SearchAction\",\"target\":{\"@type\":\"EntryPoint\",\"urlTemplate\":\"https:\/\/www.mpppst.gob.ve\/mpppstweb\/?s={search_term_string}\"},\"query-input\":\"required name=search_term_string\"}],\"inLanguage\":\"es\"},{\"@type\":\"Organization\",\"@id\":\"https:\/\/www.mpppst.gob.ve\/mpppstweb\/#organization\",\"name\":\"mpppst\",\"url\":\"https:\/\/www.mpppst.gob.ve\/mpppstweb\/\",\"logo\":{\"@type\":\"ImageObject\",\"inLanguage\":\"es\",\"@id\":\"https:\/\/www.mpppst.gob.ve\/mpppstweb\/#\/schema\/logo\/image\/\",\"url\":\"https:\/\/www.mpppst.gob.ve\/mpppstweb\/wp-content\/uploads\/2025\/07\/cropped-cropped-g910.png\",\"contentUrl\":\"https:\/\/www.mpppst.gob.ve\/mpppstweb\/wp-content\/uploads\/2025\/07\/cropped-cropped-g910.png\",\"width\":1080,\"height\":241,\"caption\":\"mpppst\"},\"image\":{\"@id\":\"https:\/\/www.mpppst.gob.ve\/mpppstweb\/#\/schema\/logo\/image\/\"}},{\"@type\":\"Person\",\"@id\":\"https:\/\/www.mpppst.gob.ve\/mpppstweb\/#\/schema\/person\/fc187ee8ead412bd4c9304b62f900ea4\",\"name\":\"MPPPST Prensa\",\"url\":\"https:\/\/www.mpppst.gob.ve\/mpppstweb\/index.php\/author\/prensa-mpppst\/\"}]}<\/script>\n<!-- \/ Yoast SEO plugin. -->","yoast_head_json":{"title":"Presidente Maduro alert\u00f3 sobre surgimiento de peligrosas corrientes segregacionistas - MPPPST","robots":{"index":"index","follow":"follow","max-snippet":"max-snippet:-1","max-image-preview":"max-image-preview:large","max-video-preview":"max-video-preview:-1"},"canonical":"https:\/\/www.mpppst.gob.ve\/mpppstweb\/index.php\/2017\/03\/02\/presidente-maduro-alerto-sobre-surgimiento-de-peligrosas-corrientes-segregacionistas\/","og_locale":"es_ES","og_type":"article","og_title":"Presidente Maduro alert\u00f3 sobre surgimiento de peligrosas corrientes segregacionistas - MPPPST","og_description":"\u201cDesde Venezuela le decimos a los extremistas del norte: aqu\u00ed est\u00e1n los pueblos de los libertadores &hellip; Presidente Maduro alert\u00f3 sobre surgimiento de peligrosas corrientes segregacionistasRead more","og_url":"https:\/\/www.mpppst.gob.ve\/mpppstweb\/index.php\/2017\/03\/02\/presidente-maduro-alerto-sobre-surgimiento-de-peligrosas-corrientes-segregacionistas\/","og_site_name":"MPPPST","article_published_time":"2017-03-02T15:01:34+00:00","article_modified_time":"2017-03-02T15:03:46+00:00","og_image":[{"width":800,"height":445,"url":"https:\/\/www.mpppst.gob.ve\/mpppstweb\/wp-content\/uploads\/2017\/03\/presidente-990x460.jpg","type":"image\/jpeg"}],"author":"MPPPST Prensa","twitter_card":"summary_large_image","twitter_misc":{"Escrito por":"MPPPST Prensa","Tiempo de lectura":"3 minutos"},"schema":{"@context":"https:\/\/schema.org","@graph":[{"@type":"Article","@id":"https:\/\/www.mpppst.gob.ve\/mpppstweb\/index.php\/2017\/03\/02\/presidente-maduro-alerto-sobre-surgimiento-de-peligrosas-corrientes-segregacionistas\/#article","isPartOf":{"@id":"https:\/\/www.mpppst.gob.ve\/mpppstweb\/index.php\/2017\/03\/02\/presidente-maduro-alerto-sobre-surgimiento-de-peligrosas-corrientes-segregacionistas\/"},"author":{"name":"MPPPST Prensa","@id":"https:\/\/www.mpppst.gob.ve\/mpppstweb\/#\/schema\/person\/fc187ee8ead412bd4c9304b62f900ea4"},"headline":"Presidente Maduro alert\u00f3 sobre surgimiento de peligrosas corrientes segregacionistas","datePublished":"2017-03-02T15:01:34+00:00","dateModified":"2017-03-02T15:03:46+00:00","mainEntityOfPage":{"@id":"https:\/\/www.mpppst.gob.ve\/mpppstweb\/index.php\/2017\/03\/02\/presidente-maduro-alerto-sobre-surgimiento-de-peligrosas-corrientes-segregacionistas\/"},"wordCount":581,"publisher":{"@id":"https:\/\/www.mpppst.gob.ve\/mpppstweb\/#organization"},"image":{"@id":"https:\/\/www.mpppst.gob.ve\/mpppstweb\/index.php\/2017\/03\/02\/presidente-maduro-alerto-sobre-surgimiento-de-peligrosas-corrientes-segregacionistas\/#primaryimage"},"thumbnailUrl":"https:\/\/www.mpppst.gob.ve\/mpppstweb\/wp-content\/uploads\/2017\/03\/presidente-990x460.jpg","keywords":["Defensa Integral","internacionales"],"articleSection":["Gobierno Nacional","Internacionales","Venezuela y el Mundo"],"inLanguage":"es"},{"@type":"WebPage","@id":"https:\/\/www.mpppst.gob.ve\/mpppstweb\/index.php\/2017\/03\/02\/presidente-maduro-alerto-sobre-surgimiento-de-peligrosas-corrientes-segregacionistas\/","url":"https:\/\/www.mpppst.gob.ve\/mpppstweb\/index.php\/2017\/03\/02\/presidente-maduro-alerto-sobre-surgimiento-de-peligrosas-corrientes-segregacionistas\/","name":"Presidente Maduro alert\u00f3 sobre surgimiento de peligrosas corrientes segregacionistas - MPPPST","isPartOf":{"@id":"https:\/\/www.mpppst.gob.ve\/mpppstweb\/#website"},"primaryImageOfPage":{"@id":"https:\/\/www.mpppst.gob.ve\/mpppstweb\/index.php\/2017\/03\/02\/presidente-maduro-alerto-sobre-surgimiento-de-peligrosas-corrientes-segregacionistas\/#primaryimage"},"image":{"@id":"https:\/\/www.mpppst.gob.ve\/mpppstweb\/index.php\/2017\/03\/02\/presidente-maduro-alerto-sobre-surgimiento-de-peligrosas-corrientes-segregacionistas\/#primaryimage"},"thumbnailUrl":"https:\/\/www.mpppst.gob.ve\/mpppstweb\/wp-content\/uploads\/2017\/03\/presidente-990x460.jpg","datePublished":"2017-03-02T15:01:34+00:00","dateModified":"2017-03-02T15:03:46+00:00","breadcrumb":{"@id":"https:\/\/www.mpppst.gob.ve\/mpppstweb\/index.php\/2017\/03\/02\/presidente-maduro-alerto-sobre-surgimiento-de-peligrosas-corrientes-segregacionistas\/#breadcrumb"},"inLanguage":"es","potentialAction":[{"@type":"ReadAction","target":["https:\/\/www.mpppst.gob.ve\/mpppstweb\/index.php\/2017\/03\/02\/presidente-maduro-alerto-sobre-surgimiento-de-peligrosas-corrientes-segregacionistas\/"]}]},{"@type":"ImageObject","inLanguage":"es","@id":"https:\/\/www.mpppst.gob.ve\/mpppstweb\/index.php\/2017\/03\/02\/presidente-maduro-alerto-sobre-surgimiento-de-peligrosas-corrientes-segregacionistas\/#primaryimage","url":"https:\/\/www.mpppst.gob.ve\/mpppstweb\/wp-content\/uploads\/2017\/03\/presidente-990x460.jpg","contentUrl":"https:\/\/www.mpppst.gob.ve\/mpppstweb\/wp-content\/uploads\/2017\/03\/presidente-990x460.jpg","width":800,"height":445},{"@type":"BreadcrumbList","@id":"https:\/\/www.mpppst.gob.ve\/mpppstweb\/index.php\/2017\/03\/02\/presidente-maduro-alerto-sobre-surgimiento-de-peligrosas-corrientes-segregacionistas\/#breadcrumb","itemListElement":[{"@type":"ListItem","position":1,"name":"Home","item":"https:\/\/www.mpppst.gob.ve\/mpppstweb\/"},{"@type":"ListItem","position":2,"name":"Presidente Maduro alert\u00f3 sobre surgimiento de peligrosas corrientes segregacionistas"}]},{"@type":"WebSite","@id":"https:\/\/www.mpppst.gob.ve\/mpppstweb\/#website","url":"https:\/\/www.mpppst.gob.ve\/mpppstweb\/","name":"MPPPST","description":"Ministerio del Poder Popular para el Proceso Social de Trabajo","publisher":{"@id":"https:\/\/www.mpppst.gob.ve\/mpppstweb\/#organization"},"potentialAction":[{"@type":"SearchAction","target":{"@type":"EntryPoint","urlTemplate":"https:\/\/www.mpppst.gob.ve\/mpppstweb\/?s={search_term_string}"},"query-input":"required name=search_term_string"}],"inLanguage":"es"},{"@type":"Organization","@id":"https:\/\/www.mpppst.gob.ve\/mpppstweb\/#organization","name":"mpppst","url":"https:\/\/www.mpppst.gob.ve\/mpppstweb\/","logo":{"@type":"ImageObject","inLanguage":"es","@id":"https:\/\/www.mpppst.gob.ve\/mpppstweb\/#\/schema\/logo\/image\/","url":"https:\/\/www.mpppst.gob.ve\/mpppstweb\/wp-content\/uploads\/2025\/07\/cropped-cropped-g910.png","contentUrl":"https:\/\/www.mpppst.gob.ve\/mpppstweb\/wp-content\/uploads\/2025\/07\/cropped-cropped-g910.png","width":1080,"height":241,"caption":"mpppst"},"image":{"@id":"https:\/\/www.mpppst.gob.ve\/mpppstweb\/#\/schema\/logo\/image\/"}},{"@type":"Person","@id":"https:\/\/www.mpppst.gob.ve\/mpppstweb\/#\/schema\/person\/fc187ee8ead412bd4c9304b62f900ea4","name":"MPPPST Prensa","url":"https:\/\/www.mpppst.gob.ve\/mpppstweb\/index.php\/author\/prensa-mpppst\/"}]}},"_links":{"self":[{"href":"https:\/\/www.mpppst.gob.ve\/mpppstweb\/index.php\/wp-json\/wp\/v2\/posts\/10737"}],"collection":[{"href":"https:\/\/www.mpppst.gob.ve\/mpppstweb\/index.php\/wp-json\/wp\/v2\/posts"}],"about":[{"href":"https:\/\/www.mpppst.gob.ve\/mpppstweb\/index.php\/wp-json\/wp\/v2\/types\/post"}],"author":[{"embeddable":true,"href":"https:\/\/www.mpppst.gob.ve\/mpppstweb\/index.php\/wp-json\/wp\/v2\/users\/25"}],"replies":[{"embeddable":true,"href":"https:\/\/www.mpppst.gob.ve\/mpppstweb\/index.php\/wp-json\/wp\/v2\/comments?post=10737"}],"version-history":[{"count":2,"href":"https:\/\/www.mpppst.gob.ve\/mpppstweb\/index.php\/wp-json\/wp\/v2\/posts\/10737\/revisions"}],"predecessor-version":[{"id":10740,"href":"https:\/\/www.mpppst.gob.ve\/mpppstweb\/index.php\/wp-json\/wp\/v2\/posts\/10737\/revisions\/10740"}],"wp:featuredmedia":[{"embeddable":true,"href":"https:\/\/www.mpppst.gob.ve\/mpppstweb\/index.php\/wp-json\/wp\/v2\/media\/10738"}],"wp:attachment":[{"href":"https:\/\/www.mpppst.gob.ve\/mpppstweb\/index.php\/wp-json\/wp\/v2\/media?parent=10737"}],"wp:term":[{"taxonomy":"category","embeddable":true,"href":"https:\/\/www.mpppst.gob.ve\/mpppstweb\/index.php\/wp-json\/wp\/v2\/categories?post=10737"},{"taxonomy":"post_tag","embeddable":true,"href":"https:\/\/www.mpppst.gob.ve\/mpppstweb\/index.php\/wp-json\/wp\/v2\/tags?post=10737"}],"curies":[{"name":"wp","href":"https:\/\/api.w.org\/{rel}","templated":true}]}}