{"id":10741,"date":"2017-03-02T17:42:45","date_gmt":"2017-03-02T17:42:45","guid":{"rendered":"http:\/\/www.mpppst.gob.ve\/mpppstweb\/?p=10741"},"modified":"2017-03-02T17:42:45","modified_gmt":"2017-03-02T17:42:45","slug":"firmada-primera-contratacion-colectiva-del-metro-de-valencia","status":"publish","type":"post","link":"https:\/\/www.mpppst.gob.ve\/mpppstweb\/index.php\/2017\/03\/02\/firmada-primera-contratacion-colectiva-del-metro-de-valencia\/","title":{"rendered":"Firmada primera contrataci\u00f3n colectiva del Metro de Valencia"},"content":{"rendered":"<p>Prensa (MPPPST). El 2 de marzo fue firmada la Contrataci\u00f3n Colectiva del Metro de Valencia que beneficiar\u00e1 a mil 295 trabajadores de esta empresa. El acto estuvo presidido por Leninna Galindo, Viceministra para Derechos y Relaciones Laborales del Ministerio del Poder Popular para el Proceso Social de Trabajo.<\/p>\n<p>Galindo expres\u00f3 que esta firma es una pol\u00edtica continuada de la Revoluci\u00f3n Bolivariana que se ha encargado de discutir convenciones colectivas a cualquier sector para mejorar las condiciones salariales de los trabajadores.<\/p>\n<p>La viceministra inform\u00f3 que algunas de las cl\u00e1usulas que incluye este contrato colectivo para los trabajadores del Metro de Valencia se encuentran: prima de profesionalizaci\u00f3n, seguros funerarios, HCM, becas y \u00fatiles escolares, bonificaciones por incentivo de asistencia perfecta, bonos por matrimonio y nacimiento de hijos, entre otros beneficios.<\/p>\n<p>Galindo inst\u00f3 a los trabajadores del Metro de Valencia a fortalecer la vanguardia para brindar a los ciudadanos un sistema de transporte eficiente y digno, tal como lo so\u00f1\u00f3 el Comandante de la Revoluci\u00f3n Bolivariana Hugo Ch\u00e1vez.<\/p>\n<p>Por su parte, V\u00edctor Moreno, presidente del Metro de Valencia, expres\u00f3 que este contrato tiene un corte hist\u00f3rico, pues cumple con una tarea encomendada por el Presidente Obrero Nicol\u00e1s Maduro de fomentar una contrataci\u00f3n colectiva digna para los trabajadores del Metro de Valencia.<\/p>\n<p>Moreno agradeci\u00f3 al Ministerio del Poder Popular para el Proceso Social de Trabajo y al ministro Francisco Torrealba por el apoyo prestado para poder lograr este contrato colectivo hist\u00f3rico que beneficiar\u00e1 a m\u00e1s de 4 mil familias.<\/p>\n<p>Wilfredo Santana, presidente del Sindicato de Trabajadores del Metro de Valencia, destac\u00f3 que la discusi\u00f3n de este contrato colectivo se llev\u00f3 de la mejor forma entre los trabajadores y los dirigentes del metro de Valencia para garantizar mejores beneficios para los trabajadores de esta instituci\u00f3n.<\/p>\n<p>Por Carlos Palacios<\/p>\n","protected":false},"excerpt":{"rendered":"<p>Prensa (MPPPST). El 2 de marzo fue firmada la Contrataci\u00f3n Colectiva del Metro de Valencia que &hellip; <a title=\"Firmada primera contrataci\u00f3n colectiva del Metro de Valencia\" class=\"hm-read-more\" href=\"https:\/\/www.mpppst.gob.ve\/mpppstweb\/index.php\/2017\/03\/02\/firmada-primera-contratacion-colectiva-del-metro-de-valencia\/\"><span class=\"screen-reader-text\">Firmada primera contrataci\u00f3n colectiva del Metro de Valencia<\/span>Read more<\/a><\/p>\n","protected":false},"author":25,"featured_media":10742,"comment_status":"closed","ping_status":"closed","sticky":false,"template":"","format":"standard","meta":{"footnotes":""},"categories":[197,82,163,84],"tags":[364,222,240],"yoast_head":"<!-- This site is optimized with the Yoast SEO plugin v22.5 - https:\/\/yoast.com\/wordpress\/plugins\/seo\/ -->\n<title>Firmada primera contrataci\u00f3n colectiva del Metro de Valencia - MPPPST<\/title>\n<meta name=\"robots\" content=\"index, follow, max-snippet:-1, max-image-preview:large, max-video-preview:-1\" \/>\n<link rel=\"canonical\" href=\"https:\/\/www.mpppst.gob.ve\/mpppstweb\/index.php\/2017\/03\/02\/firmada-primera-contratacion-colectiva-del-metro-de-valencia\/\" \/>\n<meta property=\"og:locale\" content=\"es_ES\" \/>\n<meta property=\"og:type\" content=\"article\" \/>\n<meta property=\"og:title\" content=\"Firmada primera contrataci\u00f3n colectiva del Metro de Valencia - MPPPST\" \/>\n<meta property=\"og:description\" content=\"Prensa (MPPPST). El 2 de marzo fue firmada la Contrataci\u00f3n Colectiva del Metro de Valencia que &hellip; Firmada primera contrataci\u00f3n colectiva del Metro de ValenciaRead more\" \/>\n<meta property=\"og:url\" content=\"https:\/\/www.mpppst.gob.ve\/mpppstweb\/index.php\/2017\/03\/02\/firmada-primera-contratacion-colectiva-del-metro-de-valencia\/\" \/>\n<meta property=\"og:site_name\" content=\"MPPPST\" \/>\n<meta property=\"article:published_time\" content=\"2017-03-02T17:42:45+00:00\" \/>\n<meta property=\"og:image\" content=\"https:\/\/www.mpppst.gob.ve\/mpppstweb\/wp-content\/uploads\/2017\/03\/IMG_4124-2.jpg\" \/>\n\t<meta property=\"og:image:width\" content=\"800\" \/>\n\t<meta property=\"og:image:height\" content=\"445\" \/>\n\t<meta property=\"og:image:type\" content=\"image\/jpeg\" \/>\n<meta name=\"author\" content=\"MPPPST Prensa\" \/>\n<meta name=\"twitter:card\" content=\"summary_large_image\" \/>\n<meta name=\"twitter:label1\" content=\"Escrito por\" \/>\n\t<meta name=\"twitter:data1\" content=\"MPPPST Prensa\" \/>\n\t<meta name=\"twitter:label2\" content=\"Tiempo de lectura\" \/>\n\t<meta name=\"twitter:data2\" content=\"2 minutos\" \/>\n<script type=\"application\/ld+json\" class=\"yoast-schema-graph\">{\"@context\":\"https:\/\/schema.org\",\"@graph\":[{\"@type\":\"Article\",\"@id\":\"https:\/\/www.mpppst.gob.ve\/mpppstweb\/index.php\/2017\/03\/02\/firmada-primera-contratacion-colectiva-del-metro-de-valencia\/#article\",\"isPartOf\":{\"@id\":\"https:\/\/www.mpppst.gob.ve\/mpppstweb\/index.php\/2017\/03\/02\/firmada-primera-contratacion-colectiva-del-metro-de-valencia\/\"},\"author\":{\"name\":\"MPPPST Prensa\",\"@id\":\"https:\/\/www.mpppst.gob.ve\/mpppstweb\/#\/schema\/person\/fc187ee8ead412bd4c9304b62f900ea4\"},\"headline\":\"Firmada primera contrataci\u00f3n colectiva del Metro de Valencia\",\"datePublished\":\"2017-03-02T17:42:45+00:00\",\"dateModified\":\"2017-03-02T17:42:45+00:00\",\"mainEntityOfPage\":{\"@id\":\"https:\/\/www.mpppst.gob.ve\/mpppstweb\/index.php\/2017\/03\/02\/firmada-primera-contratacion-colectiva-del-metro-de-valencia\/\"},\"wordCount\":314,\"publisher\":{\"@id\":\"https:\/\/www.mpppst.gob.ve\/mpppstweb\/#organization\"},\"image\":{\"@id\":\"https:\/\/www.mpppst.gob.ve\/mpppstweb\/index.php\/2017\/03\/02\/firmada-primera-contratacion-colectiva-del-metro-de-valencia\/#primaryimage\"},\"thumbnailUrl\":\"https:\/\/www.mpppst.gob.ve\/mpppstweb\/wp-content\/uploads\/2017\/03\/IMG_4124-2.jpg\",\"keywords\":[\"Contrato Colectivo\",\"Gobierno Bolivariano\",\"Participaci\u00f3n popular y protag\u00f3nica\"],\"articleSection\":[\"Defensa de Trabajadores y Trabajadoras\",\"Gobierno Nacional\",\"Noticias\",\"Vida Laboral y Sindical\"],\"inLanguage\":\"es\"},{\"@type\":\"WebPage\",\"@id\":\"https:\/\/www.mpppst.gob.ve\/mpppstweb\/index.php\/2017\/03\/02\/firmada-primera-contratacion-colectiva-del-metro-de-valencia\/\",\"url\":\"https:\/\/www.mpppst.gob.ve\/mpppstweb\/index.php\/2017\/03\/02\/firmada-primera-contratacion-colectiva-del-metro-de-valencia\/\",\"name\":\"Firmada primera contrataci\u00f3n colectiva del Metro de Valencia - MPPPST\",\"isPartOf\":{\"@id\":\"https:\/\/www.mpppst.gob.ve\/mpppstweb\/#website\"},\"primaryImageOfPage\":{\"@id\":\"https:\/\/www.mpppst.gob.ve\/mpppstweb\/index.php\/2017\/03\/02\/firmada-primera-contratacion-colectiva-del-metro-de-valencia\/#primaryimage\"},\"image\":{\"@id\":\"https:\/\/www.mpppst.gob.ve\/mpppstweb\/index.php\/2017\/03\/02\/firmada-primera-contratacion-colectiva-del-metro-de-valencia\/#primaryimage\"},\"thumbnailUrl\":\"https:\/\/www.mpppst.gob.ve\/mpppstweb\/wp-content\/uploads\/2017\/03\/IMG_4124-2.jpg\",\"datePublished\":\"2017-03-02T17:42:45+00:00\",\"dateModified\":\"2017-03-02T17:42:45+00:00\",\"breadcrumb\":{\"@id\":\"https:\/\/www.mpppst.gob.ve\/mpppstweb\/index.php\/2017\/03\/02\/firmada-primera-contratacion-colectiva-del-metro-de-valencia\/#breadcrumb\"},\"inLanguage\":\"es\",\"potentialAction\":[{\"@type\":\"ReadAction\",\"target\":[\"https:\/\/www.mpppst.gob.ve\/mpppstweb\/index.php\/2017\/03\/02\/firmada-primera-contratacion-colectiva-del-metro-de-valencia\/\"]}]},{\"@type\":\"ImageObject\",\"inLanguage\":\"es\",\"@id\":\"https:\/\/www.mpppst.gob.ve\/mpppstweb\/index.php\/2017\/03\/02\/firmada-primera-contratacion-colectiva-del-metro-de-valencia\/#primaryimage\",\"url\":\"https:\/\/www.mpppst.gob.ve\/mpppstweb\/wp-content\/uploads\/2017\/03\/IMG_4124-2.jpg\",\"contentUrl\":\"https:\/\/www.mpppst.gob.ve\/mpppstweb\/wp-content\/uploads\/2017\/03\/IMG_4124-2.jpg\",\"width\":800,\"height\":445},{\"@type\":\"BreadcrumbList\",\"@id\":\"https:\/\/www.mpppst.gob.ve\/mpppstweb\/index.php\/2017\/03\/02\/firmada-primera-contratacion-colectiva-del-metro-de-valencia\/#breadcrumb\",\"itemListElement\":[{\"@type\":\"ListItem\",\"position\":1,\"name\":\"Home\",\"item\":\"https:\/\/www.mpppst.gob.ve\/mpppstweb\/\"},{\"@type\":\"ListItem\",\"position\":2,\"name\":\"Firmada primera contrataci\u00f3n colectiva del Metro de Valencia\"}]},{\"@type\":\"WebSite\",\"@id\":\"https:\/\/www.mpppst.gob.ve\/mpppstweb\/#website\",\"url\":\"https:\/\/www.mpppst.gob.ve\/mpppstweb\/\",\"name\":\"MPPPST\",\"description\":\"Ministerio del Poder Popular para el Proceso Social de Trabajo\",\"publisher\":{\"@id\":\"https:\/\/www.mpppst.gob.ve\/mpppstweb\/#organization\"},\"potentialAction\":[{\"@type\":\"SearchAction\",\"target\":{\"@type\":\"EntryPoint\",\"urlTemplate\":\"https:\/\/www.mpppst.gob.ve\/mpppstweb\/?s={search_term_string}\"},\"query-input\":\"required name=search_term_string\"}],\"inLanguage\":\"es\"},{\"@type\":\"Organization\",\"@id\":\"https:\/\/www.mpppst.gob.ve\/mpppstweb\/#organization\",\"name\":\"mpppst\",\"url\":\"https:\/\/www.mpppst.gob.ve\/mpppstweb\/\",\"logo\":{\"@type\":\"ImageObject\",\"inLanguage\":\"es\",\"@id\":\"https:\/\/www.mpppst.gob.ve\/mpppstweb\/#\/schema\/logo\/image\/\",\"url\":\"https:\/\/www.mpppst.gob.ve\/mpppstweb\/wp-content\/uploads\/2025\/07\/cropped-cropped-g910.png\",\"contentUrl\":\"https:\/\/www.mpppst.gob.ve\/mpppstweb\/wp-content\/uploads\/2025\/07\/cropped-cropped-g910.png\",\"width\":1080,\"height\":241,\"caption\":\"mpppst\"},\"image\":{\"@id\":\"https:\/\/www.mpppst.gob.ve\/mpppstweb\/#\/schema\/logo\/image\/\"}},{\"@type\":\"Person\",\"@id\":\"https:\/\/www.mpppst.gob.ve\/mpppstweb\/#\/schema\/person\/fc187ee8ead412bd4c9304b62f900ea4\",\"name\":\"MPPPST Prensa\",\"url\":\"https:\/\/www.mpppst.gob.ve\/mpppstweb\/index.php\/author\/prensa-mpppst\/\"}]}<\/script>\n<!-- \/ Yoast SEO plugin. -->","yoast_head_json":{"title":"Firmada primera contrataci\u00f3n colectiva del Metro de Valencia - MPPPST","robots":{"index":"index","follow":"follow","max-snippet":"max-snippet:-1","max-image-preview":"max-image-preview:large","max-video-preview":"max-video-preview:-1"},"canonical":"https:\/\/www.mpppst.gob.ve\/mpppstweb\/index.php\/2017\/03\/02\/firmada-primera-contratacion-colectiva-del-metro-de-valencia\/","og_locale":"es_ES","og_type":"article","og_title":"Firmada primera contrataci\u00f3n colectiva del Metro de Valencia - MPPPST","og_description":"Prensa (MPPPST). El 2 de marzo fue firmada la Contrataci\u00f3n Colectiva del Metro de Valencia que &hellip; Firmada primera contrataci\u00f3n colectiva del Metro de ValenciaRead more","og_url":"https:\/\/www.mpppst.gob.ve\/mpppstweb\/index.php\/2017\/03\/02\/firmada-primera-contratacion-colectiva-del-metro-de-valencia\/","og_site_name":"MPPPST","article_published_time":"2017-03-02T17:42:45+00:00","og_image":[{"width":800,"height":445,"url":"https:\/\/www.mpppst.gob.ve\/mpppstweb\/wp-content\/uploads\/2017\/03\/IMG_4124-2.jpg","type":"image\/jpeg"}],"author":"MPPPST Prensa","twitter_card":"summary_large_image","twitter_misc":{"Escrito por":"MPPPST Prensa","Tiempo de lectura":"2 minutos"},"schema":{"@context":"https:\/\/schema.org","@graph":[{"@type":"Article","@id":"https:\/\/www.mpppst.gob.ve\/mpppstweb\/index.php\/2017\/03\/02\/firmada-primera-contratacion-colectiva-del-metro-de-valencia\/#article","isPartOf":{"@id":"https:\/\/www.mpppst.gob.ve\/mpppstweb\/index.php\/2017\/03\/02\/firmada-primera-contratacion-colectiva-del-metro-de-valencia\/"},"author":{"name":"MPPPST Prensa","@id":"https:\/\/www.mpppst.gob.ve\/mpppstweb\/#\/schema\/person\/fc187ee8ead412bd4c9304b62f900ea4"},"headline":"Firmada primera contrataci\u00f3n colectiva del Metro de Valencia","datePublished":"2017-03-02T17:42:45+00:00","dateModified":"2017-03-02T17:42:45+00:00","mainEntityOfPage":{"@id":"https:\/\/www.mpppst.gob.ve\/mpppstweb\/index.php\/2017\/03\/02\/firmada-primera-contratacion-colectiva-del-metro-de-valencia\/"},"wordCount":314,"publisher":{"@id":"https:\/\/www.mpppst.gob.ve\/mpppstweb\/#organization"},"image":{"@id":"https:\/\/www.mpppst.gob.ve\/mpppstweb\/index.php\/2017\/03\/02\/firmada-primera-contratacion-colectiva-del-metro-de-valencia\/#primaryimage"},"thumbnailUrl":"https:\/\/www.mpppst.gob.ve\/mpppstweb\/wp-content\/uploads\/2017\/03\/IMG_4124-2.jpg","keywords":["Contrato Colectivo","Gobierno Bolivariano","Participaci\u00f3n popular y protag\u00f3nica"],"articleSection":["Defensa de Trabajadores y Trabajadoras","Gobierno Nacional","Noticias","Vida Laboral y Sindical"],"inLanguage":"es"},{"@type":"WebPage","@id":"https:\/\/www.mpppst.gob.ve\/mpppstweb\/index.php\/2017\/03\/02\/firmada-primera-contratacion-colectiva-del-metro-de-valencia\/","url":"https:\/\/www.mpppst.gob.ve\/mpppstweb\/index.php\/2017\/03\/02\/firmada-primera-contratacion-colectiva-del-metro-de-valencia\/","name":"Firmada primera contrataci\u00f3n colectiva del Metro de Valencia - MPPPST","isPartOf":{"@id":"https:\/\/www.mpppst.gob.ve\/mpppstweb\/#website"},"primaryImageOfPage":{"@id":"https:\/\/www.mpppst.gob.ve\/mpppstweb\/index.php\/2017\/03\/02\/firmada-primera-contratacion-colectiva-del-metro-de-valencia\/#primaryimage"},"image":{"@id":"https:\/\/www.mpppst.gob.ve\/mpppstweb\/index.php\/2017\/03\/02\/firmada-primera-contratacion-colectiva-del-metro-de-valencia\/#primaryimage"},"thumbnailUrl":"https:\/\/www.mpppst.gob.ve\/mpppstweb\/wp-content\/uploads\/2017\/03\/IMG_4124-2.jpg","datePublished":"2017-03-02T17:42:45+00:00","dateModified":"2017-03-02T17:42:45+00:00","breadcrumb":{"@id":"https:\/\/www.mpppst.gob.ve\/mpppstweb\/index.php\/2017\/03\/02\/firmada-primera-contratacion-colectiva-del-metro-de-valencia\/#breadcrumb"},"inLanguage":"es","potentialAction":[{"@type":"ReadAction","target":["https:\/\/www.mpppst.gob.ve\/mpppstweb\/index.php\/2017\/03\/02\/firmada-primera-contratacion-colectiva-del-metro-de-valencia\/"]}]},{"@type":"ImageObject","inLanguage":"es","@id":"https:\/\/www.mpppst.gob.ve\/mpppstweb\/index.php\/2017\/03\/02\/firmada-primera-contratacion-colectiva-del-metro-de-valencia\/#primaryimage","url":"https:\/\/www.mpppst.gob.ve\/mpppstweb\/wp-content\/uploads\/2017\/03\/IMG_4124-2.jpg","contentUrl":"https:\/\/www.mpppst.gob.ve\/mpppstweb\/wp-content\/uploads\/2017\/03\/IMG_4124-2.jpg","width":800,"height":445},{"@type":"BreadcrumbList","@id":"https:\/\/www.mpppst.gob.ve\/mpppstweb\/index.php\/2017\/03\/02\/firmada-primera-contratacion-colectiva-del-metro-de-valencia\/#breadcrumb","itemListElement":[{"@type":"ListItem","position":1,"name":"Home","item":"https:\/\/www.mpppst.gob.ve\/mpppstweb\/"},{"@type":"ListItem","position":2,"name":"Firmada primera contrataci\u00f3n colectiva del Metro de Valencia"}]},{"@type":"WebSite","@id":"https:\/\/www.mpppst.gob.ve\/mpppstweb\/#website","url":"https:\/\/www.mpppst.gob.ve\/mpppstweb\/","name":"MPPPST","description":"Ministerio del Poder Popular para el Proceso Social de Trabajo","publisher":{"@id":"https:\/\/www.mpppst.gob.ve\/mpppstweb\/#organization"},"potentialAction":[{"@type":"SearchAction","target":{"@type":"EntryPoint","urlTemplate":"https:\/\/www.mpppst.gob.ve\/mpppstweb\/?s={search_term_string}"},"query-input":"required name=search_term_string"}],"inLanguage":"es"},{"@type":"Organization","@id":"https:\/\/www.mpppst.gob.ve\/mpppstweb\/#organization","name":"mpppst","url":"https:\/\/www.mpppst.gob.ve\/mpppstweb\/","logo":{"@type":"ImageObject","inLanguage":"es","@id":"https:\/\/www.mpppst.gob.ve\/mpppstweb\/#\/schema\/logo\/image\/","url":"https:\/\/www.mpppst.gob.ve\/mpppstweb\/wp-content\/uploads\/2025\/07\/cropped-cropped-g910.png","contentUrl":"https:\/\/www.mpppst.gob.ve\/mpppstweb\/wp-content\/uploads\/2025\/07\/cropped-cropped-g910.png","width":1080,"height":241,"caption":"mpppst"},"image":{"@id":"https:\/\/www.mpppst.gob.ve\/mpppstweb\/#\/schema\/logo\/image\/"}},{"@type":"Person","@id":"https:\/\/www.mpppst.gob.ve\/mpppstweb\/#\/schema\/person\/fc187ee8ead412bd4c9304b62f900ea4","name":"MPPPST Prensa","url":"https:\/\/www.mpppst.gob.ve\/mpppstweb\/index.php\/author\/prensa-mpppst\/"}]}},"_links":{"self":[{"href":"https:\/\/www.mpppst.gob.ve\/mpppstweb\/index.php\/wp-json\/wp\/v2\/posts\/10741"}],"collection":[{"href":"https:\/\/www.mpppst.gob.ve\/mpppstweb\/index.php\/wp-json\/wp\/v2\/posts"}],"about":[{"href":"https:\/\/www.mpppst.gob.ve\/mpppstweb\/index.php\/wp-json\/wp\/v2\/types\/post"}],"author":[{"embeddable":true,"href":"https:\/\/www.mpppst.gob.ve\/mpppstweb\/index.php\/wp-json\/wp\/v2\/users\/25"}],"replies":[{"embeddable":true,"href":"https:\/\/www.mpppst.gob.ve\/mpppstweb\/index.php\/wp-json\/wp\/v2\/comments?post=10741"}],"version-history":[{"count":1,"href":"https:\/\/www.mpppst.gob.ve\/mpppstweb\/index.php\/wp-json\/wp\/v2\/posts\/10741\/revisions"}],"predecessor-version":[{"id":10743,"href":"https:\/\/www.mpppst.gob.ve\/mpppstweb\/index.php\/wp-json\/wp\/v2\/posts\/10741\/revisions\/10743"}],"wp:featuredmedia":[{"embeddable":true,"href":"https:\/\/www.mpppst.gob.ve\/mpppstweb\/index.php\/wp-json\/wp\/v2\/media\/10742"}],"wp:attachment":[{"href":"https:\/\/www.mpppst.gob.ve\/mpppstweb\/index.php\/wp-json\/wp\/v2\/media?parent=10741"}],"wp:term":[{"taxonomy":"category","embeddable":true,"href":"https:\/\/www.mpppst.gob.ve\/mpppstweb\/index.php\/wp-json\/wp\/v2\/categories?post=10741"},{"taxonomy":"post_tag","embeddable":true,"href":"https:\/\/www.mpppst.gob.ve\/mpppstweb\/index.php\/wp-json\/wp\/v2\/tags?post=10741"}],"curies":[{"name":"wp","href":"https:\/\/api.w.org\/{rel}","templated":true}]}}