{"id":10776,"date":"2017-03-06T13:13:11","date_gmt":"2017-03-06T13:13:11","guid":{"rendered":"http:\/\/www.mpppst.gob.ve\/mpppstweb\/?p=10776"},"modified":"2017-03-06T13:13:11","modified_gmt":"2017-03-06T13:13:11","slug":"pueblos-del-caribe-destacan-proceso-de-integracion-del-alba","status":"publish","type":"post","link":"https:\/\/www.mpppst.gob.ve\/mpppstweb\/index.php\/2017\/03\/06\/pueblos-del-caribe-destacan-proceso-de-integracion-del-alba\/","title":{"rendered":"Pueblos del Caribe destacan proceso de integraci\u00f3n del ALBA"},"content":{"rendered":"<p>Prensa Presidencial<\/p>\n<p>Durante el acto de clausura de la XIV Cumbre de la Alianza Bolivariana para los Pueblos de Nuestra Am\u00e9rica \u2013Tratado de Comercio de los Pueblos (ALBA-TCP), los jefes de Estado y representantes de Gobierno de los pa\u00edses de Antigua y Barbuda, Granada, Surinam y <span lang=\"es-VE\">Dominica, destacaron las iniciativas de integraci\u00f3n de los pueblos de Am\u00e9rica Latina y el Caribe.<\/span><\/p>\n<p align=\"JUSTIFY\"><span lang=\"es-VE\">Una alianza que como reiteraron las autoridades de estos pa\u00edses miembros, ha sido la de fortalecer el crecimiento pol\u00edtico, econ\u00f3mico y social de los pueblos hermanos miembros del ALBA.<\/span><\/p>\n<p align=\"JUSTIFY\">El ministro de Informaci\u00f3n, Transmisiones, Telecomunicaciones y Tecnolog\u00edas de la Informaci\u00f3n para Antigua y Barbuda, Melford Nicholas, destac\u00f3 las iniciativas que se han hecho desde la organizaci\u00f3n por el desarrollo econ\u00f3mico.<\/p>\n<p align=\"JUSTIFY\">Para los representantes de Gobierno de estos pa\u00edses caribe\u00f1os, el ALBA tiene como principio el beneficio y la lucha continua de los pueblos, tal como mencion\u00f3 Oliver Joseph, Ministro de Desarrollo Econ\u00f3mico, Comercio, Planificaci\u00f3n, Cooperativas y Negocios Internacionales de Granada, quien expres\u00f3 su apoyo por continuar con esta alianza de integraci\u00f3n.<\/p>\n<p align=\"JUSTIFY\">Por su parte Winston Lackin, como enviado especial de Surinam, agradeci\u00f3 el apoyo que recibi\u00f3 su pa\u00eds desde Petrocaribe y se\u00f1al\u00f3 los avances en materia de comercio, negocios e inversi\u00f3n que se ha hecho a su pa\u00eds.<\/p>\n<p align=\"JUSTIFY\"><span lang=\"es-VE\">Tambi\u00e9n destac\u00f3 el liderazgo del presidente de la Rep\u00fablica boliavriana de Venezuela, Nicol\u00e1s Maduro Moros, para mantener y sostener la iniciativa del ALBA y Petrocaribe durante estos a\u00f1os.<\/span><\/p>\n<p align=\"JUSTIFY\"><span lang=\"es-VE\">Los representantes de Gobierno, expresaron su agradecimiento y admiraci\u00f3n por el comandante Hugo Ch\u00e1vez y Fidel Castro, quienes en vida tuvieron la visi\u00f3n de unir a los pueblos para lograr un crecimiento y desarrollo econ\u00f3mico, que se consolid\u00f3 un 14 de diciembre de 2004, con la creaci\u00f3n de lo que hoy es el ALBA \u2013 TCP.<\/span><\/p>\n","protected":false},"excerpt":{"rendered":"<p>Prensa Presidencial Durante el acto de clausura de la XIV Cumbre de la Alianza Bolivariana para &hellip; <a title=\"Pueblos del Caribe destacan proceso de integraci\u00f3n del ALBA\" class=\"hm-read-more\" href=\"https:\/\/www.mpppst.gob.ve\/mpppstweb\/index.php\/2017\/03\/06\/pueblos-del-caribe-destacan-proceso-de-integracion-del-alba\/\"><span class=\"screen-reader-text\">Pueblos del Caribe destacan proceso de integraci\u00f3n del ALBA<\/span>Read more<\/a><\/p>\n","protected":false},"author":25,"featured_media":10777,"comment_status":"closed","ping_status":"closed","sticky":false,"template":"","format":"standard","meta":{"footnotes":""},"categories":[8,163,213,166],"tags":[299,315,245,287,367],"yoast_head":"<!-- This site is optimized with the Yoast SEO plugin v22.5 - https:\/\/yoast.com\/wordpress\/plugins\/seo\/ -->\n<title>Pueblos del Caribe destacan proceso de integraci\u00f3n del ALBA - MPPPST<\/title>\n<meta name=\"robots\" content=\"index, follow, max-snippet:-1, max-image-preview:large, max-video-preview:-1\" \/>\n<link rel=\"canonical\" href=\"https:\/\/www.mpppst.gob.ve\/mpppstweb\/index.php\/2017\/03\/06\/pueblos-del-caribe-destacan-proceso-de-integracion-del-alba\/\" \/>\n<meta property=\"og:locale\" content=\"es_ES\" \/>\n<meta property=\"og:type\" content=\"article\" \/>\n<meta property=\"og:title\" content=\"Pueblos del Caribe destacan proceso de integraci\u00f3n del ALBA - MPPPST\" \/>\n<meta property=\"og:description\" content=\"Prensa Presidencial Durante el acto de clausura de la XIV Cumbre de la Alianza Bolivariana para &hellip; Pueblos del Caribe destacan proceso de integraci\u00f3n del ALBARead more\" \/>\n<meta property=\"og:url\" content=\"https:\/\/www.mpppst.gob.ve\/mpppstweb\/index.php\/2017\/03\/06\/pueblos-del-caribe-destacan-proceso-de-integracion-del-alba\/\" \/>\n<meta property=\"og:site_name\" content=\"MPPPST\" \/>\n<meta property=\"article:published_time\" content=\"2017-03-06T13:13:11+00:00\" \/>\n<meta property=\"og:image\" content=\"https:\/\/www.mpppst.gob.ve\/mpppstweb\/wp-content\/uploads\/2017\/03\/Alba.jpg\" \/>\n\t<meta property=\"og:image:width\" content=\"800\" \/>\n\t<meta property=\"og:image:height\" content=\"445\" \/>\n\t<meta property=\"og:image:type\" content=\"image\/jpeg\" \/>\n<meta name=\"author\" content=\"MPPPST Prensa\" \/>\n<meta name=\"twitter:card\" content=\"summary_large_image\" \/>\n<meta name=\"twitter:label1\" content=\"Escrito por\" \/>\n\t<meta name=\"twitter:data1\" content=\"MPPPST Prensa\" \/>\n\t<meta name=\"twitter:label2\" content=\"Tiempo de lectura\" \/>\n\t<meta name=\"twitter:data2\" content=\"2 minutos\" \/>\n<script type=\"application\/ld+json\" class=\"yoast-schema-graph\">{\"@context\":\"https:\/\/schema.org\",\"@graph\":[{\"@type\":\"Article\",\"@id\":\"https:\/\/www.mpppst.gob.ve\/mpppstweb\/index.php\/2017\/03\/06\/pueblos-del-caribe-destacan-proceso-de-integracion-del-alba\/#article\",\"isPartOf\":{\"@id\":\"https:\/\/www.mpppst.gob.ve\/mpppstweb\/index.php\/2017\/03\/06\/pueblos-del-caribe-destacan-proceso-de-integracion-del-alba\/\"},\"author\":{\"name\":\"MPPPST Prensa\",\"@id\":\"https:\/\/www.mpppst.gob.ve\/mpppstweb\/#\/schema\/person\/fc187ee8ead412bd4c9304b62f900ea4\"},\"headline\":\"Pueblos del Caribe destacan proceso de integraci\u00f3n del ALBA\",\"datePublished\":\"2017-03-06T13:13:11+00:00\",\"dateModified\":\"2017-03-06T13:13:11+00:00\",\"mainEntityOfPage\":{\"@id\":\"https:\/\/www.mpppst.gob.ve\/mpppstweb\/index.php\/2017\/03\/06\/pueblos-del-caribe-destacan-proceso-de-integracion-del-alba\/\"},\"wordCount\":330,\"publisher\":{\"@id\":\"https:\/\/www.mpppst.gob.ve\/mpppstweb\/#organization\"},\"image\":{\"@id\":\"https:\/\/www.mpppst.gob.ve\/mpppstweb\/index.php\/2017\/03\/06\/pueblos-del-caribe-destacan-proceso-de-integracion-del-alba\/#primaryimage\"},\"thumbnailUrl\":\"https:\/\/www.mpppst.gob.ve\/mpppstweb\/wp-content\/uploads\/2017\/03\/Alba.jpg\",\"keywords\":[\"Alba\",\"Integraci\u00f3n\",\"internacionales\",\"Politica Exterior\",\"Venezuela y el Mundo\"],\"articleSection\":[\"Internacionales\",\"Noticias\",\"Presidencia de la Rep\u00fablica\",\"Venezuela y el Mundo\"],\"inLanguage\":\"es\"},{\"@type\":\"WebPage\",\"@id\":\"https:\/\/www.mpppst.gob.ve\/mpppstweb\/index.php\/2017\/03\/06\/pueblos-del-caribe-destacan-proceso-de-integracion-del-alba\/\",\"url\":\"https:\/\/www.mpppst.gob.ve\/mpppstweb\/index.php\/2017\/03\/06\/pueblos-del-caribe-destacan-proceso-de-integracion-del-alba\/\",\"name\":\"Pueblos del Caribe destacan proceso de integraci\u00f3n del ALBA - MPPPST\",\"isPartOf\":{\"@id\":\"https:\/\/www.mpppst.gob.ve\/mpppstweb\/#website\"},\"primaryImageOfPage\":{\"@id\":\"https:\/\/www.mpppst.gob.ve\/mpppstweb\/index.php\/2017\/03\/06\/pueblos-del-caribe-destacan-proceso-de-integracion-del-alba\/#primaryimage\"},\"image\":{\"@id\":\"https:\/\/www.mpppst.gob.ve\/mpppstweb\/index.php\/2017\/03\/06\/pueblos-del-caribe-destacan-proceso-de-integracion-del-alba\/#primaryimage\"},\"thumbnailUrl\":\"https:\/\/www.mpppst.gob.ve\/mpppstweb\/wp-content\/uploads\/2017\/03\/Alba.jpg\",\"datePublished\":\"2017-03-06T13:13:11+00:00\",\"dateModified\":\"2017-03-06T13:13:11+00:00\",\"breadcrumb\":{\"@id\":\"https:\/\/www.mpppst.gob.ve\/mpppstweb\/index.php\/2017\/03\/06\/pueblos-del-caribe-destacan-proceso-de-integracion-del-alba\/#breadcrumb\"},\"inLanguage\":\"es\",\"potentialAction\":[{\"@type\":\"ReadAction\",\"target\":[\"https:\/\/www.mpppst.gob.ve\/mpppstweb\/index.php\/2017\/03\/06\/pueblos-del-caribe-destacan-proceso-de-integracion-del-alba\/\"]}]},{\"@type\":\"ImageObject\",\"inLanguage\":\"es\",\"@id\":\"https:\/\/www.mpppst.gob.ve\/mpppstweb\/index.php\/2017\/03\/06\/pueblos-del-caribe-destacan-proceso-de-integracion-del-alba\/#primaryimage\",\"url\":\"https:\/\/www.mpppst.gob.ve\/mpppstweb\/wp-content\/uploads\/2017\/03\/Alba.jpg\",\"contentUrl\":\"https:\/\/www.mpppst.gob.ve\/mpppstweb\/wp-content\/uploads\/2017\/03\/Alba.jpg\",\"width\":800,\"height\":445},{\"@type\":\"BreadcrumbList\",\"@id\":\"https:\/\/www.mpppst.gob.ve\/mpppstweb\/index.php\/2017\/03\/06\/pueblos-del-caribe-destacan-proceso-de-integracion-del-alba\/#breadcrumb\",\"itemListElement\":[{\"@type\":\"ListItem\",\"position\":1,\"name\":\"Home\",\"item\":\"https:\/\/www.mpppst.gob.ve\/mpppstweb\/\"},{\"@type\":\"ListItem\",\"position\":2,\"name\":\"Pueblos del Caribe destacan proceso de integraci\u00f3n del ALBA\"}]},{\"@type\":\"WebSite\",\"@id\":\"https:\/\/www.mpppst.gob.ve\/mpppstweb\/#website\",\"url\":\"https:\/\/www.mpppst.gob.ve\/mpppstweb\/\",\"name\":\"MPPPST\",\"description\":\"Ministerio del Poder Popular para el Proceso Social de Trabajo\",\"publisher\":{\"@id\":\"https:\/\/www.mpppst.gob.ve\/mpppstweb\/#organization\"},\"potentialAction\":[{\"@type\":\"SearchAction\",\"target\":{\"@type\":\"EntryPoint\",\"urlTemplate\":\"https:\/\/www.mpppst.gob.ve\/mpppstweb\/?s={search_term_string}\"},\"query-input\":\"required name=search_term_string\"}],\"inLanguage\":\"es\"},{\"@type\":\"Organization\",\"@id\":\"https:\/\/www.mpppst.gob.ve\/mpppstweb\/#organization\",\"name\":\"mpppst\",\"url\":\"https:\/\/www.mpppst.gob.ve\/mpppstweb\/\",\"logo\":{\"@type\":\"ImageObject\",\"inLanguage\":\"es\",\"@id\":\"https:\/\/www.mpppst.gob.ve\/mpppstweb\/#\/schema\/logo\/image\/\",\"url\":\"https:\/\/www.mpppst.gob.ve\/mpppstweb\/wp-content\/uploads\/2025\/07\/cropped-cropped-g910.png\",\"contentUrl\":\"https:\/\/www.mpppst.gob.ve\/mpppstweb\/wp-content\/uploads\/2025\/07\/cropped-cropped-g910.png\",\"width\":1080,\"height\":241,\"caption\":\"mpppst\"},\"image\":{\"@id\":\"https:\/\/www.mpppst.gob.ve\/mpppstweb\/#\/schema\/logo\/image\/\"}},{\"@type\":\"Person\",\"@id\":\"https:\/\/www.mpppst.gob.ve\/mpppstweb\/#\/schema\/person\/fc187ee8ead412bd4c9304b62f900ea4\",\"name\":\"MPPPST Prensa\",\"url\":\"https:\/\/www.mpppst.gob.ve\/mpppstweb\/index.php\/author\/prensa-mpppst\/\"}]}<\/script>\n<!-- \/ Yoast SEO plugin. -->","yoast_head_json":{"title":"Pueblos del Caribe destacan proceso de integraci\u00f3n del ALBA - MPPPST","robots":{"index":"index","follow":"follow","max-snippet":"max-snippet:-1","max-image-preview":"max-image-preview:large","max-video-preview":"max-video-preview:-1"},"canonical":"https:\/\/www.mpppst.gob.ve\/mpppstweb\/index.php\/2017\/03\/06\/pueblos-del-caribe-destacan-proceso-de-integracion-del-alba\/","og_locale":"es_ES","og_type":"article","og_title":"Pueblos del Caribe destacan proceso de integraci\u00f3n del ALBA - MPPPST","og_description":"Prensa Presidencial Durante el acto de clausura de la XIV Cumbre de la Alianza Bolivariana para &hellip; Pueblos del Caribe destacan proceso de integraci\u00f3n del ALBARead more","og_url":"https:\/\/www.mpppst.gob.ve\/mpppstweb\/index.php\/2017\/03\/06\/pueblos-del-caribe-destacan-proceso-de-integracion-del-alba\/","og_site_name":"MPPPST","article_published_time":"2017-03-06T13:13:11+00:00","og_image":[{"width":800,"height":445,"url":"https:\/\/www.mpppst.gob.ve\/mpppstweb\/wp-content\/uploads\/2017\/03\/Alba.jpg","type":"image\/jpeg"}],"author":"MPPPST Prensa","twitter_card":"summary_large_image","twitter_misc":{"Escrito por":"MPPPST Prensa","Tiempo de lectura":"2 minutos"},"schema":{"@context":"https:\/\/schema.org","@graph":[{"@type":"Article","@id":"https:\/\/www.mpppst.gob.ve\/mpppstweb\/index.php\/2017\/03\/06\/pueblos-del-caribe-destacan-proceso-de-integracion-del-alba\/#article","isPartOf":{"@id":"https:\/\/www.mpppst.gob.ve\/mpppstweb\/index.php\/2017\/03\/06\/pueblos-del-caribe-destacan-proceso-de-integracion-del-alba\/"},"author":{"name":"MPPPST Prensa","@id":"https:\/\/www.mpppst.gob.ve\/mpppstweb\/#\/schema\/person\/fc187ee8ead412bd4c9304b62f900ea4"},"headline":"Pueblos del Caribe destacan proceso de integraci\u00f3n del ALBA","datePublished":"2017-03-06T13:13:11+00:00","dateModified":"2017-03-06T13:13:11+00:00","mainEntityOfPage":{"@id":"https:\/\/www.mpppst.gob.ve\/mpppstweb\/index.php\/2017\/03\/06\/pueblos-del-caribe-destacan-proceso-de-integracion-del-alba\/"},"wordCount":330,"publisher":{"@id":"https:\/\/www.mpppst.gob.ve\/mpppstweb\/#organization"},"image":{"@id":"https:\/\/www.mpppst.gob.ve\/mpppstweb\/index.php\/2017\/03\/06\/pueblos-del-caribe-destacan-proceso-de-integracion-del-alba\/#primaryimage"},"thumbnailUrl":"https:\/\/www.mpppst.gob.ve\/mpppstweb\/wp-content\/uploads\/2017\/03\/Alba.jpg","keywords":["Alba","Integraci\u00f3n","internacionales","Politica Exterior","Venezuela y el Mundo"],"articleSection":["Internacionales","Noticias","Presidencia de la Rep\u00fablica","Venezuela y el Mundo"],"inLanguage":"es"},{"@type":"WebPage","@id":"https:\/\/www.mpppst.gob.ve\/mpppstweb\/index.php\/2017\/03\/06\/pueblos-del-caribe-destacan-proceso-de-integracion-del-alba\/","url":"https:\/\/www.mpppst.gob.ve\/mpppstweb\/index.php\/2017\/03\/06\/pueblos-del-caribe-destacan-proceso-de-integracion-del-alba\/","name":"Pueblos del Caribe destacan proceso de integraci\u00f3n del ALBA - MPPPST","isPartOf":{"@id":"https:\/\/www.mpppst.gob.ve\/mpppstweb\/#website"},"primaryImageOfPage":{"@id":"https:\/\/www.mpppst.gob.ve\/mpppstweb\/index.php\/2017\/03\/06\/pueblos-del-caribe-destacan-proceso-de-integracion-del-alba\/#primaryimage"},"image":{"@id":"https:\/\/www.mpppst.gob.ve\/mpppstweb\/index.php\/2017\/03\/06\/pueblos-del-caribe-destacan-proceso-de-integracion-del-alba\/#primaryimage"},"thumbnailUrl":"https:\/\/www.mpppst.gob.ve\/mpppstweb\/wp-content\/uploads\/2017\/03\/Alba.jpg","datePublished":"2017-03-06T13:13:11+00:00","dateModified":"2017-03-06T13:13:11+00:00","breadcrumb":{"@id":"https:\/\/www.mpppst.gob.ve\/mpppstweb\/index.php\/2017\/03\/06\/pueblos-del-caribe-destacan-proceso-de-integracion-del-alba\/#breadcrumb"},"inLanguage":"es","potentialAction":[{"@type":"ReadAction","target":["https:\/\/www.mpppst.gob.ve\/mpppstweb\/index.php\/2017\/03\/06\/pueblos-del-caribe-destacan-proceso-de-integracion-del-alba\/"]}]},{"@type":"ImageObject","inLanguage":"es","@id":"https:\/\/www.mpppst.gob.ve\/mpppstweb\/index.php\/2017\/03\/06\/pueblos-del-caribe-destacan-proceso-de-integracion-del-alba\/#primaryimage","url":"https:\/\/www.mpppst.gob.ve\/mpppstweb\/wp-content\/uploads\/2017\/03\/Alba.jpg","contentUrl":"https:\/\/www.mpppst.gob.ve\/mpppstweb\/wp-content\/uploads\/2017\/03\/Alba.jpg","width":800,"height":445},{"@type":"BreadcrumbList","@id":"https:\/\/www.mpppst.gob.ve\/mpppstweb\/index.php\/2017\/03\/06\/pueblos-del-caribe-destacan-proceso-de-integracion-del-alba\/#breadcrumb","itemListElement":[{"@type":"ListItem","position":1,"name":"Home","item":"https:\/\/www.mpppst.gob.ve\/mpppstweb\/"},{"@type":"ListItem","position":2,"name":"Pueblos del Caribe destacan proceso de integraci\u00f3n del ALBA"}]},{"@type":"WebSite","@id":"https:\/\/www.mpppst.gob.ve\/mpppstweb\/#website","url":"https:\/\/www.mpppst.gob.ve\/mpppstweb\/","name":"MPPPST","description":"Ministerio del Poder Popular para el Proceso Social de Trabajo","publisher":{"@id":"https:\/\/www.mpppst.gob.ve\/mpppstweb\/#organization"},"potentialAction":[{"@type":"SearchAction","target":{"@type":"EntryPoint","urlTemplate":"https:\/\/www.mpppst.gob.ve\/mpppstweb\/?s={search_term_string}"},"query-input":"required name=search_term_string"}],"inLanguage":"es"},{"@type":"Organization","@id":"https:\/\/www.mpppst.gob.ve\/mpppstweb\/#organization","name":"mpppst","url":"https:\/\/www.mpppst.gob.ve\/mpppstweb\/","logo":{"@type":"ImageObject","inLanguage":"es","@id":"https:\/\/www.mpppst.gob.ve\/mpppstweb\/#\/schema\/logo\/image\/","url":"https:\/\/www.mpppst.gob.ve\/mpppstweb\/wp-content\/uploads\/2025\/07\/cropped-cropped-g910.png","contentUrl":"https:\/\/www.mpppst.gob.ve\/mpppstweb\/wp-content\/uploads\/2025\/07\/cropped-cropped-g910.png","width":1080,"height":241,"caption":"mpppst"},"image":{"@id":"https:\/\/www.mpppst.gob.ve\/mpppstweb\/#\/schema\/logo\/image\/"}},{"@type":"Person","@id":"https:\/\/www.mpppst.gob.ve\/mpppstweb\/#\/schema\/person\/fc187ee8ead412bd4c9304b62f900ea4","name":"MPPPST Prensa","url":"https:\/\/www.mpppst.gob.ve\/mpppstweb\/index.php\/author\/prensa-mpppst\/"}]}},"_links":{"self":[{"href":"https:\/\/www.mpppst.gob.ve\/mpppstweb\/index.php\/wp-json\/wp\/v2\/posts\/10776"}],"collection":[{"href":"https:\/\/www.mpppst.gob.ve\/mpppstweb\/index.php\/wp-json\/wp\/v2\/posts"}],"about":[{"href":"https:\/\/www.mpppst.gob.ve\/mpppstweb\/index.php\/wp-json\/wp\/v2\/types\/post"}],"author":[{"embeddable":true,"href":"https:\/\/www.mpppst.gob.ve\/mpppstweb\/index.php\/wp-json\/wp\/v2\/users\/25"}],"replies":[{"embeddable":true,"href":"https:\/\/www.mpppst.gob.ve\/mpppstweb\/index.php\/wp-json\/wp\/v2\/comments?post=10776"}],"version-history":[{"count":1,"href":"https:\/\/www.mpppst.gob.ve\/mpppstweb\/index.php\/wp-json\/wp\/v2\/posts\/10776\/revisions"}],"predecessor-version":[{"id":10778,"href":"https:\/\/www.mpppst.gob.ve\/mpppstweb\/index.php\/wp-json\/wp\/v2\/posts\/10776\/revisions\/10778"}],"wp:featuredmedia":[{"embeddable":true,"href":"https:\/\/www.mpppst.gob.ve\/mpppstweb\/index.php\/wp-json\/wp\/v2\/media\/10777"}],"wp:attachment":[{"href":"https:\/\/www.mpppst.gob.ve\/mpppstweb\/index.php\/wp-json\/wp\/v2\/media?parent=10776"}],"wp:term":[{"taxonomy":"category","embeddable":true,"href":"https:\/\/www.mpppst.gob.ve\/mpppstweb\/index.php\/wp-json\/wp\/v2\/categories?post=10776"},{"taxonomy":"post_tag","embeddable":true,"href":"https:\/\/www.mpppst.gob.ve\/mpppstweb\/index.php\/wp-json\/wp\/v2\/tags?post=10776"}],"curies":[{"name":"wp","href":"https:\/\/api.w.org\/{rel}","templated":true}]}}