{"id":10782,"date":"2017-03-06T13:59:26","date_gmt":"2017-03-06T13:59:26","guid":{"rendered":"http:\/\/www.mpppst.gob.ve\/mpppstweb\/?p=10782"},"modified":"2017-03-06T14:00:40","modified_gmt":"2017-03-06T14:00:40","slug":"ejercitos-latinoamericanos-deben-construir-una-nueva-doctrina-antiimperialista-y-patriotica","status":"publish","type":"post","link":"https:\/\/www.mpppst.gob.ve\/mpppstweb\/index.php\/2017\/03\/06\/ejercitos-latinoamericanos-deben-construir-una-nueva-doctrina-antiimperialista-y-patriotica\/","title":{"rendered":"Ej\u00e9rcitos latinoamericanos deben construir una nueva doctrina antiimperialista y patri\u00f3tica"},"content":{"rendered":"<p>\u201cEs necesaria la construcci\u00f3n de una nueva doctrina de las Fuerzas Armadas, de los Ej\u00e9rcitos de nuestros pa\u00edses, una doctrina latinoamericanista, caribe\u00f1a, social, popular y patri\u00f3tica que rechace los esquemas de saqueo, privatizaci\u00f3n y reversi\u00f3n de los derechos y la entrega de los recursos naturales. Una Fuerza Armada que se una al pueblo para defenderlo y protegerlo\u201d.<\/p>\n<p>As\u00ed lo manifest\u00f3 el presidente de la Rep\u00fablica Bolivariana de Venezuela, Nicol\u00e1s Maduro, al respaldar la propuesta presentada por el presidente del Estado Plurinacional de Bolivia, Evo Morales Ayma, durante la clausura de la XIV Cumbre de la Alianza Bolivariana para los Pueblos de Nuestra Am\u00e9rica-Tratado de Comercio de los Pueblos (ALBA-TCP), realizada en el Sal\u00f3n Sim\u00f3n Bol\u00edvar del Palacio de Miraflores.<\/p>\n<p>En el caso de Venezuela es una doctrina aplicada porque es uno de los elementos fundacionales de la Revoluci\u00f3n Bolivariana mediante la uni\u00f3n c\u00edvico-militar y porque el cuerpo castrense levant\u00f3 las banderas del bolivarianismo, del chavismo y el antiimperialismo, afirm\u00f3 el dignatario venezolano.<\/p>\n<p>Por su parte, el presidente Evo Morales manifest\u00f3 la necesidad de crear una nueva doctrina antiimperialista y anticolonialista de las Fuerzas Armadas para que defiendan a los pueblos, a los recursos naturales de los pa\u00edses y para que se sumen a la liberaci\u00f3n de las naciones y no, a las intervenciones.<\/p>\n<p>\u201cNo solamente en Am\u00e9rica Latina sino en todo el mundo constituir Fuerzas Armadas antiimperialistas, anticapitalistas, Fuerzas Armadas anticolonialistas. Las Fuerzas Armadas pro imperialistas son c\u00f3mplices de la ignorancia y de la pobreza, las Fuerzas Armadas pro capitalistas son c\u00f3mplices del saqueo de nuestros recursos naturales (\u2026) y de concentrar el capital en pocas manos para despu\u00e9s dejar en la pobreza en las mayor\u00edas (\u2026)\u201d, expres\u00f3 el presidente Morales.<\/p>\n<p>\u201cComo pa\u00edses ALBA no podemos abandonarnos, somos una gran familia que representamos los pueblos de Am\u00e9rica Latina y debemos estudiar juntos como resolver los problemas que se nos presentan\u201d, prosigui\u00f3 diciendo el mandatario de la naci\u00f3n del altiplano.<\/p>\n<p>El presidente Morales le expres\u00f3 al imperialismo y a la derecha ap\u00e1trida que los pueblos del ALBA-TCP est\u00e1n m\u00e1s fortalecidos que nunca y que siguen siendo antiimperialistas, anticapitalistas y contin\u00faan representando a sus pueblos y no, a los intereses capitalistas.<\/p>\n<p>Durante su intervenci\u00f3n asever\u00f3 que el mejor homenaje al l\u00edder eterno, Hugo Ch\u00e1vez, es la unidad de los pueblos. \u201cNunca olvidar su lucha, y que se fue invicto en su lucha contra el imperio norteamericano. (\u2026). Ch\u00e1vez nos ense\u00f1\u00f3 a levantar la voz ante el imperio\u201d.<\/p>\n<p>Prensa presidencial<\/p>\n","protected":false},"excerpt":{"rendered":"<p>\u201cEs necesaria la construcci\u00f3n de una nueva doctrina de las Fuerzas Armadas, de los Ej\u00e9rcitos de &hellip; <a title=\"Ej\u00e9rcitos latinoamericanos deben construir una nueva doctrina antiimperialista y patri\u00f3tica\" class=\"hm-read-more\" href=\"https:\/\/www.mpppst.gob.ve\/mpppstweb\/index.php\/2017\/03\/06\/ejercitos-latinoamericanos-deben-construir-una-nueva-doctrina-antiimperialista-y-patriotica\/\"><span class=\"screen-reader-text\">Ej\u00e9rcitos latinoamericanos deben construir una nueva doctrina antiimperialista y patri\u00f3tica<\/span>Read more<\/a><\/p>\n","protected":false},"author":25,"featured_media":10783,"comment_status":"closed","ping_status":"closed","sticky":false,"template":"","format":"standard","meta":{"footnotes":""},"categories":[167,260],"tags":[229,315,287],"yoast_head":"<!-- This site is optimized with the Yoast SEO plugin v22.5 - https:\/\/yoast.com\/wordpress\/plugins\/seo\/ -->\n<title>Ej\u00e9rcitos latinoamericanos deben construir una nueva doctrina antiimperialista y patri\u00f3tica - MPPPST<\/title>\n<meta name=\"robots\" content=\"index, follow, max-snippet:-1, max-image-preview:large, max-video-preview:-1\" \/>\n<link rel=\"canonical\" href=\"https:\/\/www.mpppst.gob.ve\/mpppstweb\/index.php\/2017\/03\/06\/ejercitos-latinoamericanos-deben-construir-una-nueva-doctrina-antiimperialista-y-patriotica\/\" \/>\n<meta property=\"og:locale\" content=\"es_ES\" \/>\n<meta property=\"og:type\" content=\"article\" \/>\n<meta property=\"og:title\" content=\"Ej\u00e9rcitos latinoamericanos deben construir una nueva doctrina antiimperialista y patri\u00f3tica - MPPPST\" \/>\n<meta property=\"og:description\" content=\"\u201cEs necesaria la construcci\u00f3n de una nueva doctrina de las Fuerzas Armadas, de los Ej\u00e9rcitos de &hellip; Ej\u00e9rcitos latinoamericanos deben construir una nueva doctrina antiimperialista y patri\u00f3ticaRead more\" \/>\n<meta property=\"og:url\" content=\"https:\/\/www.mpppst.gob.ve\/mpppstweb\/index.php\/2017\/03\/06\/ejercitos-latinoamericanos-deben-construir-una-nueva-doctrina-antiimperialista-y-patriotica\/\" \/>\n<meta property=\"og:site_name\" content=\"MPPPST\" \/>\n<meta property=\"article:published_time\" content=\"2017-03-06T13:59:26+00:00\" \/>\n<meta property=\"article:modified_time\" content=\"2017-03-06T14:00:40+00:00\" \/>\n<meta property=\"og:image\" content=\"https:\/\/www.mpppst.gob.ve\/mpppstweb\/wp-content\/uploads\/2017\/03\/Maduro_MG1127_W.jpg\" \/>\n\t<meta property=\"og:image:width\" content=\"800\" \/>\n\t<meta property=\"og:image:height\" content=\"445\" \/>\n\t<meta property=\"og:image:type\" content=\"image\/jpeg\" \/>\n<meta name=\"author\" content=\"MPPPST Prensa\" \/>\n<meta name=\"twitter:card\" content=\"summary_large_image\" \/>\n<meta name=\"twitter:label1\" content=\"Escrito por\" \/>\n\t<meta name=\"twitter:data1\" content=\"MPPPST Prensa\" \/>\n\t<meta name=\"twitter:label2\" content=\"Tiempo de lectura\" \/>\n\t<meta name=\"twitter:data2\" content=\"2 minutos\" \/>\n<script type=\"application\/ld+json\" class=\"yoast-schema-graph\">{\"@context\":\"https:\/\/schema.org\",\"@graph\":[{\"@type\":\"Article\",\"@id\":\"https:\/\/www.mpppst.gob.ve\/mpppstweb\/index.php\/2017\/03\/06\/ejercitos-latinoamericanos-deben-construir-una-nueva-doctrina-antiimperialista-y-patriotica\/#article\",\"isPartOf\":{\"@id\":\"https:\/\/www.mpppst.gob.ve\/mpppstweb\/index.php\/2017\/03\/06\/ejercitos-latinoamericanos-deben-construir-una-nueva-doctrina-antiimperialista-y-patriotica\/\"},\"author\":{\"name\":\"MPPPST Prensa\",\"@id\":\"https:\/\/www.mpppst.gob.ve\/mpppstweb\/#\/schema\/person\/fc187ee8ead412bd4c9304b62f900ea4\"},\"headline\":\"Ej\u00e9rcitos latinoamericanos deben construir una nueva doctrina antiimperialista y patri\u00f3tica\",\"datePublished\":\"2017-03-06T13:59:26+00:00\",\"dateModified\":\"2017-03-06T14:00:40+00:00\",\"mainEntityOfPage\":{\"@id\":\"https:\/\/www.mpppst.gob.ve\/mpppstweb\/index.php\/2017\/03\/06\/ejercitos-latinoamericanos-deben-construir-una-nueva-doctrina-antiimperialista-y-patriotica\/\"},\"wordCount\":450,\"publisher\":{\"@id\":\"https:\/\/www.mpppst.gob.ve\/mpppstweb\/#organization\"},\"image\":{\"@id\":\"https:\/\/www.mpppst.gob.ve\/mpppstweb\/index.php\/2017\/03\/06\/ejercitos-latinoamericanos-deben-construir-una-nueva-doctrina-antiimperialista-y-patriotica\/#primaryimage\"},\"thumbnailUrl\":\"https:\/\/www.mpppst.gob.ve\/mpppstweb\/wp-content\/uploads\/2017\/03\/Maduro_MG1127_W.jpg\",\"keywords\":[\"Defensa Integral\",\"Integraci\u00f3n\",\"Politica Exterior\"],\"articleSection\":[\"Defensa Integral\",\"Internacionales\"],\"inLanguage\":\"es\"},{\"@type\":\"WebPage\",\"@id\":\"https:\/\/www.mpppst.gob.ve\/mpppstweb\/index.php\/2017\/03\/06\/ejercitos-latinoamericanos-deben-construir-una-nueva-doctrina-antiimperialista-y-patriotica\/\",\"url\":\"https:\/\/www.mpppst.gob.ve\/mpppstweb\/index.php\/2017\/03\/06\/ejercitos-latinoamericanos-deben-construir-una-nueva-doctrina-antiimperialista-y-patriotica\/\",\"name\":\"Ej\u00e9rcitos latinoamericanos deben construir una nueva doctrina antiimperialista y patri\u00f3tica - MPPPST\",\"isPartOf\":{\"@id\":\"https:\/\/www.mpppst.gob.ve\/mpppstweb\/#website\"},\"primaryImageOfPage\":{\"@id\":\"https:\/\/www.mpppst.gob.ve\/mpppstweb\/index.php\/2017\/03\/06\/ejercitos-latinoamericanos-deben-construir-una-nueva-doctrina-antiimperialista-y-patriotica\/#primaryimage\"},\"image\":{\"@id\":\"https:\/\/www.mpppst.gob.ve\/mpppstweb\/index.php\/2017\/03\/06\/ejercitos-latinoamericanos-deben-construir-una-nueva-doctrina-antiimperialista-y-patriotica\/#primaryimage\"},\"thumbnailUrl\":\"https:\/\/www.mpppst.gob.ve\/mpppstweb\/wp-content\/uploads\/2017\/03\/Maduro_MG1127_W.jpg\",\"datePublished\":\"2017-03-06T13:59:26+00:00\",\"dateModified\":\"2017-03-06T14:00:40+00:00\",\"breadcrumb\":{\"@id\":\"https:\/\/www.mpppst.gob.ve\/mpppstweb\/index.php\/2017\/03\/06\/ejercitos-latinoamericanos-deben-construir-una-nueva-doctrina-antiimperialista-y-patriotica\/#breadcrumb\"},\"inLanguage\":\"es\",\"potentialAction\":[{\"@type\":\"ReadAction\",\"target\":[\"https:\/\/www.mpppst.gob.ve\/mpppstweb\/index.php\/2017\/03\/06\/ejercitos-latinoamericanos-deben-construir-una-nueva-doctrina-antiimperialista-y-patriotica\/\"]}]},{\"@type\":\"ImageObject\",\"inLanguage\":\"es\",\"@id\":\"https:\/\/www.mpppst.gob.ve\/mpppstweb\/index.php\/2017\/03\/06\/ejercitos-latinoamericanos-deben-construir-una-nueva-doctrina-antiimperialista-y-patriotica\/#primaryimage\",\"url\":\"https:\/\/www.mpppst.gob.ve\/mpppstweb\/wp-content\/uploads\/2017\/03\/Maduro_MG1127_W.jpg\",\"contentUrl\":\"https:\/\/www.mpppst.gob.ve\/mpppstweb\/wp-content\/uploads\/2017\/03\/Maduro_MG1127_W.jpg\",\"width\":800,\"height\":445},{\"@type\":\"BreadcrumbList\",\"@id\":\"https:\/\/www.mpppst.gob.ve\/mpppstweb\/index.php\/2017\/03\/06\/ejercitos-latinoamericanos-deben-construir-una-nueva-doctrina-antiimperialista-y-patriotica\/#breadcrumb\",\"itemListElement\":[{\"@type\":\"ListItem\",\"position\":1,\"name\":\"Home\",\"item\":\"https:\/\/www.mpppst.gob.ve\/mpppstweb\/\"},{\"@type\":\"ListItem\",\"position\":2,\"name\":\"Ej\u00e9rcitos latinoamericanos deben construir una nueva doctrina antiimperialista y patri\u00f3tica\"}]},{\"@type\":\"WebSite\",\"@id\":\"https:\/\/www.mpppst.gob.ve\/mpppstweb\/#website\",\"url\":\"https:\/\/www.mpppst.gob.ve\/mpppstweb\/\",\"name\":\"MPPPST\",\"description\":\"Ministerio del Poder Popular para el Proceso Social de Trabajo\",\"publisher\":{\"@id\":\"https:\/\/www.mpppst.gob.ve\/mpppstweb\/#organization\"},\"potentialAction\":[{\"@type\":\"SearchAction\",\"target\":{\"@type\":\"EntryPoint\",\"urlTemplate\":\"https:\/\/www.mpppst.gob.ve\/mpppstweb\/?s={search_term_string}\"},\"query-input\":\"required name=search_term_string\"}],\"inLanguage\":\"es\"},{\"@type\":\"Organization\",\"@id\":\"https:\/\/www.mpppst.gob.ve\/mpppstweb\/#organization\",\"name\":\"mpppst\",\"url\":\"https:\/\/www.mpppst.gob.ve\/mpppstweb\/\",\"logo\":{\"@type\":\"ImageObject\",\"inLanguage\":\"es\",\"@id\":\"https:\/\/www.mpppst.gob.ve\/mpppstweb\/#\/schema\/logo\/image\/\",\"url\":\"https:\/\/www.mpppst.gob.ve\/mpppstweb\/wp-content\/uploads\/2025\/07\/cropped-cropped-g910.png\",\"contentUrl\":\"https:\/\/www.mpppst.gob.ve\/mpppstweb\/wp-content\/uploads\/2025\/07\/cropped-cropped-g910.png\",\"width\":1080,\"height\":241,\"caption\":\"mpppst\"},\"image\":{\"@id\":\"https:\/\/www.mpppst.gob.ve\/mpppstweb\/#\/schema\/logo\/image\/\"}},{\"@type\":\"Person\",\"@id\":\"https:\/\/www.mpppst.gob.ve\/mpppstweb\/#\/schema\/person\/fc187ee8ead412bd4c9304b62f900ea4\",\"name\":\"MPPPST Prensa\",\"url\":\"https:\/\/www.mpppst.gob.ve\/mpppstweb\/index.php\/author\/prensa-mpppst\/\"}]}<\/script>\n<!-- \/ Yoast SEO plugin. -->","yoast_head_json":{"title":"Ej\u00e9rcitos latinoamericanos deben construir una nueva doctrina antiimperialista y patri\u00f3tica - MPPPST","robots":{"index":"index","follow":"follow","max-snippet":"max-snippet:-1","max-image-preview":"max-image-preview:large","max-video-preview":"max-video-preview:-1"},"canonical":"https:\/\/www.mpppst.gob.ve\/mpppstweb\/index.php\/2017\/03\/06\/ejercitos-latinoamericanos-deben-construir-una-nueva-doctrina-antiimperialista-y-patriotica\/","og_locale":"es_ES","og_type":"article","og_title":"Ej\u00e9rcitos latinoamericanos deben construir una nueva doctrina antiimperialista y patri\u00f3tica - MPPPST","og_description":"\u201cEs necesaria la construcci\u00f3n de una nueva doctrina de las Fuerzas Armadas, de los Ej\u00e9rcitos de &hellip; Ej\u00e9rcitos latinoamericanos deben construir una nueva doctrina antiimperialista y patri\u00f3ticaRead more","og_url":"https:\/\/www.mpppst.gob.ve\/mpppstweb\/index.php\/2017\/03\/06\/ejercitos-latinoamericanos-deben-construir-una-nueva-doctrina-antiimperialista-y-patriotica\/","og_site_name":"MPPPST","article_published_time":"2017-03-06T13:59:26+00:00","article_modified_time":"2017-03-06T14:00:40+00:00","og_image":[{"width":800,"height":445,"url":"https:\/\/www.mpppst.gob.ve\/mpppstweb\/wp-content\/uploads\/2017\/03\/Maduro_MG1127_W.jpg","type":"image\/jpeg"}],"author":"MPPPST Prensa","twitter_card":"summary_large_image","twitter_misc":{"Escrito por":"MPPPST Prensa","Tiempo de lectura":"2 minutos"},"schema":{"@context":"https:\/\/schema.org","@graph":[{"@type":"Article","@id":"https:\/\/www.mpppst.gob.ve\/mpppstweb\/index.php\/2017\/03\/06\/ejercitos-latinoamericanos-deben-construir-una-nueva-doctrina-antiimperialista-y-patriotica\/#article","isPartOf":{"@id":"https:\/\/www.mpppst.gob.ve\/mpppstweb\/index.php\/2017\/03\/06\/ejercitos-latinoamericanos-deben-construir-una-nueva-doctrina-antiimperialista-y-patriotica\/"},"author":{"name":"MPPPST Prensa","@id":"https:\/\/www.mpppst.gob.ve\/mpppstweb\/#\/schema\/person\/fc187ee8ead412bd4c9304b62f900ea4"},"headline":"Ej\u00e9rcitos latinoamericanos deben construir una nueva doctrina antiimperialista y patri\u00f3tica","datePublished":"2017-03-06T13:59:26+00:00","dateModified":"2017-03-06T14:00:40+00:00","mainEntityOfPage":{"@id":"https:\/\/www.mpppst.gob.ve\/mpppstweb\/index.php\/2017\/03\/06\/ejercitos-latinoamericanos-deben-construir-una-nueva-doctrina-antiimperialista-y-patriotica\/"},"wordCount":450,"publisher":{"@id":"https:\/\/www.mpppst.gob.ve\/mpppstweb\/#organization"},"image":{"@id":"https:\/\/www.mpppst.gob.ve\/mpppstweb\/index.php\/2017\/03\/06\/ejercitos-latinoamericanos-deben-construir-una-nueva-doctrina-antiimperialista-y-patriotica\/#primaryimage"},"thumbnailUrl":"https:\/\/www.mpppst.gob.ve\/mpppstweb\/wp-content\/uploads\/2017\/03\/Maduro_MG1127_W.jpg","keywords":["Defensa Integral","Integraci\u00f3n","Politica Exterior"],"articleSection":["Defensa Integral","Internacionales"],"inLanguage":"es"},{"@type":"WebPage","@id":"https:\/\/www.mpppst.gob.ve\/mpppstweb\/index.php\/2017\/03\/06\/ejercitos-latinoamericanos-deben-construir-una-nueva-doctrina-antiimperialista-y-patriotica\/","url":"https:\/\/www.mpppst.gob.ve\/mpppstweb\/index.php\/2017\/03\/06\/ejercitos-latinoamericanos-deben-construir-una-nueva-doctrina-antiimperialista-y-patriotica\/","name":"Ej\u00e9rcitos latinoamericanos deben construir una nueva doctrina antiimperialista y patri\u00f3tica - MPPPST","isPartOf":{"@id":"https:\/\/www.mpppst.gob.ve\/mpppstweb\/#website"},"primaryImageOfPage":{"@id":"https:\/\/www.mpppst.gob.ve\/mpppstweb\/index.php\/2017\/03\/06\/ejercitos-latinoamericanos-deben-construir-una-nueva-doctrina-antiimperialista-y-patriotica\/#primaryimage"},"image":{"@id":"https:\/\/www.mpppst.gob.ve\/mpppstweb\/index.php\/2017\/03\/06\/ejercitos-latinoamericanos-deben-construir-una-nueva-doctrina-antiimperialista-y-patriotica\/#primaryimage"},"thumbnailUrl":"https:\/\/www.mpppst.gob.ve\/mpppstweb\/wp-content\/uploads\/2017\/03\/Maduro_MG1127_W.jpg","datePublished":"2017-03-06T13:59:26+00:00","dateModified":"2017-03-06T14:00:40+00:00","breadcrumb":{"@id":"https:\/\/www.mpppst.gob.ve\/mpppstweb\/index.php\/2017\/03\/06\/ejercitos-latinoamericanos-deben-construir-una-nueva-doctrina-antiimperialista-y-patriotica\/#breadcrumb"},"inLanguage":"es","potentialAction":[{"@type":"ReadAction","target":["https:\/\/www.mpppst.gob.ve\/mpppstweb\/index.php\/2017\/03\/06\/ejercitos-latinoamericanos-deben-construir-una-nueva-doctrina-antiimperialista-y-patriotica\/"]}]},{"@type":"ImageObject","inLanguage":"es","@id":"https:\/\/www.mpppst.gob.ve\/mpppstweb\/index.php\/2017\/03\/06\/ejercitos-latinoamericanos-deben-construir-una-nueva-doctrina-antiimperialista-y-patriotica\/#primaryimage","url":"https:\/\/www.mpppst.gob.ve\/mpppstweb\/wp-content\/uploads\/2017\/03\/Maduro_MG1127_W.jpg","contentUrl":"https:\/\/www.mpppst.gob.ve\/mpppstweb\/wp-content\/uploads\/2017\/03\/Maduro_MG1127_W.jpg","width":800,"height":445},{"@type":"BreadcrumbList","@id":"https:\/\/www.mpppst.gob.ve\/mpppstweb\/index.php\/2017\/03\/06\/ejercitos-latinoamericanos-deben-construir-una-nueva-doctrina-antiimperialista-y-patriotica\/#breadcrumb","itemListElement":[{"@type":"ListItem","position":1,"name":"Home","item":"https:\/\/www.mpppst.gob.ve\/mpppstweb\/"},{"@type":"ListItem","position":2,"name":"Ej\u00e9rcitos latinoamericanos deben construir una nueva doctrina antiimperialista y patri\u00f3tica"}]},{"@type":"WebSite","@id":"https:\/\/www.mpppst.gob.ve\/mpppstweb\/#website","url":"https:\/\/www.mpppst.gob.ve\/mpppstweb\/","name":"MPPPST","description":"Ministerio del Poder Popular para el Proceso Social de Trabajo","publisher":{"@id":"https:\/\/www.mpppst.gob.ve\/mpppstweb\/#organization"},"potentialAction":[{"@type":"SearchAction","target":{"@type":"EntryPoint","urlTemplate":"https:\/\/www.mpppst.gob.ve\/mpppstweb\/?s={search_term_string}"},"query-input":"required name=search_term_string"}],"inLanguage":"es"},{"@type":"Organization","@id":"https:\/\/www.mpppst.gob.ve\/mpppstweb\/#organization","name":"mpppst","url":"https:\/\/www.mpppst.gob.ve\/mpppstweb\/","logo":{"@type":"ImageObject","inLanguage":"es","@id":"https:\/\/www.mpppst.gob.ve\/mpppstweb\/#\/schema\/logo\/image\/","url":"https:\/\/www.mpppst.gob.ve\/mpppstweb\/wp-content\/uploads\/2025\/07\/cropped-cropped-g910.png","contentUrl":"https:\/\/www.mpppst.gob.ve\/mpppstweb\/wp-content\/uploads\/2025\/07\/cropped-cropped-g910.png","width":1080,"height":241,"caption":"mpppst"},"image":{"@id":"https:\/\/www.mpppst.gob.ve\/mpppstweb\/#\/schema\/logo\/image\/"}},{"@type":"Person","@id":"https:\/\/www.mpppst.gob.ve\/mpppstweb\/#\/schema\/person\/fc187ee8ead412bd4c9304b62f900ea4","name":"MPPPST Prensa","url":"https:\/\/www.mpppst.gob.ve\/mpppstweb\/index.php\/author\/prensa-mpppst\/"}]}},"_links":{"self":[{"href":"https:\/\/www.mpppst.gob.ve\/mpppstweb\/index.php\/wp-json\/wp\/v2\/posts\/10782"}],"collection":[{"href":"https:\/\/www.mpppst.gob.ve\/mpppstweb\/index.php\/wp-json\/wp\/v2\/posts"}],"about":[{"href":"https:\/\/www.mpppst.gob.ve\/mpppstweb\/index.php\/wp-json\/wp\/v2\/types\/post"}],"author":[{"embeddable":true,"href":"https:\/\/www.mpppst.gob.ve\/mpppstweb\/index.php\/wp-json\/wp\/v2\/users\/25"}],"replies":[{"embeddable":true,"href":"https:\/\/www.mpppst.gob.ve\/mpppstweb\/index.php\/wp-json\/wp\/v2\/comments?post=10782"}],"version-history":[{"count":1,"href":"https:\/\/www.mpppst.gob.ve\/mpppstweb\/index.php\/wp-json\/wp\/v2\/posts\/10782\/revisions"}],"predecessor-version":[{"id":10784,"href":"https:\/\/www.mpppst.gob.ve\/mpppstweb\/index.php\/wp-json\/wp\/v2\/posts\/10782\/revisions\/10784"}],"wp:featuredmedia":[{"embeddable":true,"href":"https:\/\/www.mpppst.gob.ve\/mpppstweb\/index.php\/wp-json\/wp\/v2\/media\/10783"}],"wp:attachment":[{"href":"https:\/\/www.mpppst.gob.ve\/mpppstweb\/index.php\/wp-json\/wp\/v2\/media?parent=10782"}],"wp:term":[{"taxonomy":"category","embeddable":true,"href":"https:\/\/www.mpppst.gob.ve\/mpppstweb\/index.php\/wp-json\/wp\/v2\/categories?post=10782"},{"taxonomy":"post_tag","embeddable":true,"href":"https:\/\/www.mpppst.gob.ve\/mpppstweb\/index.php\/wp-json\/wp\/v2\/tags?post=10782"}],"curies":[{"name":"wp","href":"https:\/\/api.w.org\/{rel}","templated":true}]}}