{"id":10789,"date":"2017-03-06T20:50:52","date_gmt":"2017-03-06T20:50:52","guid":{"rendered":"http:\/\/www.mpppst.gob.ve\/mpppstweb\/?p=10789"},"modified":"2017-03-06T20:50:52","modified_gmt":"2017-03-06T20:50:52","slug":"el-seis-de-marzo-de-1927-nace-gabriel-garcia-marquez","status":"publish","type":"post","link":"https:\/\/www.mpppst.gob.ve\/mpppstweb\/index.php\/2017\/03\/06\/el-seis-de-marzo-de-1927-nace-gabriel-garcia-marquez\/","title":{"rendered":"El seis de marzo de 1927 nace Gabriel Garc\u00eda M\u00e1rquez"},"content":{"rendered":"<p>VTV.- El seis de marzo de 1927 en Colombia, espec\u00edficamente en la ciudad de Aracataca naci\u00f3 Gabriel Garc\u00eda M\u00e1rquez, periodista, escritor, ganador del Nobel de Literatura y defensor del sentir y vivir latinoamericano.gabo3<\/p>\n<p>M\u00e1rquez, conocido como uno de los grandes maestros de la escritura universal, es el impulsor del llamado boom de la literatura hispanoamericana, que se desarroll\u00f3 en la d\u00e9cada de 1960 y que catapult\u00f3 a numerosos narradores del continente.<\/p>\n<p>Se le reconoce como creador del denominado realismo m\u00e1gico y promotor de la renovaci\u00f3n de las t\u00e9cnicas narrativas de la novela europea y estadounidense de entreguerras, ya que el Gabo adicion\u00f3 la fantas\u00eda al g\u00e9nero literario con sus insuperables dotes de narrador.<\/p>\n<p>Estudi\u00f3 derecho y periodismo en la Universidad Nacional e inici\u00f3 sus primeras colaboraciones period\u00edsticas en el diario El Espectador. A los 28 a\u00f1os public\u00f3 su primera novela llamada La hojarasca, donde se vislumbraron algunos personajes de la novela que\u00a0 posteriormente lo consagrar\u00eda como escritor en el mundo, Cien a\u00f1os de soledad, publicada en 1967 es una de las novelas m\u00e1s importantes de la literatura universal del siglo XX.<\/p>\n<p>Seg\u00fan la biograf\u00eda de M\u00e1rquez, esta obra fue gestada durante casi veinte a\u00f1os y redactada en dieciocho meses. Cien a\u00f1os de soledad recrea a trav\u00e9s de la saga familiar de los Buend\u00eda la peripecia hist\u00f3rica de Macondo, aldea imaginaria fundada por los primeros Buend\u00eda que es su localidad natal y, al mismo tiempo, su pa\u00eds y su continente. La novela alza un mundo propio, recreaci\u00f3n m\u00edtica del mundo real de Latinoam\u00e9rica que se ha llamado realismo m\u00e1gico, por el encuentro constante de lo real con elementos fant\u00e1sticos.<\/p>\n<p>Despu\u00e9s de Cien a\u00f1os su narrativa, despojada en mayor o menor media de elementos fant\u00e1sticos, mantuvo un alt\u00edsimo nivel; es el caso de novelas como El oto\u00f1o del patriarca (1975), que somete a alucinante tratamiento el tema del dictador hispanoamericano; Cr\u00f3nica de una muerte anunciada (1981), relato de un crimen de honor basado en sucesos reales que sobresale por su perfecci\u00f3n constructiva y ha sido considerado su segunda obra maestra; y El amor en los tiempos del c\u00f3lera (1985), extraordinaria historia de un amor que, nacido en la adolescencia, no llega a consumarse hasta 53 a\u00f1os despu\u00e9s, ya en la vejez de los personajes, indica su biografia.<\/p>\n<p>gabo 4Su prestigio literario, que en 1982 le vali\u00f3 el Premio Nobel de Literatura, le confiri\u00f3 autoridad para hacer o\u00edr su voz sobre la vida pol\u00edtica y social colombiana. Su actividad como periodista qued\u00f3 recogida en Textos coste\u00f1os (1981) y Entre cachacos (1983), compendios de art\u00edculos publicados en la prensa escrita, y en Noticia de un secuestro, amplio reportaje novelado editado en 1996 que trata de la dram\u00e1tica peripecia de nueve periodistas secuestrados por orden del narcotraficante Pablo Escobar. Relato de un n\u00e1ufrago, reportaje sobre un caso real publicado en forma de novela en 1968, constituye un brillante ejemplo de \u00abnuevo realismo\u00bb y puso de manifiesto su capacidad para cambiar de registro.<\/p>\n<p>Pol\u00edticamente Garc\u00eda M\u00e1rquez estuvo comprometido con los movimientos de izquierda, y sigui\u00f3 de cerca la insurrecci\u00f3n guerrillera cubana hasta su triunfo en 1959. Fue amigo del presidente cubano y l\u00edder la Revoluci\u00f3n latinoamericana Fidel Castro. Particip\u00f3 en la fundaci\u00f3n de Prensa Latina y la agencia de noticias de Cuba.<\/p>\n<p>En el cine intervino en la redacci\u00f3n de numerosos guiones, a veces adaptaciones de sus propias obras, y desde 1985 comparti\u00f3, con el cineasta argentino Fernando Birri, la direcci\u00f3n de la Escuela Internacional de Cine de La Habana.<\/p>\n<p>Entre su producci\u00f3n posterior cabe destacar una novela hist\u00f3rica en torno a Sim\u00f3n Bol\u00edvar, El general en su laberinto (1989); la colecci\u00f3n de relatos Doce cuentos peregrinos (1992); el volumen de memorias Vivir para contarla (2002), que cubre los primeros treinta a\u00f1os de su vida, y su \u00faltima novela, Memorias de mis putas tristes (2004), sobre el amor de un nonagenario periodista por una joven prostituta.<\/p>\n<p>Falleci\u00f3 en la ciudad de M\u00e9xico en 2014, tras una reca\u00edda en el c\u00e1ncer linf\u00e1tico que le hab\u00eda sido diagnosticado en 1999.<\/p>\n","protected":false},"excerpt":{"rendered":"<p>VTV.- El seis de marzo de 1927 en Colombia, espec\u00edficamente en la ciudad de Aracataca naci\u00f3 &hellip; <a title=\"El seis de marzo de 1927 nace Gabriel Garc\u00eda M\u00e1rquez\" class=\"hm-read-more\" href=\"https:\/\/www.mpppst.gob.ve\/mpppstweb\/index.php\/2017\/03\/06\/el-seis-de-marzo-de-1927-nace-gabriel-garcia-marquez\/\"><span class=\"screen-reader-text\">El seis de marzo de 1927 nace Gabriel Garc\u00eda M\u00e1rquez<\/span>Read more<\/a><\/p>\n","protected":false},"author":25,"featured_media":10790,"comment_status":"closed","ping_status":"closed","sticky":false,"template":"","format":"standard","meta":{"footnotes":""},"categories":[82,163],"tags":[254],"yoast_head":"<!-- This site is optimized with the Yoast SEO plugin v22.5 - https:\/\/yoast.com\/wordpress\/plugins\/seo\/ -->\n<title>El seis de marzo de 1927 nace Gabriel Garc\u00eda M\u00e1rquez - MPPPST<\/title>\n<meta name=\"robots\" content=\"index, follow, max-snippet:-1, max-image-preview:large, max-video-preview:-1\" \/>\n<link rel=\"canonical\" href=\"https:\/\/www.mpppst.gob.ve\/mpppstweb\/index.php\/2017\/03\/06\/el-seis-de-marzo-de-1927-nace-gabriel-garcia-marquez\/\" \/>\n<meta property=\"og:locale\" content=\"es_ES\" \/>\n<meta property=\"og:type\" content=\"article\" \/>\n<meta property=\"og:title\" content=\"El seis de marzo de 1927 nace Gabriel Garc\u00eda M\u00e1rquez - MPPPST\" \/>\n<meta property=\"og:description\" content=\"VTV.- El seis de marzo de 1927 en Colombia, espec\u00edficamente en la ciudad de Aracataca naci\u00f3 &hellip; El seis de marzo de 1927 nace Gabriel Garc\u00eda M\u00e1rquezRead more\" \/>\n<meta property=\"og:url\" content=\"https:\/\/www.mpppst.gob.ve\/mpppstweb\/index.php\/2017\/03\/06\/el-seis-de-marzo-de-1927-nace-gabriel-garcia-marquez\/\" \/>\n<meta property=\"og:site_name\" content=\"MPPPST\" \/>\n<meta property=\"article:published_time\" content=\"2017-03-06T20:50:52+00:00\" \/>\n<meta property=\"og:image\" content=\"https:\/\/www.mpppst.gob.ve\/mpppstweb\/wp-content\/uploads\/2017\/03\/marquez-gabriel-adv-obit-slide-lp84-superjumbo.jpg\" \/>\n\t<meta property=\"og:image:width\" content=\"788\" \/>\n\t<meta property=\"og:image:height\" content=\"452\" \/>\n\t<meta property=\"og:image:type\" content=\"image\/jpeg\" \/>\n<meta name=\"author\" content=\"MPPPST Prensa\" \/>\n<meta name=\"twitter:card\" content=\"summary_large_image\" \/>\n<meta name=\"twitter:label1\" content=\"Escrito por\" \/>\n\t<meta name=\"twitter:data1\" content=\"MPPPST Prensa\" \/>\n\t<meta name=\"twitter:label2\" content=\"Tiempo de lectura\" \/>\n\t<meta name=\"twitter:data2\" content=\"4 minutos\" \/>\n<script type=\"application\/ld+json\" class=\"yoast-schema-graph\">{\"@context\":\"https:\/\/schema.org\",\"@graph\":[{\"@type\":\"Article\",\"@id\":\"https:\/\/www.mpppst.gob.ve\/mpppstweb\/index.php\/2017\/03\/06\/el-seis-de-marzo-de-1927-nace-gabriel-garcia-marquez\/#article\",\"isPartOf\":{\"@id\":\"https:\/\/www.mpppst.gob.ve\/mpppstweb\/index.php\/2017\/03\/06\/el-seis-de-marzo-de-1927-nace-gabriel-garcia-marquez\/\"},\"author\":{\"name\":\"MPPPST Prensa\",\"@id\":\"https:\/\/www.mpppst.gob.ve\/mpppstweb\/#\/schema\/person\/fc187ee8ead412bd4c9304b62f900ea4\"},\"headline\":\"El seis de marzo de 1927 nace Gabriel Garc\u00eda M\u00e1rquez\",\"datePublished\":\"2017-03-06T20:50:52+00:00\",\"dateModified\":\"2017-03-06T20:50:52+00:00\",\"mainEntityOfPage\":{\"@id\":\"https:\/\/www.mpppst.gob.ve\/mpppstweb\/index.php\/2017\/03\/06\/el-seis-de-marzo-de-1927-nace-gabriel-garcia-marquez\/\"},\"wordCount\":720,\"publisher\":{\"@id\":\"https:\/\/www.mpppst.gob.ve\/mpppstweb\/#organization\"},\"image\":{\"@id\":\"https:\/\/www.mpppst.gob.ve\/mpppstweb\/index.php\/2017\/03\/06\/el-seis-de-marzo-de-1927-nace-gabriel-garcia-marquez\/#primaryimage\"},\"thumbnailUrl\":\"https:\/\/www.mpppst.gob.ve\/mpppstweb\/wp-content\/uploads\/2017\/03\/marquez-gabriel-adv-obit-slide-lp84-superjumbo.jpg\",\"keywords\":[\"Efem\u00e9rides\"],\"articleSection\":[\"Gobierno Nacional\",\"Noticias\"],\"inLanguage\":\"es\"},{\"@type\":\"WebPage\",\"@id\":\"https:\/\/www.mpppst.gob.ve\/mpppstweb\/index.php\/2017\/03\/06\/el-seis-de-marzo-de-1927-nace-gabriel-garcia-marquez\/\",\"url\":\"https:\/\/www.mpppst.gob.ve\/mpppstweb\/index.php\/2017\/03\/06\/el-seis-de-marzo-de-1927-nace-gabriel-garcia-marquez\/\",\"name\":\"El seis de marzo de 1927 nace Gabriel Garc\u00eda M\u00e1rquez - MPPPST\",\"isPartOf\":{\"@id\":\"https:\/\/www.mpppst.gob.ve\/mpppstweb\/#website\"},\"primaryImageOfPage\":{\"@id\":\"https:\/\/www.mpppst.gob.ve\/mpppstweb\/index.php\/2017\/03\/06\/el-seis-de-marzo-de-1927-nace-gabriel-garcia-marquez\/#primaryimage\"},\"image\":{\"@id\":\"https:\/\/www.mpppst.gob.ve\/mpppstweb\/index.php\/2017\/03\/06\/el-seis-de-marzo-de-1927-nace-gabriel-garcia-marquez\/#primaryimage\"},\"thumbnailUrl\":\"https:\/\/www.mpppst.gob.ve\/mpppstweb\/wp-content\/uploads\/2017\/03\/marquez-gabriel-adv-obit-slide-lp84-superjumbo.jpg\",\"datePublished\":\"2017-03-06T20:50:52+00:00\",\"dateModified\":\"2017-03-06T20:50:52+00:00\",\"breadcrumb\":{\"@id\":\"https:\/\/www.mpppst.gob.ve\/mpppstweb\/index.php\/2017\/03\/06\/el-seis-de-marzo-de-1927-nace-gabriel-garcia-marquez\/#breadcrumb\"},\"inLanguage\":\"es\",\"potentialAction\":[{\"@type\":\"ReadAction\",\"target\":[\"https:\/\/www.mpppst.gob.ve\/mpppstweb\/index.php\/2017\/03\/06\/el-seis-de-marzo-de-1927-nace-gabriel-garcia-marquez\/\"]}]},{\"@type\":\"ImageObject\",\"inLanguage\":\"es\",\"@id\":\"https:\/\/www.mpppst.gob.ve\/mpppstweb\/index.php\/2017\/03\/06\/el-seis-de-marzo-de-1927-nace-gabriel-garcia-marquez\/#primaryimage\",\"url\":\"https:\/\/www.mpppst.gob.ve\/mpppstweb\/wp-content\/uploads\/2017\/03\/marquez-gabriel-adv-obit-slide-lp84-superjumbo.jpg\",\"contentUrl\":\"https:\/\/www.mpppst.gob.ve\/mpppstweb\/wp-content\/uploads\/2017\/03\/marquez-gabriel-adv-obit-slide-lp84-superjumbo.jpg\",\"width\":788,\"height\":452},{\"@type\":\"BreadcrumbList\",\"@id\":\"https:\/\/www.mpppst.gob.ve\/mpppstweb\/index.php\/2017\/03\/06\/el-seis-de-marzo-de-1927-nace-gabriel-garcia-marquez\/#breadcrumb\",\"itemListElement\":[{\"@type\":\"ListItem\",\"position\":1,\"name\":\"Home\",\"item\":\"https:\/\/www.mpppst.gob.ve\/mpppstweb\/\"},{\"@type\":\"ListItem\",\"position\":2,\"name\":\"El seis de marzo de 1927 nace Gabriel Garc\u00eda M\u00e1rquez\"}]},{\"@type\":\"WebSite\",\"@id\":\"https:\/\/www.mpppst.gob.ve\/mpppstweb\/#website\",\"url\":\"https:\/\/www.mpppst.gob.ve\/mpppstweb\/\",\"name\":\"MPPPST\",\"description\":\"Ministerio del Poder Popular para el Proceso Social de Trabajo\",\"publisher\":{\"@id\":\"https:\/\/www.mpppst.gob.ve\/mpppstweb\/#organization\"},\"potentialAction\":[{\"@type\":\"SearchAction\",\"target\":{\"@type\":\"EntryPoint\",\"urlTemplate\":\"https:\/\/www.mpppst.gob.ve\/mpppstweb\/?s={search_term_string}\"},\"query-input\":\"required name=search_term_string\"}],\"inLanguage\":\"es\"},{\"@type\":\"Organization\",\"@id\":\"https:\/\/www.mpppst.gob.ve\/mpppstweb\/#organization\",\"name\":\"mpppst\",\"url\":\"https:\/\/www.mpppst.gob.ve\/mpppstweb\/\",\"logo\":{\"@type\":\"ImageObject\",\"inLanguage\":\"es\",\"@id\":\"https:\/\/www.mpppst.gob.ve\/mpppstweb\/#\/schema\/logo\/image\/\",\"url\":\"https:\/\/www.mpppst.gob.ve\/mpppstweb\/wp-content\/uploads\/2025\/07\/cropped-cropped-g910.png\",\"contentUrl\":\"https:\/\/www.mpppst.gob.ve\/mpppstweb\/wp-content\/uploads\/2025\/07\/cropped-cropped-g910.png\",\"width\":1080,\"height\":241,\"caption\":\"mpppst\"},\"image\":{\"@id\":\"https:\/\/www.mpppst.gob.ve\/mpppstweb\/#\/schema\/logo\/image\/\"}},{\"@type\":\"Person\",\"@id\":\"https:\/\/www.mpppst.gob.ve\/mpppstweb\/#\/schema\/person\/fc187ee8ead412bd4c9304b62f900ea4\",\"name\":\"MPPPST Prensa\",\"url\":\"https:\/\/www.mpppst.gob.ve\/mpppstweb\/index.php\/author\/prensa-mpppst\/\"}]}<\/script>\n<!-- \/ Yoast SEO plugin. -->","yoast_head_json":{"title":"El seis de marzo de 1927 nace Gabriel Garc\u00eda M\u00e1rquez - MPPPST","robots":{"index":"index","follow":"follow","max-snippet":"max-snippet:-1","max-image-preview":"max-image-preview:large","max-video-preview":"max-video-preview:-1"},"canonical":"https:\/\/www.mpppst.gob.ve\/mpppstweb\/index.php\/2017\/03\/06\/el-seis-de-marzo-de-1927-nace-gabriel-garcia-marquez\/","og_locale":"es_ES","og_type":"article","og_title":"El seis de marzo de 1927 nace Gabriel Garc\u00eda M\u00e1rquez - MPPPST","og_description":"VTV.- El seis de marzo de 1927 en Colombia, espec\u00edficamente en la ciudad de Aracataca naci\u00f3 &hellip; El seis de marzo de 1927 nace Gabriel Garc\u00eda M\u00e1rquezRead more","og_url":"https:\/\/www.mpppst.gob.ve\/mpppstweb\/index.php\/2017\/03\/06\/el-seis-de-marzo-de-1927-nace-gabriel-garcia-marquez\/","og_site_name":"MPPPST","article_published_time":"2017-03-06T20:50:52+00:00","og_image":[{"width":788,"height":452,"url":"https:\/\/www.mpppst.gob.ve\/mpppstweb\/wp-content\/uploads\/2017\/03\/marquez-gabriel-adv-obit-slide-lp84-superjumbo.jpg","type":"image\/jpeg"}],"author":"MPPPST Prensa","twitter_card":"summary_large_image","twitter_misc":{"Escrito por":"MPPPST Prensa","Tiempo de lectura":"4 minutos"},"schema":{"@context":"https:\/\/schema.org","@graph":[{"@type":"Article","@id":"https:\/\/www.mpppst.gob.ve\/mpppstweb\/index.php\/2017\/03\/06\/el-seis-de-marzo-de-1927-nace-gabriel-garcia-marquez\/#article","isPartOf":{"@id":"https:\/\/www.mpppst.gob.ve\/mpppstweb\/index.php\/2017\/03\/06\/el-seis-de-marzo-de-1927-nace-gabriel-garcia-marquez\/"},"author":{"name":"MPPPST Prensa","@id":"https:\/\/www.mpppst.gob.ve\/mpppstweb\/#\/schema\/person\/fc187ee8ead412bd4c9304b62f900ea4"},"headline":"El seis de marzo de 1927 nace Gabriel Garc\u00eda M\u00e1rquez","datePublished":"2017-03-06T20:50:52+00:00","dateModified":"2017-03-06T20:50:52+00:00","mainEntityOfPage":{"@id":"https:\/\/www.mpppst.gob.ve\/mpppstweb\/index.php\/2017\/03\/06\/el-seis-de-marzo-de-1927-nace-gabriel-garcia-marquez\/"},"wordCount":720,"publisher":{"@id":"https:\/\/www.mpppst.gob.ve\/mpppstweb\/#organization"},"image":{"@id":"https:\/\/www.mpppst.gob.ve\/mpppstweb\/index.php\/2017\/03\/06\/el-seis-de-marzo-de-1927-nace-gabriel-garcia-marquez\/#primaryimage"},"thumbnailUrl":"https:\/\/www.mpppst.gob.ve\/mpppstweb\/wp-content\/uploads\/2017\/03\/marquez-gabriel-adv-obit-slide-lp84-superjumbo.jpg","keywords":["Efem\u00e9rides"],"articleSection":["Gobierno Nacional","Noticias"],"inLanguage":"es"},{"@type":"WebPage","@id":"https:\/\/www.mpppst.gob.ve\/mpppstweb\/index.php\/2017\/03\/06\/el-seis-de-marzo-de-1927-nace-gabriel-garcia-marquez\/","url":"https:\/\/www.mpppst.gob.ve\/mpppstweb\/index.php\/2017\/03\/06\/el-seis-de-marzo-de-1927-nace-gabriel-garcia-marquez\/","name":"El seis de marzo de 1927 nace Gabriel Garc\u00eda M\u00e1rquez - MPPPST","isPartOf":{"@id":"https:\/\/www.mpppst.gob.ve\/mpppstweb\/#website"},"primaryImageOfPage":{"@id":"https:\/\/www.mpppst.gob.ve\/mpppstweb\/index.php\/2017\/03\/06\/el-seis-de-marzo-de-1927-nace-gabriel-garcia-marquez\/#primaryimage"},"image":{"@id":"https:\/\/www.mpppst.gob.ve\/mpppstweb\/index.php\/2017\/03\/06\/el-seis-de-marzo-de-1927-nace-gabriel-garcia-marquez\/#primaryimage"},"thumbnailUrl":"https:\/\/www.mpppst.gob.ve\/mpppstweb\/wp-content\/uploads\/2017\/03\/marquez-gabriel-adv-obit-slide-lp84-superjumbo.jpg","datePublished":"2017-03-06T20:50:52+00:00","dateModified":"2017-03-06T20:50:52+00:00","breadcrumb":{"@id":"https:\/\/www.mpppst.gob.ve\/mpppstweb\/index.php\/2017\/03\/06\/el-seis-de-marzo-de-1927-nace-gabriel-garcia-marquez\/#breadcrumb"},"inLanguage":"es","potentialAction":[{"@type":"ReadAction","target":["https:\/\/www.mpppst.gob.ve\/mpppstweb\/index.php\/2017\/03\/06\/el-seis-de-marzo-de-1927-nace-gabriel-garcia-marquez\/"]}]},{"@type":"ImageObject","inLanguage":"es","@id":"https:\/\/www.mpppst.gob.ve\/mpppstweb\/index.php\/2017\/03\/06\/el-seis-de-marzo-de-1927-nace-gabriel-garcia-marquez\/#primaryimage","url":"https:\/\/www.mpppst.gob.ve\/mpppstweb\/wp-content\/uploads\/2017\/03\/marquez-gabriel-adv-obit-slide-lp84-superjumbo.jpg","contentUrl":"https:\/\/www.mpppst.gob.ve\/mpppstweb\/wp-content\/uploads\/2017\/03\/marquez-gabriel-adv-obit-slide-lp84-superjumbo.jpg","width":788,"height":452},{"@type":"BreadcrumbList","@id":"https:\/\/www.mpppst.gob.ve\/mpppstweb\/index.php\/2017\/03\/06\/el-seis-de-marzo-de-1927-nace-gabriel-garcia-marquez\/#breadcrumb","itemListElement":[{"@type":"ListItem","position":1,"name":"Home","item":"https:\/\/www.mpppst.gob.ve\/mpppstweb\/"},{"@type":"ListItem","position":2,"name":"El seis de marzo de 1927 nace Gabriel Garc\u00eda M\u00e1rquez"}]},{"@type":"WebSite","@id":"https:\/\/www.mpppst.gob.ve\/mpppstweb\/#website","url":"https:\/\/www.mpppst.gob.ve\/mpppstweb\/","name":"MPPPST","description":"Ministerio del Poder Popular para el Proceso Social de Trabajo","publisher":{"@id":"https:\/\/www.mpppst.gob.ve\/mpppstweb\/#organization"},"potentialAction":[{"@type":"SearchAction","target":{"@type":"EntryPoint","urlTemplate":"https:\/\/www.mpppst.gob.ve\/mpppstweb\/?s={search_term_string}"},"query-input":"required name=search_term_string"}],"inLanguage":"es"},{"@type":"Organization","@id":"https:\/\/www.mpppst.gob.ve\/mpppstweb\/#organization","name":"mpppst","url":"https:\/\/www.mpppst.gob.ve\/mpppstweb\/","logo":{"@type":"ImageObject","inLanguage":"es","@id":"https:\/\/www.mpppst.gob.ve\/mpppstweb\/#\/schema\/logo\/image\/","url":"https:\/\/www.mpppst.gob.ve\/mpppstweb\/wp-content\/uploads\/2025\/07\/cropped-cropped-g910.png","contentUrl":"https:\/\/www.mpppst.gob.ve\/mpppstweb\/wp-content\/uploads\/2025\/07\/cropped-cropped-g910.png","width":1080,"height":241,"caption":"mpppst"},"image":{"@id":"https:\/\/www.mpppst.gob.ve\/mpppstweb\/#\/schema\/logo\/image\/"}},{"@type":"Person","@id":"https:\/\/www.mpppst.gob.ve\/mpppstweb\/#\/schema\/person\/fc187ee8ead412bd4c9304b62f900ea4","name":"MPPPST Prensa","url":"https:\/\/www.mpppst.gob.ve\/mpppstweb\/index.php\/author\/prensa-mpppst\/"}]}},"_links":{"self":[{"href":"https:\/\/www.mpppst.gob.ve\/mpppstweb\/index.php\/wp-json\/wp\/v2\/posts\/10789"}],"collection":[{"href":"https:\/\/www.mpppst.gob.ve\/mpppstweb\/index.php\/wp-json\/wp\/v2\/posts"}],"about":[{"href":"https:\/\/www.mpppst.gob.ve\/mpppstweb\/index.php\/wp-json\/wp\/v2\/types\/post"}],"author":[{"embeddable":true,"href":"https:\/\/www.mpppst.gob.ve\/mpppstweb\/index.php\/wp-json\/wp\/v2\/users\/25"}],"replies":[{"embeddable":true,"href":"https:\/\/www.mpppst.gob.ve\/mpppstweb\/index.php\/wp-json\/wp\/v2\/comments?post=10789"}],"version-history":[{"count":1,"href":"https:\/\/www.mpppst.gob.ve\/mpppstweb\/index.php\/wp-json\/wp\/v2\/posts\/10789\/revisions"}],"predecessor-version":[{"id":10791,"href":"https:\/\/www.mpppst.gob.ve\/mpppstweb\/index.php\/wp-json\/wp\/v2\/posts\/10789\/revisions\/10791"}],"wp:featuredmedia":[{"embeddable":true,"href":"https:\/\/www.mpppst.gob.ve\/mpppstweb\/index.php\/wp-json\/wp\/v2\/media\/10790"}],"wp:attachment":[{"href":"https:\/\/www.mpppst.gob.ve\/mpppstweb\/index.php\/wp-json\/wp\/v2\/media?parent=10789"}],"wp:term":[{"taxonomy":"category","embeddable":true,"href":"https:\/\/www.mpppst.gob.ve\/mpppstweb\/index.php\/wp-json\/wp\/v2\/categories?post=10789"},{"taxonomy":"post_tag","embeddable":true,"href":"https:\/\/www.mpppst.gob.ve\/mpppstweb\/index.php\/wp-json\/wp\/v2\/tags?post=10789"}],"curies":[{"name":"wp","href":"https:\/\/api.w.org\/{rel}","templated":true}]}}