{"id":10792,"date":"2017-03-07T14:53:13","date_gmt":"2017-03-07T14:53:13","guid":{"rendered":"http:\/\/www.mpppst.gob.ve\/mpppstweb\/?p=10792"},"modified":"2017-03-07T14:53:13","modified_gmt":"2017-03-07T14:53:13","slug":"restos-simbolicos-de-tres-heroinas-venezolanas-reposaran-en-el-panteon-nacional","status":"publish","type":"post","link":"https:\/\/www.mpppst.gob.ve\/mpppstweb\/index.php\/2017\/03\/07\/restos-simbolicos-de-tres-heroinas-venezolanas-reposaran-en-el-panteon-nacional\/","title":{"rendered":"Restos simb\u00f3licos de tres hero\u00ednas venezolanas reposar\u00e1n en el Pante\u00f3n Nacional"},"content":{"rendered":"<p>AVN.- Este 8 de marzo, cuando se conmemora el D\u00eda Internacional de la Mujer, Venezuela rendir\u00e1 tributo a tres hero\u00ednas de la patria: Hip\u00f3lita y Matea, esclavas que participaron en la crianza del Libertador Sim\u00f3n Bol\u00edvar, y la l\u00edder ind\u00edgena Apacuana, s\u00edmbolo de lucha y resistencia ante el imperialismo.<\/p>\n<p>Los restos simb\u00f3licos de estas tres venezolanas ser\u00e1n trasladados al Pante\u00f3n Nacional, en Caracas, para sumarse a los H\u00e9roes de la Patria, cuyos restos all\u00ed reposan, y entre los cuales est\u00e1n otras mujeres: Luisa C\u00e1ceres de Arismendi, Manuela S\u00e1enz, Teresa Carre\u00f1o, Teresa de la Parra, Josefa Camejo y Juana La Avanzadora.<\/p>\n<p>El traslado ser\u00e1 acompa\u00f1ado de patriotas provenientes de todo el pa\u00eds, quienes se movilizar\u00e1n desde la plaza El Venezolano, donde se encuentra la casa natal del Libertador, y que es precisamente el punto final de la ruta hist\u00f3rica popular <em>Las que no se rinden<\/em>, que parti\u00f3 el pasado 1\u00ba de marzo desde\u00a0San Jos\u00e9 de Tiznado, estado Gu\u00e1rico, donde naci\u00f3 Matea Bol\u00edvar.<\/p>\n<p>La concentraci\u00f3n para avanzar hacia el altar de la patria, ubicado en el centro de la capital, comenzar\u00e1 a las nueve de la ma\u00f1ana.<\/p>\n<p>La ruta hist\u00f3rica ha cumplido, desde el 1\u00ba de marzo, un periplo por varias ciudades del pa\u00eds: luego de pasar por San Jos\u00e9 de Tiznado, continu\u00f3 hacia la capital guarique\u00f1a, San Juan de los Morros, de all\u00ed parti\u00f3 hacia la hacienda El Ingenio, ubicada en\u00a0San Mateo, estado Aragua, donde se incorporaron los restos simb\u00f3licos de la negra Hip\u00f3lita.<\/p>\n<p>Este lunes, la ruta lleg\u00f3\u00a0a la plaza Zamora de C\u00faa, estado Miranda, donde se sum\u00f3 la representaci\u00f3n de la ind\u00edgena Apacuana,\u00a0una l\u00edder ind\u00edgena Quiriquire que se enfrent\u00f3 a la invasi\u00f3n espa\u00f1ola en 1574 y cuya capacidad organizativa y de estrategia le permiti\u00f3 liberar las tierras de S\u00facuta (actualmente Valles del Tuy y T\u00e1cata).<\/p>\n<p>La ruta culminar\u00e1 en el Pante\u00f3n Nacional, donde estas hero\u00ednas ocupar\u00e1n un lugar hist\u00f3rico que reconoce su identidad y las reivindica, tras ser invisibilizadas por su condici\u00f3n \u00e9tnica.<\/p>\n<p>\u00abEl acto simb\u00f3lico de llevar a Matea, Hip\u00f3lita y Apacuana al Pante\u00f3n no puede quedarse en un acto simb\u00f3lico, sino que cuando ellas entren al Pante\u00f3n Nacional la consciencia de la unidad en la batalla pol\u00edtica entre en la cabeza y en el coraz\u00f3n cada uno de nosotros\u00bb, manifest\u00f3 este lunes el dirigente socialista H\u00e9ctor Rodr\u00edguez, durante el encuentro de los restos de las hero\u00ednas de la patria, donde tambi\u00e9n estuvo presente la ministra para la Mujer e Igualdad de G\u00e9nero, Blanca Eekhout.<\/p>\n","protected":false},"excerpt":{"rendered":"<p>AVN.- Este 8 de marzo, cuando se conmemora el D\u00eda Internacional de la Mujer, Venezuela rendir\u00e1 &hellip; <a title=\"Restos simb\u00f3licos de tres hero\u00ednas venezolanas reposar\u00e1n en el Pante\u00f3n Nacional\" class=\"hm-read-more\" href=\"https:\/\/www.mpppst.gob.ve\/mpppstweb\/index.php\/2017\/03\/07\/restos-simbolicos-de-tres-heroinas-venezolanas-reposaran-en-el-panteon-nacional\/\"><span class=\"screen-reader-text\">Restos simb\u00f3licos de tres hero\u00ednas venezolanas reposar\u00e1n en el Pante\u00f3n Nacional<\/span>Read more<\/a><\/p>\n","protected":false},"author":25,"featured_media":10793,"comment_status":"closed","ping_status":"closed","sticky":false,"template":"","format":"standard","meta":{"footnotes":""},"categories":[82,163],"tags":[222,368,369],"yoast_head":"<!-- This site is optimized with the Yoast SEO plugin v22.5 - https:\/\/yoast.com\/wordpress\/plugins\/seo\/ -->\n<title>Restos simb\u00f3licos de tres hero\u00ednas venezolanas reposar\u00e1n en el Pante\u00f3n Nacional - MPPPST<\/title>\n<meta name=\"robots\" content=\"index, follow, max-snippet:-1, max-image-preview:large, max-video-preview:-1\" \/>\n<link rel=\"canonical\" href=\"https:\/\/www.mpppst.gob.ve\/mpppstweb\/index.php\/2017\/03\/07\/restos-simbolicos-de-tres-heroinas-venezolanas-reposaran-en-el-panteon-nacional\/\" \/>\n<meta property=\"og:locale\" content=\"es_ES\" \/>\n<meta property=\"og:type\" content=\"article\" \/>\n<meta property=\"og:title\" content=\"Restos simb\u00f3licos de tres hero\u00ednas venezolanas reposar\u00e1n en el Pante\u00f3n Nacional - MPPPST\" \/>\n<meta property=\"og:description\" content=\"AVN.- Este 8 de marzo, cuando se conmemora el D\u00eda Internacional de la Mujer, Venezuela rendir\u00e1 &hellip; Restos simb\u00f3licos de tres hero\u00ednas venezolanas reposar\u00e1n en el Pante\u00f3n NacionalRead more\" \/>\n<meta property=\"og:url\" content=\"https:\/\/www.mpppst.gob.ve\/mpppstweb\/index.php\/2017\/03\/07\/restos-simbolicos-de-tres-heroinas-venezolanas-reposaran-en-el-panteon-nacional\/\" \/>\n<meta property=\"og:site_name\" content=\"MPPPST\" \/>\n<meta property=\"article:published_time\" content=\"2017-03-07T14:53:13+00:00\" \/>\n<meta property=\"og:image\" content=\"https:\/\/www.mpppst.gob.ve\/mpppstweb\/wp-content\/uploads\/2017\/03\/Panteon.jpg\" \/>\n\t<meta property=\"og:image:width\" content=\"800\" \/>\n\t<meta property=\"og:image:height\" content=\"445\" \/>\n\t<meta property=\"og:image:type\" content=\"image\/jpeg\" \/>\n<meta name=\"author\" content=\"MPPPST Prensa\" \/>\n<meta name=\"twitter:card\" content=\"summary_large_image\" \/>\n<meta name=\"twitter:label1\" content=\"Escrito por\" \/>\n\t<meta name=\"twitter:data1\" content=\"MPPPST Prensa\" \/>\n\t<meta name=\"twitter:label2\" content=\"Tiempo de lectura\" \/>\n\t<meta name=\"twitter:data2\" content=\"2 minutos\" \/>\n<script type=\"application\/ld+json\" class=\"yoast-schema-graph\">{\"@context\":\"https:\/\/schema.org\",\"@graph\":[{\"@type\":\"Article\",\"@id\":\"https:\/\/www.mpppst.gob.ve\/mpppstweb\/index.php\/2017\/03\/07\/restos-simbolicos-de-tres-heroinas-venezolanas-reposaran-en-el-panteon-nacional\/#article\",\"isPartOf\":{\"@id\":\"https:\/\/www.mpppst.gob.ve\/mpppstweb\/index.php\/2017\/03\/07\/restos-simbolicos-de-tres-heroinas-venezolanas-reposaran-en-el-panteon-nacional\/\"},\"author\":{\"name\":\"MPPPST Prensa\",\"@id\":\"https:\/\/www.mpppst.gob.ve\/mpppstweb\/#\/schema\/person\/fc187ee8ead412bd4c9304b62f900ea4\"},\"headline\":\"Restos simb\u00f3licos de tres hero\u00ednas venezolanas reposar\u00e1n en el Pante\u00f3n Nacional\",\"datePublished\":\"2017-03-07T14:53:13+00:00\",\"dateModified\":\"2017-03-07T14:53:13+00:00\",\"mainEntityOfPage\":{\"@id\":\"https:\/\/www.mpppst.gob.ve\/mpppstweb\/index.php\/2017\/03\/07\/restos-simbolicos-de-tres-heroinas-venezolanas-reposaran-en-el-panteon-nacional\/\"},\"wordCount\":478,\"publisher\":{\"@id\":\"https:\/\/www.mpppst.gob.ve\/mpppstweb\/#organization\"},\"image\":{\"@id\":\"https:\/\/www.mpppst.gob.ve\/mpppstweb\/index.php\/2017\/03\/07\/restos-simbolicos-de-tres-heroinas-venezolanas-reposaran-en-el-panteon-nacional\/#primaryimage\"},\"thumbnailUrl\":\"https:\/\/www.mpppst.gob.ve\/mpppstweb\/wp-content\/uploads\/2017\/03\/Panteon.jpg\",\"keywords\":[\"Gobierno Bolivariano\",\"Panteon\",\"Pr\u00f3ceres\"],\"articleSection\":[\"Gobierno Nacional\",\"Noticias\"],\"inLanguage\":\"es\"},{\"@type\":\"WebPage\",\"@id\":\"https:\/\/www.mpppst.gob.ve\/mpppstweb\/index.php\/2017\/03\/07\/restos-simbolicos-de-tres-heroinas-venezolanas-reposaran-en-el-panteon-nacional\/\",\"url\":\"https:\/\/www.mpppst.gob.ve\/mpppstweb\/index.php\/2017\/03\/07\/restos-simbolicos-de-tres-heroinas-venezolanas-reposaran-en-el-panteon-nacional\/\",\"name\":\"Restos simb\u00f3licos de tres hero\u00ednas venezolanas reposar\u00e1n en el Pante\u00f3n Nacional - MPPPST\",\"isPartOf\":{\"@id\":\"https:\/\/www.mpppst.gob.ve\/mpppstweb\/#website\"},\"primaryImageOfPage\":{\"@id\":\"https:\/\/www.mpppst.gob.ve\/mpppstweb\/index.php\/2017\/03\/07\/restos-simbolicos-de-tres-heroinas-venezolanas-reposaran-en-el-panteon-nacional\/#primaryimage\"},\"image\":{\"@id\":\"https:\/\/www.mpppst.gob.ve\/mpppstweb\/index.php\/2017\/03\/07\/restos-simbolicos-de-tres-heroinas-venezolanas-reposaran-en-el-panteon-nacional\/#primaryimage\"},\"thumbnailUrl\":\"https:\/\/www.mpppst.gob.ve\/mpppstweb\/wp-content\/uploads\/2017\/03\/Panteon.jpg\",\"datePublished\":\"2017-03-07T14:53:13+00:00\",\"dateModified\":\"2017-03-07T14:53:13+00:00\",\"breadcrumb\":{\"@id\":\"https:\/\/www.mpppst.gob.ve\/mpppstweb\/index.php\/2017\/03\/07\/restos-simbolicos-de-tres-heroinas-venezolanas-reposaran-en-el-panteon-nacional\/#breadcrumb\"},\"inLanguage\":\"es\",\"potentialAction\":[{\"@type\":\"ReadAction\",\"target\":[\"https:\/\/www.mpppst.gob.ve\/mpppstweb\/index.php\/2017\/03\/07\/restos-simbolicos-de-tres-heroinas-venezolanas-reposaran-en-el-panteon-nacional\/\"]}]},{\"@type\":\"ImageObject\",\"inLanguage\":\"es\",\"@id\":\"https:\/\/www.mpppst.gob.ve\/mpppstweb\/index.php\/2017\/03\/07\/restos-simbolicos-de-tres-heroinas-venezolanas-reposaran-en-el-panteon-nacional\/#primaryimage\",\"url\":\"https:\/\/www.mpppst.gob.ve\/mpppstweb\/wp-content\/uploads\/2017\/03\/Panteon.jpg\",\"contentUrl\":\"https:\/\/www.mpppst.gob.ve\/mpppstweb\/wp-content\/uploads\/2017\/03\/Panteon.jpg\",\"width\":800,\"height\":445},{\"@type\":\"BreadcrumbList\",\"@id\":\"https:\/\/www.mpppst.gob.ve\/mpppstweb\/index.php\/2017\/03\/07\/restos-simbolicos-de-tres-heroinas-venezolanas-reposaran-en-el-panteon-nacional\/#breadcrumb\",\"itemListElement\":[{\"@type\":\"ListItem\",\"position\":1,\"name\":\"Home\",\"item\":\"https:\/\/www.mpppst.gob.ve\/mpppstweb\/\"},{\"@type\":\"ListItem\",\"position\":2,\"name\":\"Restos simb\u00f3licos de tres hero\u00ednas venezolanas reposar\u00e1n en el Pante\u00f3n Nacional\"}]},{\"@type\":\"WebSite\",\"@id\":\"https:\/\/www.mpppst.gob.ve\/mpppstweb\/#website\",\"url\":\"https:\/\/www.mpppst.gob.ve\/mpppstweb\/\",\"name\":\"MPPPST\",\"description\":\"Ministerio del Poder Popular para el Proceso Social de Trabajo\",\"publisher\":{\"@id\":\"https:\/\/www.mpppst.gob.ve\/mpppstweb\/#organization\"},\"potentialAction\":[{\"@type\":\"SearchAction\",\"target\":{\"@type\":\"EntryPoint\",\"urlTemplate\":\"https:\/\/www.mpppst.gob.ve\/mpppstweb\/?s={search_term_string}\"},\"query-input\":\"required name=search_term_string\"}],\"inLanguage\":\"es\"},{\"@type\":\"Organization\",\"@id\":\"https:\/\/www.mpppst.gob.ve\/mpppstweb\/#organization\",\"name\":\"mpppst\",\"url\":\"https:\/\/www.mpppst.gob.ve\/mpppstweb\/\",\"logo\":{\"@type\":\"ImageObject\",\"inLanguage\":\"es\",\"@id\":\"https:\/\/www.mpppst.gob.ve\/mpppstweb\/#\/schema\/logo\/image\/\",\"url\":\"https:\/\/www.mpppst.gob.ve\/mpppstweb\/wp-content\/uploads\/2025\/07\/cropped-cropped-g910.png\",\"contentUrl\":\"https:\/\/www.mpppst.gob.ve\/mpppstweb\/wp-content\/uploads\/2025\/07\/cropped-cropped-g910.png\",\"width\":1080,\"height\":241,\"caption\":\"mpppst\"},\"image\":{\"@id\":\"https:\/\/www.mpppst.gob.ve\/mpppstweb\/#\/schema\/logo\/image\/\"}},{\"@type\":\"Person\",\"@id\":\"https:\/\/www.mpppst.gob.ve\/mpppstweb\/#\/schema\/person\/fc187ee8ead412bd4c9304b62f900ea4\",\"name\":\"MPPPST Prensa\",\"url\":\"https:\/\/www.mpppst.gob.ve\/mpppstweb\/index.php\/author\/prensa-mpppst\/\"}]}<\/script>\n<!-- \/ Yoast SEO plugin. -->","yoast_head_json":{"title":"Restos simb\u00f3licos de tres hero\u00ednas venezolanas reposar\u00e1n en el Pante\u00f3n Nacional - MPPPST","robots":{"index":"index","follow":"follow","max-snippet":"max-snippet:-1","max-image-preview":"max-image-preview:large","max-video-preview":"max-video-preview:-1"},"canonical":"https:\/\/www.mpppst.gob.ve\/mpppstweb\/index.php\/2017\/03\/07\/restos-simbolicos-de-tres-heroinas-venezolanas-reposaran-en-el-panteon-nacional\/","og_locale":"es_ES","og_type":"article","og_title":"Restos simb\u00f3licos de tres hero\u00ednas venezolanas reposar\u00e1n en el Pante\u00f3n Nacional - MPPPST","og_description":"AVN.- Este 8 de marzo, cuando se conmemora el D\u00eda Internacional de la Mujer, Venezuela rendir\u00e1 &hellip; Restos simb\u00f3licos de tres hero\u00ednas venezolanas reposar\u00e1n en el Pante\u00f3n NacionalRead more","og_url":"https:\/\/www.mpppst.gob.ve\/mpppstweb\/index.php\/2017\/03\/07\/restos-simbolicos-de-tres-heroinas-venezolanas-reposaran-en-el-panteon-nacional\/","og_site_name":"MPPPST","article_published_time":"2017-03-07T14:53:13+00:00","og_image":[{"width":800,"height":445,"url":"https:\/\/www.mpppst.gob.ve\/mpppstweb\/wp-content\/uploads\/2017\/03\/Panteon.jpg","type":"image\/jpeg"}],"author":"MPPPST Prensa","twitter_card":"summary_large_image","twitter_misc":{"Escrito por":"MPPPST Prensa","Tiempo de lectura":"2 minutos"},"schema":{"@context":"https:\/\/schema.org","@graph":[{"@type":"Article","@id":"https:\/\/www.mpppst.gob.ve\/mpppstweb\/index.php\/2017\/03\/07\/restos-simbolicos-de-tres-heroinas-venezolanas-reposaran-en-el-panteon-nacional\/#article","isPartOf":{"@id":"https:\/\/www.mpppst.gob.ve\/mpppstweb\/index.php\/2017\/03\/07\/restos-simbolicos-de-tres-heroinas-venezolanas-reposaran-en-el-panteon-nacional\/"},"author":{"name":"MPPPST Prensa","@id":"https:\/\/www.mpppst.gob.ve\/mpppstweb\/#\/schema\/person\/fc187ee8ead412bd4c9304b62f900ea4"},"headline":"Restos simb\u00f3licos de tres hero\u00ednas venezolanas reposar\u00e1n en el Pante\u00f3n Nacional","datePublished":"2017-03-07T14:53:13+00:00","dateModified":"2017-03-07T14:53:13+00:00","mainEntityOfPage":{"@id":"https:\/\/www.mpppst.gob.ve\/mpppstweb\/index.php\/2017\/03\/07\/restos-simbolicos-de-tres-heroinas-venezolanas-reposaran-en-el-panteon-nacional\/"},"wordCount":478,"publisher":{"@id":"https:\/\/www.mpppst.gob.ve\/mpppstweb\/#organization"},"image":{"@id":"https:\/\/www.mpppst.gob.ve\/mpppstweb\/index.php\/2017\/03\/07\/restos-simbolicos-de-tres-heroinas-venezolanas-reposaran-en-el-panteon-nacional\/#primaryimage"},"thumbnailUrl":"https:\/\/www.mpppst.gob.ve\/mpppstweb\/wp-content\/uploads\/2017\/03\/Panteon.jpg","keywords":["Gobierno Bolivariano","Panteon","Pr\u00f3ceres"],"articleSection":["Gobierno Nacional","Noticias"],"inLanguage":"es"},{"@type":"WebPage","@id":"https:\/\/www.mpppst.gob.ve\/mpppstweb\/index.php\/2017\/03\/07\/restos-simbolicos-de-tres-heroinas-venezolanas-reposaran-en-el-panteon-nacional\/","url":"https:\/\/www.mpppst.gob.ve\/mpppstweb\/index.php\/2017\/03\/07\/restos-simbolicos-de-tres-heroinas-venezolanas-reposaran-en-el-panteon-nacional\/","name":"Restos simb\u00f3licos de tres hero\u00ednas venezolanas reposar\u00e1n en el Pante\u00f3n Nacional - MPPPST","isPartOf":{"@id":"https:\/\/www.mpppst.gob.ve\/mpppstweb\/#website"},"primaryImageOfPage":{"@id":"https:\/\/www.mpppst.gob.ve\/mpppstweb\/index.php\/2017\/03\/07\/restos-simbolicos-de-tres-heroinas-venezolanas-reposaran-en-el-panteon-nacional\/#primaryimage"},"image":{"@id":"https:\/\/www.mpppst.gob.ve\/mpppstweb\/index.php\/2017\/03\/07\/restos-simbolicos-de-tres-heroinas-venezolanas-reposaran-en-el-panteon-nacional\/#primaryimage"},"thumbnailUrl":"https:\/\/www.mpppst.gob.ve\/mpppstweb\/wp-content\/uploads\/2017\/03\/Panteon.jpg","datePublished":"2017-03-07T14:53:13+00:00","dateModified":"2017-03-07T14:53:13+00:00","breadcrumb":{"@id":"https:\/\/www.mpppst.gob.ve\/mpppstweb\/index.php\/2017\/03\/07\/restos-simbolicos-de-tres-heroinas-venezolanas-reposaran-en-el-panteon-nacional\/#breadcrumb"},"inLanguage":"es","potentialAction":[{"@type":"ReadAction","target":["https:\/\/www.mpppst.gob.ve\/mpppstweb\/index.php\/2017\/03\/07\/restos-simbolicos-de-tres-heroinas-venezolanas-reposaran-en-el-panteon-nacional\/"]}]},{"@type":"ImageObject","inLanguage":"es","@id":"https:\/\/www.mpppst.gob.ve\/mpppstweb\/index.php\/2017\/03\/07\/restos-simbolicos-de-tres-heroinas-venezolanas-reposaran-en-el-panteon-nacional\/#primaryimage","url":"https:\/\/www.mpppst.gob.ve\/mpppstweb\/wp-content\/uploads\/2017\/03\/Panteon.jpg","contentUrl":"https:\/\/www.mpppst.gob.ve\/mpppstweb\/wp-content\/uploads\/2017\/03\/Panteon.jpg","width":800,"height":445},{"@type":"BreadcrumbList","@id":"https:\/\/www.mpppst.gob.ve\/mpppstweb\/index.php\/2017\/03\/07\/restos-simbolicos-de-tres-heroinas-venezolanas-reposaran-en-el-panteon-nacional\/#breadcrumb","itemListElement":[{"@type":"ListItem","position":1,"name":"Home","item":"https:\/\/www.mpppst.gob.ve\/mpppstweb\/"},{"@type":"ListItem","position":2,"name":"Restos simb\u00f3licos de tres hero\u00ednas venezolanas reposar\u00e1n en el Pante\u00f3n Nacional"}]},{"@type":"WebSite","@id":"https:\/\/www.mpppst.gob.ve\/mpppstweb\/#website","url":"https:\/\/www.mpppst.gob.ve\/mpppstweb\/","name":"MPPPST","description":"Ministerio del Poder Popular para el Proceso Social de Trabajo","publisher":{"@id":"https:\/\/www.mpppst.gob.ve\/mpppstweb\/#organization"},"potentialAction":[{"@type":"SearchAction","target":{"@type":"EntryPoint","urlTemplate":"https:\/\/www.mpppst.gob.ve\/mpppstweb\/?s={search_term_string}"},"query-input":"required name=search_term_string"}],"inLanguage":"es"},{"@type":"Organization","@id":"https:\/\/www.mpppst.gob.ve\/mpppstweb\/#organization","name":"mpppst","url":"https:\/\/www.mpppst.gob.ve\/mpppstweb\/","logo":{"@type":"ImageObject","inLanguage":"es","@id":"https:\/\/www.mpppst.gob.ve\/mpppstweb\/#\/schema\/logo\/image\/","url":"https:\/\/www.mpppst.gob.ve\/mpppstweb\/wp-content\/uploads\/2025\/07\/cropped-cropped-g910.png","contentUrl":"https:\/\/www.mpppst.gob.ve\/mpppstweb\/wp-content\/uploads\/2025\/07\/cropped-cropped-g910.png","width":1080,"height":241,"caption":"mpppst"},"image":{"@id":"https:\/\/www.mpppst.gob.ve\/mpppstweb\/#\/schema\/logo\/image\/"}},{"@type":"Person","@id":"https:\/\/www.mpppst.gob.ve\/mpppstweb\/#\/schema\/person\/fc187ee8ead412bd4c9304b62f900ea4","name":"MPPPST Prensa","url":"https:\/\/www.mpppst.gob.ve\/mpppstweb\/index.php\/author\/prensa-mpppst\/"}]}},"_links":{"self":[{"href":"https:\/\/www.mpppst.gob.ve\/mpppstweb\/index.php\/wp-json\/wp\/v2\/posts\/10792"}],"collection":[{"href":"https:\/\/www.mpppst.gob.ve\/mpppstweb\/index.php\/wp-json\/wp\/v2\/posts"}],"about":[{"href":"https:\/\/www.mpppst.gob.ve\/mpppstweb\/index.php\/wp-json\/wp\/v2\/types\/post"}],"author":[{"embeddable":true,"href":"https:\/\/www.mpppst.gob.ve\/mpppstweb\/index.php\/wp-json\/wp\/v2\/users\/25"}],"replies":[{"embeddable":true,"href":"https:\/\/www.mpppst.gob.ve\/mpppstweb\/index.php\/wp-json\/wp\/v2\/comments?post=10792"}],"version-history":[{"count":1,"href":"https:\/\/www.mpppst.gob.ve\/mpppstweb\/index.php\/wp-json\/wp\/v2\/posts\/10792\/revisions"}],"predecessor-version":[{"id":10794,"href":"https:\/\/www.mpppst.gob.ve\/mpppstweb\/index.php\/wp-json\/wp\/v2\/posts\/10792\/revisions\/10794"}],"wp:featuredmedia":[{"embeddable":true,"href":"https:\/\/www.mpppst.gob.ve\/mpppstweb\/index.php\/wp-json\/wp\/v2\/media\/10793"}],"wp:attachment":[{"href":"https:\/\/www.mpppst.gob.ve\/mpppstweb\/index.php\/wp-json\/wp\/v2\/media?parent=10792"}],"wp:term":[{"taxonomy":"category","embeddable":true,"href":"https:\/\/www.mpppst.gob.ve\/mpppstweb\/index.php\/wp-json\/wp\/v2\/categories?post=10792"},{"taxonomy":"post_tag","embeddable":true,"href":"https:\/\/www.mpppst.gob.ve\/mpppstweb\/index.php\/wp-json\/wp\/v2\/tags?post=10792"}],"curies":[{"name":"wp","href":"https:\/\/api.w.org\/{rel}","templated":true}]}}