{"id":10795,"date":"2017-03-07T15:01:05","date_gmt":"2017-03-07T15:01:05","guid":{"rendered":"http:\/\/www.mpppst.gob.ve\/mpppstweb\/?p=10795"},"modified":"2017-03-07T15:01:05","modified_gmt":"2017-03-07T15:01:05","slug":"alba-ratifica-respaldo-a-venezuela-ante-ataques-injerencistas-de-eeuu","status":"publish","type":"post","link":"https:\/\/www.mpppst.gob.ve\/mpppstweb\/index.php\/2017\/03\/07\/alba-ratifica-respaldo-a-venezuela-ante-ataques-injerencistas-de-eeuu\/","title":{"rendered":"Alba ratifica respaldo a Venezuela ante ataques injerencistas de EEUU"},"content":{"rendered":"<p>AVN. Los pa\u00edses\u00a0miembros de la Alianza Bolivariana para los Pueblos de Nuestra Am\u00e9rica (Alba) manifestaron su respaldo a la Rep\u00fablica Bolivariana de Venezuela ante los constantes ataques injerencistas dirigidos desde los Estados Unidos de norteam\u00e9rica (EE.UU) contra la naci\u00f3n, y llamaron a profundizar la unidad e integraci\u00f3n de Am\u00e9rica latina y el Caribe en defensa de la soberan\u00eda regional.<\/p>\n<p>En la declaraci\u00f3n final de la\u00a0XIV Cumbre de la alianza, realizada este domingo en Caracas,\u00a0los pa\u00edses miembros exigen al Gobierno de EE.UU la anulaci\u00f3n de las sanciones aplicadas a funcionarios del Gobierno venezolano, as\u00ed como la derogaci\u00f3n del decreto que declara a la naci\u00f3n bolivariana como\u00a0una amenaza inusual y extraordinaria a la seguridad nacional de ese pa\u00eds, emitido por su expresidente, Barack Obama, y el cese de las acciones injerencistas, con fines pol\u00edticos, que atentan contra el principio de autodeterminaci\u00f3n de las naciones soberanas.<\/p>\n<p>\u00abEl ataque principal es contra la Revoluci\u00f3n Bolivariana. Las arbitrarias sanciones estadounidenses contra Venezuela, en especial contra su vicepresidente ejecutivo compa\u00f1ero Tareck El Aissami, deben ser anuladas. La inexplicable orden ejecutiva del Presidente de los Estados Unidos de Norteam\u00e9rica que declara a Venezuela una amenaza inusual y extraordinaria a la seguridad nacional de ese pa\u00eds, debe ser derogada. Venezuela, es la cuna de la libertad de Nuestra Am\u00e9rica, impulsora de la integraci\u00f3n regional y basti\u00f3n del antimperialismo. La defensa de Venezuela y de su revoluci\u00f3n no es problema exclusivo de los venezolanos. Es causa que convoca a todos los que luchamos por la verdadera independencia en Am\u00e9rica Latina y El Caribe. En Venezuela se libra hoy la batalla de Ayacucho del siglo XXI.\u00bb, reza la declaraci\u00f3n.<\/p>\n<p>En este sentido, la alianza regional insisti\u00f3 en la necesidad de profundizar los mecanismos de integraci\u00f3n, ante la nueva etapa de embestida de los intereses transnacionales que han logrado imponer Gobiernos de corte neoliberal en algunos pa\u00edses de la regi\u00f3n, y arremeten, a trav\u00e9s de los ataques a Venezuela, a los gobiernos progresistas y transformadores, que junto a sus pueblos levantan las banderas de la autodeterminaci\u00f3n y la soberan\u00eda nacional.<\/p>\n<p>\u00abLa unidad y la integraci\u00f3n regional de la Am\u00e9rica Latina y El Caribe es una necesidad impostergable, en este complejo entorno. El Alba-TCP, junto con bloques como el Mercosur (Mercado Com\u00fan del Sur), la Unasur (Uni\u00f3n de Naciones Suramericanas), Caricom, y otros que recobraron su protagonismo en la \u00faltima d\u00e9cada, deben continuar contribuyendo a la integraci\u00f3n regional.\u00bb, llamaron.<\/p>\n","protected":false},"excerpt":{"rendered":"<p>AVN. Los pa\u00edses\u00a0miembros de la Alianza Bolivariana para los Pueblos de Nuestra Am\u00e9rica (Alba) manifestaron su &hellip; <a title=\"Alba ratifica respaldo a Venezuela ante ataques injerencistas de EEUU\" class=\"hm-read-more\" href=\"https:\/\/www.mpppst.gob.ve\/mpppstweb\/index.php\/2017\/03\/07\/alba-ratifica-respaldo-a-venezuela-ante-ataques-injerencistas-de-eeuu\/\"><span class=\"screen-reader-text\">Alba ratifica respaldo a Venezuela ante ataques injerencistas de EEUU<\/span>Read more<\/a><\/p>\n","protected":false},"author":25,"featured_media":10796,"comment_status":"closed","ping_status":"closed","sticky":false,"template":"","format":"standard","meta":{"footnotes":""},"categories":[8,163,166],"tags":[229,222,245],"yoast_head":"<!-- This site is optimized with the Yoast SEO plugin v22.5 - https:\/\/yoast.com\/wordpress\/plugins\/seo\/ -->\n<title>Alba ratifica respaldo a Venezuela ante ataques injerencistas de EEUU - MPPPST<\/title>\n<meta name=\"robots\" content=\"index, follow, max-snippet:-1, max-image-preview:large, max-video-preview:-1\" \/>\n<link rel=\"canonical\" href=\"https:\/\/www.mpppst.gob.ve\/mpppstweb\/index.php\/2017\/03\/07\/alba-ratifica-respaldo-a-venezuela-ante-ataques-injerencistas-de-eeuu\/\" \/>\n<meta property=\"og:locale\" content=\"es_ES\" \/>\n<meta property=\"og:type\" content=\"article\" \/>\n<meta property=\"og:title\" content=\"Alba ratifica respaldo a Venezuela ante ataques injerencistas de EEUU - MPPPST\" \/>\n<meta property=\"og:description\" content=\"AVN. Los pa\u00edses\u00a0miembros de la Alianza Bolivariana para los Pueblos de Nuestra Am\u00e9rica (Alba) manifestaron su &hellip; Alba ratifica respaldo a Venezuela ante ataques injerencistas de EEUURead more\" \/>\n<meta property=\"og:url\" content=\"https:\/\/www.mpppst.gob.ve\/mpppstweb\/index.php\/2017\/03\/07\/alba-ratifica-respaldo-a-venezuela-ante-ataques-injerencistas-de-eeuu\/\" \/>\n<meta property=\"og:site_name\" content=\"MPPPST\" \/>\n<meta property=\"article:published_time\" content=\"2017-03-07T15:01:05+00:00\" \/>\n<meta property=\"og:image\" content=\"https:\/\/www.mpppst.gob.ve\/mpppstweb\/wp-content\/uploads\/2017\/03\/AlbaCumbre.jpg\" \/>\n\t<meta property=\"og:image:width\" content=\"800\" \/>\n\t<meta property=\"og:image:height\" content=\"445\" \/>\n\t<meta property=\"og:image:type\" content=\"image\/jpeg\" \/>\n<meta name=\"author\" content=\"MPPPST Prensa\" \/>\n<meta name=\"twitter:card\" content=\"summary_large_image\" \/>\n<meta name=\"twitter:label1\" content=\"Escrito por\" \/>\n\t<meta name=\"twitter:data1\" content=\"MPPPST Prensa\" \/>\n\t<meta name=\"twitter:label2\" content=\"Tiempo de lectura\" \/>\n\t<meta name=\"twitter:data2\" content=\"2 minutos\" \/>\n<script type=\"application\/ld+json\" class=\"yoast-schema-graph\">{\"@context\":\"https:\/\/schema.org\",\"@graph\":[{\"@type\":\"Article\",\"@id\":\"https:\/\/www.mpppst.gob.ve\/mpppstweb\/index.php\/2017\/03\/07\/alba-ratifica-respaldo-a-venezuela-ante-ataques-injerencistas-de-eeuu\/#article\",\"isPartOf\":{\"@id\":\"https:\/\/www.mpppst.gob.ve\/mpppstweb\/index.php\/2017\/03\/07\/alba-ratifica-respaldo-a-venezuela-ante-ataques-injerencistas-de-eeuu\/\"},\"author\":{\"name\":\"MPPPST Prensa\",\"@id\":\"https:\/\/www.mpppst.gob.ve\/mpppstweb\/#\/schema\/person\/fc187ee8ead412bd4c9304b62f900ea4\"},\"headline\":\"Alba ratifica respaldo a Venezuela ante ataques injerencistas de EEUU\",\"datePublished\":\"2017-03-07T15:01:05+00:00\",\"dateModified\":\"2017-03-07T15:01:05+00:00\",\"mainEntityOfPage\":{\"@id\":\"https:\/\/www.mpppst.gob.ve\/mpppstweb\/index.php\/2017\/03\/07\/alba-ratifica-respaldo-a-venezuela-ante-ataques-injerencistas-de-eeuu\/\"},\"wordCount\":451,\"publisher\":{\"@id\":\"https:\/\/www.mpppst.gob.ve\/mpppstweb\/#organization\"},\"image\":{\"@id\":\"https:\/\/www.mpppst.gob.ve\/mpppstweb\/index.php\/2017\/03\/07\/alba-ratifica-respaldo-a-venezuela-ante-ataques-injerencistas-de-eeuu\/#primaryimage\"},\"thumbnailUrl\":\"https:\/\/www.mpppst.gob.ve\/mpppstweb\/wp-content\/uploads\/2017\/03\/AlbaCumbre.jpg\",\"keywords\":[\"Defensa Integral\",\"Gobierno Bolivariano\",\"internacionales\"],\"articleSection\":[\"Internacionales\",\"Noticias\",\"Venezuela y el Mundo\"],\"inLanguage\":\"es\"},{\"@type\":\"WebPage\",\"@id\":\"https:\/\/www.mpppst.gob.ve\/mpppstweb\/index.php\/2017\/03\/07\/alba-ratifica-respaldo-a-venezuela-ante-ataques-injerencistas-de-eeuu\/\",\"url\":\"https:\/\/www.mpppst.gob.ve\/mpppstweb\/index.php\/2017\/03\/07\/alba-ratifica-respaldo-a-venezuela-ante-ataques-injerencistas-de-eeuu\/\",\"name\":\"Alba ratifica respaldo a Venezuela ante ataques injerencistas de EEUU - MPPPST\",\"isPartOf\":{\"@id\":\"https:\/\/www.mpppst.gob.ve\/mpppstweb\/#website\"},\"primaryImageOfPage\":{\"@id\":\"https:\/\/www.mpppst.gob.ve\/mpppstweb\/index.php\/2017\/03\/07\/alba-ratifica-respaldo-a-venezuela-ante-ataques-injerencistas-de-eeuu\/#primaryimage\"},\"image\":{\"@id\":\"https:\/\/www.mpppst.gob.ve\/mpppstweb\/index.php\/2017\/03\/07\/alba-ratifica-respaldo-a-venezuela-ante-ataques-injerencistas-de-eeuu\/#primaryimage\"},\"thumbnailUrl\":\"https:\/\/www.mpppst.gob.ve\/mpppstweb\/wp-content\/uploads\/2017\/03\/AlbaCumbre.jpg\",\"datePublished\":\"2017-03-07T15:01:05+00:00\",\"dateModified\":\"2017-03-07T15:01:05+00:00\",\"breadcrumb\":{\"@id\":\"https:\/\/www.mpppst.gob.ve\/mpppstweb\/index.php\/2017\/03\/07\/alba-ratifica-respaldo-a-venezuela-ante-ataques-injerencistas-de-eeuu\/#breadcrumb\"},\"inLanguage\":\"es\",\"potentialAction\":[{\"@type\":\"ReadAction\",\"target\":[\"https:\/\/www.mpppst.gob.ve\/mpppstweb\/index.php\/2017\/03\/07\/alba-ratifica-respaldo-a-venezuela-ante-ataques-injerencistas-de-eeuu\/\"]}]},{\"@type\":\"ImageObject\",\"inLanguage\":\"es\",\"@id\":\"https:\/\/www.mpppst.gob.ve\/mpppstweb\/index.php\/2017\/03\/07\/alba-ratifica-respaldo-a-venezuela-ante-ataques-injerencistas-de-eeuu\/#primaryimage\",\"url\":\"https:\/\/www.mpppst.gob.ve\/mpppstweb\/wp-content\/uploads\/2017\/03\/AlbaCumbre.jpg\",\"contentUrl\":\"https:\/\/www.mpppst.gob.ve\/mpppstweb\/wp-content\/uploads\/2017\/03\/AlbaCumbre.jpg\",\"width\":800,\"height\":445},{\"@type\":\"BreadcrumbList\",\"@id\":\"https:\/\/www.mpppst.gob.ve\/mpppstweb\/index.php\/2017\/03\/07\/alba-ratifica-respaldo-a-venezuela-ante-ataques-injerencistas-de-eeuu\/#breadcrumb\",\"itemListElement\":[{\"@type\":\"ListItem\",\"position\":1,\"name\":\"Home\",\"item\":\"https:\/\/www.mpppst.gob.ve\/mpppstweb\/\"},{\"@type\":\"ListItem\",\"position\":2,\"name\":\"Alba ratifica respaldo a Venezuela ante ataques injerencistas de EEUU\"}]},{\"@type\":\"WebSite\",\"@id\":\"https:\/\/www.mpppst.gob.ve\/mpppstweb\/#website\",\"url\":\"https:\/\/www.mpppst.gob.ve\/mpppstweb\/\",\"name\":\"MPPPST\",\"description\":\"Ministerio del Poder Popular para el Proceso Social de Trabajo\",\"publisher\":{\"@id\":\"https:\/\/www.mpppst.gob.ve\/mpppstweb\/#organization\"},\"potentialAction\":[{\"@type\":\"SearchAction\",\"target\":{\"@type\":\"EntryPoint\",\"urlTemplate\":\"https:\/\/www.mpppst.gob.ve\/mpppstweb\/?s={search_term_string}\"},\"query-input\":\"required name=search_term_string\"}],\"inLanguage\":\"es\"},{\"@type\":\"Organization\",\"@id\":\"https:\/\/www.mpppst.gob.ve\/mpppstweb\/#organization\",\"name\":\"mpppst\",\"url\":\"https:\/\/www.mpppst.gob.ve\/mpppstweb\/\",\"logo\":{\"@type\":\"ImageObject\",\"inLanguage\":\"es\",\"@id\":\"https:\/\/www.mpppst.gob.ve\/mpppstweb\/#\/schema\/logo\/image\/\",\"url\":\"https:\/\/www.mpppst.gob.ve\/mpppstweb\/wp-content\/uploads\/2025\/07\/cropped-cropped-g910.png\",\"contentUrl\":\"https:\/\/www.mpppst.gob.ve\/mpppstweb\/wp-content\/uploads\/2025\/07\/cropped-cropped-g910.png\",\"width\":1080,\"height\":241,\"caption\":\"mpppst\"},\"image\":{\"@id\":\"https:\/\/www.mpppst.gob.ve\/mpppstweb\/#\/schema\/logo\/image\/\"}},{\"@type\":\"Person\",\"@id\":\"https:\/\/www.mpppst.gob.ve\/mpppstweb\/#\/schema\/person\/fc187ee8ead412bd4c9304b62f900ea4\",\"name\":\"MPPPST Prensa\",\"url\":\"https:\/\/www.mpppst.gob.ve\/mpppstweb\/index.php\/author\/prensa-mpppst\/\"}]}<\/script>\n<!-- \/ Yoast SEO plugin. -->","yoast_head_json":{"title":"Alba ratifica respaldo a Venezuela ante ataques injerencistas de EEUU - MPPPST","robots":{"index":"index","follow":"follow","max-snippet":"max-snippet:-1","max-image-preview":"max-image-preview:large","max-video-preview":"max-video-preview:-1"},"canonical":"https:\/\/www.mpppst.gob.ve\/mpppstweb\/index.php\/2017\/03\/07\/alba-ratifica-respaldo-a-venezuela-ante-ataques-injerencistas-de-eeuu\/","og_locale":"es_ES","og_type":"article","og_title":"Alba ratifica respaldo a Venezuela ante ataques injerencistas de EEUU - MPPPST","og_description":"AVN. Los pa\u00edses\u00a0miembros de la Alianza Bolivariana para los Pueblos de Nuestra Am\u00e9rica (Alba) manifestaron su &hellip; Alba ratifica respaldo a Venezuela ante ataques injerencistas de EEUURead more","og_url":"https:\/\/www.mpppst.gob.ve\/mpppstweb\/index.php\/2017\/03\/07\/alba-ratifica-respaldo-a-venezuela-ante-ataques-injerencistas-de-eeuu\/","og_site_name":"MPPPST","article_published_time":"2017-03-07T15:01:05+00:00","og_image":[{"width":800,"height":445,"url":"https:\/\/www.mpppst.gob.ve\/mpppstweb\/wp-content\/uploads\/2017\/03\/AlbaCumbre.jpg","type":"image\/jpeg"}],"author":"MPPPST Prensa","twitter_card":"summary_large_image","twitter_misc":{"Escrito por":"MPPPST Prensa","Tiempo de lectura":"2 minutos"},"schema":{"@context":"https:\/\/schema.org","@graph":[{"@type":"Article","@id":"https:\/\/www.mpppst.gob.ve\/mpppstweb\/index.php\/2017\/03\/07\/alba-ratifica-respaldo-a-venezuela-ante-ataques-injerencistas-de-eeuu\/#article","isPartOf":{"@id":"https:\/\/www.mpppst.gob.ve\/mpppstweb\/index.php\/2017\/03\/07\/alba-ratifica-respaldo-a-venezuela-ante-ataques-injerencistas-de-eeuu\/"},"author":{"name":"MPPPST Prensa","@id":"https:\/\/www.mpppst.gob.ve\/mpppstweb\/#\/schema\/person\/fc187ee8ead412bd4c9304b62f900ea4"},"headline":"Alba ratifica respaldo a Venezuela ante ataques injerencistas de EEUU","datePublished":"2017-03-07T15:01:05+00:00","dateModified":"2017-03-07T15:01:05+00:00","mainEntityOfPage":{"@id":"https:\/\/www.mpppst.gob.ve\/mpppstweb\/index.php\/2017\/03\/07\/alba-ratifica-respaldo-a-venezuela-ante-ataques-injerencistas-de-eeuu\/"},"wordCount":451,"publisher":{"@id":"https:\/\/www.mpppst.gob.ve\/mpppstweb\/#organization"},"image":{"@id":"https:\/\/www.mpppst.gob.ve\/mpppstweb\/index.php\/2017\/03\/07\/alba-ratifica-respaldo-a-venezuela-ante-ataques-injerencistas-de-eeuu\/#primaryimage"},"thumbnailUrl":"https:\/\/www.mpppst.gob.ve\/mpppstweb\/wp-content\/uploads\/2017\/03\/AlbaCumbre.jpg","keywords":["Defensa Integral","Gobierno Bolivariano","internacionales"],"articleSection":["Internacionales","Noticias","Venezuela y el Mundo"],"inLanguage":"es"},{"@type":"WebPage","@id":"https:\/\/www.mpppst.gob.ve\/mpppstweb\/index.php\/2017\/03\/07\/alba-ratifica-respaldo-a-venezuela-ante-ataques-injerencistas-de-eeuu\/","url":"https:\/\/www.mpppst.gob.ve\/mpppstweb\/index.php\/2017\/03\/07\/alba-ratifica-respaldo-a-venezuela-ante-ataques-injerencistas-de-eeuu\/","name":"Alba ratifica respaldo a Venezuela ante ataques injerencistas de EEUU - MPPPST","isPartOf":{"@id":"https:\/\/www.mpppst.gob.ve\/mpppstweb\/#website"},"primaryImageOfPage":{"@id":"https:\/\/www.mpppst.gob.ve\/mpppstweb\/index.php\/2017\/03\/07\/alba-ratifica-respaldo-a-venezuela-ante-ataques-injerencistas-de-eeuu\/#primaryimage"},"image":{"@id":"https:\/\/www.mpppst.gob.ve\/mpppstweb\/index.php\/2017\/03\/07\/alba-ratifica-respaldo-a-venezuela-ante-ataques-injerencistas-de-eeuu\/#primaryimage"},"thumbnailUrl":"https:\/\/www.mpppst.gob.ve\/mpppstweb\/wp-content\/uploads\/2017\/03\/AlbaCumbre.jpg","datePublished":"2017-03-07T15:01:05+00:00","dateModified":"2017-03-07T15:01:05+00:00","breadcrumb":{"@id":"https:\/\/www.mpppst.gob.ve\/mpppstweb\/index.php\/2017\/03\/07\/alba-ratifica-respaldo-a-venezuela-ante-ataques-injerencistas-de-eeuu\/#breadcrumb"},"inLanguage":"es","potentialAction":[{"@type":"ReadAction","target":["https:\/\/www.mpppst.gob.ve\/mpppstweb\/index.php\/2017\/03\/07\/alba-ratifica-respaldo-a-venezuela-ante-ataques-injerencistas-de-eeuu\/"]}]},{"@type":"ImageObject","inLanguage":"es","@id":"https:\/\/www.mpppst.gob.ve\/mpppstweb\/index.php\/2017\/03\/07\/alba-ratifica-respaldo-a-venezuela-ante-ataques-injerencistas-de-eeuu\/#primaryimage","url":"https:\/\/www.mpppst.gob.ve\/mpppstweb\/wp-content\/uploads\/2017\/03\/AlbaCumbre.jpg","contentUrl":"https:\/\/www.mpppst.gob.ve\/mpppstweb\/wp-content\/uploads\/2017\/03\/AlbaCumbre.jpg","width":800,"height":445},{"@type":"BreadcrumbList","@id":"https:\/\/www.mpppst.gob.ve\/mpppstweb\/index.php\/2017\/03\/07\/alba-ratifica-respaldo-a-venezuela-ante-ataques-injerencistas-de-eeuu\/#breadcrumb","itemListElement":[{"@type":"ListItem","position":1,"name":"Home","item":"https:\/\/www.mpppst.gob.ve\/mpppstweb\/"},{"@type":"ListItem","position":2,"name":"Alba ratifica respaldo a Venezuela ante ataques injerencistas de EEUU"}]},{"@type":"WebSite","@id":"https:\/\/www.mpppst.gob.ve\/mpppstweb\/#website","url":"https:\/\/www.mpppst.gob.ve\/mpppstweb\/","name":"MPPPST","description":"Ministerio del Poder Popular para el Proceso Social de Trabajo","publisher":{"@id":"https:\/\/www.mpppst.gob.ve\/mpppstweb\/#organization"},"potentialAction":[{"@type":"SearchAction","target":{"@type":"EntryPoint","urlTemplate":"https:\/\/www.mpppst.gob.ve\/mpppstweb\/?s={search_term_string}"},"query-input":"required name=search_term_string"}],"inLanguage":"es"},{"@type":"Organization","@id":"https:\/\/www.mpppst.gob.ve\/mpppstweb\/#organization","name":"mpppst","url":"https:\/\/www.mpppst.gob.ve\/mpppstweb\/","logo":{"@type":"ImageObject","inLanguage":"es","@id":"https:\/\/www.mpppst.gob.ve\/mpppstweb\/#\/schema\/logo\/image\/","url":"https:\/\/www.mpppst.gob.ve\/mpppstweb\/wp-content\/uploads\/2025\/07\/cropped-cropped-g910.png","contentUrl":"https:\/\/www.mpppst.gob.ve\/mpppstweb\/wp-content\/uploads\/2025\/07\/cropped-cropped-g910.png","width":1080,"height":241,"caption":"mpppst"},"image":{"@id":"https:\/\/www.mpppst.gob.ve\/mpppstweb\/#\/schema\/logo\/image\/"}},{"@type":"Person","@id":"https:\/\/www.mpppst.gob.ve\/mpppstweb\/#\/schema\/person\/fc187ee8ead412bd4c9304b62f900ea4","name":"MPPPST Prensa","url":"https:\/\/www.mpppst.gob.ve\/mpppstweb\/index.php\/author\/prensa-mpppst\/"}]}},"_links":{"self":[{"href":"https:\/\/www.mpppst.gob.ve\/mpppstweb\/index.php\/wp-json\/wp\/v2\/posts\/10795"}],"collection":[{"href":"https:\/\/www.mpppst.gob.ve\/mpppstweb\/index.php\/wp-json\/wp\/v2\/posts"}],"about":[{"href":"https:\/\/www.mpppst.gob.ve\/mpppstweb\/index.php\/wp-json\/wp\/v2\/types\/post"}],"author":[{"embeddable":true,"href":"https:\/\/www.mpppst.gob.ve\/mpppstweb\/index.php\/wp-json\/wp\/v2\/users\/25"}],"replies":[{"embeddable":true,"href":"https:\/\/www.mpppst.gob.ve\/mpppstweb\/index.php\/wp-json\/wp\/v2\/comments?post=10795"}],"version-history":[{"count":1,"href":"https:\/\/www.mpppst.gob.ve\/mpppstweb\/index.php\/wp-json\/wp\/v2\/posts\/10795\/revisions"}],"predecessor-version":[{"id":10797,"href":"https:\/\/www.mpppst.gob.ve\/mpppstweb\/index.php\/wp-json\/wp\/v2\/posts\/10795\/revisions\/10797"}],"wp:featuredmedia":[{"embeddable":true,"href":"https:\/\/www.mpppst.gob.ve\/mpppstweb\/index.php\/wp-json\/wp\/v2\/media\/10796"}],"wp:attachment":[{"href":"https:\/\/www.mpppst.gob.ve\/mpppstweb\/index.php\/wp-json\/wp\/v2\/media?parent=10795"}],"wp:term":[{"taxonomy":"category","embeddable":true,"href":"https:\/\/www.mpppst.gob.ve\/mpppstweb\/index.php\/wp-json\/wp\/v2\/categories?post=10795"},{"taxonomy":"post_tag","embeddable":true,"href":"https:\/\/www.mpppst.gob.ve\/mpppstweb\/index.php\/wp-json\/wp\/v2\/tags?post=10795"}],"curies":[{"name":"wp","href":"https:\/\/api.w.org\/{rel}","templated":true}]}}