{"id":10802,"date":"2017-03-07T16:15:48","date_gmt":"2017-03-07T16:15:48","guid":{"rendered":"http:\/\/www.mpppst.gob.ve\/mpppstweb\/?p=10802"},"modified":"2017-03-07T16:16:49","modified_gmt":"2017-03-07T16:16:49","slug":"julian-assange-las-virtudes-de-chavez-sacudieron-la-tierra","status":"publish","type":"post","link":"https:\/\/www.mpppst.gob.ve\/mpppstweb\/index.php\/2017\/03\/07\/julian-assange-las-virtudes-de-chavez-sacudieron-la-tierra\/","title":{"rendered":"Julian Assange: Las virtudes de Ch\u00e1vez sacudieron la tierra"},"content":{"rendered":"<p>Julian Assange, fundador del sitio web Wikileaks envi\u00f3 una carta a los integrantes de la Red de Intelectuales, Artistas y Movimientos Sociales por la Humanidad, quienes sostuvieron un encuentro en la Casa Amarilla, sede de la Canciller\u00eda venezolana en Caracas, a prop\u00f3sito de los 4 a\u00f1os del fallecimiento del Comandante Hugo Ch\u00e1vez.<\/p>\n<p>En la misiva, el periodista australiano resalta su admiraci\u00f3n por el l\u00edder de la Revoluci\u00f3n Bolivariana, Comandante Hugo Ch\u00e1vez cuando, en 2001, fue el \u00fanico l\u00edder que denunci\u00f3 el asesinato cometido por los Estados Unidos de civiles inocentes en Afganist\u00e1n. \u201cComo todos nosotros, \u00e9l no estaba libre de pecado, pero sus virtudes sacudieron la tierra\u201d, expres\u00f3.<\/p>\n<p>Asimismo, relata su lucha para denunciar las atrocidades del imperialismo y la negativa al salvoconducto para salir de la embajada de Ecuador. \u201cPermaneceremos fieles a la promesa de publicar la verdad sin miedo o negociaciones bajo la mesa\u201d, asever\u00f3.<\/p>\n<p>A continuaci\u00f3n el texto completo de la carta:<\/p>\n<p>Carta enviada al XV Encuentro de la Red En Defensa de la Humanidad, Comunicaci\u00f3n emancipadora o patrias colonizadas<\/p>\n<p>Amigos de la Red de Intelectuales, Artistas y Movimientos Sociales por la Humanidad reunidos en Caracas.<\/p>\n<p>En el libro de Proverbios dice que \u201cuna casa se construye con sabidur\u00eda, y se establece por medio de entendimiento. Sus cuartos se llenan de hermosos tesoros a trav\u00e9s del conocimiento\u201d. Pero hay algo m\u00e1s en todo esto. El siguiente verso es \u201cLos sabios son m\u00e1s poderosos que los fuertes\u201d<\/p>\n<p><strong>El conocimiento es poder.<\/strong><\/p>\n<p>Tengo el gran honor de dirigirme a Ustedes en este aniversario por la muerte de un hombre que ha luchado amplia y aguerridamente contra el imperialismo, el neocolonialismo y otras formas de opresi\u00f3n a los pueblos, especialmente en Am\u00e9rica Latina.<\/p>\n<p>Ch\u00e1vez tuvo el papel m\u00e1s importante en el escenario global con sus incansables esfuerzos para seguir avanzando en la integraci\u00f3n y cooperaci\u00f3n regional y construir un mundo multipolar.<\/p>\n<p>Denunci\u00f3 las injusticias tal y como \u00e9l las ve\u00eda y en el 2001 fue el \u00fanico l\u00edder que denunci\u00f3 el asesinato cometido por los Estados Unidos de civiles inocentes en Afganist\u00e1n, indicando: \u201cUstedes no pueden pelear el terrorismo con terrorismo\u201d. Poco despu\u00e9s de 6 meses, los EEUU apoyaron un golpe de estado en su contra que fue revertido cuando cientos de miles de venezolanos tomaron las calles, muchos de ellos con la Constituci\u00f3n en sus manos.<\/p>\n<p>Como todos nosotros, \u00e9l no estaba libre de pecado, pero sus virtudes sacudieron la tierra.<\/p>\n<p>Como director de Wikileaks, sacamos a la luz los secretos de los poderosos y adem\u00e1s construimos una Biblioteca distinta y poderosa, una biblioteca que contiene la informaci\u00f3n sobre c\u00f3mo realmente funciona nuestro mundo y sus instituciones, que contiene informaci\u00f3n que por siglos ha estado solamente en manos de las \u00e9lites y que ahora \u2015no sin correr riesgos y persecuciones\u2015 hemos democratizado y puesto a disposici\u00f3n del pueblo, sin distinci\u00f3n de orientaci\u00f3n pol\u00edtica o credo.<\/p>\n<p>Es para todos y todas, para que la sociedad del todo mundo abra los ojos, y con datos irrefutables en la mano, confronte a los poderosos y saque sus propias conclusiones, sin filtros medi\u00e1ticos, sobre los eventos y decisiones pol\u00edticas que afectan sus vidas.<\/p>\n<p>El objetivo de Wikileaks, de buscar la verdad en nombre de la humanidad, es hoy m\u00e1s importante que nunca, un objetivo que seguimos buscando a pesar del alto precio que pagamos por ello.<\/p>\n<p>El costo, en mi caso, ha sido alto. He estado perseguido judicialmente y detenido por casi siete a\u00f1os, sin que pese cargo alguno en mi contra. La persecuci\u00f3n se ha extendido a mi familia, a mis hijos, a quienes no he podido ver durante todo este tiempo.<\/p>\n<p>Tanto Naciones Unidas, como numerosas organizaciones de Derechos Humanos y personalidades a nivel mundial han hecho un llamado a Suecia y al Reino Unido para que respeten sus obligaciones internacionales, para que respeten y reconozcan la soberan\u00eda del Estado de Ecuador y por tanto reconozcan mi asilo y dejen de bloquear el ejercicio de este derecho humano. Es inconcebible que la actitud imperialista de Reino Unido y de Suecia, en pleno siglo 21, les permita, con total impunidad, ignorar un acto soberano de un pa\u00eds independiente, Ecuador.<\/p>\n<p>Recuerdo a los presentes que Ecuador pag\u00f3 y sigue pagando un alto precio al otorgarme el asilo para protegerme de la persecuci\u00f3n pol\u00edtica por haber expuesto los secretos del imperio. Su Embajada en Londres sufri\u00f3 amenazas de ataque por la polic\u00eda brit\u00e1nica y hasta el d\u00eda de hoy, es sujeta de niveles de vigilancia que no tienen comparaci\u00f3n alguna.<\/p>\n<p>Denegar el salvoconducto para que yo pueda ir a Latinoam\u00e9rica es un acto de imperialismo puro, de pa\u00edses que ocupan altos cargos en Naciones Unidas, y, sin embargo, se reh\u00fasan a reconocer y habilitar el ejercicio de un derecho universal, y lo hacen en total impunidad, burl\u00e1ndose, adem\u00e1s, de la soberan\u00eda de un pa\u00eds del Sur y de toda la regi\u00f3n Latinoamericana que respald\u00f3 un\u00e1nimemente mi asilo, constituyendo un grave insulto a la dignidad de nuestros pueblos y al mismo sistema de Naciones Unidas. Hacer esto por a\u00f1os muestra el deterioro y grave retroceso del sistema internacional de protecci\u00f3n de derechos humanos para todos.<\/p>\n<p>Ni hablar de mi pa\u00eds, Australia, un sirviente m\u00e1s de los intereses imperialistas, que en siete a\u00f1os no ha abogado por m\u00ed ni una sola vez y que adem\u00e1s busca criminalizarme para que yo no pueda volver a casa. A pesar de una Resoluci\u00f3n firme de la m\u00e1s alta autoridad en temas de Detenci\u00f3n Arbitrarias que despu\u00e9s de analizar detenidamente mi caso, estableci\u00f3 que mi detenci\u00f3n ha sido arbitraria e ilegal y el deber de dejarme en libertad de inmediato e indemnizarme, tanto Suecia como el Reino Unido la ignoran por completo.<\/p>\n<p>Pero a pesar de todo, el imperio no ha logrado silenciarme. Soy libre simplemente porque soy libre de expresarme. Y disfruto de esta libertad gracias al coraje de Ecuador y otros Estados, entre ellos Venezuela, que se han unido para apoyarme. Mi lucha puede convertirse en una historia exitosa para la libertad de expresi\u00f3n y los derechos humanos.<\/p>\n<p>Por lo tanto la concesi\u00f3n de un salvoconducto ser\u00eda un acto de justicia y dignidad para la regi\u00f3n.<\/p>\n<p>Permaneceremos fieles a la promesa de publicar la verdad sin miedo o negociaciones bajo la mesa. Seguiremos esforz\u00e1ndonos en nuestro compromiso con la verdad y la justicia social.<\/p>\n<p>La liberaci\u00f3n de los pueblos depende de la liberaci\u00f3n de la mente de los pueblos. Para ello, necesitamos que esfuerzos revolucionarios pac\u00edficos como el de Wikileaks, florezcan alrededor del mundo. Por esta raz\u00f3n necesitamos detener la persecuci\u00f3n contra WikiLeaks y su gente.<\/p>\n<p>Hag\u00e1moslo juntos hoy. Ma\u00f1ana puede ser tarde.<\/p>\n<p>Julian Assange<\/p>\n<p>Prensa Mippci \/ Alba Ciudad<\/p>\n","protected":false},"excerpt":{"rendered":"<p>Julian Assange, fundador del sitio web Wikileaks envi\u00f3 una carta a los integrantes de la Red &hellip; <a title=\"Julian Assange: Las virtudes de Ch\u00e1vez sacudieron la tierra\" class=\"hm-read-more\" href=\"https:\/\/www.mpppst.gob.ve\/mpppstweb\/index.php\/2017\/03\/07\/julian-assange-las-virtudes-de-chavez-sacudieron-la-tierra\/\"><span class=\"screen-reader-text\">Julian Assange: Las virtudes de Ch\u00e1vez sacudieron la tierra<\/span>Read more<\/a><\/p>\n","protected":false},"author":25,"featured_media":10804,"comment_status":"closed","ping_status":"closed","sticky":false,"template":"","format":"standard","meta":{"footnotes":""},"categories":[8,166],"tags":[],"yoast_head":"<!-- This site is optimized with the Yoast SEO plugin v22.5 - https:\/\/yoast.com\/wordpress\/plugins\/seo\/ -->\n<title>Julian Assange: Las virtudes de Ch\u00e1vez sacudieron la tierra - MPPPST<\/title>\n<meta name=\"robots\" content=\"index, follow, max-snippet:-1, max-image-preview:large, max-video-preview:-1\" \/>\n<link rel=\"canonical\" href=\"https:\/\/www.mpppst.gob.ve\/mpppstweb\/index.php\/2017\/03\/07\/julian-assange-las-virtudes-de-chavez-sacudieron-la-tierra\/\" \/>\n<meta property=\"og:locale\" content=\"es_ES\" \/>\n<meta property=\"og:type\" content=\"article\" \/>\n<meta property=\"og:title\" content=\"Julian Assange: Las virtudes de Ch\u00e1vez sacudieron la tierra - MPPPST\" \/>\n<meta property=\"og:description\" content=\"Julian Assange, fundador del sitio web Wikileaks envi\u00f3 una carta a los integrantes de la Red &hellip; Julian Assange: Las virtudes de Ch\u00e1vez sacudieron la tierraRead more\" \/>\n<meta property=\"og:url\" content=\"https:\/\/www.mpppst.gob.ve\/mpppstweb\/index.php\/2017\/03\/07\/julian-assange-las-virtudes-de-chavez-sacudieron-la-tierra\/\" \/>\n<meta property=\"og:site_name\" content=\"MPPPST\" \/>\n<meta property=\"article:published_time\" content=\"2017-03-07T16:15:48+00:00\" \/>\n<meta property=\"article:modified_time\" content=\"2017-03-07T16:16:49+00:00\" \/>\n<meta property=\"og:image\" content=\"https:\/\/www.mpppst.gob.ve\/mpppstweb\/wp-content\/uploads\/2017\/03\/jassange.jpg\" \/>\n\t<meta property=\"og:image:width\" content=\"800\" \/>\n\t<meta property=\"og:image:height\" content=\"445\" \/>\n\t<meta property=\"og:image:type\" content=\"image\/jpeg\" \/>\n<meta name=\"author\" content=\"MPPPST Prensa\" \/>\n<meta name=\"twitter:card\" content=\"summary_large_image\" \/>\n<meta name=\"twitter:label1\" content=\"Escrito por\" \/>\n\t<meta name=\"twitter:data1\" content=\"MPPPST Prensa\" \/>\n\t<meta name=\"twitter:label2\" content=\"Tiempo de lectura\" \/>\n\t<meta name=\"twitter:data2\" content=\"6 minutos\" \/>\n<script type=\"application\/ld+json\" class=\"yoast-schema-graph\">{\"@context\":\"https:\/\/schema.org\",\"@graph\":[{\"@type\":\"Article\",\"@id\":\"https:\/\/www.mpppst.gob.ve\/mpppstweb\/index.php\/2017\/03\/07\/julian-assange-las-virtudes-de-chavez-sacudieron-la-tierra\/#article\",\"isPartOf\":{\"@id\":\"https:\/\/www.mpppst.gob.ve\/mpppstweb\/index.php\/2017\/03\/07\/julian-assange-las-virtudes-de-chavez-sacudieron-la-tierra\/\"},\"author\":{\"name\":\"MPPPST Prensa\",\"@id\":\"https:\/\/www.mpppst.gob.ve\/mpppstweb\/#\/schema\/person\/fc187ee8ead412bd4c9304b62f900ea4\"},\"headline\":\"Julian Assange: Las virtudes de Ch\u00e1vez sacudieron la tierra\",\"datePublished\":\"2017-03-07T16:15:48+00:00\",\"dateModified\":\"2017-03-07T16:16:49+00:00\",\"mainEntityOfPage\":{\"@id\":\"https:\/\/www.mpppst.gob.ve\/mpppstweb\/index.php\/2017\/03\/07\/julian-assange-las-virtudes-de-chavez-sacudieron-la-tierra\/\"},\"wordCount\":1186,\"publisher\":{\"@id\":\"https:\/\/www.mpppst.gob.ve\/mpppstweb\/#organization\"},\"image\":{\"@id\":\"https:\/\/www.mpppst.gob.ve\/mpppstweb\/index.php\/2017\/03\/07\/julian-assange-las-virtudes-de-chavez-sacudieron-la-tierra\/#primaryimage\"},\"thumbnailUrl\":\"https:\/\/www.mpppst.gob.ve\/mpppstweb\/wp-content\/uploads\/2017\/03\/jassange.jpg\",\"articleSection\":[\"Internacionales\",\"Venezuela y el Mundo\"],\"inLanguage\":\"es\"},{\"@type\":\"WebPage\",\"@id\":\"https:\/\/www.mpppst.gob.ve\/mpppstweb\/index.php\/2017\/03\/07\/julian-assange-las-virtudes-de-chavez-sacudieron-la-tierra\/\",\"url\":\"https:\/\/www.mpppst.gob.ve\/mpppstweb\/index.php\/2017\/03\/07\/julian-assange-las-virtudes-de-chavez-sacudieron-la-tierra\/\",\"name\":\"Julian Assange: Las virtudes de Ch\u00e1vez sacudieron la tierra - MPPPST\",\"isPartOf\":{\"@id\":\"https:\/\/www.mpppst.gob.ve\/mpppstweb\/#website\"},\"primaryImageOfPage\":{\"@id\":\"https:\/\/www.mpppst.gob.ve\/mpppstweb\/index.php\/2017\/03\/07\/julian-assange-las-virtudes-de-chavez-sacudieron-la-tierra\/#primaryimage\"},\"image\":{\"@id\":\"https:\/\/www.mpppst.gob.ve\/mpppstweb\/index.php\/2017\/03\/07\/julian-assange-las-virtudes-de-chavez-sacudieron-la-tierra\/#primaryimage\"},\"thumbnailUrl\":\"https:\/\/www.mpppst.gob.ve\/mpppstweb\/wp-content\/uploads\/2017\/03\/jassange.jpg\",\"datePublished\":\"2017-03-07T16:15:48+00:00\",\"dateModified\":\"2017-03-07T16:16:49+00:00\",\"breadcrumb\":{\"@id\":\"https:\/\/www.mpppst.gob.ve\/mpppstweb\/index.php\/2017\/03\/07\/julian-assange-las-virtudes-de-chavez-sacudieron-la-tierra\/#breadcrumb\"},\"inLanguage\":\"es\",\"potentialAction\":[{\"@type\":\"ReadAction\",\"target\":[\"https:\/\/www.mpppst.gob.ve\/mpppstweb\/index.php\/2017\/03\/07\/julian-assange-las-virtudes-de-chavez-sacudieron-la-tierra\/\"]}]},{\"@type\":\"ImageObject\",\"inLanguage\":\"es\",\"@id\":\"https:\/\/www.mpppst.gob.ve\/mpppstweb\/index.php\/2017\/03\/07\/julian-assange-las-virtudes-de-chavez-sacudieron-la-tierra\/#primaryimage\",\"url\":\"https:\/\/www.mpppst.gob.ve\/mpppstweb\/wp-content\/uploads\/2017\/03\/jassange.jpg\",\"contentUrl\":\"https:\/\/www.mpppst.gob.ve\/mpppstweb\/wp-content\/uploads\/2017\/03\/jassange.jpg\",\"width\":800,\"height\":445},{\"@type\":\"BreadcrumbList\",\"@id\":\"https:\/\/www.mpppst.gob.ve\/mpppstweb\/index.php\/2017\/03\/07\/julian-assange-las-virtudes-de-chavez-sacudieron-la-tierra\/#breadcrumb\",\"itemListElement\":[{\"@type\":\"ListItem\",\"position\":1,\"name\":\"Home\",\"item\":\"https:\/\/www.mpppst.gob.ve\/mpppstweb\/\"},{\"@type\":\"ListItem\",\"position\":2,\"name\":\"Julian Assange: Las virtudes de Ch\u00e1vez sacudieron la tierra\"}]},{\"@type\":\"WebSite\",\"@id\":\"https:\/\/www.mpppst.gob.ve\/mpppstweb\/#website\",\"url\":\"https:\/\/www.mpppst.gob.ve\/mpppstweb\/\",\"name\":\"MPPPST\",\"description\":\"Ministerio del Poder Popular para el Proceso Social de Trabajo\",\"publisher\":{\"@id\":\"https:\/\/www.mpppst.gob.ve\/mpppstweb\/#organization\"},\"potentialAction\":[{\"@type\":\"SearchAction\",\"target\":{\"@type\":\"EntryPoint\",\"urlTemplate\":\"https:\/\/www.mpppst.gob.ve\/mpppstweb\/?s={search_term_string}\"},\"query-input\":\"required name=search_term_string\"}],\"inLanguage\":\"es\"},{\"@type\":\"Organization\",\"@id\":\"https:\/\/www.mpppst.gob.ve\/mpppstweb\/#organization\",\"name\":\"mpppst\",\"url\":\"https:\/\/www.mpppst.gob.ve\/mpppstweb\/\",\"logo\":{\"@type\":\"ImageObject\",\"inLanguage\":\"es\",\"@id\":\"https:\/\/www.mpppst.gob.ve\/mpppstweb\/#\/schema\/logo\/image\/\",\"url\":\"https:\/\/www.mpppst.gob.ve\/mpppstweb\/wp-content\/uploads\/2025\/07\/cropped-cropped-g910.png\",\"contentUrl\":\"https:\/\/www.mpppst.gob.ve\/mpppstweb\/wp-content\/uploads\/2025\/07\/cropped-cropped-g910.png\",\"width\":1080,\"height\":241,\"caption\":\"mpppst\"},\"image\":{\"@id\":\"https:\/\/www.mpppst.gob.ve\/mpppstweb\/#\/schema\/logo\/image\/\"}},{\"@type\":\"Person\",\"@id\":\"https:\/\/www.mpppst.gob.ve\/mpppstweb\/#\/schema\/person\/fc187ee8ead412bd4c9304b62f900ea4\",\"name\":\"MPPPST Prensa\",\"url\":\"https:\/\/www.mpppst.gob.ve\/mpppstweb\/index.php\/author\/prensa-mpppst\/\"}]}<\/script>\n<!-- \/ Yoast SEO plugin. -->","yoast_head_json":{"title":"Julian Assange: Las virtudes de Ch\u00e1vez sacudieron la tierra - MPPPST","robots":{"index":"index","follow":"follow","max-snippet":"max-snippet:-1","max-image-preview":"max-image-preview:large","max-video-preview":"max-video-preview:-1"},"canonical":"https:\/\/www.mpppst.gob.ve\/mpppstweb\/index.php\/2017\/03\/07\/julian-assange-las-virtudes-de-chavez-sacudieron-la-tierra\/","og_locale":"es_ES","og_type":"article","og_title":"Julian Assange: Las virtudes de Ch\u00e1vez sacudieron la tierra - MPPPST","og_description":"Julian Assange, fundador del sitio web Wikileaks envi\u00f3 una carta a los integrantes de la Red &hellip; Julian Assange: Las virtudes de Ch\u00e1vez sacudieron la tierraRead more","og_url":"https:\/\/www.mpppst.gob.ve\/mpppstweb\/index.php\/2017\/03\/07\/julian-assange-las-virtudes-de-chavez-sacudieron-la-tierra\/","og_site_name":"MPPPST","article_published_time":"2017-03-07T16:15:48+00:00","article_modified_time":"2017-03-07T16:16:49+00:00","og_image":[{"width":800,"height":445,"url":"https:\/\/www.mpppst.gob.ve\/mpppstweb\/wp-content\/uploads\/2017\/03\/jassange.jpg","type":"image\/jpeg"}],"author":"MPPPST Prensa","twitter_card":"summary_large_image","twitter_misc":{"Escrito por":"MPPPST Prensa","Tiempo de lectura":"6 minutos"},"schema":{"@context":"https:\/\/schema.org","@graph":[{"@type":"Article","@id":"https:\/\/www.mpppst.gob.ve\/mpppstweb\/index.php\/2017\/03\/07\/julian-assange-las-virtudes-de-chavez-sacudieron-la-tierra\/#article","isPartOf":{"@id":"https:\/\/www.mpppst.gob.ve\/mpppstweb\/index.php\/2017\/03\/07\/julian-assange-las-virtudes-de-chavez-sacudieron-la-tierra\/"},"author":{"name":"MPPPST Prensa","@id":"https:\/\/www.mpppst.gob.ve\/mpppstweb\/#\/schema\/person\/fc187ee8ead412bd4c9304b62f900ea4"},"headline":"Julian Assange: Las virtudes de Ch\u00e1vez sacudieron la tierra","datePublished":"2017-03-07T16:15:48+00:00","dateModified":"2017-03-07T16:16:49+00:00","mainEntityOfPage":{"@id":"https:\/\/www.mpppst.gob.ve\/mpppstweb\/index.php\/2017\/03\/07\/julian-assange-las-virtudes-de-chavez-sacudieron-la-tierra\/"},"wordCount":1186,"publisher":{"@id":"https:\/\/www.mpppst.gob.ve\/mpppstweb\/#organization"},"image":{"@id":"https:\/\/www.mpppst.gob.ve\/mpppstweb\/index.php\/2017\/03\/07\/julian-assange-las-virtudes-de-chavez-sacudieron-la-tierra\/#primaryimage"},"thumbnailUrl":"https:\/\/www.mpppst.gob.ve\/mpppstweb\/wp-content\/uploads\/2017\/03\/jassange.jpg","articleSection":["Internacionales","Venezuela y el Mundo"],"inLanguage":"es"},{"@type":"WebPage","@id":"https:\/\/www.mpppst.gob.ve\/mpppstweb\/index.php\/2017\/03\/07\/julian-assange-las-virtudes-de-chavez-sacudieron-la-tierra\/","url":"https:\/\/www.mpppst.gob.ve\/mpppstweb\/index.php\/2017\/03\/07\/julian-assange-las-virtudes-de-chavez-sacudieron-la-tierra\/","name":"Julian Assange: Las virtudes de Ch\u00e1vez sacudieron la tierra - MPPPST","isPartOf":{"@id":"https:\/\/www.mpppst.gob.ve\/mpppstweb\/#website"},"primaryImageOfPage":{"@id":"https:\/\/www.mpppst.gob.ve\/mpppstweb\/index.php\/2017\/03\/07\/julian-assange-las-virtudes-de-chavez-sacudieron-la-tierra\/#primaryimage"},"image":{"@id":"https:\/\/www.mpppst.gob.ve\/mpppstweb\/index.php\/2017\/03\/07\/julian-assange-las-virtudes-de-chavez-sacudieron-la-tierra\/#primaryimage"},"thumbnailUrl":"https:\/\/www.mpppst.gob.ve\/mpppstweb\/wp-content\/uploads\/2017\/03\/jassange.jpg","datePublished":"2017-03-07T16:15:48+00:00","dateModified":"2017-03-07T16:16:49+00:00","breadcrumb":{"@id":"https:\/\/www.mpppst.gob.ve\/mpppstweb\/index.php\/2017\/03\/07\/julian-assange-las-virtudes-de-chavez-sacudieron-la-tierra\/#breadcrumb"},"inLanguage":"es","potentialAction":[{"@type":"ReadAction","target":["https:\/\/www.mpppst.gob.ve\/mpppstweb\/index.php\/2017\/03\/07\/julian-assange-las-virtudes-de-chavez-sacudieron-la-tierra\/"]}]},{"@type":"ImageObject","inLanguage":"es","@id":"https:\/\/www.mpppst.gob.ve\/mpppstweb\/index.php\/2017\/03\/07\/julian-assange-las-virtudes-de-chavez-sacudieron-la-tierra\/#primaryimage","url":"https:\/\/www.mpppst.gob.ve\/mpppstweb\/wp-content\/uploads\/2017\/03\/jassange.jpg","contentUrl":"https:\/\/www.mpppst.gob.ve\/mpppstweb\/wp-content\/uploads\/2017\/03\/jassange.jpg","width":800,"height":445},{"@type":"BreadcrumbList","@id":"https:\/\/www.mpppst.gob.ve\/mpppstweb\/index.php\/2017\/03\/07\/julian-assange-las-virtudes-de-chavez-sacudieron-la-tierra\/#breadcrumb","itemListElement":[{"@type":"ListItem","position":1,"name":"Home","item":"https:\/\/www.mpppst.gob.ve\/mpppstweb\/"},{"@type":"ListItem","position":2,"name":"Julian Assange: Las virtudes de Ch\u00e1vez sacudieron la tierra"}]},{"@type":"WebSite","@id":"https:\/\/www.mpppst.gob.ve\/mpppstweb\/#website","url":"https:\/\/www.mpppst.gob.ve\/mpppstweb\/","name":"MPPPST","description":"Ministerio del Poder Popular para el Proceso Social de Trabajo","publisher":{"@id":"https:\/\/www.mpppst.gob.ve\/mpppstweb\/#organization"},"potentialAction":[{"@type":"SearchAction","target":{"@type":"EntryPoint","urlTemplate":"https:\/\/www.mpppst.gob.ve\/mpppstweb\/?s={search_term_string}"},"query-input":"required name=search_term_string"}],"inLanguage":"es"},{"@type":"Organization","@id":"https:\/\/www.mpppst.gob.ve\/mpppstweb\/#organization","name":"mpppst","url":"https:\/\/www.mpppst.gob.ve\/mpppstweb\/","logo":{"@type":"ImageObject","inLanguage":"es","@id":"https:\/\/www.mpppst.gob.ve\/mpppstweb\/#\/schema\/logo\/image\/","url":"https:\/\/www.mpppst.gob.ve\/mpppstweb\/wp-content\/uploads\/2025\/07\/cropped-cropped-g910.png","contentUrl":"https:\/\/www.mpppst.gob.ve\/mpppstweb\/wp-content\/uploads\/2025\/07\/cropped-cropped-g910.png","width":1080,"height":241,"caption":"mpppst"},"image":{"@id":"https:\/\/www.mpppst.gob.ve\/mpppstweb\/#\/schema\/logo\/image\/"}},{"@type":"Person","@id":"https:\/\/www.mpppst.gob.ve\/mpppstweb\/#\/schema\/person\/fc187ee8ead412bd4c9304b62f900ea4","name":"MPPPST Prensa","url":"https:\/\/www.mpppst.gob.ve\/mpppstweb\/index.php\/author\/prensa-mpppst\/"}]}},"_links":{"self":[{"href":"https:\/\/www.mpppst.gob.ve\/mpppstweb\/index.php\/wp-json\/wp\/v2\/posts\/10802"}],"collection":[{"href":"https:\/\/www.mpppst.gob.ve\/mpppstweb\/index.php\/wp-json\/wp\/v2\/posts"}],"about":[{"href":"https:\/\/www.mpppst.gob.ve\/mpppstweb\/index.php\/wp-json\/wp\/v2\/types\/post"}],"author":[{"embeddable":true,"href":"https:\/\/www.mpppst.gob.ve\/mpppstweb\/index.php\/wp-json\/wp\/v2\/users\/25"}],"replies":[{"embeddable":true,"href":"https:\/\/www.mpppst.gob.ve\/mpppstweb\/index.php\/wp-json\/wp\/v2\/comments?post=10802"}],"version-history":[{"count":1,"href":"https:\/\/www.mpppst.gob.ve\/mpppstweb\/index.php\/wp-json\/wp\/v2\/posts\/10802\/revisions"}],"predecessor-version":[{"id":10805,"href":"https:\/\/www.mpppst.gob.ve\/mpppstweb\/index.php\/wp-json\/wp\/v2\/posts\/10802\/revisions\/10805"}],"wp:featuredmedia":[{"embeddable":true,"href":"https:\/\/www.mpppst.gob.ve\/mpppstweb\/index.php\/wp-json\/wp\/v2\/media\/10804"}],"wp:attachment":[{"href":"https:\/\/www.mpppst.gob.ve\/mpppstweb\/index.php\/wp-json\/wp\/v2\/media?parent=10802"}],"wp:term":[{"taxonomy":"category","embeddable":true,"href":"https:\/\/www.mpppst.gob.ve\/mpppstweb\/index.php\/wp-json\/wp\/v2\/categories?post=10802"},{"taxonomy":"post_tag","embeddable":true,"href":"https:\/\/www.mpppst.gob.ve\/mpppstweb\/index.php\/wp-json\/wp\/v2\/tags?post=10802"}],"curies":[{"name":"wp","href":"https:\/\/api.w.org\/{rel}","templated":true}]}}