{"id":10957,"date":"2017-03-24T14:30:32","date_gmt":"2017-03-24T18:30:32","guid":{"rendered":"http:\/\/www.mpppst.gob.ve\/mpppstweb\/?p=10957"},"modified":"2017-03-24T14:30:32","modified_gmt":"2017-03-24T18:30:32","slug":"la-clase-obrera-impulso-un-nuevo-modelo-economico-en-invepal","status":"publish","type":"post","link":"https:\/\/www.mpppst.gob.ve\/mpppstweb\/index.php\/2017\/03\/24\/la-clase-obrera-impulso-un-nuevo-modelo-economico-en-invepal\/","title":{"rendered":"La Clase Obrera impuls\u00f3 un nuevo modelo econ\u00f3mico en  Invepal"},"content":{"rendered":"<p>Prensa MPPPST.- Durante la revoluci\u00f3n bolivariana la Clase Obrera ha jugado un papel importante en la recuperaci\u00f3n de las empresas que hacen vida en nuestro pa\u00eds, cuyos due\u00f1os dejaron en el m\u00e1s franco abandono, sin importarles el personal humano que labora en las mismas y dej\u00e1ndolos en consecuencia hu\u00e9rfanos de salario, de producci\u00f3n y de estabilidad.<\/p>\n<p>No obstante, a trav\u00e9s del proceso de formaci\u00f3n t\u00e9cnica, la Clase Obrera revolucionaria ha asumido las riendas de esas empresas, adem\u00e1s de recuperar sus l\u00edneas de producci\u00f3n para que el pueblo no se vea afectado en cuanto a la producci\u00f3n y distribuci\u00f3n de esos productos de primera necesidad. Uno de los ejemplos m\u00e1s emblem\u00e1ticos ha sido la clase obrera de la empresa Invepal, que desde el a\u00f1o 2005, con el apoyo del Gobierno Revolucionario del Comandante Eterno Hugo Ch\u00e1vez, logr\u00f3 \u00a0sacar adelante esa empresa d\u00e1ndole estabilidad a los Trabajadores y Trabajadoras, al tiempo que lograba cumplir con la producci\u00f3n para el pueblo venezolano.<\/p>\n<p><strong>De Venepal a Invepal <\/strong><\/p>\n<p>En el a\u00f1o 2004, tras declararse en quiebra la extinta Venepal C.A; un grupo de trabajadores organizados con el respaldo del Gobierno Revolucionario, decidi\u00f3 emprender la lucha por la recuperaci\u00f3n de la empresa, en defensa de su derecho al trabajo.<\/p>\n<p>Es as\u00ed como en el a\u00f1o 2005, nace la Industria Venezolana End\u00f3gena de Papel, Invepal, S.A, como empresa pionera en el proceso de recuperaci\u00f3n por parte de los trabajadores con el apoyo del Gobierno Revolucionario; anuncio realizado por el Presidente Hugo Ch\u00e1vez Fr\u00edas en el programa Al\u00f3 Presidente Nro. 213, desde las instalaciones de Planta Molino en Mor\u00f3n, estado Carabobo.<\/p>\n<p>Invepal, S.A en su estructura organizativa tiene dos instancias: El Consejo General de Gesti\u00f3n y los Comit\u00e9s de Gesti\u00f3n por \u00c1rea, los cuales garantizan la participaci\u00f3n activa de la Clase Obrera en las decisiones estrat\u00e9gicas de la empresa.<\/p>\n<p><strong>Nuevo modelo \u00a0econ\u00f3mico <\/strong><\/p>\n<p>Para ese entonces, el presidente Hugo Ch\u00e1vez, mediante cadena de radio y televisi\u00f3n a trav\u00e9s de Al\u00f3 Presidente, explic\u00f3 la importancia de este hecho, resaltando que lo que estaba ocurriendo era un proceso de nueva econom\u00eda, \u201cla econom\u00eda social, productiva, adem\u00e1s de democracia econ\u00f3mica\u201d. Es por ello que consider\u00f3 que ese acto daba el salto, el impulso a un nuevo modelo econ\u00f3mico.<\/p>\n<p>En ese acto record\u00f3 que eran 5 mil 760 hect\u00e1reas que conformaban estas instalaciones. \u201cAdem\u00e1s Invepal nace con estas instalaciones, el terreno, la planta industrial que tiene cinco l\u00edneas de producci\u00f3n de papel, y una gran capacidad instalada. Esto fue abandonado, esto quebr\u00f3, y gracias a la acci\u00f3n coordinada del nuevo Estado, el Poder Judicial decret\u00f3 la quiebra, luego el Poder Legislativo, la Asamblea Nacional, por unanimidad, decret\u00f3 a todas las instalaciones y activos de la Venepal asunto de inter\u00e9s nacional, de inter\u00e9s social; y luego vino el Ejecutivo, f\u00edjense ustedes la coordinaci\u00f3n de un Estado justo: Poder Judicial, Poder Legislativo y Poder Ejecutivo. Y nosotros decretamos la expropiaci\u00f3n de los activos de la Venepal por causa de utilidad p\u00fablica, y unos d\u00edas despu\u00e9s, ahora mismo en este mes de febrero, entonces aprobamos en Consejo de Ministros la creaci\u00f3n de la nueva empresa Invepal (Industrias Venezolanas End\u00f3genas de Papel)\u201d, as\u00ed lo dijo el Comandante Eterno.<\/p>\n<p><strong>12 a\u00f1os produciendo papel<\/strong><\/p>\n<p>Productos de alta calidad a bajos precios son fabricados por la Industria Venezolana End\u00f3gena del Papel (Invepal), empresa que a sus 12 a\u00f1os de su creaci\u00f3n, bajo la cogesti\u00f3n entre su masa obrera y el Estado, ha permitido potenciar la industria papelera nacional.<\/p>\n<p>En esta empresa se producen cuadernos engrapados, libretas cosidas, carpetas, resmillas o papel para impresi\u00f3n, hojas de examen, papel bond y bolsas para panader\u00eda y papeler\u00edas, procesos productivos que se desarrollan en sus tres plantas ubicadas en Mor\u00f3n, estado Carabobo y Maracay, estado Aragua.<\/p>\n<p>Pero esta f\u00e1brica no solo produce papel, sino que tambi\u00e9n en recientes declaraciones el coordinador de Desarrollo End\u00f3geno de Invepal, Germ\u00e1n Bonito, dijo que Invepal estima producir unos 145 mil kilos de alimentos en 2017, debido a que en esa empresa recuperada por sus trabajadores hay unas 5 mil hect\u00e1reas de tierras aprovechables para la siembra, tierras donde se ha venido promoviendo el cultivo de distintos rubros para distribuirlos a precios bajos para sus propios trabajadores.<\/p>\n<p>Adicionalmente presentaron ante el ministerio de Agricultura el plan de siembra obrero para este a\u00f1o, en el que se cultivar\u00e1n diversas ra\u00edces, tub\u00e9rculos, hortalizas, cereales frutales y unas 80 hect\u00e1reas de leguminosas. Tambi\u00e9n puntualiz\u00f3 que se est\u00e1n preparando para el plan de siembra de la temporada de lluvia.<\/p>\n<p>&nbsp;<\/p>\n<p>Elio Garc\u00eda<\/p>\n","protected":false},"excerpt":{"rendered":"<p>Prensa MPPPST.- Durante la revoluci\u00f3n bolivariana la Clase Obrera ha jugado un papel importante en la &hellip; <a title=\"La Clase Obrera impuls\u00f3 un nuevo modelo econ\u00f3mico en  Invepal\" class=\"hm-read-more\" href=\"https:\/\/www.mpppst.gob.ve\/mpppstweb\/index.php\/2017\/03\/24\/la-clase-obrera-impulso-un-nuevo-modelo-economico-en-invepal\/\"><span class=\"screen-reader-text\">La Clase Obrera impuls\u00f3 un nuevo modelo econ\u00f3mico en  Invepal<\/span>Read more<\/a><\/p>\n","protected":false},"author":25,"featured_media":10958,"comment_status":"closed","ping_status":"closed","sticky":false,"template":"","format":"standard","meta":{"footnotes":""},"categories":[82,163],"tags":[241,222],"yoast_head":"<!-- This site is optimized with the Yoast SEO plugin v22.5 - https:\/\/yoast.com\/wordpress\/plugins\/seo\/ -->\n<title>La Clase Obrera impuls\u00f3 un nuevo modelo econ\u00f3mico en Invepal - MPPPST<\/title>\n<meta name=\"robots\" content=\"index, follow, max-snippet:-1, max-image-preview:large, max-video-preview:-1\" \/>\n<link rel=\"canonical\" href=\"https:\/\/www.mpppst.gob.ve\/mpppstweb\/index.php\/2017\/03\/24\/la-clase-obrera-impulso-un-nuevo-modelo-economico-en-invepal\/\" \/>\n<meta property=\"og:locale\" content=\"es_ES\" \/>\n<meta property=\"og:type\" content=\"article\" \/>\n<meta property=\"og:title\" content=\"La Clase Obrera impuls\u00f3 un nuevo modelo econ\u00f3mico en Invepal - MPPPST\" \/>\n<meta property=\"og:description\" content=\"Prensa MPPPST.- Durante la revoluci\u00f3n bolivariana la Clase Obrera ha jugado un papel importante en la &hellip; La Clase Obrera impuls\u00f3 un nuevo modelo econ\u00f3mico en InvepalRead more\" \/>\n<meta property=\"og:url\" content=\"https:\/\/www.mpppst.gob.ve\/mpppstweb\/index.php\/2017\/03\/24\/la-clase-obrera-impulso-un-nuevo-modelo-economico-en-invepal\/\" \/>\n<meta property=\"og:site_name\" content=\"MPPPST\" \/>\n<meta property=\"article:published_time\" content=\"2017-03-24T18:30:32+00:00\" \/>\n<meta property=\"og:image\" content=\"https:\/\/www.mpppst.gob.ve\/mpppstweb\/wp-content\/uploads\/2017\/03\/invepal.jpg\" \/>\n\t<meta property=\"og:image:width\" content=\"800\" \/>\n\t<meta property=\"og:image:height\" content=\"440\" \/>\n\t<meta property=\"og:image:type\" content=\"image\/jpeg\" \/>\n<meta name=\"author\" content=\"MPPPST Prensa\" \/>\n<meta name=\"twitter:card\" content=\"summary_large_image\" \/>\n<meta name=\"twitter:label1\" content=\"Escrito por\" \/>\n\t<meta name=\"twitter:data1\" content=\"MPPPST Prensa\" \/>\n\t<meta name=\"twitter:label2\" content=\"Tiempo de lectura\" \/>\n\t<meta name=\"twitter:data2\" content=\"4 minutos\" \/>\n<script type=\"application\/ld+json\" class=\"yoast-schema-graph\">{\"@context\":\"https:\/\/schema.org\",\"@graph\":[{\"@type\":\"Article\",\"@id\":\"https:\/\/www.mpppst.gob.ve\/mpppstweb\/index.php\/2017\/03\/24\/la-clase-obrera-impulso-un-nuevo-modelo-economico-en-invepal\/#article\",\"isPartOf\":{\"@id\":\"https:\/\/www.mpppst.gob.ve\/mpppstweb\/index.php\/2017\/03\/24\/la-clase-obrera-impulso-un-nuevo-modelo-economico-en-invepal\/\"},\"author\":{\"name\":\"MPPPST Prensa\",\"@id\":\"https:\/\/www.mpppst.gob.ve\/mpppstweb\/#\/schema\/person\/fc187ee8ead412bd4c9304b62f900ea4\"},\"headline\":\"La Clase Obrera impuls\u00f3 un nuevo modelo econ\u00f3mico en Invepal\",\"datePublished\":\"2017-03-24T18:30:32+00:00\",\"dateModified\":\"2017-03-24T18:30:32+00:00\",\"mainEntityOfPage\":{\"@id\":\"https:\/\/www.mpppst.gob.ve\/mpppstweb\/index.php\/2017\/03\/24\/la-clase-obrera-impulso-un-nuevo-modelo-economico-en-invepal\/\"},\"wordCount\":823,\"publisher\":{\"@id\":\"https:\/\/www.mpppst.gob.ve\/mpppstweb\/#organization\"},\"image\":{\"@id\":\"https:\/\/www.mpppst.gob.ve\/mpppstweb\/index.php\/2017\/03\/24\/la-clase-obrera-impulso-un-nuevo-modelo-economico-en-invepal\/#primaryimage\"},\"thumbnailUrl\":\"https:\/\/www.mpppst.gob.ve\/mpppstweb\/wp-content\/uploads\/2017\/03\/invepal.jpg\",\"keywords\":[\"Cadenas productivas\",\"Gobierno Bolivariano\"],\"articleSection\":[\"Gobierno Nacional\",\"Noticias\"],\"inLanguage\":\"es\"},{\"@type\":\"WebPage\",\"@id\":\"https:\/\/www.mpppst.gob.ve\/mpppstweb\/index.php\/2017\/03\/24\/la-clase-obrera-impulso-un-nuevo-modelo-economico-en-invepal\/\",\"url\":\"https:\/\/www.mpppst.gob.ve\/mpppstweb\/index.php\/2017\/03\/24\/la-clase-obrera-impulso-un-nuevo-modelo-economico-en-invepal\/\",\"name\":\"La Clase Obrera impuls\u00f3 un nuevo modelo econ\u00f3mico en Invepal - MPPPST\",\"isPartOf\":{\"@id\":\"https:\/\/www.mpppst.gob.ve\/mpppstweb\/#website\"},\"primaryImageOfPage\":{\"@id\":\"https:\/\/www.mpppst.gob.ve\/mpppstweb\/index.php\/2017\/03\/24\/la-clase-obrera-impulso-un-nuevo-modelo-economico-en-invepal\/#primaryimage\"},\"image\":{\"@id\":\"https:\/\/www.mpppst.gob.ve\/mpppstweb\/index.php\/2017\/03\/24\/la-clase-obrera-impulso-un-nuevo-modelo-economico-en-invepal\/#primaryimage\"},\"thumbnailUrl\":\"https:\/\/www.mpppst.gob.ve\/mpppstweb\/wp-content\/uploads\/2017\/03\/invepal.jpg\",\"datePublished\":\"2017-03-24T18:30:32+00:00\",\"dateModified\":\"2017-03-24T18:30:32+00:00\",\"breadcrumb\":{\"@id\":\"https:\/\/www.mpppst.gob.ve\/mpppstweb\/index.php\/2017\/03\/24\/la-clase-obrera-impulso-un-nuevo-modelo-economico-en-invepal\/#breadcrumb\"},\"inLanguage\":\"es\",\"potentialAction\":[{\"@type\":\"ReadAction\",\"target\":[\"https:\/\/www.mpppst.gob.ve\/mpppstweb\/index.php\/2017\/03\/24\/la-clase-obrera-impulso-un-nuevo-modelo-economico-en-invepal\/\"]}]},{\"@type\":\"ImageObject\",\"inLanguage\":\"es\",\"@id\":\"https:\/\/www.mpppst.gob.ve\/mpppstweb\/index.php\/2017\/03\/24\/la-clase-obrera-impulso-un-nuevo-modelo-economico-en-invepal\/#primaryimage\",\"url\":\"https:\/\/www.mpppst.gob.ve\/mpppstweb\/wp-content\/uploads\/2017\/03\/invepal.jpg\",\"contentUrl\":\"https:\/\/www.mpppst.gob.ve\/mpppstweb\/wp-content\/uploads\/2017\/03\/invepal.jpg\",\"width\":800,\"height\":440},{\"@type\":\"BreadcrumbList\",\"@id\":\"https:\/\/www.mpppst.gob.ve\/mpppstweb\/index.php\/2017\/03\/24\/la-clase-obrera-impulso-un-nuevo-modelo-economico-en-invepal\/#breadcrumb\",\"itemListElement\":[{\"@type\":\"ListItem\",\"position\":1,\"name\":\"Home\",\"item\":\"https:\/\/www.mpppst.gob.ve\/mpppstweb\/\"},{\"@type\":\"ListItem\",\"position\":2,\"name\":\"La Clase Obrera impuls\u00f3 un nuevo modelo econ\u00f3mico en Invepal\"}]},{\"@type\":\"WebSite\",\"@id\":\"https:\/\/www.mpppst.gob.ve\/mpppstweb\/#website\",\"url\":\"https:\/\/www.mpppst.gob.ve\/mpppstweb\/\",\"name\":\"MPPPST\",\"description\":\"Ministerio del Poder Popular para el Proceso Social de Trabajo\",\"publisher\":{\"@id\":\"https:\/\/www.mpppst.gob.ve\/mpppstweb\/#organization\"},\"potentialAction\":[{\"@type\":\"SearchAction\",\"target\":{\"@type\":\"EntryPoint\",\"urlTemplate\":\"https:\/\/www.mpppst.gob.ve\/mpppstweb\/?s={search_term_string}\"},\"query-input\":\"required name=search_term_string\"}],\"inLanguage\":\"es\"},{\"@type\":\"Organization\",\"@id\":\"https:\/\/www.mpppst.gob.ve\/mpppstweb\/#organization\",\"name\":\"mpppst\",\"url\":\"https:\/\/www.mpppst.gob.ve\/mpppstweb\/\",\"logo\":{\"@type\":\"ImageObject\",\"inLanguage\":\"es\",\"@id\":\"https:\/\/www.mpppst.gob.ve\/mpppstweb\/#\/schema\/logo\/image\/\",\"url\":\"https:\/\/www.mpppst.gob.ve\/mpppstweb\/wp-content\/uploads\/2025\/07\/cropped-cropped-g910.png\",\"contentUrl\":\"https:\/\/www.mpppst.gob.ve\/mpppstweb\/wp-content\/uploads\/2025\/07\/cropped-cropped-g910.png\",\"width\":1080,\"height\":241,\"caption\":\"mpppst\"},\"image\":{\"@id\":\"https:\/\/www.mpppst.gob.ve\/mpppstweb\/#\/schema\/logo\/image\/\"}},{\"@type\":\"Person\",\"@id\":\"https:\/\/www.mpppst.gob.ve\/mpppstweb\/#\/schema\/person\/fc187ee8ead412bd4c9304b62f900ea4\",\"name\":\"MPPPST Prensa\",\"url\":\"https:\/\/www.mpppst.gob.ve\/mpppstweb\/index.php\/author\/prensa-mpppst\/\"}]}<\/script>\n<!-- \/ Yoast SEO plugin. -->","yoast_head_json":{"title":"La Clase Obrera impuls\u00f3 un nuevo modelo econ\u00f3mico en Invepal - MPPPST","robots":{"index":"index","follow":"follow","max-snippet":"max-snippet:-1","max-image-preview":"max-image-preview:large","max-video-preview":"max-video-preview:-1"},"canonical":"https:\/\/www.mpppst.gob.ve\/mpppstweb\/index.php\/2017\/03\/24\/la-clase-obrera-impulso-un-nuevo-modelo-economico-en-invepal\/","og_locale":"es_ES","og_type":"article","og_title":"La Clase Obrera impuls\u00f3 un nuevo modelo econ\u00f3mico en Invepal - MPPPST","og_description":"Prensa MPPPST.- Durante la revoluci\u00f3n bolivariana la Clase Obrera ha jugado un papel importante en la &hellip; La Clase Obrera impuls\u00f3 un nuevo modelo econ\u00f3mico en InvepalRead more","og_url":"https:\/\/www.mpppst.gob.ve\/mpppstweb\/index.php\/2017\/03\/24\/la-clase-obrera-impulso-un-nuevo-modelo-economico-en-invepal\/","og_site_name":"MPPPST","article_published_time":"2017-03-24T18:30:32+00:00","og_image":[{"width":800,"height":440,"url":"https:\/\/www.mpppst.gob.ve\/mpppstweb\/wp-content\/uploads\/2017\/03\/invepal.jpg","type":"image\/jpeg"}],"author":"MPPPST Prensa","twitter_card":"summary_large_image","twitter_misc":{"Escrito por":"MPPPST Prensa","Tiempo de lectura":"4 minutos"},"schema":{"@context":"https:\/\/schema.org","@graph":[{"@type":"Article","@id":"https:\/\/www.mpppst.gob.ve\/mpppstweb\/index.php\/2017\/03\/24\/la-clase-obrera-impulso-un-nuevo-modelo-economico-en-invepal\/#article","isPartOf":{"@id":"https:\/\/www.mpppst.gob.ve\/mpppstweb\/index.php\/2017\/03\/24\/la-clase-obrera-impulso-un-nuevo-modelo-economico-en-invepal\/"},"author":{"name":"MPPPST Prensa","@id":"https:\/\/www.mpppst.gob.ve\/mpppstweb\/#\/schema\/person\/fc187ee8ead412bd4c9304b62f900ea4"},"headline":"La Clase Obrera impuls\u00f3 un nuevo modelo econ\u00f3mico en Invepal","datePublished":"2017-03-24T18:30:32+00:00","dateModified":"2017-03-24T18:30:32+00:00","mainEntityOfPage":{"@id":"https:\/\/www.mpppst.gob.ve\/mpppstweb\/index.php\/2017\/03\/24\/la-clase-obrera-impulso-un-nuevo-modelo-economico-en-invepal\/"},"wordCount":823,"publisher":{"@id":"https:\/\/www.mpppst.gob.ve\/mpppstweb\/#organization"},"image":{"@id":"https:\/\/www.mpppst.gob.ve\/mpppstweb\/index.php\/2017\/03\/24\/la-clase-obrera-impulso-un-nuevo-modelo-economico-en-invepal\/#primaryimage"},"thumbnailUrl":"https:\/\/www.mpppst.gob.ve\/mpppstweb\/wp-content\/uploads\/2017\/03\/invepal.jpg","keywords":["Cadenas productivas","Gobierno Bolivariano"],"articleSection":["Gobierno Nacional","Noticias"],"inLanguage":"es"},{"@type":"WebPage","@id":"https:\/\/www.mpppst.gob.ve\/mpppstweb\/index.php\/2017\/03\/24\/la-clase-obrera-impulso-un-nuevo-modelo-economico-en-invepal\/","url":"https:\/\/www.mpppst.gob.ve\/mpppstweb\/index.php\/2017\/03\/24\/la-clase-obrera-impulso-un-nuevo-modelo-economico-en-invepal\/","name":"La Clase Obrera impuls\u00f3 un nuevo modelo econ\u00f3mico en Invepal - MPPPST","isPartOf":{"@id":"https:\/\/www.mpppst.gob.ve\/mpppstweb\/#website"},"primaryImageOfPage":{"@id":"https:\/\/www.mpppst.gob.ve\/mpppstweb\/index.php\/2017\/03\/24\/la-clase-obrera-impulso-un-nuevo-modelo-economico-en-invepal\/#primaryimage"},"image":{"@id":"https:\/\/www.mpppst.gob.ve\/mpppstweb\/index.php\/2017\/03\/24\/la-clase-obrera-impulso-un-nuevo-modelo-economico-en-invepal\/#primaryimage"},"thumbnailUrl":"https:\/\/www.mpppst.gob.ve\/mpppstweb\/wp-content\/uploads\/2017\/03\/invepal.jpg","datePublished":"2017-03-24T18:30:32+00:00","dateModified":"2017-03-24T18:30:32+00:00","breadcrumb":{"@id":"https:\/\/www.mpppst.gob.ve\/mpppstweb\/index.php\/2017\/03\/24\/la-clase-obrera-impulso-un-nuevo-modelo-economico-en-invepal\/#breadcrumb"},"inLanguage":"es","potentialAction":[{"@type":"ReadAction","target":["https:\/\/www.mpppst.gob.ve\/mpppstweb\/index.php\/2017\/03\/24\/la-clase-obrera-impulso-un-nuevo-modelo-economico-en-invepal\/"]}]},{"@type":"ImageObject","inLanguage":"es","@id":"https:\/\/www.mpppst.gob.ve\/mpppstweb\/index.php\/2017\/03\/24\/la-clase-obrera-impulso-un-nuevo-modelo-economico-en-invepal\/#primaryimage","url":"https:\/\/www.mpppst.gob.ve\/mpppstweb\/wp-content\/uploads\/2017\/03\/invepal.jpg","contentUrl":"https:\/\/www.mpppst.gob.ve\/mpppstweb\/wp-content\/uploads\/2017\/03\/invepal.jpg","width":800,"height":440},{"@type":"BreadcrumbList","@id":"https:\/\/www.mpppst.gob.ve\/mpppstweb\/index.php\/2017\/03\/24\/la-clase-obrera-impulso-un-nuevo-modelo-economico-en-invepal\/#breadcrumb","itemListElement":[{"@type":"ListItem","position":1,"name":"Home","item":"https:\/\/www.mpppst.gob.ve\/mpppstweb\/"},{"@type":"ListItem","position":2,"name":"La Clase Obrera impuls\u00f3 un nuevo modelo econ\u00f3mico en Invepal"}]},{"@type":"WebSite","@id":"https:\/\/www.mpppst.gob.ve\/mpppstweb\/#website","url":"https:\/\/www.mpppst.gob.ve\/mpppstweb\/","name":"MPPPST","description":"Ministerio del Poder Popular para el Proceso Social de Trabajo","publisher":{"@id":"https:\/\/www.mpppst.gob.ve\/mpppstweb\/#organization"},"potentialAction":[{"@type":"SearchAction","target":{"@type":"EntryPoint","urlTemplate":"https:\/\/www.mpppst.gob.ve\/mpppstweb\/?s={search_term_string}"},"query-input":"required name=search_term_string"}],"inLanguage":"es"},{"@type":"Organization","@id":"https:\/\/www.mpppst.gob.ve\/mpppstweb\/#organization","name":"mpppst","url":"https:\/\/www.mpppst.gob.ve\/mpppstweb\/","logo":{"@type":"ImageObject","inLanguage":"es","@id":"https:\/\/www.mpppst.gob.ve\/mpppstweb\/#\/schema\/logo\/image\/","url":"https:\/\/www.mpppst.gob.ve\/mpppstweb\/wp-content\/uploads\/2025\/07\/cropped-cropped-g910.png","contentUrl":"https:\/\/www.mpppst.gob.ve\/mpppstweb\/wp-content\/uploads\/2025\/07\/cropped-cropped-g910.png","width":1080,"height":241,"caption":"mpppst"},"image":{"@id":"https:\/\/www.mpppst.gob.ve\/mpppstweb\/#\/schema\/logo\/image\/"}},{"@type":"Person","@id":"https:\/\/www.mpppst.gob.ve\/mpppstweb\/#\/schema\/person\/fc187ee8ead412bd4c9304b62f900ea4","name":"MPPPST Prensa","url":"https:\/\/www.mpppst.gob.ve\/mpppstweb\/index.php\/author\/prensa-mpppst\/"}]}},"_links":{"self":[{"href":"https:\/\/www.mpppst.gob.ve\/mpppstweb\/index.php\/wp-json\/wp\/v2\/posts\/10957"}],"collection":[{"href":"https:\/\/www.mpppst.gob.ve\/mpppstweb\/index.php\/wp-json\/wp\/v2\/posts"}],"about":[{"href":"https:\/\/www.mpppst.gob.ve\/mpppstweb\/index.php\/wp-json\/wp\/v2\/types\/post"}],"author":[{"embeddable":true,"href":"https:\/\/www.mpppst.gob.ve\/mpppstweb\/index.php\/wp-json\/wp\/v2\/users\/25"}],"replies":[{"embeddable":true,"href":"https:\/\/www.mpppst.gob.ve\/mpppstweb\/index.php\/wp-json\/wp\/v2\/comments?post=10957"}],"version-history":[{"count":1,"href":"https:\/\/www.mpppst.gob.ve\/mpppstweb\/index.php\/wp-json\/wp\/v2\/posts\/10957\/revisions"}],"predecessor-version":[{"id":10959,"href":"https:\/\/www.mpppst.gob.ve\/mpppstweb\/index.php\/wp-json\/wp\/v2\/posts\/10957\/revisions\/10959"}],"wp:featuredmedia":[{"embeddable":true,"href":"https:\/\/www.mpppst.gob.ve\/mpppstweb\/index.php\/wp-json\/wp\/v2\/media\/10958"}],"wp:attachment":[{"href":"https:\/\/www.mpppst.gob.ve\/mpppstweb\/index.php\/wp-json\/wp\/v2\/media?parent=10957"}],"wp:term":[{"taxonomy":"category","embeddable":true,"href":"https:\/\/www.mpppst.gob.ve\/mpppstweb\/index.php\/wp-json\/wp\/v2\/categories?post=10957"},{"taxonomy":"post_tag","embeddable":true,"href":"https:\/\/www.mpppst.gob.ve\/mpppstweb\/index.php\/wp-json\/wp\/v2\/tags?post=10957"}],"curies":[{"name":"wp","href":"https:\/\/api.w.org\/{rel}","templated":true}]}}