{"id":10997,"date":"2017-03-28T11:57:09","date_gmt":"2017-03-28T15:57:09","guid":{"rendered":"http:\/\/www.mpppst.gob.ve\/mpppstweb\/?p=10997"},"modified":"2017-03-28T11:57:09","modified_gmt":"2017-03-28T15:57:09","slug":"lineamientos-del-ministro-francisco-torrealba","status":"publish","type":"post","link":"https:\/\/www.mpppst.gob.ve\/mpppstweb\/index.php\/2017\/03\/28\/lineamientos-del-ministro-francisco-torrealba\/","title":{"rendered":"Lineamientos del ministro Francisco Torrealba"},"content":{"rendered":"<p>En el marco del Programa radial Fuerza Trabajadora en su novena emisi\u00f3n, transmitida por Radio Miraflores, el ministro del Poder Popular para el Proceso Social de Trabajo, Francisco Torrealba, hizo del conocimiento los\u00a0 siguientes lineamientos:<\/p>\n<ul>\n<li>El Estado Mayor de la Clase Obrera (EMCO), coordinada por el Ministro Torrealba, el ministro Juan Arias y por\u00a0 Jes\u00fas Mart\u00ednez,\u00a0 probablemente se realizar\u00e1 en El Tigre.<\/li>\n<li>La marcha de hoy es una demostraci\u00f3n soberana de lo que significa la defensa de la Patria para el pueblo venezolano<\/li>\n<li>Debemos dar una extraodinaria demostraci\u00f3n el 1 de mayo, tal como la estamos dando el d\u00eda de hoy en la Marcha Antimperialista.<\/li>\n<li>En la OIT participamos en el Consejo de Administraci\u00f3n y dimos una contundente respuesta a quienes quer\u00edan sanci\u00f3n para Venezuela<\/li>\n<li>Explic\u00f3 que Venezuela estaba siendo se\u00f1alada y malpuesta en este escenario internacional, donde la derecha venezolana fue a plantear que el Presidente Maduro viola los derechos fundamentales de los trabajadoresy trabajadoras.<\/li>\n<li>Se\u00f1al\u00f3 que en Venezuela se goza de las m\u00e1s amplias libertades sindicales<\/li>\n<li>\u00abFuimos y se dej\u00f3 sin efecto la queja de personajes nefastos del movimiento sindical venezolano que no vale la pena mencionar\u00bb<\/li>\n<li>Ese cuestionamiento\u00a0 fue acompa\u00f1ado por los sindicaleros paraguayos que son enemigos de la Revoluci\u00f3n Bolivariana, queja que fue abortada, pues qued\u00f3 demostrado que Venezuela no le viola los derechos a nadie<\/li>\n<li>En Venezuela se siguen eligiendo sindicatos. Esto qued\u00f3 demostrado en la OIT<\/li>\n<li>El Gobierno del Presidente Maduro es campe\u00f3n en di\u00e1logo<\/li>\n<li>La derecha es la que ha rehuido al di\u00e1logo. Y quien no quiere di\u00e1logo\u00a0 quiere la guerra<\/li>\n<li>La queja que presentaron los patronos del pa\u00eds fue objeto de un debate.<\/li>\n<li>Expo Venezuela Potencia 2017 es el mayor \u00e9xito alcanzado por exposici\u00f3n alguna<\/li>\n<li>Nosotros andamos en el di\u00e1logo para defender la paz<\/li>\n<\/ul>\n<p>Por Marbelys Mav\u00e1rez Laguna<\/p>\n","protected":false},"excerpt":{"rendered":"<p>En el marco del Programa radial Fuerza Trabajadora en su novena emisi\u00f3n, transmitida por Radio Miraflores, &hellip; <a title=\"Lineamientos del ministro Francisco Torrealba\" class=\"hm-read-more\" href=\"https:\/\/www.mpppst.gob.ve\/mpppstweb\/index.php\/2017\/03\/28\/lineamientos-del-ministro-francisco-torrealba\/\"><span class=\"screen-reader-text\">Lineamientos del ministro Francisco Torrealba<\/span>Read more<\/a><\/p>\n","protected":false},"author":25,"featured_media":11001,"comment_status":"closed","ping_status":"closed","sticky":false,"template":"","format":"standard","meta":{"footnotes":""},"categories":[83,163,84],"tags":[225,345],"yoast_head":"<!-- This site is optimized with the Yoast SEO plugin v22.5 - https:\/\/yoast.com\/wordpress\/plugins\/seo\/ -->\n<title>Lineamientos del ministro Francisco Torrealba - MPPPST<\/title>\n<meta name=\"robots\" content=\"index, follow, max-snippet:-1, max-image-preview:large, max-video-preview:-1\" \/>\n<link rel=\"canonical\" href=\"https:\/\/www.mpppst.gob.ve\/mpppstweb\/index.php\/2017\/03\/28\/lineamientos-del-ministro-francisco-torrealba\/\" \/>\n<meta property=\"og:locale\" content=\"es_ES\" \/>\n<meta property=\"og:type\" content=\"article\" \/>\n<meta property=\"og:title\" content=\"Lineamientos del ministro Francisco Torrealba - MPPPST\" \/>\n<meta property=\"og:description\" content=\"En el marco del Programa radial Fuerza Trabajadora en su novena emisi\u00f3n, transmitida por Radio Miraflores, &hellip; Lineamientos del ministro Francisco TorrealbaRead more\" \/>\n<meta property=\"og:url\" content=\"https:\/\/www.mpppst.gob.ve\/mpppstweb\/index.php\/2017\/03\/28\/lineamientos-del-ministro-francisco-torrealba\/\" \/>\n<meta property=\"og:site_name\" content=\"MPPPST\" \/>\n<meta property=\"article:published_time\" content=\"2017-03-28T15:57:09+00:00\" \/>\n<meta property=\"og:image\" content=\"https:\/\/www.mpppst.gob.ve\/mpppstweb\/wp-content\/uploads\/2017\/03\/Ministro-Torrelalba-en-el-Programa-Fuerza-Trabajadora.jpg\" \/>\n\t<meta property=\"og:image:width\" content=\"800\" \/>\n\t<meta property=\"og:image:height\" content=\"445\" \/>\n\t<meta property=\"og:image:type\" content=\"image\/jpeg\" \/>\n<meta name=\"author\" content=\"MPPPST Prensa\" \/>\n<meta name=\"twitter:card\" content=\"summary_large_image\" \/>\n<meta name=\"twitter:label1\" content=\"Escrito por\" \/>\n\t<meta name=\"twitter:data1\" content=\"MPPPST Prensa\" \/>\n\t<meta name=\"twitter:label2\" content=\"Tiempo de lectura\" \/>\n\t<meta name=\"twitter:data2\" content=\"2 minutos\" \/>\n<script type=\"application\/ld+json\" class=\"yoast-schema-graph\">{\"@context\":\"https:\/\/schema.org\",\"@graph\":[{\"@type\":\"Article\",\"@id\":\"https:\/\/www.mpppst.gob.ve\/mpppstweb\/index.php\/2017\/03\/28\/lineamientos-del-ministro-francisco-torrealba\/#article\",\"isPartOf\":{\"@id\":\"https:\/\/www.mpppst.gob.ve\/mpppstweb\/index.php\/2017\/03\/28\/lineamientos-del-ministro-francisco-torrealba\/\"},\"author\":{\"name\":\"MPPPST Prensa\",\"@id\":\"https:\/\/www.mpppst.gob.ve\/mpppstweb\/#\/schema\/person\/fc187ee8ead412bd4c9304b62f900ea4\"},\"headline\":\"Lineamientos del ministro Francisco Torrealba\",\"datePublished\":\"2017-03-28T15:57:09+00:00\",\"dateModified\":\"2017-03-28T15:57:09+00:00\",\"mainEntityOfPage\":{\"@id\":\"https:\/\/www.mpppst.gob.ve\/mpppstweb\/index.php\/2017\/03\/28\/lineamientos-del-ministro-francisco-torrealba\/\"},\"wordCount\":321,\"publisher\":{\"@id\":\"https:\/\/www.mpppst.gob.ve\/mpppstweb\/#organization\"},\"image\":{\"@id\":\"https:\/\/www.mpppst.gob.ve\/mpppstweb\/index.php\/2017\/03\/28\/lineamientos-del-ministro-francisco-torrealba\/#primaryimage\"},\"thumbnailUrl\":\"https:\/\/www.mpppst.gob.ve\/mpppstweb\/wp-content\/uploads\/2017\/03\/Ministro-Torrelalba-en-el-Programa-Fuerza-Trabajadora.jpg\",\"keywords\":[\"Fuerza Laboral\",\"Trabajadores\"],\"articleSection\":[\"Ministerio\",\"Noticias\",\"Vida Laboral y Sindical\"],\"inLanguage\":\"es\"},{\"@type\":\"WebPage\",\"@id\":\"https:\/\/www.mpppst.gob.ve\/mpppstweb\/index.php\/2017\/03\/28\/lineamientos-del-ministro-francisco-torrealba\/\",\"url\":\"https:\/\/www.mpppst.gob.ve\/mpppstweb\/index.php\/2017\/03\/28\/lineamientos-del-ministro-francisco-torrealba\/\",\"name\":\"Lineamientos del ministro Francisco Torrealba - MPPPST\",\"isPartOf\":{\"@id\":\"https:\/\/www.mpppst.gob.ve\/mpppstweb\/#website\"},\"primaryImageOfPage\":{\"@id\":\"https:\/\/www.mpppst.gob.ve\/mpppstweb\/index.php\/2017\/03\/28\/lineamientos-del-ministro-francisco-torrealba\/#primaryimage\"},\"image\":{\"@id\":\"https:\/\/www.mpppst.gob.ve\/mpppstweb\/index.php\/2017\/03\/28\/lineamientos-del-ministro-francisco-torrealba\/#primaryimage\"},\"thumbnailUrl\":\"https:\/\/www.mpppst.gob.ve\/mpppstweb\/wp-content\/uploads\/2017\/03\/Ministro-Torrelalba-en-el-Programa-Fuerza-Trabajadora.jpg\",\"datePublished\":\"2017-03-28T15:57:09+00:00\",\"dateModified\":\"2017-03-28T15:57:09+00:00\",\"breadcrumb\":{\"@id\":\"https:\/\/www.mpppst.gob.ve\/mpppstweb\/index.php\/2017\/03\/28\/lineamientos-del-ministro-francisco-torrealba\/#breadcrumb\"},\"inLanguage\":\"es\",\"potentialAction\":[{\"@type\":\"ReadAction\",\"target\":[\"https:\/\/www.mpppst.gob.ve\/mpppstweb\/index.php\/2017\/03\/28\/lineamientos-del-ministro-francisco-torrealba\/\"]}]},{\"@type\":\"ImageObject\",\"inLanguage\":\"es\",\"@id\":\"https:\/\/www.mpppst.gob.ve\/mpppstweb\/index.php\/2017\/03\/28\/lineamientos-del-ministro-francisco-torrealba\/#primaryimage\",\"url\":\"https:\/\/www.mpppst.gob.ve\/mpppstweb\/wp-content\/uploads\/2017\/03\/Ministro-Torrelalba-en-el-Programa-Fuerza-Trabajadora.jpg\",\"contentUrl\":\"https:\/\/www.mpppst.gob.ve\/mpppstweb\/wp-content\/uploads\/2017\/03\/Ministro-Torrelalba-en-el-Programa-Fuerza-Trabajadora.jpg\",\"width\":800,\"height\":445},{\"@type\":\"BreadcrumbList\",\"@id\":\"https:\/\/www.mpppst.gob.ve\/mpppstweb\/index.php\/2017\/03\/28\/lineamientos-del-ministro-francisco-torrealba\/#breadcrumb\",\"itemListElement\":[{\"@type\":\"ListItem\",\"position\":1,\"name\":\"Home\",\"item\":\"https:\/\/www.mpppst.gob.ve\/mpppstweb\/\"},{\"@type\":\"ListItem\",\"position\":2,\"name\":\"Lineamientos del ministro Francisco Torrealba\"}]},{\"@type\":\"WebSite\",\"@id\":\"https:\/\/www.mpppst.gob.ve\/mpppstweb\/#website\",\"url\":\"https:\/\/www.mpppst.gob.ve\/mpppstweb\/\",\"name\":\"MPPPST\",\"description\":\"Ministerio del Poder Popular para el Proceso Social de Trabajo\",\"publisher\":{\"@id\":\"https:\/\/www.mpppst.gob.ve\/mpppstweb\/#organization\"},\"potentialAction\":[{\"@type\":\"SearchAction\",\"target\":{\"@type\":\"EntryPoint\",\"urlTemplate\":\"https:\/\/www.mpppst.gob.ve\/mpppstweb\/?s={search_term_string}\"},\"query-input\":\"required name=search_term_string\"}],\"inLanguage\":\"es\"},{\"@type\":\"Organization\",\"@id\":\"https:\/\/www.mpppst.gob.ve\/mpppstweb\/#organization\",\"name\":\"mpppst\",\"url\":\"https:\/\/www.mpppst.gob.ve\/mpppstweb\/\",\"logo\":{\"@type\":\"ImageObject\",\"inLanguage\":\"es\",\"@id\":\"https:\/\/www.mpppst.gob.ve\/mpppstweb\/#\/schema\/logo\/image\/\",\"url\":\"https:\/\/www.mpppst.gob.ve\/mpppstweb\/wp-content\/uploads\/2025\/07\/cropped-cropped-g910.png\",\"contentUrl\":\"https:\/\/www.mpppst.gob.ve\/mpppstweb\/wp-content\/uploads\/2025\/07\/cropped-cropped-g910.png\",\"width\":1080,\"height\":241,\"caption\":\"mpppst\"},\"image\":{\"@id\":\"https:\/\/www.mpppst.gob.ve\/mpppstweb\/#\/schema\/logo\/image\/\"}},{\"@type\":\"Person\",\"@id\":\"https:\/\/www.mpppst.gob.ve\/mpppstweb\/#\/schema\/person\/fc187ee8ead412bd4c9304b62f900ea4\",\"name\":\"MPPPST Prensa\",\"url\":\"https:\/\/www.mpppst.gob.ve\/mpppstweb\/index.php\/author\/prensa-mpppst\/\"}]}<\/script>\n<!-- \/ Yoast SEO plugin. -->","yoast_head_json":{"title":"Lineamientos del ministro Francisco Torrealba - MPPPST","robots":{"index":"index","follow":"follow","max-snippet":"max-snippet:-1","max-image-preview":"max-image-preview:large","max-video-preview":"max-video-preview:-1"},"canonical":"https:\/\/www.mpppst.gob.ve\/mpppstweb\/index.php\/2017\/03\/28\/lineamientos-del-ministro-francisco-torrealba\/","og_locale":"es_ES","og_type":"article","og_title":"Lineamientos del ministro Francisco Torrealba - MPPPST","og_description":"En el marco del Programa radial Fuerza Trabajadora en su novena emisi\u00f3n, transmitida por Radio Miraflores, &hellip; Lineamientos del ministro Francisco TorrealbaRead more","og_url":"https:\/\/www.mpppst.gob.ve\/mpppstweb\/index.php\/2017\/03\/28\/lineamientos-del-ministro-francisco-torrealba\/","og_site_name":"MPPPST","article_published_time":"2017-03-28T15:57:09+00:00","og_image":[{"width":800,"height":445,"url":"https:\/\/www.mpppst.gob.ve\/mpppstweb\/wp-content\/uploads\/2017\/03\/Ministro-Torrelalba-en-el-Programa-Fuerza-Trabajadora.jpg","type":"image\/jpeg"}],"author":"MPPPST Prensa","twitter_card":"summary_large_image","twitter_misc":{"Escrito por":"MPPPST Prensa","Tiempo de lectura":"2 minutos"},"schema":{"@context":"https:\/\/schema.org","@graph":[{"@type":"Article","@id":"https:\/\/www.mpppst.gob.ve\/mpppstweb\/index.php\/2017\/03\/28\/lineamientos-del-ministro-francisco-torrealba\/#article","isPartOf":{"@id":"https:\/\/www.mpppst.gob.ve\/mpppstweb\/index.php\/2017\/03\/28\/lineamientos-del-ministro-francisco-torrealba\/"},"author":{"name":"MPPPST Prensa","@id":"https:\/\/www.mpppst.gob.ve\/mpppstweb\/#\/schema\/person\/fc187ee8ead412bd4c9304b62f900ea4"},"headline":"Lineamientos del ministro Francisco Torrealba","datePublished":"2017-03-28T15:57:09+00:00","dateModified":"2017-03-28T15:57:09+00:00","mainEntityOfPage":{"@id":"https:\/\/www.mpppst.gob.ve\/mpppstweb\/index.php\/2017\/03\/28\/lineamientos-del-ministro-francisco-torrealba\/"},"wordCount":321,"publisher":{"@id":"https:\/\/www.mpppst.gob.ve\/mpppstweb\/#organization"},"image":{"@id":"https:\/\/www.mpppst.gob.ve\/mpppstweb\/index.php\/2017\/03\/28\/lineamientos-del-ministro-francisco-torrealba\/#primaryimage"},"thumbnailUrl":"https:\/\/www.mpppst.gob.ve\/mpppstweb\/wp-content\/uploads\/2017\/03\/Ministro-Torrelalba-en-el-Programa-Fuerza-Trabajadora.jpg","keywords":["Fuerza Laboral","Trabajadores"],"articleSection":["Ministerio","Noticias","Vida Laboral y Sindical"],"inLanguage":"es"},{"@type":"WebPage","@id":"https:\/\/www.mpppst.gob.ve\/mpppstweb\/index.php\/2017\/03\/28\/lineamientos-del-ministro-francisco-torrealba\/","url":"https:\/\/www.mpppst.gob.ve\/mpppstweb\/index.php\/2017\/03\/28\/lineamientos-del-ministro-francisco-torrealba\/","name":"Lineamientos del ministro Francisco Torrealba - MPPPST","isPartOf":{"@id":"https:\/\/www.mpppst.gob.ve\/mpppstweb\/#website"},"primaryImageOfPage":{"@id":"https:\/\/www.mpppst.gob.ve\/mpppstweb\/index.php\/2017\/03\/28\/lineamientos-del-ministro-francisco-torrealba\/#primaryimage"},"image":{"@id":"https:\/\/www.mpppst.gob.ve\/mpppstweb\/index.php\/2017\/03\/28\/lineamientos-del-ministro-francisco-torrealba\/#primaryimage"},"thumbnailUrl":"https:\/\/www.mpppst.gob.ve\/mpppstweb\/wp-content\/uploads\/2017\/03\/Ministro-Torrelalba-en-el-Programa-Fuerza-Trabajadora.jpg","datePublished":"2017-03-28T15:57:09+00:00","dateModified":"2017-03-28T15:57:09+00:00","breadcrumb":{"@id":"https:\/\/www.mpppst.gob.ve\/mpppstweb\/index.php\/2017\/03\/28\/lineamientos-del-ministro-francisco-torrealba\/#breadcrumb"},"inLanguage":"es","potentialAction":[{"@type":"ReadAction","target":["https:\/\/www.mpppst.gob.ve\/mpppstweb\/index.php\/2017\/03\/28\/lineamientos-del-ministro-francisco-torrealba\/"]}]},{"@type":"ImageObject","inLanguage":"es","@id":"https:\/\/www.mpppst.gob.ve\/mpppstweb\/index.php\/2017\/03\/28\/lineamientos-del-ministro-francisco-torrealba\/#primaryimage","url":"https:\/\/www.mpppst.gob.ve\/mpppstweb\/wp-content\/uploads\/2017\/03\/Ministro-Torrelalba-en-el-Programa-Fuerza-Trabajadora.jpg","contentUrl":"https:\/\/www.mpppst.gob.ve\/mpppstweb\/wp-content\/uploads\/2017\/03\/Ministro-Torrelalba-en-el-Programa-Fuerza-Trabajadora.jpg","width":800,"height":445},{"@type":"BreadcrumbList","@id":"https:\/\/www.mpppst.gob.ve\/mpppstweb\/index.php\/2017\/03\/28\/lineamientos-del-ministro-francisco-torrealba\/#breadcrumb","itemListElement":[{"@type":"ListItem","position":1,"name":"Home","item":"https:\/\/www.mpppst.gob.ve\/mpppstweb\/"},{"@type":"ListItem","position":2,"name":"Lineamientos del ministro Francisco Torrealba"}]},{"@type":"WebSite","@id":"https:\/\/www.mpppst.gob.ve\/mpppstweb\/#website","url":"https:\/\/www.mpppst.gob.ve\/mpppstweb\/","name":"MPPPST","description":"Ministerio del Poder Popular para el Proceso Social de Trabajo","publisher":{"@id":"https:\/\/www.mpppst.gob.ve\/mpppstweb\/#organization"},"potentialAction":[{"@type":"SearchAction","target":{"@type":"EntryPoint","urlTemplate":"https:\/\/www.mpppst.gob.ve\/mpppstweb\/?s={search_term_string}"},"query-input":"required name=search_term_string"}],"inLanguage":"es"},{"@type":"Organization","@id":"https:\/\/www.mpppst.gob.ve\/mpppstweb\/#organization","name":"mpppst","url":"https:\/\/www.mpppst.gob.ve\/mpppstweb\/","logo":{"@type":"ImageObject","inLanguage":"es","@id":"https:\/\/www.mpppst.gob.ve\/mpppstweb\/#\/schema\/logo\/image\/","url":"https:\/\/www.mpppst.gob.ve\/mpppstweb\/wp-content\/uploads\/2025\/07\/cropped-cropped-g910.png","contentUrl":"https:\/\/www.mpppst.gob.ve\/mpppstweb\/wp-content\/uploads\/2025\/07\/cropped-cropped-g910.png","width":1080,"height":241,"caption":"mpppst"},"image":{"@id":"https:\/\/www.mpppst.gob.ve\/mpppstweb\/#\/schema\/logo\/image\/"}},{"@type":"Person","@id":"https:\/\/www.mpppst.gob.ve\/mpppstweb\/#\/schema\/person\/fc187ee8ead412bd4c9304b62f900ea4","name":"MPPPST Prensa","url":"https:\/\/www.mpppst.gob.ve\/mpppstweb\/index.php\/author\/prensa-mpppst\/"}]}},"_links":{"self":[{"href":"https:\/\/www.mpppst.gob.ve\/mpppstweb\/index.php\/wp-json\/wp\/v2\/posts\/10997"}],"collection":[{"href":"https:\/\/www.mpppst.gob.ve\/mpppstweb\/index.php\/wp-json\/wp\/v2\/posts"}],"about":[{"href":"https:\/\/www.mpppst.gob.ve\/mpppstweb\/index.php\/wp-json\/wp\/v2\/types\/post"}],"author":[{"embeddable":true,"href":"https:\/\/www.mpppst.gob.ve\/mpppstweb\/index.php\/wp-json\/wp\/v2\/users\/25"}],"replies":[{"embeddable":true,"href":"https:\/\/www.mpppst.gob.ve\/mpppstweb\/index.php\/wp-json\/wp\/v2\/comments?post=10997"}],"version-history":[{"count":1,"href":"https:\/\/www.mpppst.gob.ve\/mpppstweb\/index.php\/wp-json\/wp\/v2\/posts\/10997\/revisions"}],"predecessor-version":[{"id":11002,"href":"https:\/\/www.mpppst.gob.ve\/mpppstweb\/index.php\/wp-json\/wp\/v2\/posts\/10997\/revisions\/11002"}],"wp:featuredmedia":[{"embeddable":true,"href":"https:\/\/www.mpppst.gob.ve\/mpppstweb\/index.php\/wp-json\/wp\/v2\/media\/11001"}],"wp:attachment":[{"href":"https:\/\/www.mpppst.gob.ve\/mpppstweb\/index.php\/wp-json\/wp\/v2\/media?parent=10997"}],"wp:term":[{"taxonomy":"category","embeddable":true,"href":"https:\/\/www.mpppst.gob.ve\/mpppstweb\/index.php\/wp-json\/wp\/v2\/categories?post=10997"},{"taxonomy":"post_tag","embeddable":true,"href":"https:\/\/www.mpppst.gob.ve\/mpppstweb\/index.php\/wp-json\/wp\/v2\/tags?post=10997"}],"curies":[{"name":"wp","href":"https:\/\/api.w.org\/{rel}","templated":true}]}}