{"id":11003,"date":"2017-03-28T13:21:22","date_gmt":"2017-03-28T17:21:22","guid":{"rendered":"http:\/\/www.mpppst.gob.ve\/mpppstweb\/?p=11003"},"modified":"2017-03-28T13:21:22","modified_gmt":"2017-03-28T17:21:22","slug":"ministro-torrealba-triunfamos-en-la-oit","status":"publish","type":"post","link":"https:\/\/www.mpppst.gob.ve\/mpppstweb\/index.php\/2017\/03\/28\/ministro-torrealba-triunfamos-en-la-oit\/","title":{"rendered":"Ministro Torrealba: Triunfamos en la OIT"},"content":{"rendered":"<p>Prensa (MPPPST). El ministro del Poder Popular para el Proceso Social de Trabajo, Francisco Torrealba, \u00a0destac\u00f3 que durante \u00a0la reuni\u00f3n 239 del Consejo de Administraci\u00f3n de la Organizaci\u00f3n Internacional del Trabajo (OIT), se logr\u00f3 un triunfo importante porque se desminti\u00f3 la pol\u00edtica constante de la derecha que plantea que en Venezuela no existen los derechos laborales.<\/p>\n<p>Torrealba manifest\u00f3 que fue suspendida cualquier posibilidad de sancionar a Venezuela por supuestos incumplimientos de los derechos laborales. Record\u00f3 que desde la llegada de la Revoluci\u00f3n Bolivariana se ha garantizado el empleo y la de inamovilidad laboral.<\/p>\n<p>Expres\u00f3 adem\u00e1s que se demostr\u00f3 que Venezuela es un pa\u00eds donde se gozan de las m\u00e1s amplias y absolutas libertades sindicales, donde constantemente se discuten y aprueban contratos colectivos para garantizar la estabilidad de los trabajadores y trabajadoras.<\/p>\n<p><strong>Estado Mayor de la Clase Obrera (EMCO)<\/strong><\/p>\n<p>El ministro Francisco Torrealba destac\u00f3 que el presidente de la Rep\u00fablica Nicol\u00e1s Maduro Moros, le encomend\u00f3 la tarea de dirigir el Estado Mayor de la Clase Obrera junto con Jes\u00fas Mart\u00ednez para desarrollar estrategias y pol\u00edticas p\u00fablicas inherentes a la gesti\u00f3n del Gobierno Bolivariano.<\/p>\n<p>El titular del Despacho del Trabajo destac\u00f3 que posiblemente el Estado Mayor de la Clase Obrera se desarrollar\u00e1 en El Tigre, estado Anzo\u00e1tegui, donde se reunir\u00e1n todos los Trabajadores y Trabajadoras para debatir y desarrollar pol\u00edticas en favor del pueblo venezolano y desde luego de la Clase Obrera.<\/p>\n<p><strong>Rechazo a la injerencia de Almagro<\/strong><\/p>\n<p>El ministro destac\u00f3 que el pueblo revolucionario se concentr\u00f3 \u00a0desde tempranas horas de la ma\u00f1ana de este martes en la Plaza Morelos, ubicada en Bellas Artes, Caracas, con el prop\u00f3sito de reiterar su firme rechazo a las acciones intervencionistas que se gestan desde la Organizaci\u00f3n de Estados Americanos (OEA) contra la naci\u00f3n.<\/p>\n<p>Torrealba puntualiz\u00f3 que esta movilizaci\u00f3n demuestra que el pueblo patriota demuestra su compromiso con los principios de soberan\u00eda e independencia que forj\u00f3 el comandante de la Revoluci\u00f3n Bolivariana, Hugo Ch\u00e1vez.<\/p>\n<p>Por Carlos Palacios<\/p>\n","protected":false},"excerpt":{"rendered":"<p>Prensa (MPPPST). El ministro del Poder Popular para el Proceso Social de Trabajo, Francisco Torrealba, \u00a0destac\u00f3 &hellip; <a title=\"Ministro Torrealba: Triunfamos en la OIT\" class=\"hm-read-more\" href=\"https:\/\/www.mpppst.gob.ve\/mpppstweb\/index.php\/2017\/03\/28\/ministro-torrealba-triunfamos-en-la-oit\/\"><span class=\"screen-reader-text\">Ministro Torrealba: Triunfamos en la OIT<\/span>Read more<\/a><\/p>\n","protected":false},"author":25,"featured_media":11004,"comment_status":"closed","ping_status":"closed","sticky":false,"template":"","format":"standard","meta":{"footnotes":""},"categories":[83,163,166,84],"tags":[225,318,370,345],"yoast_head":"<!-- This site is optimized with the Yoast SEO plugin v22.5 - https:\/\/yoast.com\/wordpress\/plugins\/seo\/ -->\n<title>Ministro Torrealba: Triunfamos en la OIT - MPPPST<\/title>\n<meta name=\"robots\" content=\"index, follow, max-snippet:-1, max-image-preview:large, max-video-preview:-1\" \/>\n<link rel=\"canonical\" href=\"https:\/\/www.mpppst.gob.ve\/mpppstweb\/index.php\/2017\/03\/28\/ministro-torrealba-triunfamos-en-la-oit\/\" \/>\n<meta property=\"og:locale\" content=\"es_ES\" \/>\n<meta property=\"og:type\" content=\"article\" \/>\n<meta property=\"og:title\" content=\"Ministro Torrealba: Triunfamos en la OIT - MPPPST\" \/>\n<meta property=\"og:description\" content=\"Prensa (MPPPST). El ministro del Poder Popular para el Proceso Social de Trabajo, Francisco Torrealba, \u00a0destac\u00f3 &hellip; Ministro Torrealba: Triunfamos en la OITRead more\" \/>\n<meta property=\"og:url\" content=\"https:\/\/www.mpppst.gob.ve\/mpppstweb\/index.php\/2017\/03\/28\/ministro-torrealba-triunfamos-en-la-oit\/\" \/>\n<meta property=\"og:site_name\" content=\"MPPPST\" \/>\n<meta property=\"article:published_time\" content=\"2017-03-28T17:21:22+00:00\" \/>\n<meta property=\"og:image\" content=\"https:\/\/www.mpppst.gob.ve\/mpppstweb\/wp-content\/uploads\/2017\/03\/C8BB697XUAEz43J.jpg\" \/>\n\t<meta property=\"og:image:width\" content=\"800\" \/>\n\t<meta property=\"og:image:height\" content=\"445\" \/>\n\t<meta property=\"og:image:type\" content=\"image\/jpeg\" \/>\n<meta name=\"author\" content=\"MPPPST Prensa\" \/>\n<meta name=\"twitter:card\" content=\"summary_large_image\" \/>\n<meta name=\"twitter:label1\" content=\"Escrito por\" \/>\n\t<meta name=\"twitter:data1\" content=\"MPPPST Prensa\" \/>\n\t<meta name=\"twitter:label2\" content=\"Tiempo de lectura\" \/>\n\t<meta name=\"twitter:data2\" content=\"2 minutos\" \/>\n<script type=\"application\/ld+json\" class=\"yoast-schema-graph\">{\"@context\":\"https:\/\/schema.org\",\"@graph\":[{\"@type\":\"Article\",\"@id\":\"https:\/\/www.mpppst.gob.ve\/mpppstweb\/index.php\/2017\/03\/28\/ministro-torrealba-triunfamos-en-la-oit\/#article\",\"isPartOf\":{\"@id\":\"https:\/\/www.mpppst.gob.ve\/mpppstweb\/index.php\/2017\/03\/28\/ministro-torrealba-triunfamos-en-la-oit\/\"},\"author\":{\"name\":\"MPPPST Prensa\",\"@id\":\"https:\/\/www.mpppst.gob.ve\/mpppstweb\/#\/schema\/person\/fc187ee8ead412bd4c9304b62f900ea4\"},\"headline\":\"Ministro Torrealba: Triunfamos en la OIT\",\"datePublished\":\"2017-03-28T17:21:22+00:00\",\"dateModified\":\"2017-03-28T17:21:22+00:00\",\"mainEntityOfPage\":{\"@id\":\"https:\/\/www.mpppst.gob.ve\/mpppstweb\/index.php\/2017\/03\/28\/ministro-torrealba-triunfamos-en-la-oit\/\"},\"wordCount\":352,\"publisher\":{\"@id\":\"https:\/\/www.mpppst.gob.ve\/mpppstweb\/#organization\"},\"image\":{\"@id\":\"https:\/\/www.mpppst.gob.ve\/mpppstweb\/index.php\/2017\/03\/28\/ministro-torrealba-triunfamos-en-la-oit\/#primaryimage\"},\"thumbnailUrl\":\"https:\/\/www.mpppst.gob.ve\/mpppstweb\/wp-content\/uploads\/2017\/03\/C8BB697XUAEz43J.jpg\",\"keywords\":[\"Fuerza Laboral\",\"Ministro Torrealba\",\"OIT\",\"Trabajadores\"],\"articleSection\":[\"Ministerio\",\"Noticias\",\"Venezuela y el Mundo\",\"Vida Laboral y Sindical\"],\"inLanguage\":\"es\"},{\"@type\":\"WebPage\",\"@id\":\"https:\/\/www.mpppst.gob.ve\/mpppstweb\/index.php\/2017\/03\/28\/ministro-torrealba-triunfamos-en-la-oit\/\",\"url\":\"https:\/\/www.mpppst.gob.ve\/mpppstweb\/index.php\/2017\/03\/28\/ministro-torrealba-triunfamos-en-la-oit\/\",\"name\":\"Ministro Torrealba: Triunfamos en la OIT - MPPPST\",\"isPartOf\":{\"@id\":\"https:\/\/www.mpppst.gob.ve\/mpppstweb\/#website\"},\"primaryImageOfPage\":{\"@id\":\"https:\/\/www.mpppst.gob.ve\/mpppstweb\/index.php\/2017\/03\/28\/ministro-torrealba-triunfamos-en-la-oit\/#primaryimage\"},\"image\":{\"@id\":\"https:\/\/www.mpppst.gob.ve\/mpppstweb\/index.php\/2017\/03\/28\/ministro-torrealba-triunfamos-en-la-oit\/#primaryimage\"},\"thumbnailUrl\":\"https:\/\/www.mpppst.gob.ve\/mpppstweb\/wp-content\/uploads\/2017\/03\/C8BB697XUAEz43J.jpg\",\"datePublished\":\"2017-03-28T17:21:22+00:00\",\"dateModified\":\"2017-03-28T17:21:22+00:00\",\"breadcrumb\":{\"@id\":\"https:\/\/www.mpppst.gob.ve\/mpppstweb\/index.php\/2017\/03\/28\/ministro-torrealba-triunfamos-en-la-oit\/#breadcrumb\"},\"inLanguage\":\"es\",\"potentialAction\":[{\"@type\":\"ReadAction\",\"target\":[\"https:\/\/www.mpppst.gob.ve\/mpppstweb\/index.php\/2017\/03\/28\/ministro-torrealba-triunfamos-en-la-oit\/\"]}]},{\"@type\":\"ImageObject\",\"inLanguage\":\"es\",\"@id\":\"https:\/\/www.mpppst.gob.ve\/mpppstweb\/index.php\/2017\/03\/28\/ministro-torrealba-triunfamos-en-la-oit\/#primaryimage\",\"url\":\"https:\/\/www.mpppst.gob.ve\/mpppstweb\/wp-content\/uploads\/2017\/03\/C8BB697XUAEz43J.jpg\",\"contentUrl\":\"https:\/\/www.mpppst.gob.ve\/mpppstweb\/wp-content\/uploads\/2017\/03\/C8BB697XUAEz43J.jpg\",\"width\":800,\"height\":445},{\"@type\":\"BreadcrumbList\",\"@id\":\"https:\/\/www.mpppst.gob.ve\/mpppstweb\/index.php\/2017\/03\/28\/ministro-torrealba-triunfamos-en-la-oit\/#breadcrumb\",\"itemListElement\":[{\"@type\":\"ListItem\",\"position\":1,\"name\":\"Home\",\"item\":\"https:\/\/www.mpppst.gob.ve\/mpppstweb\/\"},{\"@type\":\"ListItem\",\"position\":2,\"name\":\"Ministro Torrealba: Triunfamos en la OIT\"}]},{\"@type\":\"WebSite\",\"@id\":\"https:\/\/www.mpppst.gob.ve\/mpppstweb\/#website\",\"url\":\"https:\/\/www.mpppst.gob.ve\/mpppstweb\/\",\"name\":\"MPPPST\",\"description\":\"Ministerio del Poder Popular para el Proceso Social de Trabajo\",\"publisher\":{\"@id\":\"https:\/\/www.mpppst.gob.ve\/mpppstweb\/#organization\"},\"potentialAction\":[{\"@type\":\"SearchAction\",\"target\":{\"@type\":\"EntryPoint\",\"urlTemplate\":\"https:\/\/www.mpppst.gob.ve\/mpppstweb\/?s={search_term_string}\"},\"query-input\":\"required name=search_term_string\"}],\"inLanguage\":\"es\"},{\"@type\":\"Organization\",\"@id\":\"https:\/\/www.mpppst.gob.ve\/mpppstweb\/#organization\",\"name\":\"mpppst\",\"url\":\"https:\/\/www.mpppst.gob.ve\/mpppstweb\/\",\"logo\":{\"@type\":\"ImageObject\",\"inLanguage\":\"es\",\"@id\":\"https:\/\/www.mpppst.gob.ve\/mpppstweb\/#\/schema\/logo\/image\/\",\"url\":\"https:\/\/www.mpppst.gob.ve\/mpppstweb\/wp-content\/uploads\/2025\/07\/cropped-cropped-g910.png\",\"contentUrl\":\"https:\/\/www.mpppst.gob.ve\/mpppstweb\/wp-content\/uploads\/2025\/07\/cropped-cropped-g910.png\",\"width\":1080,\"height\":241,\"caption\":\"mpppst\"},\"image\":{\"@id\":\"https:\/\/www.mpppst.gob.ve\/mpppstweb\/#\/schema\/logo\/image\/\"}},{\"@type\":\"Person\",\"@id\":\"https:\/\/www.mpppst.gob.ve\/mpppstweb\/#\/schema\/person\/fc187ee8ead412bd4c9304b62f900ea4\",\"name\":\"MPPPST Prensa\",\"url\":\"https:\/\/www.mpppst.gob.ve\/mpppstweb\/index.php\/author\/prensa-mpppst\/\"}]}<\/script>\n<!-- \/ Yoast SEO plugin. -->","yoast_head_json":{"title":"Ministro Torrealba: Triunfamos en la OIT - MPPPST","robots":{"index":"index","follow":"follow","max-snippet":"max-snippet:-1","max-image-preview":"max-image-preview:large","max-video-preview":"max-video-preview:-1"},"canonical":"https:\/\/www.mpppst.gob.ve\/mpppstweb\/index.php\/2017\/03\/28\/ministro-torrealba-triunfamos-en-la-oit\/","og_locale":"es_ES","og_type":"article","og_title":"Ministro Torrealba: Triunfamos en la OIT - MPPPST","og_description":"Prensa (MPPPST). El ministro del Poder Popular para el Proceso Social de Trabajo, Francisco Torrealba, \u00a0destac\u00f3 &hellip; Ministro Torrealba: Triunfamos en la OITRead more","og_url":"https:\/\/www.mpppst.gob.ve\/mpppstweb\/index.php\/2017\/03\/28\/ministro-torrealba-triunfamos-en-la-oit\/","og_site_name":"MPPPST","article_published_time":"2017-03-28T17:21:22+00:00","og_image":[{"width":800,"height":445,"url":"https:\/\/www.mpppst.gob.ve\/mpppstweb\/wp-content\/uploads\/2017\/03\/C8BB697XUAEz43J.jpg","type":"image\/jpeg"}],"author":"MPPPST Prensa","twitter_card":"summary_large_image","twitter_misc":{"Escrito por":"MPPPST Prensa","Tiempo de lectura":"2 minutos"},"schema":{"@context":"https:\/\/schema.org","@graph":[{"@type":"Article","@id":"https:\/\/www.mpppst.gob.ve\/mpppstweb\/index.php\/2017\/03\/28\/ministro-torrealba-triunfamos-en-la-oit\/#article","isPartOf":{"@id":"https:\/\/www.mpppst.gob.ve\/mpppstweb\/index.php\/2017\/03\/28\/ministro-torrealba-triunfamos-en-la-oit\/"},"author":{"name":"MPPPST Prensa","@id":"https:\/\/www.mpppst.gob.ve\/mpppstweb\/#\/schema\/person\/fc187ee8ead412bd4c9304b62f900ea4"},"headline":"Ministro Torrealba: Triunfamos en la OIT","datePublished":"2017-03-28T17:21:22+00:00","dateModified":"2017-03-28T17:21:22+00:00","mainEntityOfPage":{"@id":"https:\/\/www.mpppst.gob.ve\/mpppstweb\/index.php\/2017\/03\/28\/ministro-torrealba-triunfamos-en-la-oit\/"},"wordCount":352,"publisher":{"@id":"https:\/\/www.mpppst.gob.ve\/mpppstweb\/#organization"},"image":{"@id":"https:\/\/www.mpppst.gob.ve\/mpppstweb\/index.php\/2017\/03\/28\/ministro-torrealba-triunfamos-en-la-oit\/#primaryimage"},"thumbnailUrl":"https:\/\/www.mpppst.gob.ve\/mpppstweb\/wp-content\/uploads\/2017\/03\/C8BB697XUAEz43J.jpg","keywords":["Fuerza Laboral","Ministro Torrealba","OIT","Trabajadores"],"articleSection":["Ministerio","Noticias","Venezuela y el Mundo","Vida Laboral y Sindical"],"inLanguage":"es"},{"@type":"WebPage","@id":"https:\/\/www.mpppst.gob.ve\/mpppstweb\/index.php\/2017\/03\/28\/ministro-torrealba-triunfamos-en-la-oit\/","url":"https:\/\/www.mpppst.gob.ve\/mpppstweb\/index.php\/2017\/03\/28\/ministro-torrealba-triunfamos-en-la-oit\/","name":"Ministro Torrealba: Triunfamos en la OIT - MPPPST","isPartOf":{"@id":"https:\/\/www.mpppst.gob.ve\/mpppstweb\/#website"},"primaryImageOfPage":{"@id":"https:\/\/www.mpppst.gob.ve\/mpppstweb\/index.php\/2017\/03\/28\/ministro-torrealba-triunfamos-en-la-oit\/#primaryimage"},"image":{"@id":"https:\/\/www.mpppst.gob.ve\/mpppstweb\/index.php\/2017\/03\/28\/ministro-torrealba-triunfamos-en-la-oit\/#primaryimage"},"thumbnailUrl":"https:\/\/www.mpppst.gob.ve\/mpppstweb\/wp-content\/uploads\/2017\/03\/C8BB697XUAEz43J.jpg","datePublished":"2017-03-28T17:21:22+00:00","dateModified":"2017-03-28T17:21:22+00:00","breadcrumb":{"@id":"https:\/\/www.mpppst.gob.ve\/mpppstweb\/index.php\/2017\/03\/28\/ministro-torrealba-triunfamos-en-la-oit\/#breadcrumb"},"inLanguage":"es","potentialAction":[{"@type":"ReadAction","target":["https:\/\/www.mpppst.gob.ve\/mpppstweb\/index.php\/2017\/03\/28\/ministro-torrealba-triunfamos-en-la-oit\/"]}]},{"@type":"ImageObject","inLanguage":"es","@id":"https:\/\/www.mpppst.gob.ve\/mpppstweb\/index.php\/2017\/03\/28\/ministro-torrealba-triunfamos-en-la-oit\/#primaryimage","url":"https:\/\/www.mpppst.gob.ve\/mpppstweb\/wp-content\/uploads\/2017\/03\/C8BB697XUAEz43J.jpg","contentUrl":"https:\/\/www.mpppst.gob.ve\/mpppstweb\/wp-content\/uploads\/2017\/03\/C8BB697XUAEz43J.jpg","width":800,"height":445},{"@type":"BreadcrumbList","@id":"https:\/\/www.mpppst.gob.ve\/mpppstweb\/index.php\/2017\/03\/28\/ministro-torrealba-triunfamos-en-la-oit\/#breadcrumb","itemListElement":[{"@type":"ListItem","position":1,"name":"Home","item":"https:\/\/www.mpppst.gob.ve\/mpppstweb\/"},{"@type":"ListItem","position":2,"name":"Ministro Torrealba: Triunfamos en la OIT"}]},{"@type":"WebSite","@id":"https:\/\/www.mpppst.gob.ve\/mpppstweb\/#website","url":"https:\/\/www.mpppst.gob.ve\/mpppstweb\/","name":"MPPPST","description":"Ministerio del Poder Popular para el Proceso Social de Trabajo","publisher":{"@id":"https:\/\/www.mpppst.gob.ve\/mpppstweb\/#organization"},"potentialAction":[{"@type":"SearchAction","target":{"@type":"EntryPoint","urlTemplate":"https:\/\/www.mpppst.gob.ve\/mpppstweb\/?s={search_term_string}"},"query-input":"required name=search_term_string"}],"inLanguage":"es"},{"@type":"Organization","@id":"https:\/\/www.mpppst.gob.ve\/mpppstweb\/#organization","name":"mpppst","url":"https:\/\/www.mpppst.gob.ve\/mpppstweb\/","logo":{"@type":"ImageObject","inLanguage":"es","@id":"https:\/\/www.mpppst.gob.ve\/mpppstweb\/#\/schema\/logo\/image\/","url":"https:\/\/www.mpppst.gob.ve\/mpppstweb\/wp-content\/uploads\/2025\/07\/cropped-cropped-g910.png","contentUrl":"https:\/\/www.mpppst.gob.ve\/mpppstweb\/wp-content\/uploads\/2025\/07\/cropped-cropped-g910.png","width":1080,"height":241,"caption":"mpppst"},"image":{"@id":"https:\/\/www.mpppst.gob.ve\/mpppstweb\/#\/schema\/logo\/image\/"}},{"@type":"Person","@id":"https:\/\/www.mpppst.gob.ve\/mpppstweb\/#\/schema\/person\/fc187ee8ead412bd4c9304b62f900ea4","name":"MPPPST Prensa","url":"https:\/\/www.mpppst.gob.ve\/mpppstweb\/index.php\/author\/prensa-mpppst\/"}]}},"_links":{"self":[{"href":"https:\/\/www.mpppst.gob.ve\/mpppstweb\/index.php\/wp-json\/wp\/v2\/posts\/11003"}],"collection":[{"href":"https:\/\/www.mpppst.gob.ve\/mpppstweb\/index.php\/wp-json\/wp\/v2\/posts"}],"about":[{"href":"https:\/\/www.mpppst.gob.ve\/mpppstweb\/index.php\/wp-json\/wp\/v2\/types\/post"}],"author":[{"embeddable":true,"href":"https:\/\/www.mpppst.gob.ve\/mpppstweb\/index.php\/wp-json\/wp\/v2\/users\/25"}],"replies":[{"embeddable":true,"href":"https:\/\/www.mpppst.gob.ve\/mpppstweb\/index.php\/wp-json\/wp\/v2\/comments?post=11003"}],"version-history":[{"count":1,"href":"https:\/\/www.mpppst.gob.ve\/mpppstweb\/index.php\/wp-json\/wp\/v2\/posts\/11003\/revisions"}],"predecessor-version":[{"id":11005,"href":"https:\/\/www.mpppst.gob.ve\/mpppstweb\/index.php\/wp-json\/wp\/v2\/posts\/11003\/revisions\/11005"}],"wp:featuredmedia":[{"embeddable":true,"href":"https:\/\/www.mpppst.gob.ve\/mpppstweb\/index.php\/wp-json\/wp\/v2\/media\/11004"}],"wp:attachment":[{"href":"https:\/\/www.mpppst.gob.ve\/mpppstweb\/index.php\/wp-json\/wp\/v2\/media?parent=11003"}],"wp:term":[{"taxonomy":"category","embeddable":true,"href":"https:\/\/www.mpppst.gob.ve\/mpppstweb\/index.php\/wp-json\/wp\/v2\/categories?post=11003"},{"taxonomy":"post_tag","embeddable":true,"href":"https:\/\/www.mpppst.gob.ve\/mpppstweb\/index.php\/wp-json\/wp\/v2\/tags?post=11003"}],"curies":[{"name":"wp","href":"https:\/\/api.w.org\/{rel}","templated":true}]}}