{"id":11006,"date":"2017-03-28T17:36:25","date_gmt":"2017-03-28T21:36:25","guid":{"rendered":"http:\/\/www.mpppst.gob.ve\/mpppstweb\/?p=11006"},"modified":"2017-03-28T17:39:28","modified_gmt":"2017-03-28T21:39:28","slug":"trabajadores-y-trabajadoras-del-mpppst-marchan-contra-intento-de-injerencia-de-la-oea","status":"publish","type":"post","link":"https:\/\/www.mpppst.gob.ve\/mpppstweb\/index.php\/2017\/03\/28\/trabajadores-y-trabajadoras-del-mpppst-marchan-contra-intento-de-injerencia-de-la-oea\/","title":{"rendered":"Trabajadores y Trabajadoras del MPPPST marchan contra intento de injerencia de la OEA"},"content":{"rendered":"<p>Prensa MPPPST.- Los Trabajadores y Trabajadoras del Ministerio del Poder Popular para el Proceso Social de Trabajo (MPPPST) marcharon este martes con el fin de rechazar contundentemente las acciones antiimperialistas y amenazas del Secretario General de la Organizaci\u00f3n de los Estados Americanos (OEA), Luis Almagro, de aplicar la Carta Democr\u00e1tica en Venezuela, atentando contra la soberan\u00eda del pa\u00eds.<\/p>\n<p>La concentraci\u00f3n de la Clase Obrera se realiz\u00f3 a la altura de la plaza Morelos con la participaci\u00f3n de todas las direcciones que conforman la estructura del Ministerio, quienes marcharon hasta la esquina de San Francisco, adyacente a la Asamblea Nacional. La finalidad fue \u00a0elevar su voz y rechazar cualquier tipo de injerencia extranjera.<\/p>\n<p>Los entes adscritos al MPPPST, como el Instituto Nacional de Capacitaci\u00f3n y Recreaci\u00f3n de los Trabajadores (Incret), Instituto Venezolano de los Seguros Sociales (IVSS), el Instituto Nacional de Prevenci\u00f3n, Salud y Seguridad Laborales (Inpsasel), y la Tesorer\u00eda de la seguridad Social tambi\u00e9n se unieron a esta marcha de los Trabajadores y Trabajadoras en apoyo a la Revoluci\u00f3n Bolivariana.<\/p>\n<p>El Vicepresidente de la Rep\u00fablica, Tareck El Aissami, invit\u00f3 a las fuerzas revolucionarias del pa\u00eds a seguir forjando el camino para de la Revoluci\u00f3n con conciencia, movilizaci\u00f3n y unidad popular frente a los sectores que pretenden poner al pa\u00eds al servicio de factores imperiales.<\/p>\n<p>\u00abVamos hermanos, hermanas con conciencia, movilizaci\u00f3n y unidad revolucionaria y por otro lado eficiencia en la gesti\u00f3n de Gobierno y a seguir construyendo el Plan de la Patria, el plan de la Venezuela potencia\u00bb, expres\u00f3 El Aissami; y adem\u00e1s inst\u00f3 al pueblo venezolano a estar unido y movilizado.<\/p>\n<p>Finalmente agreg\u00f3 que este martes denunciar\u00e1 ante instancias internacionales al secretario general de Organizaci\u00f3n de Estados Americanos, Luis Almagro, por difamaci\u00f3n.<\/p>\n<p>Elio Garc\u00eda<\/p>\n","protected":false},"excerpt":{"rendered":"<p>Prensa MPPPST.- Los Trabajadores y Trabajadoras del Ministerio del Poder Popular para el Proceso Social de &hellip; <a title=\"Trabajadores y Trabajadoras del MPPPST marchan contra intento de injerencia de la OEA\" class=\"hm-read-more\" href=\"https:\/\/www.mpppst.gob.ve\/mpppstweb\/index.php\/2017\/03\/28\/trabajadores-y-trabajadoras-del-mpppst-marchan-contra-intento-de-injerencia-de-la-oea\/\"><span class=\"screen-reader-text\">Trabajadores y Trabajadoras del MPPPST marchan contra intento de injerencia de la OEA<\/span>Read more<\/a><\/p>\n","protected":false},"author":25,"featured_media":11007,"comment_status":"closed","ping_status":"closed","sticky":false,"template":"","format":"standard","meta":{"footnotes":""},"categories":[163,84],"tags":[225,222,223,227,345],"yoast_head":"<!-- This site is optimized with the Yoast SEO plugin v22.5 - https:\/\/yoast.com\/wordpress\/plugins\/seo\/ -->\n<title>Trabajadores y Trabajadoras del MPPPST marchan contra intento de injerencia de la OEA - MPPPST<\/title>\n<meta name=\"robots\" content=\"index, follow, max-snippet:-1, max-image-preview:large, max-video-preview:-1\" \/>\n<link rel=\"canonical\" href=\"https:\/\/www.mpppst.gob.ve\/mpppstweb\/index.php\/2017\/03\/28\/trabajadores-y-trabajadoras-del-mpppst-marchan-contra-intento-de-injerencia-de-la-oea\/\" \/>\n<meta property=\"og:locale\" content=\"es_ES\" \/>\n<meta property=\"og:type\" content=\"article\" \/>\n<meta property=\"og:title\" content=\"Trabajadores y Trabajadoras del MPPPST marchan contra intento de injerencia de la OEA - MPPPST\" \/>\n<meta property=\"og:description\" content=\"Prensa MPPPST.- Los Trabajadores y Trabajadoras del Ministerio del Poder Popular para el Proceso Social de &hellip; Trabajadores y Trabajadoras del MPPPST marchan contra intento de injerencia de la OEARead more\" \/>\n<meta property=\"og:url\" content=\"https:\/\/www.mpppst.gob.ve\/mpppstweb\/index.php\/2017\/03\/28\/trabajadores-y-trabajadoras-del-mpppst-marchan-contra-intento-de-injerencia-de-la-oea\/\" \/>\n<meta property=\"og:site_name\" content=\"MPPPST\" \/>\n<meta property=\"article:published_time\" content=\"2017-03-28T21:36:25+00:00\" \/>\n<meta property=\"article:modified_time\" content=\"2017-03-28T21:39:28+00:00\" \/>\n<meta property=\"og:image\" content=\"https:\/\/www.mpppst.gob.ve\/mpppstweb\/wp-content\/uploads\/2017\/03\/marcha.jpg\" \/>\n\t<meta property=\"og:image:width\" content=\"800\" \/>\n\t<meta property=\"og:image:height\" content=\"448\" \/>\n\t<meta property=\"og:image:type\" content=\"image\/jpeg\" \/>\n<meta name=\"author\" content=\"MPPPST Prensa\" \/>\n<meta name=\"twitter:card\" content=\"summary_large_image\" \/>\n<meta name=\"twitter:label1\" content=\"Escrito por\" \/>\n\t<meta name=\"twitter:data1\" content=\"MPPPST Prensa\" \/>\n\t<meta name=\"twitter:label2\" content=\"Tiempo de lectura\" \/>\n\t<meta name=\"twitter:data2\" content=\"2 minutos\" \/>\n<script type=\"application\/ld+json\" class=\"yoast-schema-graph\">{\"@context\":\"https:\/\/schema.org\",\"@graph\":[{\"@type\":\"Article\",\"@id\":\"https:\/\/www.mpppst.gob.ve\/mpppstweb\/index.php\/2017\/03\/28\/trabajadores-y-trabajadoras-del-mpppst-marchan-contra-intento-de-injerencia-de-la-oea\/#article\",\"isPartOf\":{\"@id\":\"https:\/\/www.mpppst.gob.ve\/mpppstweb\/index.php\/2017\/03\/28\/trabajadores-y-trabajadoras-del-mpppst-marchan-contra-intento-de-injerencia-de-la-oea\/\"},\"author\":{\"name\":\"MPPPST Prensa\",\"@id\":\"https:\/\/www.mpppst.gob.ve\/mpppstweb\/#\/schema\/person\/fc187ee8ead412bd4c9304b62f900ea4\"},\"headline\":\"Trabajadores y Trabajadoras del MPPPST marchan contra intento de injerencia de la OEA\",\"datePublished\":\"2017-03-28T21:36:25+00:00\",\"dateModified\":\"2017-03-28T21:39:28+00:00\",\"mainEntityOfPage\":{\"@id\":\"https:\/\/www.mpppst.gob.ve\/mpppstweb\/index.php\/2017\/03\/28\/trabajadores-y-trabajadoras-del-mpppst-marchan-contra-intento-de-injerencia-de-la-oea\/\"},\"wordCount\":322,\"publisher\":{\"@id\":\"https:\/\/www.mpppst.gob.ve\/mpppstweb\/#organization\"},\"image\":{\"@id\":\"https:\/\/www.mpppst.gob.ve\/mpppstweb\/index.php\/2017\/03\/28\/trabajadores-y-trabajadoras-del-mpppst-marchan-contra-intento-de-injerencia-de-la-oea\/#primaryimage\"},\"thumbnailUrl\":\"https:\/\/www.mpppst.gob.ve\/mpppstweb\/wp-content\/uploads\/2017\/03\/marcha.jpg\",\"keywords\":[\"Fuerza Laboral\",\"Gobierno Bolivariano\",\"MPPPST\",\"Proceso Social\",\"Trabajadores\"],\"articleSection\":[\"Noticias\",\"Vida Laboral y Sindical\"],\"inLanguage\":\"es\"},{\"@type\":\"WebPage\",\"@id\":\"https:\/\/www.mpppst.gob.ve\/mpppstweb\/index.php\/2017\/03\/28\/trabajadores-y-trabajadoras-del-mpppst-marchan-contra-intento-de-injerencia-de-la-oea\/\",\"url\":\"https:\/\/www.mpppst.gob.ve\/mpppstweb\/index.php\/2017\/03\/28\/trabajadores-y-trabajadoras-del-mpppst-marchan-contra-intento-de-injerencia-de-la-oea\/\",\"name\":\"Trabajadores y Trabajadoras del MPPPST marchan contra intento de injerencia de la OEA - MPPPST\",\"isPartOf\":{\"@id\":\"https:\/\/www.mpppst.gob.ve\/mpppstweb\/#website\"},\"primaryImageOfPage\":{\"@id\":\"https:\/\/www.mpppst.gob.ve\/mpppstweb\/index.php\/2017\/03\/28\/trabajadores-y-trabajadoras-del-mpppst-marchan-contra-intento-de-injerencia-de-la-oea\/#primaryimage\"},\"image\":{\"@id\":\"https:\/\/www.mpppst.gob.ve\/mpppstweb\/index.php\/2017\/03\/28\/trabajadores-y-trabajadoras-del-mpppst-marchan-contra-intento-de-injerencia-de-la-oea\/#primaryimage\"},\"thumbnailUrl\":\"https:\/\/www.mpppst.gob.ve\/mpppstweb\/wp-content\/uploads\/2017\/03\/marcha.jpg\",\"datePublished\":\"2017-03-28T21:36:25+00:00\",\"dateModified\":\"2017-03-28T21:39:28+00:00\",\"breadcrumb\":{\"@id\":\"https:\/\/www.mpppst.gob.ve\/mpppstweb\/index.php\/2017\/03\/28\/trabajadores-y-trabajadoras-del-mpppst-marchan-contra-intento-de-injerencia-de-la-oea\/#breadcrumb\"},\"inLanguage\":\"es\",\"potentialAction\":[{\"@type\":\"ReadAction\",\"target\":[\"https:\/\/www.mpppst.gob.ve\/mpppstweb\/index.php\/2017\/03\/28\/trabajadores-y-trabajadoras-del-mpppst-marchan-contra-intento-de-injerencia-de-la-oea\/\"]}]},{\"@type\":\"ImageObject\",\"inLanguage\":\"es\",\"@id\":\"https:\/\/www.mpppst.gob.ve\/mpppstweb\/index.php\/2017\/03\/28\/trabajadores-y-trabajadoras-del-mpppst-marchan-contra-intento-de-injerencia-de-la-oea\/#primaryimage\",\"url\":\"https:\/\/www.mpppst.gob.ve\/mpppstweb\/wp-content\/uploads\/2017\/03\/marcha.jpg\",\"contentUrl\":\"https:\/\/www.mpppst.gob.ve\/mpppstweb\/wp-content\/uploads\/2017\/03\/marcha.jpg\",\"width\":800,\"height\":448},{\"@type\":\"BreadcrumbList\",\"@id\":\"https:\/\/www.mpppst.gob.ve\/mpppstweb\/index.php\/2017\/03\/28\/trabajadores-y-trabajadoras-del-mpppst-marchan-contra-intento-de-injerencia-de-la-oea\/#breadcrumb\",\"itemListElement\":[{\"@type\":\"ListItem\",\"position\":1,\"name\":\"Home\",\"item\":\"https:\/\/www.mpppst.gob.ve\/mpppstweb\/\"},{\"@type\":\"ListItem\",\"position\":2,\"name\":\"Trabajadores y Trabajadoras del MPPPST marchan contra intento de injerencia de la OEA\"}]},{\"@type\":\"WebSite\",\"@id\":\"https:\/\/www.mpppst.gob.ve\/mpppstweb\/#website\",\"url\":\"https:\/\/www.mpppst.gob.ve\/mpppstweb\/\",\"name\":\"MPPPST\",\"description\":\"Ministerio del Poder Popular para el Proceso Social de Trabajo\",\"publisher\":{\"@id\":\"https:\/\/www.mpppst.gob.ve\/mpppstweb\/#organization\"},\"potentialAction\":[{\"@type\":\"SearchAction\",\"target\":{\"@type\":\"EntryPoint\",\"urlTemplate\":\"https:\/\/www.mpppst.gob.ve\/mpppstweb\/?s={search_term_string}\"},\"query-input\":\"required name=search_term_string\"}],\"inLanguage\":\"es\"},{\"@type\":\"Organization\",\"@id\":\"https:\/\/www.mpppst.gob.ve\/mpppstweb\/#organization\",\"name\":\"mpppst\",\"url\":\"https:\/\/www.mpppst.gob.ve\/mpppstweb\/\",\"logo\":{\"@type\":\"ImageObject\",\"inLanguage\":\"es\",\"@id\":\"https:\/\/www.mpppst.gob.ve\/mpppstweb\/#\/schema\/logo\/image\/\",\"url\":\"https:\/\/www.mpppst.gob.ve\/mpppstweb\/wp-content\/uploads\/2025\/07\/cropped-cropped-g910.png\",\"contentUrl\":\"https:\/\/www.mpppst.gob.ve\/mpppstweb\/wp-content\/uploads\/2025\/07\/cropped-cropped-g910.png\",\"width\":1080,\"height\":241,\"caption\":\"mpppst\"},\"image\":{\"@id\":\"https:\/\/www.mpppst.gob.ve\/mpppstweb\/#\/schema\/logo\/image\/\"}},{\"@type\":\"Person\",\"@id\":\"https:\/\/www.mpppst.gob.ve\/mpppstweb\/#\/schema\/person\/fc187ee8ead412bd4c9304b62f900ea4\",\"name\":\"MPPPST Prensa\",\"url\":\"https:\/\/www.mpppst.gob.ve\/mpppstweb\/index.php\/author\/prensa-mpppst\/\"}]}<\/script>\n<!-- \/ Yoast SEO plugin. -->","yoast_head_json":{"title":"Trabajadores y Trabajadoras del MPPPST marchan contra intento de injerencia de la OEA - MPPPST","robots":{"index":"index","follow":"follow","max-snippet":"max-snippet:-1","max-image-preview":"max-image-preview:large","max-video-preview":"max-video-preview:-1"},"canonical":"https:\/\/www.mpppst.gob.ve\/mpppstweb\/index.php\/2017\/03\/28\/trabajadores-y-trabajadoras-del-mpppst-marchan-contra-intento-de-injerencia-de-la-oea\/","og_locale":"es_ES","og_type":"article","og_title":"Trabajadores y Trabajadoras del MPPPST marchan contra intento de injerencia de la OEA - MPPPST","og_description":"Prensa MPPPST.- Los Trabajadores y Trabajadoras del Ministerio del Poder Popular para el Proceso Social de &hellip; Trabajadores y Trabajadoras del MPPPST marchan contra intento de injerencia de la OEARead more","og_url":"https:\/\/www.mpppst.gob.ve\/mpppstweb\/index.php\/2017\/03\/28\/trabajadores-y-trabajadoras-del-mpppst-marchan-contra-intento-de-injerencia-de-la-oea\/","og_site_name":"MPPPST","article_published_time":"2017-03-28T21:36:25+00:00","article_modified_time":"2017-03-28T21:39:28+00:00","og_image":[{"width":800,"height":448,"url":"https:\/\/www.mpppst.gob.ve\/mpppstweb\/wp-content\/uploads\/2017\/03\/marcha.jpg","type":"image\/jpeg"}],"author":"MPPPST Prensa","twitter_card":"summary_large_image","twitter_misc":{"Escrito por":"MPPPST Prensa","Tiempo de lectura":"2 minutos"},"schema":{"@context":"https:\/\/schema.org","@graph":[{"@type":"Article","@id":"https:\/\/www.mpppst.gob.ve\/mpppstweb\/index.php\/2017\/03\/28\/trabajadores-y-trabajadoras-del-mpppst-marchan-contra-intento-de-injerencia-de-la-oea\/#article","isPartOf":{"@id":"https:\/\/www.mpppst.gob.ve\/mpppstweb\/index.php\/2017\/03\/28\/trabajadores-y-trabajadoras-del-mpppst-marchan-contra-intento-de-injerencia-de-la-oea\/"},"author":{"name":"MPPPST Prensa","@id":"https:\/\/www.mpppst.gob.ve\/mpppstweb\/#\/schema\/person\/fc187ee8ead412bd4c9304b62f900ea4"},"headline":"Trabajadores y Trabajadoras del MPPPST marchan contra intento de injerencia de la OEA","datePublished":"2017-03-28T21:36:25+00:00","dateModified":"2017-03-28T21:39:28+00:00","mainEntityOfPage":{"@id":"https:\/\/www.mpppst.gob.ve\/mpppstweb\/index.php\/2017\/03\/28\/trabajadores-y-trabajadoras-del-mpppst-marchan-contra-intento-de-injerencia-de-la-oea\/"},"wordCount":322,"publisher":{"@id":"https:\/\/www.mpppst.gob.ve\/mpppstweb\/#organization"},"image":{"@id":"https:\/\/www.mpppst.gob.ve\/mpppstweb\/index.php\/2017\/03\/28\/trabajadores-y-trabajadoras-del-mpppst-marchan-contra-intento-de-injerencia-de-la-oea\/#primaryimage"},"thumbnailUrl":"https:\/\/www.mpppst.gob.ve\/mpppstweb\/wp-content\/uploads\/2017\/03\/marcha.jpg","keywords":["Fuerza Laboral","Gobierno Bolivariano","MPPPST","Proceso Social","Trabajadores"],"articleSection":["Noticias","Vida Laboral y Sindical"],"inLanguage":"es"},{"@type":"WebPage","@id":"https:\/\/www.mpppst.gob.ve\/mpppstweb\/index.php\/2017\/03\/28\/trabajadores-y-trabajadoras-del-mpppst-marchan-contra-intento-de-injerencia-de-la-oea\/","url":"https:\/\/www.mpppst.gob.ve\/mpppstweb\/index.php\/2017\/03\/28\/trabajadores-y-trabajadoras-del-mpppst-marchan-contra-intento-de-injerencia-de-la-oea\/","name":"Trabajadores y Trabajadoras del MPPPST marchan contra intento de injerencia de la OEA - MPPPST","isPartOf":{"@id":"https:\/\/www.mpppst.gob.ve\/mpppstweb\/#website"},"primaryImageOfPage":{"@id":"https:\/\/www.mpppst.gob.ve\/mpppstweb\/index.php\/2017\/03\/28\/trabajadores-y-trabajadoras-del-mpppst-marchan-contra-intento-de-injerencia-de-la-oea\/#primaryimage"},"image":{"@id":"https:\/\/www.mpppst.gob.ve\/mpppstweb\/index.php\/2017\/03\/28\/trabajadores-y-trabajadoras-del-mpppst-marchan-contra-intento-de-injerencia-de-la-oea\/#primaryimage"},"thumbnailUrl":"https:\/\/www.mpppst.gob.ve\/mpppstweb\/wp-content\/uploads\/2017\/03\/marcha.jpg","datePublished":"2017-03-28T21:36:25+00:00","dateModified":"2017-03-28T21:39:28+00:00","breadcrumb":{"@id":"https:\/\/www.mpppst.gob.ve\/mpppstweb\/index.php\/2017\/03\/28\/trabajadores-y-trabajadoras-del-mpppst-marchan-contra-intento-de-injerencia-de-la-oea\/#breadcrumb"},"inLanguage":"es","potentialAction":[{"@type":"ReadAction","target":["https:\/\/www.mpppst.gob.ve\/mpppstweb\/index.php\/2017\/03\/28\/trabajadores-y-trabajadoras-del-mpppst-marchan-contra-intento-de-injerencia-de-la-oea\/"]}]},{"@type":"ImageObject","inLanguage":"es","@id":"https:\/\/www.mpppst.gob.ve\/mpppstweb\/index.php\/2017\/03\/28\/trabajadores-y-trabajadoras-del-mpppst-marchan-contra-intento-de-injerencia-de-la-oea\/#primaryimage","url":"https:\/\/www.mpppst.gob.ve\/mpppstweb\/wp-content\/uploads\/2017\/03\/marcha.jpg","contentUrl":"https:\/\/www.mpppst.gob.ve\/mpppstweb\/wp-content\/uploads\/2017\/03\/marcha.jpg","width":800,"height":448},{"@type":"BreadcrumbList","@id":"https:\/\/www.mpppst.gob.ve\/mpppstweb\/index.php\/2017\/03\/28\/trabajadores-y-trabajadoras-del-mpppst-marchan-contra-intento-de-injerencia-de-la-oea\/#breadcrumb","itemListElement":[{"@type":"ListItem","position":1,"name":"Home","item":"https:\/\/www.mpppst.gob.ve\/mpppstweb\/"},{"@type":"ListItem","position":2,"name":"Trabajadores y Trabajadoras del MPPPST marchan contra intento de injerencia de la OEA"}]},{"@type":"WebSite","@id":"https:\/\/www.mpppst.gob.ve\/mpppstweb\/#website","url":"https:\/\/www.mpppst.gob.ve\/mpppstweb\/","name":"MPPPST","description":"Ministerio del Poder Popular para el Proceso Social de Trabajo","publisher":{"@id":"https:\/\/www.mpppst.gob.ve\/mpppstweb\/#organization"},"potentialAction":[{"@type":"SearchAction","target":{"@type":"EntryPoint","urlTemplate":"https:\/\/www.mpppst.gob.ve\/mpppstweb\/?s={search_term_string}"},"query-input":"required name=search_term_string"}],"inLanguage":"es"},{"@type":"Organization","@id":"https:\/\/www.mpppst.gob.ve\/mpppstweb\/#organization","name":"mpppst","url":"https:\/\/www.mpppst.gob.ve\/mpppstweb\/","logo":{"@type":"ImageObject","inLanguage":"es","@id":"https:\/\/www.mpppst.gob.ve\/mpppstweb\/#\/schema\/logo\/image\/","url":"https:\/\/www.mpppst.gob.ve\/mpppstweb\/wp-content\/uploads\/2025\/07\/cropped-cropped-g910.png","contentUrl":"https:\/\/www.mpppst.gob.ve\/mpppstweb\/wp-content\/uploads\/2025\/07\/cropped-cropped-g910.png","width":1080,"height":241,"caption":"mpppst"},"image":{"@id":"https:\/\/www.mpppst.gob.ve\/mpppstweb\/#\/schema\/logo\/image\/"}},{"@type":"Person","@id":"https:\/\/www.mpppst.gob.ve\/mpppstweb\/#\/schema\/person\/fc187ee8ead412bd4c9304b62f900ea4","name":"MPPPST Prensa","url":"https:\/\/www.mpppst.gob.ve\/mpppstweb\/index.php\/author\/prensa-mpppst\/"}]}},"_links":{"self":[{"href":"https:\/\/www.mpppst.gob.ve\/mpppstweb\/index.php\/wp-json\/wp\/v2\/posts\/11006"}],"collection":[{"href":"https:\/\/www.mpppst.gob.ve\/mpppstweb\/index.php\/wp-json\/wp\/v2\/posts"}],"about":[{"href":"https:\/\/www.mpppst.gob.ve\/mpppstweb\/index.php\/wp-json\/wp\/v2\/types\/post"}],"author":[{"embeddable":true,"href":"https:\/\/www.mpppst.gob.ve\/mpppstweb\/index.php\/wp-json\/wp\/v2\/users\/25"}],"replies":[{"embeddable":true,"href":"https:\/\/www.mpppst.gob.ve\/mpppstweb\/index.php\/wp-json\/wp\/v2\/comments?post=11006"}],"version-history":[{"count":1,"href":"https:\/\/www.mpppst.gob.ve\/mpppstweb\/index.php\/wp-json\/wp\/v2\/posts\/11006\/revisions"}],"predecessor-version":[{"id":11008,"href":"https:\/\/www.mpppst.gob.ve\/mpppstweb\/index.php\/wp-json\/wp\/v2\/posts\/11006\/revisions\/11008"}],"wp:featuredmedia":[{"embeddable":true,"href":"https:\/\/www.mpppst.gob.ve\/mpppstweb\/index.php\/wp-json\/wp\/v2\/media\/11007"}],"wp:attachment":[{"href":"https:\/\/www.mpppst.gob.ve\/mpppstweb\/index.php\/wp-json\/wp\/v2\/media?parent=11006"}],"wp:term":[{"taxonomy":"category","embeddable":true,"href":"https:\/\/www.mpppst.gob.ve\/mpppstweb\/index.php\/wp-json\/wp\/v2\/categories?post=11006"},{"taxonomy":"post_tag","embeddable":true,"href":"https:\/\/www.mpppst.gob.ve\/mpppstweb\/index.php\/wp-json\/wp\/v2\/tags?post=11006"}],"curies":[{"name":"wp","href":"https:\/\/api.w.org\/{rel}","templated":true}]}}