{"id":11022,"date":"2017-03-29T15:00:03","date_gmt":"2017-03-29T19:00:03","guid":{"rendered":"http:\/\/www.mpppst.gob.ve\/mpppstweb\/?p=11022"},"modified":"2017-03-29T15:00:03","modified_gmt":"2017-03-29T19:00:03","slug":"venezuela-digital-2017-abre-puertas-al-debate-de-la-comunicacion-digital","status":"publish","type":"post","link":"https:\/\/www.mpppst.gob.ve\/mpppstweb\/index.php\/2017\/03\/29\/venezuela-digital-2017-abre-puertas-al-debate-de-la-comunicacion-digital\/","title":{"rendered":"Venezuela Digital 2017 abre puertas al debate de la comunicaci\u00f3n digital"},"content":{"rendered":"<p>AVN.- Desde este mi\u00e9rcoles 29 hasta el pr\u00f3ximo 31 de marzo, Venezuela Digital 2017 abre sus puertas al debate de la comunicaci\u00f3n digital en la sociedad, como base pilar para el desarrollo de la ciudadan\u00eda en las instalaciones del Teatro Teresa Carre\u00f1o y la Universidad Experimental de las Artes (Unearte) en Caracas.<\/p>\n<p>Como parte del primer bloque de programaci\u00f3n Entretenimiento y Comunicaci\u00f3n Digital, este mi\u00e9rcoles en la sala Jos\u00e9 F\u00e9lix Ribas del Teatro Teresa Carre\u00f1o, desde la 1:30 de la tarde, se realiza la conferencia La pugna por la democratizaci\u00f3n y socializaci\u00f3n del entretenimiento bajo la ponencia de Niv Sardi de Argentina, as\u00ed como Red Social Manifiesto por la venezolana Adriana Cruz; y YouTube y la espectacular ascensi\u00f3n del infoentretenimiento en la pol\u00edtica por Regina Alves Da Silva de Brasil.<\/p>\n<p>En ese espacio tambi\u00e9n se presentar\u00e1 Violencia y Redes Sociales por la venezolana Mar\u00eda Antonieta Izaguirre.<\/p>\n<p>En los espacios abiertos y en la Sala R\u00edos Reyna de este Teatro, tambi\u00e9n se dar\u00e1 dispondr\u00e1 de Espacio Chat, a partir de las dos de la tarde, con las ponencias Guerrilla Digital por los Twiteros de la Faja de Venezuela; Las redes sociales, armas de protesta. Twitter y Facebook en las protestas de movimientos sociales en Espa\u00f1a y Brasil por Geane Alzamora de Brasil; La Otra TV por Oswaldo Rivero de Venezuela y A un Click por la venezolana Larissa Costas.<\/p>\n<p>Adem\u00e1s de Conexi\u00f3n Patria, donde se presentar\u00e1 Sistema Operativo Nacional Canaima; Comunicaci\u00f3n Pol\u00edtica en Redes Sociales y Hacking \u00c9tico.<\/p>\n<p>En el Platillo Protocolar adem\u00e1s se presentar\u00e1 la cl\u00ednica Multipantallas, convergencia y transmedia en el horizonte de la TV digital, de dos a tres de la tarde, por el asesor externo para proyectos de comunicaci\u00f3n y televisi\u00f3n como ViveTv, VTV, Telesur y Cantv, y especialista en el \u00e1rea del comunicaci\u00f3n estrat\u00e9gica, publicidad, propaganda y la televisi\u00f3n, Gustavo Castillo Mascare\u00f1o.<\/p>\n<p>De tres a cuatro de la tarde, tambi\u00e9n se presentar\u00e1 La nueva televisi\u00f3n web. Miraflores TV por el ingeniero con amplia trayectoria en el desarrollo y gesti\u00f3n de proyectos asociados al despliegue de redes de comunicaciones, arquitecturas en Voz y Video sobre protocolos TCP, Luis S\u00e1nchez, y por la comunicadora y presidenta de Pdvsa Tv y l\u00edder del proyecto de Miraflores Tv, Mary Pemjean.<\/p>\n<p>Posteriormente, de cuatro a cinco de la tarde Conati: Socialismo y software libre, la v\u00eda hacia la emancipaci\u00f3n digital por la directora de la Comisi\u00f3n Nacional de las Tecnolog\u00edas de Informaci\u00f3n (Conati), Mar\u00eda Ruiz, y por el gerente de Apropiaci\u00f3n y Uso de las Tecnolog\u00edas de Informaci\u00f3n Libre, Lenin Maury.<\/p>\n<p>En las instalaciones de la Universidad Nacional Experimental de las Artes, Venezuela Digital tambi\u00e9n dictar\u00e1 el taller de dos a cinco de la tarde, Dise\u00f1o, patrones y usabilidad en aplicaciones m\u00f3viles por el especialista en Ciencias en Computaci\u00f3n Manuel Espa\u00f1a.<\/p>\n<p>Durante estos tres d\u00edas de encuentro, disponible para estudiantes, profesionales, comunicadores y p\u00fablico en general, se desarrollar\u00e1n diversas ponencias, foros y talleres a partir de las 8:30 de la ma\u00f1ana y hasta las cinco de la tarde, con la participaci\u00f3n de ponentes nacionales e internacionales.<\/p>\n","protected":false},"excerpt":{"rendered":"<p>AVN.- Desde este mi\u00e9rcoles 29 hasta el pr\u00f3ximo 31 de marzo, Venezuela Digital 2017 abre sus &hellip; <a title=\"Venezuela Digital 2017 abre puertas al debate de la comunicaci\u00f3n digital\" class=\"hm-read-more\" href=\"https:\/\/www.mpppst.gob.ve\/mpppstweb\/index.php\/2017\/03\/29\/venezuela-digital-2017-abre-puertas-al-debate-de-la-comunicacion-digital\/\"><span class=\"screen-reader-text\">Venezuela Digital 2017 abre puertas al debate de la comunicaci\u00f3n digital<\/span>Read more<\/a><\/p>\n","protected":false},"author":25,"featured_media":11023,"comment_status":"closed","ping_status":"closed","sticky":false,"template":"","format":"standard","meta":{"footnotes":""},"categories":[82,163],"tags":[222],"yoast_head":"<!-- This site is optimized with the Yoast SEO plugin v22.5 - https:\/\/yoast.com\/wordpress\/plugins\/seo\/ -->\n<title>Venezuela Digital 2017 abre puertas al debate de la comunicaci\u00f3n digital - MPPPST<\/title>\n<meta name=\"robots\" content=\"index, follow, max-snippet:-1, max-image-preview:large, max-video-preview:-1\" \/>\n<link rel=\"canonical\" href=\"https:\/\/www.mpppst.gob.ve\/mpppstweb\/index.php\/2017\/03\/29\/venezuela-digital-2017-abre-puertas-al-debate-de-la-comunicacion-digital\/\" \/>\n<meta property=\"og:locale\" content=\"es_ES\" \/>\n<meta property=\"og:type\" content=\"article\" \/>\n<meta property=\"og:title\" content=\"Venezuela Digital 2017 abre puertas al debate de la comunicaci\u00f3n digital - MPPPST\" \/>\n<meta property=\"og:description\" content=\"AVN.- Desde este mi\u00e9rcoles 29 hasta el pr\u00f3ximo 31 de marzo, Venezuela Digital 2017 abre sus &hellip; Venezuela Digital 2017 abre puertas al debate de la comunicaci\u00f3n digitalRead more\" \/>\n<meta property=\"og:url\" content=\"https:\/\/www.mpppst.gob.ve\/mpppstweb\/index.php\/2017\/03\/29\/venezuela-digital-2017-abre-puertas-al-debate-de-la-comunicacion-digital\/\" \/>\n<meta property=\"og:site_name\" content=\"MPPPST\" \/>\n<meta property=\"article:published_time\" content=\"2017-03-29T19:00:03+00:00\" \/>\n<meta property=\"og:image\" content=\"https:\/\/www.mpppst.gob.ve\/mpppstweb\/wp-content\/uploads\/2017\/03\/AVATAR_IG_Venezuela-Digital-1024x1024.jpg\" \/>\n\t<meta property=\"og:image:width\" content=\"800\" \/>\n\t<meta property=\"og:image:height\" content=\"445\" \/>\n\t<meta property=\"og:image:type\" content=\"image\/jpeg\" \/>\n<meta name=\"author\" content=\"MPPPST Prensa\" \/>\n<meta name=\"twitter:card\" content=\"summary_large_image\" \/>\n<meta name=\"twitter:label1\" content=\"Escrito por\" \/>\n\t<meta name=\"twitter:data1\" content=\"MPPPST Prensa\" \/>\n\t<meta name=\"twitter:label2\" content=\"Tiempo de lectura\" \/>\n\t<meta name=\"twitter:data2\" content=\"3 minutos\" \/>\n<script type=\"application\/ld+json\" class=\"yoast-schema-graph\">{\"@context\":\"https:\/\/schema.org\",\"@graph\":[{\"@type\":\"Article\",\"@id\":\"https:\/\/www.mpppst.gob.ve\/mpppstweb\/index.php\/2017\/03\/29\/venezuela-digital-2017-abre-puertas-al-debate-de-la-comunicacion-digital\/#article\",\"isPartOf\":{\"@id\":\"https:\/\/www.mpppst.gob.ve\/mpppstweb\/index.php\/2017\/03\/29\/venezuela-digital-2017-abre-puertas-al-debate-de-la-comunicacion-digital\/\"},\"author\":{\"name\":\"MPPPST Prensa\",\"@id\":\"https:\/\/www.mpppst.gob.ve\/mpppstweb\/#\/schema\/person\/fc187ee8ead412bd4c9304b62f900ea4\"},\"headline\":\"Venezuela Digital 2017 abre puertas al debate de la comunicaci\u00f3n digital\",\"datePublished\":\"2017-03-29T19:00:03+00:00\",\"dateModified\":\"2017-03-29T19:00:03+00:00\",\"mainEntityOfPage\":{\"@id\":\"https:\/\/www.mpppst.gob.ve\/mpppstweb\/index.php\/2017\/03\/29\/venezuela-digital-2017-abre-puertas-al-debate-de-la-comunicacion-digital\/\"},\"wordCount\":567,\"publisher\":{\"@id\":\"https:\/\/www.mpppst.gob.ve\/mpppstweb\/#organization\"},\"image\":{\"@id\":\"https:\/\/www.mpppst.gob.ve\/mpppstweb\/index.php\/2017\/03\/29\/venezuela-digital-2017-abre-puertas-al-debate-de-la-comunicacion-digital\/#primaryimage\"},\"thumbnailUrl\":\"https:\/\/www.mpppst.gob.ve\/mpppstweb\/wp-content\/uploads\/2017\/03\/AVATAR_IG_Venezuela-Digital-1024x1024.jpg\",\"keywords\":[\"Gobierno Bolivariano\"],\"articleSection\":[\"Gobierno Nacional\",\"Noticias\"],\"inLanguage\":\"es\"},{\"@type\":\"WebPage\",\"@id\":\"https:\/\/www.mpppst.gob.ve\/mpppstweb\/index.php\/2017\/03\/29\/venezuela-digital-2017-abre-puertas-al-debate-de-la-comunicacion-digital\/\",\"url\":\"https:\/\/www.mpppst.gob.ve\/mpppstweb\/index.php\/2017\/03\/29\/venezuela-digital-2017-abre-puertas-al-debate-de-la-comunicacion-digital\/\",\"name\":\"Venezuela Digital 2017 abre puertas al debate de la comunicaci\u00f3n digital - MPPPST\",\"isPartOf\":{\"@id\":\"https:\/\/www.mpppst.gob.ve\/mpppstweb\/#website\"},\"primaryImageOfPage\":{\"@id\":\"https:\/\/www.mpppst.gob.ve\/mpppstweb\/index.php\/2017\/03\/29\/venezuela-digital-2017-abre-puertas-al-debate-de-la-comunicacion-digital\/#primaryimage\"},\"image\":{\"@id\":\"https:\/\/www.mpppst.gob.ve\/mpppstweb\/index.php\/2017\/03\/29\/venezuela-digital-2017-abre-puertas-al-debate-de-la-comunicacion-digital\/#primaryimage\"},\"thumbnailUrl\":\"https:\/\/www.mpppst.gob.ve\/mpppstweb\/wp-content\/uploads\/2017\/03\/AVATAR_IG_Venezuela-Digital-1024x1024.jpg\",\"datePublished\":\"2017-03-29T19:00:03+00:00\",\"dateModified\":\"2017-03-29T19:00:03+00:00\",\"breadcrumb\":{\"@id\":\"https:\/\/www.mpppst.gob.ve\/mpppstweb\/index.php\/2017\/03\/29\/venezuela-digital-2017-abre-puertas-al-debate-de-la-comunicacion-digital\/#breadcrumb\"},\"inLanguage\":\"es\",\"potentialAction\":[{\"@type\":\"ReadAction\",\"target\":[\"https:\/\/www.mpppst.gob.ve\/mpppstweb\/index.php\/2017\/03\/29\/venezuela-digital-2017-abre-puertas-al-debate-de-la-comunicacion-digital\/\"]}]},{\"@type\":\"ImageObject\",\"inLanguage\":\"es\",\"@id\":\"https:\/\/www.mpppst.gob.ve\/mpppstweb\/index.php\/2017\/03\/29\/venezuela-digital-2017-abre-puertas-al-debate-de-la-comunicacion-digital\/#primaryimage\",\"url\":\"https:\/\/www.mpppst.gob.ve\/mpppstweb\/wp-content\/uploads\/2017\/03\/AVATAR_IG_Venezuela-Digital-1024x1024.jpg\",\"contentUrl\":\"https:\/\/www.mpppst.gob.ve\/mpppstweb\/wp-content\/uploads\/2017\/03\/AVATAR_IG_Venezuela-Digital-1024x1024.jpg\",\"width\":800,\"height\":445},{\"@type\":\"BreadcrumbList\",\"@id\":\"https:\/\/www.mpppst.gob.ve\/mpppstweb\/index.php\/2017\/03\/29\/venezuela-digital-2017-abre-puertas-al-debate-de-la-comunicacion-digital\/#breadcrumb\",\"itemListElement\":[{\"@type\":\"ListItem\",\"position\":1,\"name\":\"Home\",\"item\":\"https:\/\/www.mpppst.gob.ve\/mpppstweb\/\"},{\"@type\":\"ListItem\",\"position\":2,\"name\":\"Venezuela Digital 2017 abre puertas al debate de la comunicaci\u00f3n digital\"}]},{\"@type\":\"WebSite\",\"@id\":\"https:\/\/www.mpppst.gob.ve\/mpppstweb\/#website\",\"url\":\"https:\/\/www.mpppst.gob.ve\/mpppstweb\/\",\"name\":\"MPPPST\",\"description\":\"Ministerio del Poder Popular para el Proceso Social de Trabajo\",\"publisher\":{\"@id\":\"https:\/\/www.mpppst.gob.ve\/mpppstweb\/#organization\"},\"potentialAction\":[{\"@type\":\"SearchAction\",\"target\":{\"@type\":\"EntryPoint\",\"urlTemplate\":\"https:\/\/www.mpppst.gob.ve\/mpppstweb\/?s={search_term_string}\"},\"query-input\":\"required name=search_term_string\"}],\"inLanguage\":\"es\"},{\"@type\":\"Organization\",\"@id\":\"https:\/\/www.mpppst.gob.ve\/mpppstweb\/#organization\",\"name\":\"mpppst\",\"url\":\"https:\/\/www.mpppst.gob.ve\/mpppstweb\/\",\"logo\":{\"@type\":\"ImageObject\",\"inLanguage\":\"es\",\"@id\":\"https:\/\/www.mpppst.gob.ve\/mpppstweb\/#\/schema\/logo\/image\/\",\"url\":\"https:\/\/www.mpppst.gob.ve\/mpppstweb\/wp-content\/uploads\/2025\/07\/cropped-cropped-g910.png\",\"contentUrl\":\"https:\/\/www.mpppst.gob.ve\/mpppstweb\/wp-content\/uploads\/2025\/07\/cropped-cropped-g910.png\",\"width\":1080,\"height\":241,\"caption\":\"mpppst\"},\"image\":{\"@id\":\"https:\/\/www.mpppst.gob.ve\/mpppstweb\/#\/schema\/logo\/image\/\"}},{\"@type\":\"Person\",\"@id\":\"https:\/\/www.mpppst.gob.ve\/mpppstweb\/#\/schema\/person\/fc187ee8ead412bd4c9304b62f900ea4\",\"name\":\"MPPPST Prensa\",\"url\":\"https:\/\/www.mpppst.gob.ve\/mpppstweb\/index.php\/author\/prensa-mpppst\/\"}]}<\/script>\n<!-- \/ Yoast SEO plugin. -->","yoast_head_json":{"title":"Venezuela Digital 2017 abre puertas al debate de la comunicaci\u00f3n digital - MPPPST","robots":{"index":"index","follow":"follow","max-snippet":"max-snippet:-1","max-image-preview":"max-image-preview:large","max-video-preview":"max-video-preview:-1"},"canonical":"https:\/\/www.mpppst.gob.ve\/mpppstweb\/index.php\/2017\/03\/29\/venezuela-digital-2017-abre-puertas-al-debate-de-la-comunicacion-digital\/","og_locale":"es_ES","og_type":"article","og_title":"Venezuela Digital 2017 abre puertas al debate de la comunicaci\u00f3n digital - MPPPST","og_description":"AVN.- Desde este mi\u00e9rcoles 29 hasta el pr\u00f3ximo 31 de marzo, Venezuela Digital 2017 abre sus &hellip; Venezuela Digital 2017 abre puertas al debate de la comunicaci\u00f3n digitalRead more","og_url":"https:\/\/www.mpppst.gob.ve\/mpppstweb\/index.php\/2017\/03\/29\/venezuela-digital-2017-abre-puertas-al-debate-de-la-comunicacion-digital\/","og_site_name":"MPPPST","article_published_time":"2017-03-29T19:00:03+00:00","og_image":[{"width":800,"height":445,"url":"https:\/\/www.mpppst.gob.ve\/mpppstweb\/wp-content\/uploads\/2017\/03\/AVATAR_IG_Venezuela-Digital-1024x1024.jpg","type":"image\/jpeg"}],"author":"MPPPST Prensa","twitter_card":"summary_large_image","twitter_misc":{"Escrito por":"MPPPST Prensa","Tiempo de lectura":"3 minutos"},"schema":{"@context":"https:\/\/schema.org","@graph":[{"@type":"Article","@id":"https:\/\/www.mpppst.gob.ve\/mpppstweb\/index.php\/2017\/03\/29\/venezuela-digital-2017-abre-puertas-al-debate-de-la-comunicacion-digital\/#article","isPartOf":{"@id":"https:\/\/www.mpppst.gob.ve\/mpppstweb\/index.php\/2017\/03\/29\/venezuela-digital-2017-abre-puertas-al-debate-de-la-comunicacion-digital\/"},"author":{"name":"MPPPST Prensa","@id":"https:\/\/www.mpppst.gob.ve\/mpppstweb\/#\/schema\/person\/fc187ee8ead412bd4c9304b62f900ea4"},"headline":"Venezuela Digital 2017 abre puertas al debate de la comunicaci\u00f3n digital","datePublished":"2017-03-29T19:00:03+00:00","dateModified":"2017-03-29T19:00:03+00:00","mainEntityOfPage":{"@id":"https:\/\/www.mpppst.gob.ve\/mpppstweb\/index.php\/2017\/03\/29\/venezuela-digital-2017-abre-puertas-al-debate-de-la-comunicacion-digital\/"},"wordCount":567,"publisher":{"@id":"https:\/\/www.mpppst.gob.ve\/mpppstweb\/#organization"},"image":{"@id":"https:\/\/www.mpppst.gob.ve\/mpppstweb\/index.php\/2017\/03\/29\/venezuela-digital-2017-abre-puertas-al-debate-de-la-comunicacion-digital\/#primaryimage"},"thumbnailUrl":"https:\/\/www.mpppst.gob.ve\/mpppstweb\/wp-content\/uploads\/2017\/03\/AVATAR_IG_Venezuela-Digital-1024x1024.jpg","keywords":["Gobierno Bolivariano"],"articleSection":["Gobierno Nacional","Noticias"],"inLanguage":"es"},{"@type":"WebPage","@id":"https:\/\/www.mpppst.gob.ve\/mpppstweb\/index.php\/2017\/03\/29\/venezuela-digital-2017-abre-puertas-al-debate-de-la-comunicacion-digital\/","url":"https:\/\/www.mpppst.gob.ve\/mpppstweb\/index.php\/2017\/03\/29\/venezuela-digital-2017-abre-puertas-al-debate-de-la-comunicacion-digital\/","name":"Venezuela Digital 2017 abre puertas al debate de la comunicaci\u00f3n digital - MPPPST","isPartOf":{"@id":"https:\/\/www.mpppst.gob.ve\/mpppstweb\/#website"},"primaryImageOfPage":{"@id":"https:\/\/www.mpppst.gob.ve\/mpppstweb\/index.php\/2017\/03\/29\/venezuela-digital-2017-abre-puertas-al-debate-de-la-comunicacion-digital\/#primaryimage"},"image":{"@id":"https:\/\/www.mpppst.gob.ve\/mpppstweb\/index.php\/2017\/03\/29\/venezuela-digital-2017-abre-puertas-al-debate-de-la-comunicacion-digital\/#primaryimage"},"thumbnailUrl":"https:\/\/www.mpppst.gob.ve\/mpppstweb\/wp-content\/uploads\/2017\/03\/AVATAR_IG_Venezuela-Digital-1024x1024.jpg","datePublished":"2017-03-29T19:00:03+00:00","dateModified":"2017-03-29T19:00:03+00:00","breadcrumb":{"@id":"https:\/\/www.mpppst.gob.ve\/mpppstweb\/index.php\/2017\/03\/29\/venezuela-digital-2017-abre-puertas-al-debate-de-la-comunicacion-digital\/#breadcrumb"},"inLanguage":"es","potentialAction":[{"@type":"ReadAction","target":["https:\/\/www.mpppst.gob.ve\/mpppstweb\/index.php\/2017\/03\/29\/venezuela-digital-2017-abre-puertas-al-debate-de-la-comunicacion-digital\/"]}]},{"@type":"ImageObject","inLanguage":"es","@id":"https:\/\/www.mpppst.gob.ve\/mpppstweb\/index.php\/2017\/03\/29\/venezuela-digital-2017-abre-puertas-al-debate-de-la-comunicacion-digital\/#primaryimage","url":"https:\/\/www.mpppst.gob.ve\/mpppstweb\/wp-content\/uploads\/2017\/03\/AVATAR_IG_Venezuela-Digital-1024x1024.jpg","contentUrl":"https:\/\/www.mpppst.gob.ve\/mpppstweb\/wp-content\/uploads\/2017\/03\/AVATAR_IG_Venezuela-Digital-1024x1024.jpg","width":800,"height":445},{"@type":"BreadcrumbList","@id":"https:\/\/www.mpppst.gob.ve\/mpppstweb\/index.php\/2017\/03\/29\/venezuela-digital-2017-abre-puertas-al-debate-de-la-comunicacion-digital\/#breadcrumb","itemListElement":[{"@type":"ListItem","position":1,"name":"Home","item":"https:\/\/www.mpppst.gob.ve\/mpppstweb\/"},{"@type":"ListItem","position":2,"name":"Venezuela Digital 2017 abre puertas al debate de la comunicaci\u00f3n digital"}]},{"@type":"WebSite","@id":"https:\/\/www.mpppst.gob.ve\/mpppstweb\/#website","url":"https:\/\/www.mpppst.gob.ve\/mpppstweb\/","name":"MPPPST","description":"Ministerio del Poder Popular para el Proceso Social de Trabajo","publisher":{"@id":"https:\/\/www.mpppst.gob.ve\/mpppstweb\/#organization"},"potentialAction":[{"@type":"SearchAction","target":{"@type":"EntryPoint","urlTemplate":"https:\/\/www.mpppst.gob.ve\/mpppstweb\/?s={search_term_string}"},"query-input":"required name=search_term_string"}],"inLanguage":"es"},{"@type":"Organization","@id":"https:\/\/www.mpppst.gob.ve\/mpppstweb\/#organization","name":"mpppst","url":"https:\/\/www.mpppst.gob.ve\/mpppstweb\/","logo":{"@type":"ImageObject","inLanguage":"es","@id":"https:\/\/www.mpppst.gob.ve\/mpppstweb\/#\/schema\/logo\/image\/","url":"https:\/\/www.mpppst.gob.ve\/mpppstweb\/wp-content\/uploads\/2025\/07\/cropped-cropped-g910.png","contentUrl":"https:\/\/www.mpppst.gob.ve\/mpppstweb\/wp-content\/uploads\/2025\/07\/cropped-cropped-g910.png","width":1080,"height":241,"caption":"mpppst"},"image":{"@id":"https:\/\/www.mpppst.gob.ve\/mpppstweb\/#\/schema\/logo\/image\/"}},{"@type":"Person","@id":"https:\/\/www.mpppst.gob.ve\/mpppstweb\/#\/schema\/person\/fc187ee8ead412bd4c9304b62f900ea4","name":"MPPPST Prensa","url":"https:\/\/www.mpppst.gob.ve\/mpppstweb\/index.php\/author\/prensa-mpppst\/"}]}},"_links":{"self":[{"href":"https:\/\/www.mpppst.gob.ve\/mpppstweb\/index.php\/wp-json\/wp\/v2\/posts\/11022"}],"collection":[{"href":"https:\/\/www.mpppst.gob.ve\/mpppstweb\/index.php\/wp-json\/wp\/v2\/posts"}],"about":[{"href":"https:\/\/www.mpppst.gob.ve\/mpppstweb\/index.php\/wp-json\/wp\/v2\/types\/post"}],"author":[{"embeddable":true,"href":"https:\/\/www.mpppst.gob.ve\/mpppstweb\/index.php\/wp-json\/wp\/v2\/users\/25"}],"replies":[{"embeddable":true,"href":"https:\/\/www.mpppst.gob.ve\/mpppstweb\/index.php\/wp-json\/wp\/v2\/comments?post=11022"}],"version-history":[{"count":1,"href":"https:\/\/www.mpppst.gob.ve\/mpppstweb\/index.php\/wp-json\/wp\/v2\/posts\/11022\/revisions"}],"predecessor-version":[{"id":11024,"href":"https:\/\/www.mpppst.gob.ve\/mpppstweb\/index.php\/wp-json\/wp\/v2\/posts\/11022\/revisions\/11024"}],"wp:featuredmedia":[{"embeddable":true,"href":"https:\/\/www.mpppst.gob.ve\/mpppstweb\/index.php\/wp-json\/wp\/v2\/media\/11023"}],"wp:attachment":[{"href":"https:\/\/www.mpppst.gob.ve\/mpppstweb\/index.php\/wp-json\/wp\/v2\/media?parent=11022"}],"wp:term":[{"taxonomy":"category","embeddable":true,"href":"https:\/\/www.mpppst.gob.ve\/mpppstweb\/index.php\/wp-json\/wp\/v2\/categories?post=11022"},{"taxonomy":"post_tag","embeddable":true,"href":"https:\/\/www.mpppst.gob.ve\/mpppstweb\/index.php\/wp-json\/wp\/v2\/tags?post=11022"}],"curies":[{"name":"wp","href":"https:\/\/api.w.org\/{rel}","templated":true}]}}