{"id":11118,"date":"2017-04-05T16:28:50","date_gmt":"2017-04-05T20:28:50","guid":{"rendered":"http:\/\/www.mpppst.gob.ve\/mpppstweb\/?p=11118"},"modified":"2017-04-06T15:05:46","modified_gmt":"2017-04-06T19:05:46","slug":"hinterlaces-venezolanos-ven-a-maduro-como-la-unica-salida-a-la-crisis-economica","status":"publish","type":"post","link":"https:\/\/www.mpppst.gob.ve\/mpppstweb\/index.php\/2017\/04\/05\/hinterlaces-venezolanos-ven-a-maduro-como-la-unica-salida-a-la-crisis-economica\/","title":{"rendered":"Hinterlaces: Venezolanos ven a Maduro como la \u00fanica salida a la crisis econ\u00f3mica"},"content":{"rendered":"<p>RNV.- Contrario al descenso en la popular experimentado por la oposici\u00f3n en el primer trimestre del a\u00f1o, la valoraci\u00f3n positiva de la gesti\u00f3n del Presidente Nicol\u00e1s Maduro se recuper\u00f3 durante este mismo per\u00edodo, fen\u00f3meno que arrop\u00f3 a buena de su equipo de gobierno, al registrase un crecimiento en la opini\u00f3n favorable de los l\u00edderes revolucionarios.<\/p>\n<p>La informaci\u00f3n se desprende de un estudio de opini\u00f3n de la encuestadora Hinterlaces, presentado por su presidente, Oscar Schemel, durante una entrevista en el programa Jos\u00e9 Vicente Hoy, que transmite Televen.<\/p>\n<p>\u201cLa gente entiende que Nicol\u00e1s Maduro es el \u00fanico l\u00edder que est\u00e1 enfocado en la soluci\u00f3n de los problemas econ\u00f3micos. Consideran que es el \u00fanico l\u00edder que de alguna manera puede resolver los problemas econ\u00f3micos del pa\u00eds, sobre todo en el campo del desabastecimiento y la inflaci\u00f3n.\u201d<\/p>\n<p>Aunque, aclar\u00f3, buena parte sit\u00faa la responsabilidad del desabastecimiento y la inflaci\u00f3n en el terreno gubernamental, no atribuye la culpa al modelo pol\u00edtico ni a la propuesta de gobierno, por el contrario establece responsabilidades individuales.<\/p>\n<p>Maduro, el l\u00edder que viene de abajo<\/p>\n<p>Schemel asegur\u00f3 que Nicol\u00e1s Maduro es el \u00fanico l\u00edder que se asocia al perfil idealizado en el pueblo venezolano; \u201cun l\u00edder cercano, humilde, que venga de abajo, pero que haya triunfado, que haya superado las carencias materiales, que haya superado las dificultades. Ese l\u00edder que triunfa y regresa a salvar, liberal, acompa\u00f1ar; que no niega su origen, no niega a los suyos, sino que regresa a rescatar\u201d.<\/p>\n<p>\u201cLa gente est\u00e1 buscando l\u00edderes con respuestas y soluciones; est\u00e1 buscando un padre amoroso, pero tambi\u00e9n un l\u00edder ejecutor\u201d y eso no lo ha reconocido en una oposici\u00f3n que sigue sin presentar soluciones ni respuestas, sin una agenda de trabajo.<\/p>\n","protected":false},"excerpt":{"rendered":"<p>RNV.- Contrario al descenso en la popular experimentado por la oposici\u00f3n en el primer trimestre del &hellip; <a title=\"Hinterlaces: Venezolanos ven a Maduro como la \u00fanica salida a la crisis econ\u00f3mica\" class=\"hm-read-more\" href=\"https:\/\/www.mpppst.gob.ve\/mpppstweb\/index.php\/2017\/04\/05\/hinterlaces-venezolanos-ven-a-maduro-como-la-unica-salida-a-la-crisis-economica\/\"><span class=\"screen-reader-text\">Hinterlaces: Venezolanos ven a Maduro como la \u00fanica salida a la crisis econ\u00f3mica<\/span>Read more<\/a><\/p>\n","protected":false},"author":25,"featured_media":11122,"comment_status":"closed","ping_status":"closed","sticky":false,"template":"","format":"standard","meta":{"footnotes":""},"categories":[82,163],"tags":[222],"yoast_head":"<!-- This site is optimized with the Yoast SEO plugin v22.5 - https:\/\/yoast.com\/wordpress\/plugins\/seo\/ -->\n<title>Hinterlaces: Venezolanos ven a Maduro como la \u00fanica salida a la crisis econ\u00f3mica - MPPPST<\/title>\n<meta name=\"robots\" content=\"index, follow, max-snippet:-1, max-image-preview:large, max-video-preview:-1\" \/>\n<link rel=\"canonical\" href=\"https:\/\/www.mpppst.gob.ve\/mpppstweb\/index.php\/2017\/04\/05\/hinterlaces-venezolanos-ven-a-maduro-como-la-unica-salida-a-la-crisis-economica\/\" \/>\n<meta property=\"og:locale\" content=\"es_ES\" \/>\n<meta property=\"og:type\" content=\"article\" \/>\n<meta property=\"og:title\" content=\"Hinterlaces: Venezolanos ven a Maduro como la \u00fanica salida a la crisis econ\u00f3mica - MPPPST\" \/>\n<meta property=\"og:description\" content=\"RNV.- Contrario al descenso en la popular experimentado por la oposici\u00f3n en el primer trimestre del &hellip; Hinterlaces: Venezolanos ven a Maduro como la \u00fanica salida a la crisis econ\u00f3micaRead more\" \/>\n<meta property=\"og:url\" content=\"https:\/\/www.mpppst.gob.ve\/mpppstweb\/index.php\/2017\/04\/05\/hinterlaces-venezolanos-ven-a-maduro-como-la-unica-salida-a-la-crisis-economica\/\" \/>\n<meta property=\"og:site_name\" content=\"MPPPST\" \/>\n<meta property=\"article:published_time\" content=\"2017-04-05T20:28:50+00:00\" \/>\n<meta property=\"article:modified_time\" content=\"2017-04-06T19:05:46+00:00\" \/>\n<meta property=\"og:image\" content=\"https:\/\/www.mpppst.gob.ve\/mpppstweb\/wp-content\/uploads\/2017\/04\/MADURO.jpg\" \/>\n\t<meta property=\"og:image:width\" content=\"800\" \/>\n\t<meta property=\"og:image:height\" content=\"453\" \/>\n\t<meta property=\"og:image:type\" content=\"image\/jpeg\" \/>\n<meta name=\"author\" content=\"MPPPST Prensa\" \/>\n<meta name=\"twitter:card\" content=\"summary_large_image\" \/>\n<meta name=\"twitter:label1\" content=\"Escrito por\" \/>\n\t<meta name=\"twitter:data1\" content=\"MPPPST Prensa\" \/>\n\t<meta name=\"twitter:label2\" content=\"Tiempo de lectura\" \/>\n\t<meta name=\"twitter:data2\" content=\"2 minutos\" \/>\n<script type=\"application\/ld+json\" class=\"yoast-schema-graph\">{\"@context\":\"https:\/\/schema.org\",\"@graph\":[{\"@type\":\"Article\",\"@id\":\"https:\/\/www.mpppst.gob.ve\/mpppstweb\/index.php\/2017\/04\/05\/hinterlaces-venezolanos-ven-a-maduro-como-la-unica-salida-a-la-crisis-economica\/#article\",\"isPartOf\":{\"@id\":\"https:\/\/www.mpppst.gob.ve\/mpppstweb\/index.php\/2017\/04\/05\/hinterlaces-venezolanos-ven-a-maduro-como-la-unica-salida-a-la-crisis-economica\/\"},\"author\":{\"name\":\"MPPPST Prensa\",\"@id\":\"https:\/\/www.mpppst.gob.ve\/mpppstweb\/#\/schema\/person\/fc187ee8ead412bd4c9304b62f900ea4\"},\"headline\":\"Hinterlaces: Venezolanos ven a Maduro como la \u00fanica salida a la crisis econ\u00f3mica\",\"datePublished\":\"2017-04-05T20:28:50+00:00\",\"dateModified\":\"2017-04-06T19:05:46+00:00\",\"mainEntityOfPage\":{\"@id\":\"https:\/\/www.mpppst.gob.ve\/mpppstweb\/index.php\/2017\/04\/05\/hinterlaces-venezolanos-ven-a-maduro-como-la-unica-salida-a-la-crisis-economica\/\"},\"wordCount\":329,\"publisher\":{\"@id\":\"https:\/\/www.mpppst.gob.ve\/mpppstweb\/#organization\"},\"image\":{\"@id\":\"https:\/\/www.mpppst.gob.ve\/mpppstweb\/index.php\/2017\/04\/05\/hinterlaces-venezolanos-ven-a-maduro-como-la-unica-salida-a-la-crisis-economica\/#primaryimage\"},\"thumbnailUrl\":\"https:\/\/www.mpppst.gob.ve\/mpppstweb\/wp-content\/uploads\/2017\/04\/MADURO.jpg\",\"keywords\":[\"Gobierno Bolivariano\"],\"articleSection\":[\"Gobierno Nacional\",\"Noticias\"],\"inLanguage\":\"es\"},{\"@type\":\"WebPage\",\"@id\":\"https:\/\/www.mpppst.gob.ve\/mpppstweb\/index.php\/2017\/04\/05\/hinterlaces-venezolanos-ven-a-maduro-como-la-unica-salida-a-la-crisis-economica\/\",\"url\":\"https:\/\/www.mpppst.gob.ve\/mpppstweb\/index.php\/2017\/04\/05\/hinterlaces-venezolanos-ven-a-maduro-como-la-unica-salida-a-la-crisis-economica\/\",\"name\":\"Hinterlaces: Venezolanos ven a Maduro como la \u00fanica salida a la crisis econ\u00f3mica - MPPPST\",\"isPartOf\":{\"@id\":\"https:\/\/www.mpppst.gob.ve\/mpppstweb\/#website\"},\"primaryImageOfPage\":{\"@id\":\"https:\/\/www.mpppst.gob.ve\/mpppstweb\/index.php\/2017\/04\/05\/hinterlaces-venezolanos-ven-a-maduro-como-la-unica-salida-a-la-crisis-economica\/#primaryimage\"},\"image\":{\"@id\":\"https:\/\/www.mpppst.gob.ve\/mpppstweb\/index.php\/2017\/04\/05\/hinterlaces-venezolanos-ven-a-maduro-como-la-unica-salida-a-la-crisis-economica\/#primaryimage\"},\"thumbnailUrl\":\"https:\/\/www.mpppst.gob.ve\/mpppstweb\/wp-content\/uploads\/2017\/04\/MADURO.jpg\",\"datePublished\":\"2017-04-05T20:28:50+00:00\",\"dateModified\":\"2017-04-06T19:05:46+00:00\",\"breadcrumb\":{\"@id\":\"https:\/\/www.mpppst.gob.ve\/mpppstweb\/index.php\/2017\/04\/05\/hinterlaces-venezolanos-ven-a-maduro-como-la-unica-salida-a-la-crisis-economica\/#breadcrumb\"},\"inLanguage\":\"es\",\"potentialAction\":[{\"@type\":\"ReadAction\",\"target\":[\"https:\/\/www.mpppst.gob.ve\/mpppstweb\/index.php\/2017\/04\/05\/hinterlaces-venezolanos-ven-a-maduro-como-la-unica-salida-a-la-crisis-economica\/\"]}]},{\"@type\":\"ImageObject\",\"inLanguage\":\"es\",\"@id\":\"https:\/\/www.mpppst.gob.ve\/mpppstweb\/index.php\/2017\/04\/05\/hinterlaces-venezolanos-ven-a-maduro-como-la-unica-salida-a-la-crisis-economica\/#primaryimage\",\"url\":\"https:\/\/www.mpppst.gob.ve\/mpppstweb\/wp-content\/uploads\/2017\/04\/MADURO.jpg\",\"contentUrl\":\"https:\/\/www.mpppst.gob.ve\/mpppstweb\/wp-content\/uploads\/2017\/04\/MADURO.jpg\",\"width\":800,\"height\":453},{\"@type\":\"BreadcrumbList\",\"@id\":\"https:\/\/www.mpppst.gob.ve\/mpppstweb\/index.php\/2017\/04\/05\/hinterlaces-venezolanos-ven-a-maduro-como-la-unica-salida-a-la-crisis-economica\/#breadcrumb\",\"itemListElement\":[{\"@type\":\"ListItem\",\"position\":1,\"name\":\"Home\",\"item\":\"https:\/\/www.mpppst.gob.ve\/mpppstweb\/\"},{\"@type\":\"ListItem\",\"position\":2,\"name\":\"Hinterlaces: Venezolanos ven a Maduro como la \u00fanica salida a la crisis econ\u00f3mica\"}]},{\"@type\":\"WebSite\",\"@id\":\"https:\/\/www.mpppst.gob.ve\/mpppstweb\/#website\",\"url\":\"https:\/\/www.mpppst.gob.ve\/mpppstweb\/\",\"name\":\"MPPPST\",\"description\":\"Ministerio del Poder Popular para el Proceso Social de Trabajo\",\"publisher\":{\"@id\":\"https:\/\/www.mpppst.gob.ve\/mpppstweb\/#organization\"},\"potentialAction\":[{\"@type\":\"SearchAction\",\"target\":{\"@type\":\"EntryPoint\",\"urlTemplate\":\"https:\/\/www.mpppst.gob.ve\/mpppstweb\/?s={search_term_string}\"},\"query-input\":\"required name=search_term_string\"}],\"inLanguage\":\"es\"},{\"@type\":\"Organization\",\"@id\":\"https:\/\/www.mpppst.gob.ve\/mpppstweb\/#organization\",\"name\":\"mpppst\",\"url\":\"https:\/\/www.mpppst.gob.ve\/mpppstweb\/\",\"logo\":{\"@type\":\"ImageObject\",\"inLanguage\":\"es\",\"@id\":\"https:\/\/www.mpppst.gob.ve\/mpppstweb\/#\/schema\/logo\/image\/\",\"url\":\"https:\/\/www.mpppst.gob.ve\/mpppstweb\/wp-content\/uploads\/2025\/07\/cropped-cropped-g910.png\",\"contentUrl\":\"https:\/\/www.mpppst.gob.ve\/mpppstweb\/wp-content\/uploads\/2025\/07\/cropped-cropped-g910.png\",\"width\":1080,\"height\":241,\"caption\":\"mpppst\"},\"image\":{\"@id\":\"https:\/\/www.mpppst.gob.ve\/mpppstweb\/#\/schema\/logo\/image\/\"}},{\"@type\":\"Person\",\"@id\":\"https:\/\/www.mpppst.gob.ve\/mpppstweb\/#\/schema\/person\/fc187ee8ead412bd4c9304b62f900ea4\",\"name\":\"MPPPST Prensa\",\"url\":\"https:\/\/www.mpppst.gob.ve\/mpppstweb\/index.php\/author\/prensa-mpppst\/\"}]}<\/script>\n<!-- \/ Yoast SEO plugin. -->","yoast_head_json":{"title":"Hinterlaces: Venezolanos ven a Maduro como la \u00fanica salida a la crisis econ\u00f3mica - MPPPST","robots":{"index":"index","follow":"follow","max-snippet":"max-snippet:-1","max-image-preview":"max-image-preview:large","max-video-preview":"max-video-preview:-1"},"canonical":"https:\/\/www.mpppst.gob.ve\/mpppstweb\/index.php\/2017\/04\/05\/hinterlaces-venezolanos-ven-a-maduro-como-la-unica-salida-a-la-crisis-economica\/","og_locale":"es_ES","og_type":"article","og_title":"Hinterlaces: Venezolanos ven a Maduro como la \u00fanica salida a la crisis econ\u00f3mica - MPPPST","og_description":"RNV.- Contrario al descenso en la popular experimentado por la oposici\u00f3n en el primer trimestre del &hellip; Hinterlaces: Venezolanos ven a Maduro como la \u00fanica salida a la crisis econ\u00f3micaRead more","og_url":"https:\/\/www.mpppst.gob.ve\/mpppstweb\/index.php\/2017\/04\/05\/hinterlaces-venezolanos-ven-a-maduro-como-la-unica-salida-a-la-crisis-economica\/","og_site_name":"MPPPST","article_published_time":"2017-04-05T20:28:50+00:00","article_modified_time":"2017-04-06T19:05:46+00:00","og_image":[{"width":800,"height":453,"url":"https:\/\/www.mpppst.gob.ve\/mpppstweb\/wp-content\/uploads\/2017\/04\/MADURO.jpg","type":"image\/jpeg"}],"author":"MPPPST Prensa","twitter_card":"summary_large_image","twitter_misc":{"Escrito por":"MPPPST Prensa","Tiempo de lectura":"2 minutos"},"schema":{"@context":"https:\/\/schema.org","@graph":[{"@type":"Article","@id":"https:\/\/www.mpppst.gob.ve\/mpppstweb\/index.php\/2017\/04\/05\/hinterlaces-venezolanos-ven-a-maduro-como-la-unica-salida-a-la-crisis-economica\/#article","isPartOf":{"@id":"https:\/\/www.mpppst.gob.ve\/mpppstweb\/index.php\/2017\/04\/05\/hinterlaces-venezolanos-ven-a-maduro-como-la-unica-salida-a-la-crisis-economica\/"},"author":{"name":"MPPPST Prensa","@id":"https:\/\/www.mpppst.gob.ve\/mpppstweb\/#\/schema\/person\/fc187ee8ead412bd4c9304b62f900ea4"},"headline":"Hinterlaces: Venezolanos ven a Maduro como la \u00fanica salida a la crisis econ\u00f3mica","datePublished":"2017-04-05T20:28:50+00:00","dateModified":"2017-04-06T19:05:46+00:00","mainEntityOfPage":{"@id":"https:\/\/www.mpppst.gob.ve\/mpppstweb\/index.php\/2017\/04\/05\/hinterlaces-venezolanos-ven-a-maduro-como-la-unica-salida-a-la-crisis-economica\/"},"wordCount":329,"publisher":{"@id":"https:\/\/www.mpppst.gob.ve\/mpppstweb\/#organization"},"image":{"@id":"https:\/\/www.mpppst.gob.ve\/mpppstweb\/index.php\/2017\/04\/05\/hinterlaces-venezolanos-ven-a-maduro-como-la-unica-salida-a-la-crisis-economica\/#primaryimage"},"thumbnailUrl":"https:\/\/www.mpppst.gob.ve\/mpppstweb\/wp-content\/uploads\/2017\/04\/MADURO.jpg","keywords":["Gobierno Bolivariano"],"articleSection":["Gobierno Nacional","Noticias"],"inLanguage":"es"},{"@type":"WebPage","@id":"https:\/\/www.mpppst.gob.ve\/mpppstweb\/index.php\/2017\/04\/05\/hinterlaces-venezolanos-ven-a-maduro-como-la-unica-salida-a-la-crisis-economica\/","url":"https:\/\/www.mpppst.gob.ve\/mpppstweb\/index.php\/2017\/04\/05\/hinterlaces-venezolanos-ven-a-maduro-como-la-unica-salida-a-la-crisis-economica\/","name":"Hinterlaces: Venezolanos ven a Maduro como la \u00fanica salida a la crisis econ\u00f3mica - MPPPST","isPartOf":{"@id":"https:\/\/www.mpppst.gob.ve\/mpppstweb\/#website"},"primaryImageOfPage":{"@id":"https:\/\/www.mpppst.gob.ve\/mpppstweb\/index.php\/2017\/04\/05\/hinterlaces-venezolanos-ven-a-maduro-como-la-unica-salida-a-la-crisis-economica\/#primaryimage"},"image":{"@id":"https:\/\/www.mpppst.gob.ve\/mpppstweb\/index.php\/2017\/04\/05\/hinterlaces-venezolanos-ven-a-maduro-como-la-unica-salida-a-la-crisis-economica\/#primaryimage"},"thumbnailUrl":"https:\/\/www.mpppst.gob.ve\/mpppstweb\/wp-content\/uploads\/2017\/04\/MADURO.jpg","datePublished":"2017-04-05T20:28:50+00:00","dateModified":"2017-04-06T19:05:46+00:00","breadcrumb":{"@id":"https:\/\/www.mpppst.gob.ve\/mpppstweb\/index.php\/2017\/04\/05\/hinterlaces-venezolanos-ven-a-maduro-como-la-unica-salida-a-la-crisis-economica\/#breadcrumb"},"inLanguage":"es","potentialAction":[{"@type":"ReadAction","target":["https:\/\/www.mpppst.gob.ve\/mpppstweb\/index.php\/2017\/04\/05\/hinterlaces-venezolanos-ven-a-maduro-como-la-unica-salida-a-la-crisis-economica\/"]}]},{"@type":"ImageObject","inLanguage":"es","@id":"https:\/\/www.mpppst.gob.ve\/mpppstweb\/index.php\/2017\/04\/05\/hinterlaces-venezolanos-ven-a-maduro-como-la-unica-salida-a-la-crisis-economica\/#primaryimage","url":"https:\/\/www.mpppst.gob.ve\/mpppstweb\/wp-content\/uploads\/2017\/04\/MADURO.jpg","contentUrl":"https:\/\/www.mpppst.gob.ve\/mpppstweb\/wp-content\/uploads\/2017\/04\/MADURO.jpg","width":800,"height":453},{"@type":"BreadcrumbList","@id":"https:\/\/www.mpppst.gob.ve\/mpppstweb\/index.php\/2017\/04\/05\/hinterlaces-venezolanos-ven-a-maduro-como-la-unica-salida-a-la-crisis-economica\/#breadcrumb","itemListElement":[{"@type":"ListItem","position":1,"name":"Home","item":"https:\/\/www.mpppst.gob.ve\/mpppstweb\/"},{"@type":"ListItem","position":2,"name":"Hinterlaces: Venezolanos ven a Maduro como la \u00fanica salida a la crisis econ\u00f3mica"}]},{"@type":"WebSite","@id":"https:\/\/www.mpppst.gob.ve\/mpppstweb\/#website","url":"https:\/\/www.mpppst.gob.ve\/mpppstweb\/","name":"MPPPST","description":"Ministerio del Poder Popular para el Proceso Social de Trabajo","publisher":{"@id":"https:\/\/www.mpppst.gob.ve\/mpppstweb\/#organization"},"potentialAction":[{"@type":"SearchAction","target":{"@type":"EntryPoint","urlTemplate":"https:\/\/www.mpppst.gob.ve\/mpppstweb\/?s={search_term_string}"},"query-input":"required name=search_term_string"}],"inLanguage":"es"},{"@type":"Organization","@id":"https:\/\/www.mpppst.gob.ve\/mpppstweb\/#organization","name":"mpppst","url":"https:\/\/www.mpppst.gob.ve\/mpppstweb\/","logo":{"@type":"ImageObject","inLanguage":"es","@id":"https:\/\/www.mpppst.gob.ve\/mpppstweb\/#\/schema\/logo\/image\/","url":"https:\/\/www.mpppst.gob.ve\/mpppstweb\/wp-content\/uploads\/2025\/07\/cropped-cropped-g910.png","contentUrl":"https:\/\/www.mpppst.gob.ve\/mpppstweb\/wp-content\/uploads\/2025\/07\/cropped-cropped-g910.png","width":1080,"height":241,"caption":"mpppst"},"image":{"@id":"https:\/\/www.mpppst.gob.ve\/mpppstweb\/#\/schema\/logo\/image\/"}},{"@type":"Person","@id":"https:\/\/www.mpppst.gob.ve\/mpppstweb\/#\/schema\/person\/fc187ee8ead412bd4c9304b62f900ea4","name":"MPPPST Prensa","url":"https:\/\/www.mpppst.gob.ve\/mpppstweb\/index.php\/author\/prensa-mpppst\/"}]}},"_links":{"self":[{"href":"https:\/\/www.mpppst.gob.ve\/mpppstweb\/index.php\/wp-json\/wp\/v2\/posts\/11118"}],"collection":[{"href":"https:\/\/www.mpppst.gob.ve\/mpppstweb\/index.php\/wp-json\/wp\/v2\/posts"}],"about":[{"href":"https:\/\/www.mpppst.gob.ve\/mpppstweb\/index.php\/wp-json\/wp\/v2\/types\/post"}],"author":[{"embeddable":true,"href":"https:\/\/www.mpppst.gob.ve\/mpppstweb\/index.php\/wp-json\/wp\/v2\/users\/25"}],"replies":[{"embeddable":true,"href":"https:\/\/www.mpppst.gob.ve\/mpppstweb\/index.php\/wp-json\/wp\/v2\/comments?post=11118"}],"version-history":[{"count":1,"href":"https:\/\/www.mpppst.gob.ve\/mpppstweb\/index.php\/wp-json\/wp\/v2\/posts\/11118\/revisions"}],"predecessor-version":[{"id":11120,"href":"https:\/\/www.mpppst.gob.ve\/mpppstweb\/index.php\/wp-json\/wp\/v2\/posts\/11118\/revisions\/11120"}],"wp:featuredmedia":[{"embeddable":true,"href":"https:\/\/www.mpppst.gob.ve\/mpppstweb\/index.php\/wp-json\/wp\/v2\/media\/11122"}],"wp:attachment":[{"href":"https:\/\/www.mpppst.gob.ve\/mpppstweb\/index.php\/wp-json\/wp\/v2\/media?parent=11118"}],"wp:term":[{"taxonomy":"category","embeddable":true,"href":"https:\/\/www.mpppst.gob.ve\/mpppstweb\/index.php\/wp-json\/wp\/v2\/categories?post=11118"},{"taxonomy":"post_tag","embeddable":true,"href":"https:\/\/www.mpppst.gob.ve\/mpppstweb\/index.php\/wp-json\/wp\/v2\/tags?post=11118"}],"curies":[{"name":"wp","href":"https:\/\/api.w.org\/{rel}","templated":true}]}}