{"id":11124,"date":"2017-04-06T15:55:06","date_gmt":"2017-04-06T19:55:06","guid":{"rendered":"http:\/\/www.mpppst.gob.ve\/mpppstweb\/?p=11124"},"modified":"2017-04-06T15:55:06","modified_gmt":"2017-04-06T19:55:06","slug":"la-derecha-venezolana-busca-un-hecho-que-desencadene-la-violencia","status":"publish","type":"post","link":"https:\/\/www.mpppst.gob.ve\/mpppstweb\/index.php\/2017\/04\/06\/la-derecha-venezolana-busca-un-hecho-que-desencadene-la-violencia\/","title":{"rendered":"La derecha venezolana busca un hecho que desencadene la violencia"},"content":{"rendered":"<p>Prensa Mippci.- El vicepresidente del Partido Socialista Unido de Venezuela (Psuv), Diosdado Cabello, denunci\u00f3 que la derecha venezolana est\u00e1 buscando un hecho que desencadene la violencia en todo el pa\u00eds.<\/p>\n<p>Durante la movilizaci\u00f3n de este jueves en defensa de la paz y la Constituci\u00f3n, realizada desde la Plaza Morelos hasta la esquina de San Francisco, el dirigente asever\u00f3 que \u201cnosotros (la Revoluci\u00f3n) garantizamos la paz\u201d y agreg\u00f3 que las fuerzas revolucionarias se van a mantener en la calle en defensa de la Patria.<\/p>\n<p>Cabello exhort\u00f3 a los simpatizantes de la oposici\u00f3n a no servir de \u201ccarne de ca\u00f1\u00f3n\u201d para aplicar planes desestabilizadores. Detall\u00f3 que, mientras llaman al pueblo a la calle varios de los dirigentes de la oposici\u00f3n se encuentran fuera del pa\u00eds, entre ellos Julio Borges, que est\u00e1 en los Estados Unidos o Lilian Tintori, \u201cque se fue de vacaciones de Semana Santa\u201d.<\/p>\n<p><strong>Plan desestabilizador en marcha<\/strong><\/p>\n<p>El tambi\u00e9n diputado por el Bloque Parlamentario de la Patria precis\u00f3 que la inteligencia venezolana viene trabajando, desde hace tiempo, en el desmontaje del golpe de Estado que se encuentra en desarrollo.<\/p>\n<p>Explic\u00f3 que los v\u00eddeos mostrados la noche de este mi\u00e9rcoles, en el programa <em>Con el Mazo Dando<\/em>,\u00a0son pruebas concluyentes de conversaciones de ex agentes de la antigua Disip y su vinculaci\u00f3n de grupos pol\u00edticos de la derecha, para intentar dar un golpe de Estado.<\/p>\n<p>\u201cAbiertamente lo manifiestan al decir que van a ser un gobierno de transici\u00f3n de los viejos (Copei y AD), para luego entreg\u00e1rselos a los nuevos, que son Primero Justicia y Voluntad Popular, partidos fascistas y terroristas\u201d.<\/p>\n<p>Asegur\u00f3 que pareciera que quienes desarrollan estos planes no cuentan con el pueblo chavista, con la fuerza armada.<\/p>\n<p>El dirigente denunci\u00f3\u00a0que los planes contemplan el uso de explosivos y armamento de guerra,\u00a0que de ser utilizados no van a distinguir entre la militancia o simpat\u00eda pol\u00edtica de su v\u00edctima.<\/p>\n<p>\u201cEstamos hablando de sanguinarios, estamos hablando de gente dispuesta de matar a otras personas para cumplir sus objetivos\u201d, dijo Cabello y record\u00f3 que \u201cya lo han dicho, han pedido sangre. Que si no hay sangre no habr\u00e1 cambio en Venezuela\u201d.<\/p>\n<p>Sentenci\u00f3 que ni con sangre va a haber cambio en Venezuela, \u201cel cambio en Venezuela comenz\u00f3 hace 18 a\u00f1os con Hugo Ch\u00e1vez y va a seguir en paz, Dios mediante\u201d.<\/p>\n<p><strong>FANB leal<\/strong><\/p>\n<p>Sobre los llamados de la derecha a la Fuerza Armada Nacional Bolivariana, asever\u00f3 que las fuerzas armadas venezolanas son en esencia antiimperialista, humanista, revolucionaria, bolivariana, socialista y profundamente chavista.<\/p>\n<p>Asegur\u00f3 que en los cuarteles la mayor\u00eda de los soldados y soldadas son leales, al tiempo que\u00a0record\u00f3 que la Fuerza Armada era usada para reprimir al pueblo.<\/p>\n<p>Asever\u00f3 adem\u00e1s que la gente est\u00e1 cansada ante el liderazgo irresponsable de la oposici\u00f3n y los llamados que hacen para la desestabilizaci\u00f3n.<\/p>\n<p>\u201cLa gente est\u00e1 cansada de este tipo de liderazgo, de aquellos que se paran y dicen vamos a convocar y cuando la cosa se pone fea se marchan, se van\u201d y sentenci\u00f3 \u201caqu\u00ed estamos los chavistas, los revolucionarios con nuestro pueblo en la calle\u201d.<\/p>\n","protected":false},"excerpt":{"rendered":"<p>Prensa Mippci.- El vicepresidente del Partido Socialista Unido de Venezuela (Psuv), Diosdado Cabello, denunci\u00f3 que la &hellip; <a title=\"La derecha venezolana busca un hecho que desencadene la violencia\" class=\"hm-read-more\" href=\"https:\/\/www.mpppst.gob.ve\/mpppstweb\/index.php\/2017\/04\/06\/la-derecha-venezolana-busca-un-hecho-que-desencadene-la-violencia\/\"><span class=\"screen-reader-text\">La derecha venezolana busca un hecho que desencadene la violencia<\/span>Read more<\/a><\/p>\n","protected":false},"author":25,"featured_media":11125,"comment_status":"closed","ping_status":"closed","sticky":false,"template":"","format":"standard","meta":{"footnotes":""},"categories":[82,163],"tags":[229,222],"yoast_head":"<!-- This site is optimized with the Yoast SEO plugin v22.5 - https:\/\/yoast.com\/wordpress\/plugins\/seo\/ -->\n<title>La derecha venezolana busca un hecho que desencadene la violencia - MPPPST<\/title>\n<meta name=\"robots\" content=\"index, follow, max-snippet:-1, max-image-preview:large, max-video-preview:-1\" \/>\n<link rel=\"canonical\" href=\"https:\/\/www.mpppst.gob.ve\/mpppstweb\/index.php\/2017\/04\/06\/la-derecha-venezolana-busca-un-hecho-que-desencadene-la-violencia\/\" \/>\n<meta property=\"og:locale\" content=\"es_ES\" \/>\n<meta property=\"og:type\" content=\"article\" \/>\n<meta property=\"og:title\" content=\"La derecha venezolana busca un hecho que desencadene la violencia - MPPPST\" \/>\n<meta property=\"og:description\" content=\"Prensa Mippci.- El vicepresidente del Partido Socialista Unido de Venezuela (Psuv), Diosdado Cabello, denunci\u00f3 que la &hellip; La derecha venezolana busca un hecho que desencadene la violenciaRead more\" \/>\n<meta property=\"og:url\" content=\"https:\/\/www.mpppst.gob.ve\/mpppstweb\/index.php\/2017\/04\/06\/la-derecha-venezolana-busca-un-hecho-que-desencadene-la-violencia\/\" \/>\n<meta property=\"og:site_name\" content=\"MPPPST\" \/>\n<meta property=\"article:published_time\" content=\"2017-04-06T19:55:06+00:00\" \/>\n<meta property=\"og:image\" content=\"https:\/\/www.mpppst.gob.ve\/mpppstweb\/wp-content\/uploads\/2017\/04\/Diosdado-MarchaEDIT.jpg\" \/>\n\t<meta property=\"og:image:width\" content=\"800\" \/>\n\t<meta property=\"og:image:height\" content=\"455\" \/>\n\t<meta property=\"og:image:type\" content=\"image\/jpeg\" \/>\n<meta name=\"author\" content=\"MPPPST Prensa\" \/>\n<meta name=\"twitter:card\" content=\"summary_large_image\" \/>\n<meta name=\"twitter:label1\" content=\"Escrito por\" \/>\n\t<meta name=\"twitter:data1\" content=\"MPPPST Prensa\" \/>\n\t<meta name=\"twitter:label2\" content=\"Tiempo de lectura\" \/>\n\t<meta name=\"twitter:data2\" content=\"3 minutos\" \/>\n<script type=\"application\/ld+json\" class=\"yoast-schema-graph\">{\"@context\":\"https:\/\/schema.org\",\"@graph\":[{\"@type\":\"Article\",\"@id\":\"https:\/\/www.mpppst.gob.ve\/mpppstweb\/index.php\/2017\/04\/06\/la-derecha-venezolana-busca-un-hecho-que-desencadene-la-violencia\/#article\",\"isPartOf\":{\"@id\":\"https:\/\/www.mpppst.gob.ve\/mpppstweb\/index.php\/2017\/04\/06\/la-derecha-venezolana-busca-un-hecho-que-desencadene-la-violencia\/\"},\"author\":{\"name\":\"MPPPST Prensa\",\"@id\":\"https:\/\/www.mpppst.gob.ve\/mpppstweb\/#\/schema\/person\/fc187ee8ead412bd4c9304b62f900ea4\"},\"headline\":\"La derecha venezolana busca un hecho que desencadene la violencia\",\"datePublished\":\"2017-04-06T19:55:06+00:00\",\"dateModified\":\"2017-04-06T19:55:06+00:00\",\"mainEntityOfPage\":{\"@id\":\"https:\/\/www.mpppst.gob.ve\/mpppstweb\/index.php\/2017\/04\/06\/la-derecha-venezolana-busca-un-hecho-que-desencadene-la-violencia\/\"},\"wordCount\":540,\"publisher\":{\"@id\":\"https:\/\/www.mpppst.gob.ve\/mpppstweb\/#organization\"},\"image\":{\"@id\":\"https:\/\/www.mpppst.gob.ve\/mpppstweb\/index.php\/2017\/04\/06\/la-derecha-venezolana-busca-un-hecho-que-desencadene-la-violencia\/#primaryimage\"},\"thumbnailUrl\":\"https:\/\/www.mpppst.gob.ve\/mpppstweb\/wp-content\/uploads\/2017\/04\/Diosdado-MarchaEDIT.jpg\",\"keywords\":[\"Defensa Integral\",\"Gobierno Bolivariano\"],\"articleSection\":[\"Gobierno Nacional\",\"Noticias\"],\"inLanguage\":\"es\"},{\"@type\":\"WebPage\",\"@id\":\"https:\/\/www.mpppst.gob.ve\/mpppstweb\/index.php\/2017\/04\/06\/la-derecha-venezolana-busca-un-hecho-que-desencadene-la-violencia\/\",\"url\":\"https:\/\/www.mpppst.gob.ve\/mpppstweb\/index.php\/2017\/04\/06\/la-derecha-venezolana-busca-un-hecho-que-desencadene-la-violencia\/\",\"name\":\"La derecha venezolana busca un hecho que desencadene la violencia - MPPPST\",\"isPartOf\":{\"@id\":\"https:\/\/www.mpppst.gob.ve\/mpppstweb\/#website\"},\"primaryImageOfPage\":{\"@id\":\"https:\/\/www.mpppst.gob.ve\/mpppstweb\/index.php\/2017\/04\/06\/la-derecha-venezolana-busca-un-hecho-que-desencadene-la-violencia\/#primaryimage\"},\"image\":{\"@id\":\"https:\/\/www.mpppst.gob.ve\/mpppstweb\/index.php\/2017\/04\/06\/la-derecha-venezolana-busca-un-hecho-que-desencadene-la-violencia\/#primaryimage\"},\"thumbnailUrl\":\"https:\/\/www.mpppst.gob.ve\/mpppstweb\/wp-content\/uploads\/2017\/04\/Diosdado-MarchaEDIT.jpg\",\"datePublished\":\"2017-04-06T19:55:06+00:00\",\"dateModified\":\"2017-04-06T19:55:06+00:00\",\"breadcrumb\":{\"@id\":\"https:\/\/www.mpppst.gob.ve\/mpppstweb\/index.php\/2017\/04\/06\/la-derecha-venezolana-busca-un-hecho-que-desencadene-la-violencia\/#breadcrumb\"},\"inLanguage\":\"es\",\"potentialAction\":[{\"@type\":\"ReadAction\",\"target\":[\"https:\/\/www.mpppst.gob.ve\/mpppstweb\/index.php\/2017\/04\/06\/la-derecha-venezolana-busca-un-hecho-que-desencadene-la-violencia\/\"]}]},{\"@type\":\"ImageObject\",\"inLanguage\":\"es\",\"@id\":\"https:\/\/www.mpppst.gob.ve\/mpppstweb\/index.php\/2017\/04\/06\/la-derecha-venezolana-busca-un-hecho-que-desencadene-la-violencia\/#primaryimage\",\"url\":\"https:\/\/www.mpppst.gob.ve\/mpppstweb\/wp-content\/uploads\/2017\/04\/Diosdado-MarchaEDIT.jpg\",\"contentUrl\":\"https:\/\/www.mpppst.gob.ve\/mpppstweb\/wp-content\/uploads\/2017\/04\/Diosdado-MarchaEDIT.jpg\",\"width\":800,\"height\":455},{\"@type\":\"BreadcrumbList\",\"@id\":\"https:\/\/www.mpppst.gob.ve\/mpppstweb\/index.php\/2017\/04\/06\/la-derecha-venezolana-busca-un-hecho-que-desencadene-la-violencia\/#breadcrumb\",\"itemListElement\":[{\"@type\":\"ListItem\",\"position\":1,\"name\":\"Home\",\"item\":\"https:\/\/www.mpppst.gob.ve\/mpppstweb\/\"},{\"@type\":\"ListItem\",\"position\":2,\"name\":\"La derecha venezolana busca un hecho que desencadene la violencia\"}]},{\"@type\":\"WebSite\",\"@id\":\"https:\/\/www.mpppst.gob.ve\/mpppstweb\/#website\",\"url\":\"https:\/\/www.mpppst.gob.ve\/mpppstweb\/\",\"name\":\"MPPPST\",\"description\":\"Ministerio del Poder Popular para el Proceso Social de Trabajo\",\"publisher\":{\"@id\":\"https:\/\/www.mpppst.gob.ve\/mpppstweb\/#organization\"},\"potentialAction\":[{\"@type\":\"SearchAction\",\"target\":{\"@type\":\"EntryPoint\",\"urlTemplate\":\"https:\/\/www.mpppst.gob.ve\/mpppstweb\/?s={search_term_string}\"},\"query-input\":\"required name=search_term_string\"}],\"inLanguage\":\"es\"},{\"@type\":\"Organization\",\"@id\":\"https:\/\/www.mpppst.gob.ve\/mpppstweb\/#organization\",\"name\":\"mpppst\",\"url\":\"https:\/\/www.mpppst.gob.ve\/mpppstweb\/\",\"logo\":{\"@type\":\"ImageObject\",\"inLanguage\":\"es\",\"@id\":\"https:\/\/www.mpppst.gob.ve\/mpppstweb\/#\/schema\/logo\/image\/\",\"url\":\"https:\/\/www.mpppst.gob.ve\/mpppstweb\/wp-content\/uploads\/2025\/07\/cropped-cropped-g910.png\",\"contentUrl\":\"https:\/\/www.mpppst.gob.ve\/mpppstweb\/wp-content\/uploads\/2025\/07\/cropped-cropped-g910.png\",\"width\":1080,\"height\":241,\"caption\":\"mpppst\"},\"image\":{\"@id\":\"https:\/\/www.mpppst.gob.ve\/mpppstweb\/#\/schema\/logo\/image\/\"}},{\"@type\":\"Person\",\"@id\":\"https:\/\/www.mpppst.gob.ve\/mpppstweb\/#\/schema\/person\/fc187ee8ead412bd4c9304b62f900ea4\",\"name\":\"MPPPST Prensa\",\"url\":\"https:\/\/www.mpppst.gob.ve\/mpppstweb\/index.php\/author\/prensa-mpppst\/\"}]}<\/script>\n<!-- \/ Yoast SEO plugin. -->","yoast_head_json":{"title":"La derecha venezolana busca un hecho que desencadene la violencia - MPPPST","robots":{"index":"index","follow":"follow","max-snippet":"max-snippet:-1","max-image-preview":"max-image-preview:large","max-video-preview":"max-video-preview:-1"},"canonical":"https:\/\/www.mpppst.gob.ve\/mpppstweb\/index.php\/2017\/04\/06\/la-derecha-venezolana-busca-un-hecho-que-desencadene-la-violencia\/","og_locale":"es_ES","og_type":"article","og_title":"La derecha venezolana busca un hecho que desencadene la violencia - MPPPST","og_description":"Prensa Mippci.- El vicepresidente del Partido Socialista Unido de Venezuela (Psuv), Diosdado Cabello, denunci\u00f3 que la &hellip; La derecha venezolana busca un hecho que desencadene la violenciaRead more","og_url":"https:\/\/www.mpppst.gob.ve\/mpppstweb\/index.php\/2017\/04\/06\/la-derecha-venezolana-busca-un-hecho-que-desencadene-la-violencia\/","og_site_name":"MPPPST","article_published_time":"2017-04-06T19:55:06+00:00","og_image":[{"width":800,"height":455,"url":"https:\/\/www.mpppst.gob.ve\/mpppstweb\/wp-content\/uploads\/2017\/04\/Diosdado-MarchaEDIT.jpg","type":"image\/jpeg"}],"author":"MPPPST Prensa","twitter_card":"summary_large_image","twitter_misc":{"Escrito por":"MPPPST Prensa","Tiempo de lectura":"3 minutos"},"schema":{"@context":"https:\/\/schema.org","@graph":[{"@type":"Article","@id":"https:\/\/www.mpppst.gob.ve\/mpppstweb\/index.php\/2017\/04\/06\/la-derecha-venezolana-busca-un-hecho-que-desencadene-la-violencia\/#article","isPartOf":{"@id":"https:\/\/www.mpppst.gob.ve\/mpppstweb\/index.php\/2017\/04\/06\/la-derecha-venezolana-busca-un-hecho-que-desencadene-la-violencia\/"},"author":{"name":"MPPPST Prensa","@id":"https:\/\/www.mpppst.gob.ve\/mpppstweb\/#\/schema\/person\/fc187ee8ead412bd4c9304b62f900ea4"},"headline":"La derecha venezolana busca un hecho que desencadene la violencia","datePublished":"2017-04-06T19:55:06+00:00","dateModified":"2017-04-06T19:55:06+00:00","mainEntityOfPage":{"@id":"https:\/\/www.mpppst.gob.ve\/mpppstweb\/index.php\/2017\/04\/06\/la-derecha-venezolana-busca-un-hecho-que-desencadene-la-violencia\/"},"wordCount":540,"publisher":{"@id":"https:\/\/www.mpppst.gob.ve\/mpppstweb\/#organization"},"image":{"@id":"https:\/\/www.mpppst.gob.ve\/mpppstweb\/index.php\/2017\/04\/06\/la-derecha-venezolana-busca-un-hecho-que-desencadene-la-violencia\/#primaryimage"},"thumbnailUrl":"https:\/\/www.mpppst.gob.ve\/mpppstweb\/wp-content\/uploads\/2017\/04\/Diosdado-MarchaEDIT.jpg","keywords":["Defensa Integral","Gobierno Bolivariano"],"articleSection":["Gobierno Nacional","Noticias"],"inLanguage":"es"},{"@type":"WebPage","@id":"https:\/\/www.mpppst.gob.ve\/mpppstweb\/index.php\/2017\/04\/06\/la-derecha-venezolana-busca-un-hecho-que-desencadene-la-violencia\/","url":"https:\/\/www.mpppst.gob.ve\/mpppstweb\/index.php\/2017\/04\/06\/la-derecha-venezolana-busca-un-hecho-que-desencadene-la-violencia\/","name":"La derecha venezolana busca un hecho que desencadene la violencia - MPPPST","isPartOf":{"@id":"https:\/\/www.mpppst.gob.ve\/mpppstweb\/#website"},"primaryImageOfPage":{"@id":"https:\/\/www.mpppst.gob.ve\/mpppstweb\/index.php\/2017\/04\/06\/la-derecha-venezolana-busca-un-hecho-que-desencadene-la-violencia\/#primaryimage"},"image":{"@id":"https:\/\/www.mpppst.gob.ve\/mpppstweb\/index.php\/2017\/04\/06\/la-derecha-venezolana-busca-un-hecho-que-desencadene-la-violencia\/#primaryimage"},"thumbnailUrl":"https:\/\/www.mpppst.gob.ve\/mpppstweb\/wp-content\/uploads\/2017\/04\/Diosdado-MarchaEDIT.jpg","datePublished":"2017-04-06T19:55:06+00:00","dateModified":"2017-04-06T19:55:06+00:00","breadcrumb":{"@id":"https:\/\/www.mpppst.gob.ve\/mpppstweb\/index.php\/2017\/04\/06\/la-derecha-venezolana-busca-un-hecho-que-desencadene-la-violencia\/#breadcrumb"},"inLanguage":"es","potentialAction":[{"@type":"ReadAction","target":["https:\/\/www.mpppst.gob.ve\/mpppstweb\/index.php\/2017\/04\/06\/la-derecha-venezolana-busca-un-hecho-que-desencadene-la-violencia\/"]}]},{"@type":"ImageObject","inLanguage":"es","@id":"https:\/\/www.mpppst.gob.ve\/mpppstweb\/index.php\/2017\/04\/06\/la-derecha-venezolana-busca-un-hecho-que-desencadene-la-violencia\/#primaryimage","url":"https:\/\/www.mpppst.gob.ve\/mpppstweb\/wp-content\/uploads\/2017\/04\/Diosdado-MarchaEDIT.jpg","contentUrl":"https:\/\/www.mpppst.gob.ve\/mpppstweb\/wp-content\/uploads\/2017\/04\/Diosdado-MarchaEDIT.jpg","width":800,"height":455},{"@type":"BreadcrumbList","@id":"https:\/\/www.mpppst.gob.ve\/mpppstweb\/index.php\/2017\/04\/06\/la-derecha-venezolana-busca-un-hecho-que-desencadene-la-violencia\/#breadcrumb","itemListElement":[{"@type":"ListItem","position":1,"name":"Home","item":"https:\/\/www.mpppst.gob.ve\/mpppstweb\/"},{"@type":"ListItem","position":2,"name":"La derecha venezolana busca un hecho que desencadene la violencia"}]},{"@type":"WebSite","@id":"https:\/\/www.mpppst.gob.ve\/mpppstweb\/#website","url":"https:\/\/www.mpppst.gob.ve\/mpppstweb\/","name":"MPPPST","description":"Ministerio del Poder Popular para el Proceso Social de Trabajo","publisher":{"@id":"https:\/\/www.mpppst.gob.ve\/mpppstweb\/#organization"},"potentialAction":[{"@type":"SearchAction","target":{"@type":"EntryPoint","urlTemplate":"https:\/\/www.mpppst.gob.ve\/mpppstweb\/?s={search_term_string}"},"query-input":"required name=search_term_string"}],"inLanguage":"es"},{"@type":"Organization","@id":"https:\/\/www.mpppst.gob.ve\/mpppstweb\/#organization","name":"mpppst","url":"https:\/\/www.mpppst.gob.ve\/mpppstweb\/","logo":{"@type":"ImageObject","inLanguage":"es","@id":"https:\/\/www.mpppst.gob.ve\/mpppstweb\/#\/schema\/logo\/image\/","url":"https:\/\/www.mpppst.gob.ve\/mpppstweb\/wp-content\/uploads\/2025\/07\/cropped-cropped-g910.png","contentUrl":"https:\/\/www.mpppst.gob.ve\/mpppstweb\/wp-content\/uploads\/2025\/07\/cropped-cropped-g910.png","width":1080,"height":241,"caption":"mpppst"},"image":{"@id":"https:\/\/www.mpppst.gob.ve\/mpppstweb\/#\/schema\/logo\/image\/"}},{"@type":"Person","@id":"https:\/\/www.mpppst.gob.ve\/mpppstweb\/#\/schema\/person\/fc187ee8ead412bd4c9304b62f900ea4","name":"MPPPST Prensa","url":"https:\/\/www.mpppst.gob.ve\/mpppstweb\/index.php\/author\/prensa-mpppst\/"}]}},"_links":{"self":[{"href":"https:\/\/www.mpppst.gob.ve\/mpppstweb\/index.php\/wp-json\/wp\/v2\/posts\/11124"}],"collection":[{"href":"https:\/\/www.mpppst.gob.ve\/mpppstweb\/index.php\/wp-json\/wp\/v2\/posts"}],"about":[{"href":"https:\/\/www.mpppst.gob.ve\/mpppstweb\/index.php\/wp-json\/wp\/v2\/types\/post"}],"author":[{"embeddable":true,"href":"https:\/\/www.mpppst.gob.ve\/mpppstweb\/index.php\/wp-json\/wp\/v2\/users\/25"}],"replies":[{"embeddable":true,"href":"https:\/\/www.mpppst.gob.ve\/mpppstweb\/index.php\/wp-json\/wp\/v2\/comments?post=11124"}],"version-history":[{"count":1,"href":"https:\/\/www.mpppst.gob.ve\/mpppstweb\/index.php\/wp-json\/wp\/v2\/posts\/11124\/revisions"}],"predecessor-version":[{"id":11126,"href":"https:\/\/www.mpppst.gob.ve\/mpppstweb\/index.php\/wp-json\/wp\/v2\/posts\/11124\/revisions\/11126"}],"wp:featuredmedia":[{"embeddable":true,"href":"https:\/\/www.mpppst.gob.ve\/mpppstweb\/index.php\/wp-json\/wp\/v2\/media\/11125"}],"wp:attachment":[{"href":"https:\/\/www.mpppst.gob.ve\/mpppstweb\/index.php\/wp-json\/wp\/v2\/media?parent=11124"}],"wp:term":[{"taxonomy":"category","embeddable":true,"href":"https:\/\/www.mpppst.gob.ve\/mpppstweb\/index.php\/wp-json\/wp\/v2\/categories?post=11124"},{"taxonomy":"post_tag","embeddable":true,"href":"https:\/\/www.mpppst.gob.ve\/mpppstweb\/index.php\/wp-json\/wp\/v2\/tags?post=11124"}],"curies":[{"name":"wp","href":"https:\/\/api.w.org\/{rel}","templated":true}]}}