{"id":11130,"date":"2017-04-06T17:07:28","date_gmt":"2017-04-06T21:07:28","guid":{"rendered":"http:\/\/www.mpppst.gob.ve\/mpppstweb\/?p=11130"},"modified":"2017-04-06T17:07:28","modified_gmt":"2017-04-06T21:07:28","slug":"derecha-venezolana-desvia-su-marcha-al-igual-que-en-el-golpe-de-2002","status":"publish","type":"post","link":"https:\/\/www.mpppst.gob.ve\/mpppstweb\/index.php\/2017\/04\/06\/derecha-venezolana-desvia-su-marcha-al-igual-que-en-el-golpe-de-2002\/","title":{"rendered":"Derecha venezolana desv\u00eda su marcha al igual que en el golpe de 2002"},"content":{"rendered":"<p>AVN.- Este jueves, dirigentes de la autodenominada Mesa de la Unidad (MUD) instruyeron a sus simpatizantes movilizarse desde el distribuidor Altamira de la autopista Francisco Fajardo, en el este de Caracas, hacia la Defensor\u00eda del Pueblo, en el centro de la capital.<\/p>\n<p>Esta ruta no se corresponde con la convocatoria hecha por la coalici\u00f3n de derecha, que llam\u00f3 a sus seguidores a movilizarse desde siete puntos de la ciudad hasta la citada v\u00eda, como parte de sus planes para generar violencia y, de ese modo, alimentar la matriz de ingobernabilidad en Venezuela.<\/p>\n<p>El desv\u00edo de esta marcha de su trayecto original recuerda el mismo gui\u00f3n del 11 de abril de 2002, cuando se desvi\u00f3 una marcha convocada originalmente hasta Chuao en direcci\u00f3n al Palacio de Miraflores. A la altura de Puente Llaguno, se desataron acciones violentas -con participaci\u00f3n de francotiradores escondidos en los edificios aleda\u00f1os- que dejaron 19 muertos.<\/p>\n<p>Esa marcha de 2002 fue desviada aun cuando hab\u00eda una concentraci\u00f3n popular en los alrededores de la sede del Ejecutivo, circunstancia que se repite este jueves, pues las fuerzas chavistas se movilizaron este jueves desde plaza Morelos hasta la esquina de San Francisco.<\/p>\n","protected":false},"excerpt":{"rendered":"<p>AVN.- Este jueves, dirigentes de la autodenominada Mesa de la Unidad (MUD) instruyeron a sus simpatizantes &hellip; <a title=\"Derecha venezolana desv\u00eda su marcha al igual que en el golpe de 2002\" class=\"hm-read-more\" href=\"https:\/\/www.mpppst.gob.ve\/mpppstweb\/index.php\/2017\/04\/06\/derecha-venezolana-desvia-su-marcha-al-igual-que-en-el-golpe-de-2002\/\"><span class=\"screen-reader-text\">Derecha venezolana desv\u00eda su marcha al igual que en el golpe de 2002<\/span>Read more<\/a><\/p>\n","protected":false},"author":25,"featured_media":11131,"comment_status":"closed","ping_status":"closed","sticky":false,"template":"","format":"standard","meta":{"footnotes":""},"categories":[82,163],"tags":[382],"yoast_head":"<!-- This site is optimized with the Yoast SEO plugin v22.5 - https:\/\/yoast.com\/wordpress\/plugins\/seo\/ -->\n<title>Derecha venezolana desv\u00eda su marcha al igual que en el golpe de 2002 - MPPPST<\/title>\n<meta name=\"robots\" content=\"index, follow, max-snippet:-1, max-image-preview:large, max-video-preview:-1\" \/>\n<link rel=\"canonical\" href=\"https:\/\/www.mpppst.gob.ve\/mpppstweb\/index.php\/2017\/04\/06\/derecha-venezolana-desvia-su-marcha-al-igual-que-en-el-golpe-de-2002\/\" \/>\n<meta property=\"og:locale\" content=\"es_ES\" \/>\n<meta property=\"og:type\" content=\"article\" \/>\n<meta property=\"og:title\" content=\"Derecha venezolana desv\u00eda su marcha al igual que en el golpe de 2002 - MPPPST\" \/>\n<meta property=\"og:description\" content=\"AVN.- Este jueves, dirigentes de la autodenominada Mesa de la Unidad (MUD) instruyeron a sus simpatizantes &hellip; Derecha venezolana desv\u00eda su marcha al igual que en el golpe de 2002Read more\" \/>\n<meta property=\"og:url\" content=\"https:\/\/www.mpppst.gob.ve\/mpppstweb\/index.php\/2017\/04\/06\/derecha-venezolana-desvia-su-marcha-al-igual-que-en-el-golpe-de-2002\/\" \/>\n<meta property=\"og:site_name\" content=\"MPPPST\" \/>\n<meta property=\"article:published_time\" content=\"2017-04-06T21:07:28+00:00\" \/>\n<meta property=\"og:image\" content=\"https:\/\/www.mpppst.gob.ve\/mpppstweb\/wp-content\/uploads\/2017\/04\/derecha.jpg\" \/>\n\t<meta property=\"og:image:width\" content=\"800\" \/>\n\t<meta property=\"og:image:height\" content=\"449\" \/>\n\t<meta property=\"og:image:type\" content=\"image\/jpeg\" \/>\n<meta name=\"author\" content=\"MPPPST Prensa\" \/>\n<meta name=\"twitter:card\" content=\"summary_large_image\" \/>\n<meta name=\"twitter:label1\" content=\"Escrito por\" \/>\n\t<meta name=\"twitter:data1\" content=\"MPPPST Prensa\" \/>\n\t<meta name=\"twitter:label2\" content=\"Tiempo de lectura\" \/>\n\t<meta name=\"twitter:data2\" content=\"1 minuto\" \/>\n<script type=\"application\/ld+json\" class=\"yoast-schema-graph\">{\"@context\":\"https:\/\/schema.org\",\"@graph\":[{\"@type\":\"Article\",\"@id\":\"https:\/\/www.mpppst.gob.ve\/mpppstweb\/index.php\/2017\/04\/06\/derecha-venezolana-desvia-su-marcha-al-igual-que-en-el-golpe-de-2002\/#article\",\"isPartOf\":{\"@id\":\"https:\/\/www.mpppst.gob.ve\/mpppstweb\/index.php\/2017\/04\/06\/derecha-venezolana-desvia-su-marcha-al-igual-que-en-el-golpe-de-2002\/\"},\"author\":{\"name\":\"MPPPST Prensa\",\"@id\":\"https:\/\/www.mpppst.gob.ve\/mpppstweb\/#\/schema\/person\/fc187ee8ead412bd4c9304b62f900ea4\"},\"headline\":\"Derecha venezolana desv\u00eda su marcha al igual que en el golpe de 2002\",\"datePublished\":\"2017-04-06T21:07:28+00:00\",\"dateModified\":\"2017-04-06T21:07:28+00:00\",\"mainEntityOfPage\":{\"@id\":\"https:\/\/www.mpppst.gob.ve\/mpppstweb\/index.php\/2017\/04\/06\/derecha-venezolana-desvia-su-marcha-al-igual-que-en-el-golpe-de-2002\/\"},\"wordCount\":212,\"publisher\":{\"@id\":\"https:\/\/www.mpppst.gob.ve\/mpppstweb\/#organization\"},\"image\":{\"@id\":\"https:\/\/www.mpppst.gob.ve\/mpppstweb\/index.php\/2017\/04\/06\/derecha-venezolana-desvia-su-marcha-al-igual-que-en-el-golpe-de-2002\/#primaryimage\"},\"thumbnailUrl\":\"https:\/\/www.mpppst.gob.ve\/mpppstweb\/wp-content\/uploads\/2017\/04\/derecha.jpg\",\"keywords\":[\"contrarrevolucion\"],\"articleSection\":[\"Gobierno Nacional\",\"Noticias\"],\"inLanguage\":\"es\"},{\"@type\":\"WebPage\",\"@id\":\"https:\/\/www.mpppst.gob.ve\/mpppstweb\/index.php\/2017\/04\/06\/derecha-venezolana-desvia-su-marcha-al-igual-que-en-el-golpe-de-2002\/\",\"url\":\"https:\/\/www.mpppst.gob.ve\/mpppstweb\/index.php\/2017\/04\/06\/derecha-venezolana-desvia-su-marcha-al-igual-que-en-el-golpe-de-2002\/\",\"name\":\"Derecha venezolana desv\u00eda su marcha al igual que en el golpe de 2002 - MPPPST\",\"isPartOf\":{\"@id\":\"https:\/\/www.mpppst.gob.ve\/mpppstweb\/#website\"},\"primaryImageOfPage\":{\"@id\":\"https:\/\/www.mpppst.gob.ve\/mpppstweb\/index.php\/2017\/04\/06\/derecha-venezolana-desvia-su-marcha-al-igual-que-en-el-golpe-de-2002\/#primaryimage\"},\"image\":{\"@id\":\"https:\/\/www.mpppst.gob.ve\/mpppstweb\/index.php\/2017\/04\/06\/derecha-venezolana-desvia-su-marcha-al-igual-que-en-el-golpe-de-2002\/#primaryimage\"},\"thumbnailUrl\":\"https:\/\/www.mpppst.gob.ve\/mpppstweb\/wp-content\/uploads\/2017\/04\/derecha.jpg\",\"datePublished\":\"2017-04-06T21:07:28+00:00\",\"dateModified\":\"2017-04-06T21:07:28+00:00\",\"breadcrumb\":{\"@id\":\"https:\/\/www.mpppst.gob.ve\/mpppstweb\/index.php\/2017\/04\/06\/derecha-venezolana-desvia-su-marcha-al-igual-que-en-el-golpe-de-2002\/#breadcrumb\"},\"inLanguage\":\"es\",\"potentialAction\":[{\"@type\":\"ReadAction\",\"target\":[\"https:\/\/www.mpppst.gob.ve\/mpppstweb\/index.php\/2017\/04\/06\/derecha-venezolana-desvia-su-marcha-al-igual-que-en-el-golpe-de-2002\/\"]}]},{\"@type\":\"ImageObject\",\"inLanguage\":\"es\",\"@id\":\"https:\/\/www.mpppst.gob.ve\/mpppstweb\/index.php\/2017\/04\/06\/derecha-venezolana-desvia-su-marcha-al-igual-que-en-el-golpe-de-2002\/#primaryimage\",\"url\":\"https:\/\/www.mpppst.gob.ve\/mpppstweb\/wp-content\/uploads\/2017\/04\/derecha.jpg\",\"contentUrl\":\"https:\/\/www.mpppst.gob.ve\/mpppstweb\/wp-content\/uploads\/2017\/04\/derecha.jpg\",\"width\":800,\"height\":449},{\"@type\":\"BreadcrumbList\",\"@id\":\"https:\/\/www.mpppst.gob.ve\/mpppstweb\/index.php\/2017\/04\/06\/derecha-venezolana-desvia-su-marcha-al-igual-que-en-el-golpe-de-2002\/#breadcrumb\",\"itemListElement\":[{\"@type\":\"ListItem\",\"position\":1,\"name\":\"Home\",\"item\":\"https:\/\/www.mpppst.gob.ve\/mpppstweb\/\"},{\"@type\":\"ListItem\",\"position\":2,\"name\":\"Derecha venezolana desv\u00eda su marcha al igual que en el golpe de 2002\"}]},{\"@type\":\"WebSite\",\"@id\":\"https:\/\/www.mpppst.gob.ve\/mpppstweb\/#website\",\"url\":\"https:\/\/www.mpppst.gob.ve\/mpppstweb\/\",\"name\":\"MPPPST\",\"description\":\"Ministerio del Poder Popular para el Proceso Social de Trabajo\",\"publisher\":{\"@id\":\"https:\/\/www.mpppst.gob.ve\/mpppstweb\/#organization\"},\"potentialAction\":[{\"@type\":\"SearchAction\",\"target\":{\"@type\":\"EntryPoint\",\"urlTemplate\":\"https:\/\/www.mpppst.gob.ve\/mpppstweb\/?s={search_term_string}\"},\"query-input\":\"required name=search_term_string\"}],\"inLanguage\":\"es\"},{\"@type\":\"Organization\",\"@id\":\"https:\/\/www.mpppst.gob.ve\/mpppstweb\/#organization\",\"name\":\"mpppst\",\"url\":\"https:\/\/www.mpppst.gob.ve\/mpppstweb\/\",\"logo\":{\"@type\":\"ImageObject\",\"inLanguage\":\"es\",\"@id\":\"https:\/\/www.mpppst.gob.ve\/mpppstweb\/#\/schema\/logo\/image\/\",\"url\":\"https:\/\/www.mpppst.gob.ve\/mpppstweb\/wp-content\/uploads\/2025\/07\/cropped-cropped-g910.png\",\"contentUrl\":\"https:\/\/www.mpppst.gob.ve\/mpppstweb\/wp-content\/uploads\/2025\/07\/cropped-cropped-g910.png\",\"width\":1080,\"height\":241,\"caption\":\"mpppst\"},\"image\":{\"@id\":\"https:\/\/www.mpppst.gob.ve\/mpppstweb\/#\/schema\/logo\/image\/\"}},{\"@type\":\"Person\",\"@id\":\"https:\/\/www.mpppst.gob.ve\/mpppstweb\/#\/schema\/person\/fc187ee8ead412bd4c9304b62f900ea4\",\"name\":\"MPPPST Prensa\",\"url\":\"https:\/\/www.mpppst.gob.ve\/mpppstweb\/index.php\/author\/prensa-mpppst\/\"}]}<\/script>\n<!-- \/ Yoast SEO plugin. -->","yoast_head_json":{"title":"Derecha venezolana desv\u00eda su marcha al igual que en el golpe de 2002 - MPPPST","robots":{"index":"index","follow":"follow","max-snippet":"max-snippet:-1","max-image-preview":"max-image-preview:large","max-video-preview":"max-video-preview:-1"},"canonical":"https:\/\/www.mpppst.gob.ve\/mpppstweb\/index.php\/2017\/04\/06\/derecha-venezolana-desvia-su-marcha-al-igual-que-en-el-golpe-de-2002\/","og_locale":"es_ES","og_type":"article","og_title":"Derecha venezolana desv\u00eda su marcha al igual que en el golpe de 2002 - MPPPST","og_description":"AVN.- Este jueves, dirigentes de la autodenominada Mesa de la Unidad (MUD) instruyeron a sus simpatizantes &hellip; Derecha venezolana desv\u00eda su marcha al igual que en el golpe de 2002Read more","og_url":"https:\/\/www.mpppst.gob.ve\/mpppstweb\/index.php\/2017\/04\/06\/derecha-venezolana-desvia-su-marcha-al-igual-que-en-el-golpe-de-2002\/","og_site_name":"MPPPST","article_published_time":"2017-04-06T21:07:28+00:00","og_image":[{"width":800,"height":449,"url":"https:\/\/www.mpppst.gob.ve\/mpppstweb\/wp-content\/uploads\/2017\/04\/derecha.jpg","type":"image\/jpeg"}],"author":"MPPPST Prensa","twitter_card":"summary_large_image","twitter_misc":{"Escrito por":"MPPPST Prensa","Tiempo de lectura":"1 minuto"},"schema":{"@context":"https:\/\/schema.org","@graph":[{"@type":"Article","@id":"https:\/\/www.mpppst.gob.ve\/mpppstweb\/index.php\/2017\/04\/06\/derecha-venezolana-desvia-su-marcha-al-igual-que-en-el-golpe-de-2002\/#article","isPartOf":{"@id":"https:\/\/www.mpppst.gob.ve\/mpppstweb\/index.php\/2017\/04\/06\/derecha-venezolana-desvia-su-marcha-al-igual-que-en-el-golpe-de-2002\/"},"author":{"name":"MPPPST Prensa","@id":"https:\/\/www.mpppst.gob.ve\/mpppstweb\/#\/schema\/person\/fc187ee8ead412bd4c9304b62f900ea4"},"headline":"Derecha venezolana desv\u00eda su marcha al igual que en el golpe de 2002","datePublished":"2017-04-06T21:07:28+00:00","dateModified":"2017-04-06T21:07:28+00:00","mainEntityOfPage":{"@id":"https:\/\/www.mpppst.gob.ve\/mpppstweb\/index.php\/2017\/04\/06\/derecha-venezolana-desvia-su-marcha-al-igual-que-en-el-golpe-de-2002\/"},"wordCount":212,"publisher":{"@id":"https:\/\/www.mpppst.gob.ve\/mpppstweb\/#organization"},"image":{"@id":"https:\/\/www.mpppst.gob.ve\/mpppstweb\/index.php\/2017\/04\/06\/derecha-venezolana-desvia-su-marcha-al-igual-que-en-el-golpe-de-2002\/#primaryimage"},"thumbnailUrl":"https:\/\/www.mpppst.gob.ve\/mpppstweb\/wp-content\/uploads\/2017\/04\/derecha.jpg","keywords":["contrarrevolucion"],"articleSection":["Gobierno Nacional","Noticias"],"inLanguage":"es"},{"@type":"WebPage","@id":"https:\/\/www.mpppst.gob.ve\/mpppstweb\/index.php\/2017\/04\/06\/derecha-venezolana-desvia-su-marcha-al-igual-que-en-el-golpe-de-2002\/","url":"https:\/\/www.mpppst.gob.ve\/mpppstweb\/index.php\/2017\/04\/06\/derecha-venezolana-desvia-su-marcha-al-igual-que-en-el-golpe-de-2002\/","name":"Derecha venezolana desv\u00eda su marcha al igual que en el golpe de 2002 - MPPPST","isPartOf":{"@id":"https:\/\/www.mpppst.gob.ve\/mpppstweb\/#website"},"primaryImageOfPage":{"@id":"https:\/\/www.mpppst.gob.ve\/mpppstweb\/index.php\/2017\/04\/06\/derecha-venezolana-desvia-su-marcha-al-igual-que-en-el-golpe-de-2002\/#primaryimage"},"image":{"@id":"https:\/\/www.mpppst.gob.ve\/mpppstweb\/index.php\/2017\/04\/06\/derecha-venezolana-desvia-su-marcha-al-igual-que-en-el-golpe-de-2002\/#primaryimage"},"thumbnailUrl":"https:\/\/www.mpppst.gob.ve\/mpppstweb\/wp-content\/uploads\/2017\/04\/derecha.jpg","datePublished":"2017-04-06T21:07:28+00:00","dateModified":"2017-04-06T21:07:28+00:00","breadcrumb":{"@id":"https:\/\/www.mpppst.gob.ve\/mpppstweb\/index.php\/2017\/04\/06\/derecha-venezolana-desvia-su-marcha-al-igual-que-en-el-golpe-de-2002\/#breadcrumb"},"inLanguage":"es","potentialAction":[{"@type":"ReadAction","target":["https:\/\/www.mpppst.gob.ve\/mpppstweb\/index.php\/2017\/04\/06\/derecha-venezolana-desvia-su-marcha-al-igual-que-en-el-golpe-de-2002\/"]}]},{"@type":"ImageObject","inLanguage":"es","@id":"https:\/\/www.mpppst.gob.ve\/mpppstweb\/index.php\/2017\/04\/06\/derecha-venezolana-desvia-su-marcha-al-igual-que-en-el-golpe-de-2002\/#primaryimage","url":"https:\/\/www.mpppst.gob.ve\/mpppstweb\/wp-content\/uploads\/2017\/04\/derecha.jpg","contentUrl":"https:\/\/www.mpppst.gob.ve\/mpppstweb\/wp-content\/uploads\/2017\/04\/derecha.jpg","width":800,"height":449},{"@type":"BreadcrumbList","@id":"https:\/\/www.mpppst.gob.ve\/mpppstweb\/index.php\/2017\/04\/06\/derecha-venezolana-desvia-su-marcha-al-igual-que-en-el-golpe-de-2002\/#breadcrumb","itemListElement":[{"@type":"ListItem","position":1,"name":"Home","item":"https:\/\/www.mpppst.gob.ve\/mpppstweb\/"},{"@type":"ListItem","position":2,"name":"Derecha venezolana desv\u00eda su marcha al igual que en el golpe de 2002"}]},{"@type":"WebSite","@id":"https:\/\/www.mpppst.gob.ve\/mpppstweb\/#website","url":"https:\/\/www.mpppst.gob.ve\/mpppstweb\/","name":"MPPPST","description":"Ministerio del Poder Popular para el Proceso Social de Trabajo","publisher":{"@id":"https:\/\/www.mpppst.gob.ve\/mpppstweb\/#organization"},"potentialAction":[{"@type":"SearchAction","target":{"@type":"EntryPoint","urlTemplate":"https:\/\/www.mpppst.gob.ve\/mpppstweb\/?s={search_term_string}"},"query-input":"required name=search_term_string"}],"inLanguage":"es"},{"@type":"Organization","@id":"https:\/\/www.mpppst.gob.ve\/mpppstweb\/#organization","name":"mpppst","url":"https:\/\/www.mpppst.gob.ve\/mpppstweb\/","logo":{"@type":"ImageObject","inLanguage":"es","@id":"https:\/\/www.mpppst.gob.ve\/mpppstweb\/#\/schema\/logo\/image\/","url":"https:\/\/www.mpppst.gob.ve\/mpppstweb\/wp-content\/uploads\/2025\/07\/cropped-cropped-g910.png","contentUrl":"https:\/\/www.mpppst.gob.ve\/mpppstweb\/wp-content\/uploads\/2025\/07\/cropped-cropped-g910.png","width":1080,"height":241,"caption":"mpppst"},"image":{"@id":"https:\/\/www.mpppst.gob.ve\/mpppstweb\/#\/schema\/logo\/image\/"}},{"@type":"Person","@id":"https:\/\/www.mpppst.gob.ve\/mpppstweb\/#\/schema\/person\/fc187ee8ead412bd4c9304b62f900ea4","name":"MPPPST Prensa","url":"https:\/\/www.mpppst.gob.ve\/mpppstweb\/index.php\/author\/prensa-mpppst\/"}]}},"_links":{"self":[{"href":"https:\/\/www.mpppst.gob.ve\/mpppstweb\/index.php\/wp-json\/wp\/v2\/posts\/11130"}],"collection":[{"href":"https:\/\/www.mpppst.gob.ve\/mpppstweb\/index.php\/wp-json\/wp\/v2\/posts"}],"about":[{"href":"https:\/\/www.mpppst.gob.ve\/mpppstweb\/index.php\/wp-json\/wp\/v2\/types\/post"}],"author":[{"embeddable":true,"href":"https:\/\/www.mpppst.gob.ve\/mpppstweb\/index.php\/wp-json\/wp\/v2\/users\/25"}],"replies":[{"embeddable":true,"href":"https:\/\/www.mpppst.gob.ve\/mpppstweb\/index.php\/wp-json\/wp\/v2\/comments?post=11130"}],"version-history":[{"count":1,"href":"https:\/\/www.mpppst.gob.ve\/mpppstweb\/index.php\/wp-json\/wp\/v2\/posts\/11130\/revisions"}],"predecessor-version":[{"id":11132,"href":"https:\/\/www.mpppst.gob.ve\/mpppstweb\/index.php\/wp-json\/wp\/v2\/posts\/11130\/revisions\/11132"}],"wp:featuredmedia":[{"embeddable":true,"href":"https:\/\/www.mpppst.gob.ve\/mpppstweb\/index.php\/wp-json\/wp\/v2\/media\/11131"}],"wp:attachment":[{"href":"https:\/\/www.mpppst.gob.ve\/mpppstweb\/index.php\/wp-json\/wp\/v2\/media?parent=11130"}],"wp:term":[{"taxonomy":"category","embeddable":true,"href":"https:\/\/www.mpppst.gob.ve\/mpppstweb\/index.php\/wp-json\/wp\/v2\/categories?post=11130"},{"taxonomy":"post_tag","embeddable":true,"href":"https:\/\/www.mpppst.gob.ve\/mpppstweb\/index.php\/wp-json\/wp\/v2\/tags?post=11130"}],"curies":[{"name":"wp","href":"https:\/\/api.w.org\/{rel}","templated":true}]}}