{"id":11139,"date":"2017-04-06T17:35:12","date_gmt":"2017-04-06T21:35:12","guid":{"rendered":"http:\/\/www.mpppst.gob.ve\/mpppstweb\/?p=11139"},"modified":"2017-04-06T17:35:12","modified_gmt":"2017-04-06T21:35:12","slug":"el-pueblo-reafirmo-en-paz-compromiso-con-la-soberania-y-la-estabilidad","status":"publish","type":"post","link":"https:\/\/www.mpppst.gob.ve\/mpppstweb\/index.php\/2017\/04\/06\/el-pueblo-reafirmo-en-paz-compromiso-con-la-soberania-y-la-estabilidad\/","title":{"rendered":"El pueblo reafirm\u00f3 en paz compromiso con la soberan\u00eda y la estabilidad"},"content":{"rendered":"<p>AVN.- Movimientos sociales, dirigentes juveniles, mujeres, obreros y voceros populares ratifican este jueves desde la esquina de San Francisco, en el centro de Caracas, su defensa por la paz y la soberan\u00eda, frente a las acciones injerencistas de la derecha nacional e internacionales contra la independencia de la Patria.<\/p>\n<p>En esta movilizaci\u00f3n, que parti\u00f3 de la Plaza Morelos, en el sector Bellas Artes, el pueblo venezolano rechaza las acciones promovidas por la derecha nacional, con el apoyo la Organizaci\u00f3n de Estados Americanos (OEA), que pretende gestar un golpe de Estado para derrocar al presidente electo democr\u00e1ticamente, Nicol\u00e1s Maduro.<\/p>\n<p>\u00ab<a href=\"http:\/\/www.avn.info.ve\/contenido\/mujeres-patria-defienden-paz-calles-caracas\" target=\"_blank\">Nosotras las mujeres<\/a> defenderemos con fuerza nuestra Constituci\u00f3n, no dejaremos que el futuro de nuestros hijos se derrumbe nada m\u00e1s que por intereses individualistas de un grupo violento. Nuestra Constituci\u00f3n se respeta\u00bb, manifest\u00f3 Jully Villamizar, caraque\u00f1a y madre de familia, presente en la movilizaci\u00f3n.<\/p>\n<p>Freddy Mart\u00ednez, caraque\u00f1o de 32 a\u00f1os de edad, tambi\u00e9n se moviliz\u00f3. Afirm\u00f3 que \u00abeste pueblo lo \u00fanico que quiere es paz, paz y m\u00e1s paz, aqu\u00ed nadie quiere guerra, conflicto ni intervenci\u00f3n, por eso estamos hoy (jueves) en las calles de Caracas defendiendo la Revoluci\u00f3n\u00bb.<\/p>\n<p>Freddy Mart\u00ednez, caraque\u00f1o de 32 a\u00f1os de edad, tambi\u00e9n se moviliz\u00f3. Afirm\u00f3 que \u00abeste pueblo lo \u00fanico que quiere es paz, paz y m\u00e1s paz, aqu\u00ed nadie quiere guerra, conflicto ni intervenci\u00f3n, por eso estamos hoy (jueves) en las calles de Caracas defendiendo la Revoluci\u00f3n\u00bb.<\/p>\n<p>En tanto, la juventud revolucionaria respald\u00f3 al presidente de la Rep\u00fablica, Nicol\u00e1s Maduro, y ratific\u00f3 su compromiso en defensa de la paz y la soberan\u00eda nacional.<\/p>\n<p>\u00abLe decimos a la oposici\u00f3n venezolana que aqu\u00ed hay una juventud vanguardia que va a defender a Nicol\u00e1s Maduro en el terreno que sea, all\u00ed estar\u00e1 siempre la juventud en el terreno de las ideas, en las calles, debatiendo, analizando, diciendo la verdad. En las calles demostramos fuerza para decir que no podr\u00e1n con nosotros\u00bb, expres\u00f3 el jefe de Comunicaci\u00f3n del Partido Socialista Unido de Venezuela (Psuv), Jefrey Arg\u00fcello.<\/p>\n<p>Junto al pueblo venezolano se moviliza el primer vicepresidente del Partido Socialista Unido de Venezuela (PSUV),<a href=\"http:\/\/www.avn.info.ve\/contenido\/cabello-advierte-que-derecha-intenta-generar-violencia-todo-pa%C3%ADs\" target=\"_blank\"> Diosdado Cabello<\/a>, el dirigente socialista Jes\u00fas Far\u00edas, entre muchos otros.<\/p>\n","protected":false},"excerpt":{"rendered":"<p>AVN.- Movimientos sociales, dirigentes juveniles, mujeres, obreros y voceros populares ratifican este jueves desde la esquina &hellip; <a title=\"El pueblo reafirm\u00f3 en paz compromiso con la soberan\u00eda y la estabilidad\" class=\"hm-read-more\" href=\"https:\/\/www.mpppst.gob.ve\/mpppstweb\/index.php\/2017\/04\/06\/el-pueblo-reafirmo-en-paz-compromiso-con-la-soberania-y-la-estabilidad\/\"><span class=\"screen-reader-text\">El pueblo reafirm\u00f3 en paz compromiso con la soberan\u00eda y la estabilidad<\/span>Read more<\/a><\/p>\n","protected":false},"author":25,"featured_media":11140,"comment_status":"closed","ping_status":"closed","sticky":false,"template":"","format":"standard","meta":{"footnotes":""},"categories":[82,163],"tags":[229,222],"yoast_head":"<!-- This site is optimized with the Yoast SEO plugin v22.5 - https:\/\/yoast.com\/wordpress\/plugins\/seo\/ -->\n<title>El pueblo reafirm\u00f3 en paz compromiso con la soberan\u00eda y la estabilidad - MPPPST<\/title>\n<meta name=\"robots\" content=\"index, follow, max-snippet:-1, max-image-preview:large, max-video-preview:-1\" \/>\n<link rel=\"canonical\" href=\"https:\/\/www.mpppst.gob.ve\/mpppstweb\/index.php\/2017\/04\/06\/el-pueblo-reafirmo-en-paz-compromiso-con-la-soberania-y-la-estabilidad\/\" \/>\n<meta property=\"og:locale\" content=\"es_ES\" \/>\n<meta property=\"og:type\" content=\"article\" \/>\n<meta property=\"og:title\" content=\"El pueblo reafirm\u00f3 en paz compromiso con la soberan\u00eda y la estabilidad - MPPPST\" \/>\n<meta property=\"og:description\" content=\"AVN.- Movimientos sociales, dirigentes juveniles, mujeres, obreros y voceros populares ratifican este jueves desde la esquina &hellip; El pueblo reafirm\u00f3 en paz compromiso con la soberan\u00eda y la estabilidadRead more\" \/>\n<meta property=\"og:url\" content=\"https:\/\/www.mpppst.gob.ve\/mpppstweb\/index.php\/2017\/04\/06\/el-pueblo-reafirmo-en-paz-compromiso-con-la-soberania-y-la-estabilidad\/\" \/>\n<meta property=\"og:site_name\" content=\"MPPPST\" \/>\n<meta property=\"article:published_time\" content=\"2017-04-06T21:35:12+00:00\" \/>\n<meta property=\"og:image\" content=\"https:\/\/www.mpppst.gob.ve\/mpppstweb\/wp-content\/uploads\/2017\/04\/marchapaz4ht14914964471491497517.jpg\" \/>\n\t<meta property=\"og:image:width\" content=\"800\" \/>\n\t<meta property=\"og:image:height\" content=\"402\" \/>\n\t<meta property=\"og:image:type\" content=\"image\/jpeg\" \/>\n<meta name=\"author\" content=\"MPPPST Prensa\" \/>\n<meta name=\"twitter:card\" content=\"summary_large_image\" \/>\n<meta name=\"twitter:label1\" content=\"Escrito por\" \/>\n\t<meta name=\"twitter:data1\" content=\"MPPPST Prensa\" \/>\n\t<meta name=\"twitter:label2\" content=\"Tiempo de lectura\" \/>\n\t<meta name=\"twitter:data2\" content=\"2 minutos\" \/>\n<script type=\"application\/ld+json\" class=\"yoast-schema-graph\">{\"@context\":\"https:\/\/schema.org\",\"@graph\":[{\"@type\":\"Article\",\"@id\":\"https:\/\/www.mpppst.gob.ve\/mpppstweb\/index.php\/2017\/04\/06\/el-pueblo-reafirmo-en-paz-compromiso-con-la-soberania-y-la-estabilidad\/#article\",\"isPartOf\":{\"@id\":\"https:\/\/www.mpppst.gob.ve\/mpppstweb\/index.php\/2017\/04\/06\/el-pueblo-reafirmo-en-paz-compromiso-con-la-soberania-y-la-estabilidad\/\"},\"author\":{\"name\":\"MPPPST Prensa\",\"@id\":\"https:\/\/www.mpppst.gob.ve\/mpppstweb\/#\/schema\/person\/fc187ee8ead412bd4c9304b62f900ea4\"},\"headline\":\"El pueblo reafirm\u00f3 en paz compromiso con la soberan\u00eda y la estabilidad\",\"datePublished\":\"2017-04-06T21:35:12+00:00\",\"dateModified\":\"2017-04-06T21:35:12+00:00\",\"mainEntityOfPage\":{\"@id\":\"https:\/\/www.mpppst.gob.ve\/mpppstweb\/index.php\/2017\/04\/06\/el-pueblo-reafirmo-en-paz-compromiso-con-la-soberania-y-la-estabilidad\/\"},\"wordCount\":399,\"publisher\":{\"@id\":\"https:\/\/www.mpppst.gob.ve\/mpppstweb\/#organization\"},\"image\":{\"@id\":\"https:\/\/www.mpppst.gob.ve\/mpppstweb\/index.php\/2017\/04\/06\/el-pueblo-reafirmo-en-paz-compromiso-con-la-soberania-y-la-estabilidad\/#primaryimage\"},\"thumbnailUrl\":\"https:\/\/www.mpppst.gob.ve\/mpppstweb\/wp-content\/uploads\/2017\/04\/marchapaz4ht14914964471491497517.jpg\",\"keywords\":[\"Defensa Integral\",\"Gobierno Bolivariano\"],\"articleSection\":[\"Gobierno Nacional\",\"Noticias\"],\"inLanguage\":\"es\"},{\"@type\":\"WebPage\",\"@id\":\"https:\/\/www.mpppst.gob.ve\/mpppstweb\/index.php\/2017\/04\/06\/el-pueblo-reafirmo-en-paz-compromiso-con-la-soberania-y-la-estabilidad\/\",\"url\":\"https:\/\/www.mpppst.gob.ve\/mpppstweb\/index.php\/2017\/04\/06\/el-pueblo-reafirmo-en-paz-compromiso-con-la-soberania-y-la-estabilidad\/\",\"name\":\"El pueblo reafirm\u00f3 en paz compromiso con la soberan\u00eda y la estabilidad - MPPPST\",\"isPartOf\":{\"@id\":\"https:\/\/www.mpppst.gob.ve\/mpppstweb\/#website\"},\"primaryImageOfPage\":{\"@id\":\"https:\/\/www.mpppst.gob.ve\/mpppstweb\/index.php\/2017\/04\/06\/el-pueblo-reafirmo-en-paz-compromiso-con-la-soberania-y-la-estabilidad\/#primaryimage\"},\"image\":{\"@id\":\"https:\/\/www.mpppst.gob.ve\/mpppstweb\/index.php\/2017\/04\/06\/el-pueblo-reafirmo-en-paz-compromiso-con-la-soberania-y-la-estabilidad\/#primaryimage\"},\"thumbnailUrl\":\"https:\/\/www.mpppst.gob.ve\/mpppstweb\/wp-content\/uploads\/2017\/04\/marchapaz4ht14914964471491497517.jpg\",\"datePublished\":\"2017-04-06T21:35:12+00:00\",\"dateModified\":\"2017-04-06T21:35:12+00:00\",\"breadcrumb\":{\"@id\":\"https:\/\/www.mpppst.gob.ve\/mpppstweb\/index.php\/2017\/04\/06\/el-pueblo-reafirmo-en-paz-compromiso-con-la-soberania-y-la-estabilidad\/#breadcrumb\"},\"inLanguage\":\"es\",\"potentialAction\":[{\"@type\":\"ReadAction\",\"target\":[\"https:\/\/www.mpppst.gob.ve\/mpppstweb\/index.php\/2017\/04\/06\/el-pueblo-reafirmo-en-paz-compromiso-con-la-soberania-y-la-estabilidad\/\"]}]},{\"@type\":\"ImageObject\",\"inLanguage\":\"es\",\"@id\":\"https:\/\/www.mpppst.gob.ve\/mpppstweb\/index.php\/2017\/04\/06\/el-pueblo-reafirmo-en-paz-compromiso-con-la-soberania-y-la-estabilidad\/#primaryimage\",\"url\":\"https:\/\/www.mpppst.gob.ve\/mpppstweb\/wp-content\/uploads\/2017\/04\/marchapaz4ht14914964471491497517.jpg\",\"contentUrl\":\"https:\/\/www.mpppst.gob.ve\/mpppstweb\/wp-content\/uploads\/2017\/04\/marchapaz4ht14914964471491497517.jpg\",\"width\":800,\"height\":402},{\"@type\":\"BreadcrumbList\",\"@id\":\"https:\/\/www.mpppst.gob.ve\/mpppstweb\/index.php\/2017\/04\/06\/el-pueblo-reafirmo-en-paz-compromiso-con-la-soberania-y-la-estabilidad\/#breadcrumb\",\"itemListElement\":[{\"@type\":\"ListItem\",\"position\":1,\"name\":\"Home\",\"item\":\"https:\/\/www.mpppst.gob.ve\/mpppstweb\/\"},{\"@type\":\"ListItem\",\"position\":2,\"name\":\"El pueblo reafirm\u00f3 en paz compromiso con la soberan\u00eda y la estabilidad\"}]},{\"@type\":\"WebSite\",\"@id\":\"https:\/\/www.mpppst.gob.ve\/mpppstweb\/#website\",\"url\":\"https:\/\/www.mpppst.gob.ve\/mpppstweb\/\",\"name\":\"MPPPST\",\"description\":\"Ministerio del Poder Popular para el Proceso Social de Trabajo\",\"publisher\":{\"@id\":\"https:\/\/www.mpppst.gob.ve\/mpppstweb\/#organization\"},\"potentialAction\":[{\"@type\":\"SearchAction\",\"target\":{\"@type\":\"EntryPoint\",\"urlTemplate\":\"https:\/\/www.mpppst.gob.ve\/mpppstweb\/?s={search_term_string}\"},\"query-input\":\"required name=search_term_string\"}],\"inLanguage\":\"es\"},{\"@type\":\"Organization\",\"@id\":\"https:\/\/www.mpppst.gob.ve\/mpppstweb\/#organization\",\"name\":\"mpppst\",\"url\":\"https:\/\/www.mpppst.gob.ve\/mpppstweb\/\",\"logo\":{\"@type\":\"ImageObject\",\"inLanguage\":\"es\",\"@id\":\"https:\/\/www.mpppst.gob.ve\/mpppstweb\/#\/schema\/logo\/image\/\",\"url\":\"https:\/\/www.mpppst.gob.ve\/mpppstweb\/wp-content\/uploads\/2025\/07\/cropped-cropped-g910.png\",\"contentUrl\":\"https:\/\/www.mpppst.gob.ve\/mpppstweb\/wp-content\/uploads\/2025\/07\/cropped-cropped-g910.png\",\"width\":1080,\"height\":241,\"caption\":\"mpppst\"},\"image\":{\"@id\":\"https:\/\/www.mpppst.gob.ve\/mpppstweb\/#\/schema\/logo\/image\/\"}},{\"@type\":\"Person\",\"@id\":\"https:\/\/www.mpppst.gob.ve\/mpppstweb\/#\/schema\/person\/fc187ee8ead412bd4c9304b62f900ea4\",\"name\":\"MPPPST Prensa\",\"url\":\"https:\/\/www.mpppst.gob.ve\/mpppstweb\/index.php\/author\/prensa-mpppst\/\"}]}<\/script>\n<!-- \/ Yoast SEO plugin. -->","yoast_head_json":{"title":"El pueblo reafirm\u00f3 en paz compromiso con la soberan\u00eda y la estabilidad - MPPPST","robots":{"index":"index","follow":"follow","max-snippet":"max-snippet:-1","max-image-preview":"max-image-preview:large","max-video-preview":"max-video-preview:-1"},"canonical":"https:\/\/www.mpppst.gob.ve\/mpppstweb\/index.php\/2017\/04\/06\/el-pueblo-reafirmo-en-paz-compromiso-con-la-soberania-y-la-estabilidad\/","og_locale":"es_ES","og_type":"article","og_title":"El pueblo reafirm\u00f3 en paz compromiso con la soberan\u00eda y la estabilidad - MPPPST","og_description":"AVN.- Movimientos sociales, dirigentes juveniles, mujeres, obreros y voceros populares ratifican este jueves desde la esquina &hellip; El pueblo reafirm\u00f3 en paz compromiso con la soberan\u00eda y la estabilidadRead more","og_url":"https:\/\/www.mpppst.gob.ve\/mpppstweb\/index.php\/2017\/04\/06\/el-pueblo-reafirmo-en-paz-compromiso-con-la-soberania-y-la-estabilidad\/","og_site_name":"MPPPST","article_published_time":"2017-04-06T21:35:12+00:00","og_image":[{"width":800,"height":402,"url":"https:\/\/www.mpppst.gob.ve\/mpppstweb\/wp-content\/uploads\/2017\/04\/marchapaz4ht14914964471491497517.jpg","type":"image\/jpeg"}],"author":"MPPPST Prensa","twitter_card":"summary_large_image","twitter_misc":{"Escrito por":"MPPPST Prensa","Tiempo de lectura":"2 minutos"},"schema":{"@context":"https:\/\/schema.org","@graph":[{"@type":"Article","@id":"https:\/\/www.mpppst.gob.ve\/mpppstweb\/index.php\/2017\/04\/06\/el-pueblo-reafirmo-en-paz-compromiso-con-la-soberania-y-la-estabilidad\/#article","isPartOf":{"@id":"https:\/\/www.mpppst.gob.ve\/mpppstweb\/index.php\/2017\/04\/06\/el-pueblo-reafirmo-en-paz-compromiso-con-la-soberania-y-la-estabilidad\/"},"author":{"name":"MPPPST Prensa","@id":"https:\/\/www.mpppst.gob.ve\/mpppstweb\/#\/schema\/person\/fc187ee8ead412bd4c9304b62f900ea4"},"headline":"El pueblo reafirm\u00f3 en paz compromiso con la soberan\u00eda y la estabilidad","datePublished":"2017-04-06T21:35:12+00:00","dateModified":"2017-04-06T21:35:12+00:00","mainEntityOfPage":{"@id":"https:\/\/www.mpppst.gob.ve\/mpppstweb\/index.php\/2017\/04\/06\/el-pueblo-reafirmo-en-paz-compromiso-con-la-soberania-y-la-estabilidad\/"},"wordCount":399,"publisher":{"@id":"https:\/\/www.mpppst.gob.ve\/mpppstweb\/#organization"},"image":{"@id":"https:\/\/www.mpppst.gob.ve\/mpppstweb\/index.php\/2017\/04\/06\/el-pueblo-reafirmo-en-paz-compromiso-con-la-soberania-y-la-estabilidad\/#primaryimage"},"thumbnailUrl":"https:\/\/www.mpppst.gob.ve\/mpppstweb\/wp-content\/uploads\/2017\/04\/marchapaz4ht14914964471491497517.jpg","keywords":["Defensa Integral","Gobierno Bolivariano"],"articleSection":["Gobierno Nacional","Noticias"],"inLanguage":"es"},{"@type":"WebPage","@id":"https:\/\/www.mpppst.gob.ve\/mpppstweb\/index.php\/2017\/04\/06\/el-pueblo-reafirmo-en-paz-compromiso-con-la-soberania-y-la-estabilidad\/","url":"https:\/\/www.mpppst.gob.ve\/mpppstweb\/index.php\/2017\/04\/06\/el-pueblo-reafirmo-en-paz-compromiso-con-la-soberania-y-la-estabilidad\/","name":"El pueblo reafirm\u00f3 en paz compromiso con la soberan\u00eda y la estabilidad - MPPPST","isPartOf":{"@id":"https:\/\/www.mpppst.gob.ve\/mpppstweb\/#website"},"primaryImageOfPage":{"@id":"https:\/\/www.mpppst.gob.ve\/mpppstweb\/index.php\/2017\/04\/06\/el-pueblo-reafirmo-en-paz-compromiso-con-la-soberania-y-la-estabilidad\/#primaryimage"},"image":{"@id":"https:\/\/www.mpppst.gob.ve\/mpppstweb\/index.php\/2017\/04\/06\/el-pueblo-reafirmo-en-paz-compromiso-con-la-soberania-y-la-estabilidad\/#primaryimage"},"thumbnailUrl":"https:\/\/www.mpppst.gob.ve\/mpppstweb\/wp-content\/uploads\/2017\/04\/marchapaz4ht14914964471491497517.jpg","datePublished":"2017-04-06T21:35:12+00:00","dateModified":"2017-04-06T21:35:12+00:00","breadcrumb":{"@id":"https:\/\/www.mpppst.gob.ve\/mpppstweb\/index.php\/2017\/04\/06\/el-pueblo-reafirmo-en-paz-compromiso-con-la-soberania-y-la-estabilidad\/#breadcrumb"},"inLanguage":"es","potentialAction":[{"@type":"ReadAction","target":["https:\/\/www.mpppst.gob.ve\/mpppstweb\/index.php\/2017\/04\/06\/el-pueblo-reafirmo-en-paz-compromiso-con-la-soberania-y-la-estabilidad\/"]}]},{"@type":"ImageObject","inLanguage":"es","@id":"https:\/\/www.mpppst.gob.ve\/mpppstweb\/index.php\/2017\/04\/06\/el-pueblo-reafirmo-en-paz-compromiso-con-la-soberania-y-la-estabilidad\/#primaryimage","url":"https:\/\/www.mpppst.gob.ve\/mpppstweb\/wp-content\/uploads\/2017\/04\/marchapaz4ht14914964471491497517.jpg","contentUrl":"https:\/\/www.mpppst.gob.ve\/mpppstweb\/wp-content\/uploads\/2017\/04\/marchapaz4ht14914964471491497517.jpg","width":800,"height":402},{"@type":"BreadcrumbList","@id":"https:\/\/www.mpppst.gob.ve\/mpppstweb\/index.php\/2017\/04\/06\/el-pueblo-reafirmo-en-paz-compromiso-con-la-soberania-y-la-estabilidad\/#breadcrumb","itemListElement":[{"@type":"ListItem","position":1,"name":"Home","item":"https:\/\/www.mpppst.gob.ve\/mpppstweb\/"},{"@type":"ListItem","position":2,"name":"El pueblo reafirm\u00f3 en paz compromiso con la soberan\u00eda y la estabilidad"}]},{"@type":"WebSite","@id":"https:\/\/www.mpppst.gob.ve\/mpppstweb\/#website","url":"https:\/\/www.mpppst.gob.ve\/mpppstweb\/","name":"MPPPST","description":"Ministerio del Poder Popular para el Proceso Social de Trabajo","publisher":{"@id":"https:\/\/www.mpppst.gob.ve\/mpppstweb\/#organization"},"potentialAction":[{"@type":"SearchAction","target":{"@type":"EntryPoint","urlTemplate":"https:\/\/www.mpppst.gob.ve\/mpppstweb\/?s={search_term_string}"},"query-input":"required name=search_term_string"}],"inLanguage":"es"},{"@type":"Organization","@id":"https:\/\/www.mpppst.gob.ve\/mpppstweb\/#organization","name":"mpppst","url":"https:\/\/www.mpppst.gob.ve\/mpppstweb\/","logo":{"@type":"ImageObject","inLanguage":"es","@id":"https:\/\/www.mpppst.gob.ve\/mpppstweb\/#\/schema\/logo\/image\/","url":"https:\/\/www.mpppst.gob.ve\/mpppstweb\/wp-content\/uploads\/2025\/07\/cropped-cropped-g910.png","contentUrl":"https:\/\/www.mpppst.gob.ve\/mpppstweb\/wp-content\/uploads\/2025\/07\/cropped-cropped-g910.png","width":1080,"height":241,"caption":"mpppst"},"image":{"@id":"https:\/\/www.mpppst.gob.ve\/mpppstweb\/#\/schema\/logo\/image\/"}},{"@type":"Person","@id":"https:\/\/www.mpppst.gob.ve\/mpppstweb\/#\/schema\/person\/fc187ee8ead412bd4c9304b62f900ea4","name":"MPPPST Prensa","url":"https:\/\/www.mpppst.gob.ve\/mpppstweb\/index.php\/author\/prensa-mpppst\/"}]}},"_links":{"self":[{"href":"https:\/\/www.mpppst.gob.ve\/mpppstweb\/index.php\/wp-json\/wp\/v2\/posts\/11139"}],"collection":[{"href":"https:\/\/www.mpppst.gob.ve\/mpppstweb\/index.php\/wp-json\/wp\/v2\/posts"}],"about":[{"href":"https:\/\/www.mpppst.gob.ve\/mpppstweb\/index.php\/wp-json\/wp\/v2\/types\/post"}],"author":[{"embeddable":true,"href":"https:\/\/www.mpppst.gob.ve\/mpppstweb\/index.php\/wp-json\/wp\/v2\/users\/25"}],"replies":[{"embeddable":true,"href":"https:\/\/www.mpppst.gob.ve\/mpppstweb\/index.php\/wp-json\/wp\/v2\/comments?post=11139"}],"version-history":[{"count":1,"href":"https:\/\/www.mpppst.gob.ve\/mpppstweb\/index.php\/wp-json\/wp\/v2\/posts\/11139\/revisions"}],"predecessor-version":[{"id":11141,"href":"https:\/\/www.mpppst.gob.ve\/mpppstweb\/index.php\/wp-json\/wp\/v2\/posts\/11139\/revisions\/11141"}],"wp:featuredmedia":[{"embeddable":true,"href":"https:\/\/www.mpppst.gob.ve\/mpppstweb\/index.php\/wp-json\/wp\/v2\/media\/11140"}],"wp:attachment":[{"href":"https:\/\/www.mpppst.gob.ve\/mpppstweb\/index.php\/wp-json\/wp\/v2\/media?parent=11139"}],"wp:term":[{"taxonomy":"category","embeddable":true,"href":"https:\/\/www.mpppst.gob.ve\/mpppstweb\/index.php\/wp-json\/wp\/v2\/categories?post=11139"},{"taxonomy":"post_tag","embeddable":true,"href":"https:\/\/www.mpppst.gob.ve\/mpppstweb\/index.php\/wp-json\/wp\/v2\/tags?post=11139"}],"curies":[{"name":"wp","href":"https:\/\/api.w.org\/{rel}","templated":true}]}}