{"id":11146,"date":"2017-04-07T14:55:46","date_gmt":"2017-04-07T18:55:46","guid":{"rendered":"http:\/\/www.mpppst.gob.ve\/mpppstweb\/?p=11146"},"modified":"2017-04-07T14:55:46","modified_gmt":"2017-04-07T18:55:46","slug":"viceministros-del-trabajo-exponen-avances-en-materia-laboral-en-venezuela","status":"publish","type":"post","link":"https:\/\/www.mpppst.gob.ve\/mpppstweb\/index.php\/2017\/04\/07\/viceministros-del-trabajo-exponen-avances-en-materia-laboral-en-venezuela\/","title":{"rendered":"Viceministros del Trabajo exponen avances en materia laboral en Venezuela"},"content":{"rendered":"<p>Prensa (MPPPST). Continuando con el taller \u201cFuerza Trabajadora, Productividad y Periodismo\u201d, este 7 de abril fueron presentadas en el Ministerio del Poder Popular para la Comunicaci\u00f3n e Informaci\u00f3n unas \u00a0ponencias de los viceministros del trabajo para conocer la realidad laboral en Venezuela.<\/p>\n<p>La primera ponencia estuvo a cargo del Viceministro para el Sistema Integrado de Inspecci\u00f3n Laboral y de la Seguridad Social, Jos\u00e9 Ram\u00f3n Rivero, quien explic\u00f3 el funcionamiento de los Consejos Productivos de Trabajadores (CPT), instancia creada para supervisar y garantizar la producci\u00f3n en el pa\u00eds.<\/p>\n<p>Rivero explic\u00f3 que los Consejos Productivos de Trabajadores constituyen una estrategia del Gobierno Nacional para precisar \u00a0informaci\u00f3n en las empresas y verificar la producci\u00f3n de las f\u00e1bricas o plantas. Sostuvo adem\u00e1s que esta herramienta podr\u00e1 contribuir a vencer la guerra no convencional que ha mantenido la derecha nacional durante estos a\u00f1os.<\/p>\n<p>El viceministro inform\u00f3 que hasta la fecha se han conformado 662 Consejos Productivos de Trabajadores a nivel nacional. Portuguesa, Aragua y Zulia son los estados con m\u00e1s CPT: 107, 73 y 58, respectivamente.<\/p>\n<p>Destac\u00f3 adem\u00e1s que este sistema permitir\u00e1 vencer el modelo rentista petrolero y entrar en un sistema donde garanticemos la producci\u00f3n para las necesidades del pueblo venezolano.<\/p>\n<p><strong>LOTTT: instrumento \u00fanico en el mundo<\/strong><\/p>\n<p>Por su parte, la Viceministra para Derechos y Relaciones Laborales, Leninna Galindo, destac\u00f3 que la Ley Org\u00e1nica del Trabajo, los Trabajadores y las Trabajadoras (LOTTT), es un instrumento \u00fanico en el mundo, creada para defender los derechos de los trabajadores.<\/p>\n<p>Puntualiz\u00f3 adem\u00e1s que gracias a la LOTTT se hizo justicia social con los trabajadores, quienes fueron despojados de sus prestaciones sociales en la cuarta Rep\u00fablica, devolvi\u00e9ndoles las prestaciones con retroactividad para que los trabajadores y trabajadoras del pa\u00eds tuvieran el dinero que les pertenece, producto de su esfuerzo.<\/p>\n<p>Galindo sostuvo que es necesario defender el legado del Comandante Hugo Ch\u00e1vez: la LOTTT, ante la arremetida constante de la derecha nacional e internacional que desprestigian este instrumento legal.<\/p>\n<p><strong>Venezuela: garante de la Seguridad Social<\/strong><\/p>\n<p>El viceministro de Previsi\u00f3n Social, N\u00e9stor Ovalles, asegur\u00f3 durante su intervenci\u00f3n que desde la llegada del comandante Hugo Ch\u00e1vez al poder en el a\u00f1o 1998 se cancel\u00f3 una significativa deuda social con los trabajadores del pa\u00eds que durante la cuarta Rep\u00fablica no recib\u00edan ning\u00fan beneficio por sus a\u00f1os de servicio.<\/p>\n<p>Ovalles destac\u00f3 que no se debe entender la Seguridad Social como el pago de las prestaciones sociales, sino como un conjunto de acciones que van en beneficio de los trabajadores que comprenden la recreaci\u00f3n, la salud, la cultura que ayudan a las personas a desarrollarse en un mejor ambiente de trabajo.<\/p>\n<p>El viceministro destac\u00f3 que la Revoluci\u00f3n Bolivariana ha atendido hasta la fecha 9.760 personas con discapacidad, al tiempo que afirmaba que se le ha brindado capacitaci\u00f3n para ingresar a un empleo digno y se les ha brindado atenci\u00f3n en salud de primera, entre otros beneficios.<\/p>\n<p>Por Carlos Palacios<\/p>\n<p>&nbsp;<\/p>\n","protected":false},"excerpt":{"rendered":"<p>Prensa (MPPPST). Continuando con el taller \u201cFuerza Trabajadora, Productividad y Periodismo\u201d, este 7 de abril fueron &hellip; <a title=\"Viceministros del Trabajo exponen avances en materia laboral en Venezuela\" class=\"hm-read-more\" href=\"https:\/\/www.mpppst.gob.ve\/mpppstweb\/index.php\/2017\/04\/07\/viceministros-del-trabajo-exponen-avances-en-materia-laboral-en-venezuela\/\"><span class=\"screen-reader-text\">Viceministros del Trabajo exponen avances en materia laboral en Venezuela<\/span>Read more<\/a><\/p>\n","protected":false},"author":25,"featured_media":11148,"comment_status":"closed","ping_status":"closed","sticky":false,"template":"","format":"standard","meta":{"footnotes":""},"categories":[83,163,84],"tags":[225,223,383],"yoast_head":"<!-- This site is optimized with the Yoast SEO plugin v22.5 - https:\/\/yoast.com\/wordpress\/plugins\/seo\/ -->\n<title>Viceministros del Trabajo exponen avances en materia laboral en Venezuela - MPPPST<\/title>\n<meta name=\"robots\" content=\"index, follow, max-snippet:-1, max-image-preview:large, max-video-preview:-1\" \/>\n<link rel=\"canonical\" href=\"https:\/\/www.mpppst.gob.ve\/mpppstweb\/index.php\/2017\/04\/07\/viceministros-del-trabajo-exponen-avances-en-materia-laboral-en-venezuela\/\" \/>\n<meta property=\"og:locale\" content=\"es_ES\" \/>\n<meta property=\"og:type\" content=\"article\" \/>\n<meta property=\"og:title\" content=\"Viceministros del Trabajo exponen avances en materia laboral en Venezuela - MPPPST\" \/>\n<meta property=\"og:description\" content=\"Prensa (MPPPST). Continuando con el taller \u201cFuerza Trabajadora, Productividad y Periodismo\u201d, este 7 de abril fueron &hellip; Viceministros del Trabajo exponen avances en materia laboral en VenezuelaRead more\" \/>\n<meta property=\"og:url\" content=\"https:\/\/www.mpppst.gob.ve\/mpppstweb\/index.php\/2017\/04\/07\/viceministros-del-trabajo-exponen-avances-en-materia-laboral-en-venezuela\/\" \/>\n<meta property=\"og:site_name\" content=\"MPPPST\" \/>\n<meta property=\"article:published_time\" content=\"2017-04-07T18:55:46+00:00\" \/>\n<meta property=\"og:image\" content=\"https:\/\/www.mpppst.gob.ve\/mpppstweb\/wp-content\/uploads\/2017\/04\/IMG_5214.jpg\" \/>\n\t<meta property=\"og:image:width\" content=\"800\" \/>\n\t<meta property=\"og:image:height\" content=\"445\" \/>\n\t<meta property=\"og:image:type\" content=\"image\/jpeg\" \/>\n<meta name=\"author\" content=\"MPPPST Prensa\" \/>\n<meta name=\"twitter:card\" content=\"summary_large_image\" \/>\n<meta name=\"twitter:label1\" content=\"Escrito por\" \/>\n\t<meta name=\"twitter:data1\" content=\"MPPPST Prensa\" \/>\n\t<meta name=\"twitter:label2\" content=\"Tiempo de lectura\" \/>\n\t<meta name=\"twitter:data2\" content=\"3 minutos\" \/>\n<script type=\"application\/ld+json\" class=\"yoast-schema-graph\">{\"@context\":\"https:\/\/schema.org\",\"@graph\":[{\"@type\":\"Article\",\"@id\":\"https:\/\/www.mpppst.gob.ve\/mpppstweb\/index.php\/2017\/04\/07\/viceministros-del-trabajo-exponen-avances-en-materia-laboral-en-venezuela\/#article\",\"isPartOf\":{\"@id\":\"https:\/\/www.mpppst.gob.ve\/mpppstweb\/index.php\/2017\/04\/07\/viceministros-del-trabajo-exponen-avances-en-materia-laboral-en-venezuela\/\"},\"author\":{\"name\":\"MPPPST Prensa\",\"@id\":\"https:\/\/www.mpppst.gob.ve\/mpppstweb\/#\/schema\/person\/fc187ee8ead412bd4c9304b62f900ea4\"},\"headline\":\"Viceministros del Trabajo exponen avances en materia laboral en Venezuela\",\"datePublished\":\"2017-04-07T18:55:46+00:00\",\"dateModified\":\"2017-04-07T18:55:46+00:00\",\"mainEntityOfPage\":{\"@id\":\"https:\/\/www.mpppst.gob.ve\/mpppstweb\/index.php\/2017\/04\/07\/viceministros-del-trabajo-exponen-avances-en-materia-laboral-en-venezuela\/\"},\"wordCount\":513,\"publisher\":{\"@id\":\"https:\/\/www.mpppst.gob.ve\/mpppstweb\/#organization\"},\"image\":{\"@id\":\"https:\/\/www.mpppst.gob.ve\/mpppstweb\/index.php\/2017\/04\/07\/viceministros-del-trabajo-exponen-avances-en-materia-laboral-en-venezuela\/#primaryimage\"},\"thumbnailUrl\":\"https:\/\/www.mpppst.gob.ve\/mpppstweb\/wp-content\/uploads\/2017\/04\/IMG_5214.jpg\",\"keywords\":[\"Fuerza Laboral\",\"MPPPST\",\"Viceministros del Trabajo\"],\"articleSection\":[\"Ministerio\",\"Noticias\",\"Vida Laboral y Sindical\"],\"inLanguage\":\"es\"},{\"@type\":\"WebPage\",\"@id\":\"https:\/\/www.mpppst.gob.ve\/mpppstweb\/index.php\/2017\/04\/07\/viceministros-del-trabajo-exponen-avances-en-materia-laboral-en-venezuela\/\",\"url\":\"https:\/\/www.mpppst.gob.ve\/mpppstweb\/index.php\/2017\/04\/07\/viceministros-del-trabajo-exponen-avances-en-materia-laboral-en-venezuela\/\",\"name\":\"Viceministros del Trabajo exponen avances en materia laboral en Venezuela - MPPPST\",\"isPartOf\":{\"@id\":\"https:\/\/www.mpppst.gob.ve\/mpppstweb\/#website\"},\"primaryImageOfPage\":{\"@id\":\"https:\/\/www.mpppst.gob.ve\/mpppstweb\/index.php\/2017\/04\/07\/viceministros-del-trabajo-exponen-avances-en-materia-laboral-en-venezuela\/#primaryimage\"},\"image\":{\"@id\":\"https:\/\/www.mpppst.gob.ve\/mpppstweb\/index.php\/2017\/04\/07\/viceministros-del-trabajo-exponen-avances-en-materia-laboral-en-venezuela\/#primaryimage\"},\"thumbnailUrl\":\"https:\/\/www.mpppst.gob.ve\/mpppstweb\/wp-content\/uploads\/2017\/04\/IMG_5214.jpg\",\"datePublished\":\"2017-04-07T18:55:46+00:00\",\"dateModified\":\"2017-04-07T18:55:46+00:00\",\"breadcrumb\":{\"@id\":\"https:\/\/www.mpppst.gob.ve\/mpppstweb\/index.php\/2017\/04\/07\/viceministros-del-trabajo-exponen-avances-en-materia-laboral-en-venezuela\/#breadcrumb\"},\"inLanguage\":\"es\",\"potentialAction\":[{\"@type\":\"ReadAction\",\"target\":[\"https:\/\/www.mpppst.gob.ve\/mpppstweb\/index.php\/2017\/04\/07\/viceministros-del-trabajo-exponen-avances-en-materia-laboral-en-venezuela\/\"]}]},{\"@type\":\"ImageObject\",\"inLanguage\":\"es\",\"@id\":\"https:\/\/www.mpppst.gob.ve\/mpppstweb\/index.php\/2017\/04\/07\/viceministros-del-trabajo-exponen-avances-en-materia-laboral-en-venezuela\/#primaryimage\",\"url\":\"https:\/\/www.mpppst.gob.ve\/mpppstweb\/wp-content\/uploads\/2017\/04\/IMG_5214.jpg\",\"contentUrl\":\"https:\/\/www.mpppst.gob.ve\/mpppstweb\/wp-content\/uploads\/2017\/04\/IMG_5214.jpg\",\"width\":800,\"height\":445},{\"@type\":\"BreadcrumbList\",\"@id\":\"https:\/\/www.mpppst.gob.ve\/mpppstweb\/index.php\/2017\/04\/07\/viceministros-del-trabajo-exponen-avances-en-materia-laboral-en-venezuela\/#breadcrumb\",\"itemListElement\":[{\"@type\":\"ListItem\",\"position\":1,\"name\":\"Home\",\"item\":\"https:\/\/www.mpppst.gob.ve\/mpppstweb\/\"},{\"@type\":\"ListItem\",\"position\":2,\"name\":\"Viceministros del Trabajo exponen avances en materia laboral en Venezuela\"}]},{\"@type\":\"WebSite\",\"@id\":\"https:\/\/www.mpppst.gob.ve\/mpppstweb\/#website\",\"url\":\"https:\/\/www.mpppst.gob.ve\/mpppstweb\/\",\"name\":\"MPPPST\",\"description\":\"Ministerio del Poder Popular para el Proceso Social de Trabajo\",\"publisher\":{\"@id\":\"https:\/\/www.mpppst.gob.ve\/mpppstweb\/#organization\"},\"potentialAction\":[{\"@type\":\"SearchAction\",\"target\":{\"@type\":\"EntryPoint\",\"urlTemplate\":\"https:\/\/www.mpppst.gob.ve\/mpppstweb\/?s={search_term_string}\"},\"query-input\":\"required name=search_term_string\"}],\"inLanguage\":\"es\"},{\"@type\":\"Organization\",\"@id\":\"https:\/\/www.mpppst.gob.ve\/mpppstweb\/#organization\",\"name\":\"mpppst\",\"url\":\"https:\/\/www.mpppst.gob.ve\/mpppstweb\/\",\"logo\":{\"@type\":\"ImageObject\",\"inLanguage\":\"es\",\"@id\":\"https:\/\/www.mpppst.gob.ve\/mpppstweb\/#\/schema\/logo\/image\/\",\"url\":\"https:\/\/www.mpppst.gob.ve\/mpppstweb\/wp-content\/uploads\/2025\/07\/cropped-cropped-g910.png\",\"contentUrl\":\"https:\/\/www.mpppst.gob.ve\/mpppstweb\/wp-content\/uploads\/2025\/07\/cropped-cropped-g910.png\",\"width\":1080,\"height\":241,\"caption\":\"mpppst\"},\"image\":{\"@id\":\"https:\/\/www.mpppst.gob.ve\/mpppstweb\/#\/schema\/logo\/image\/\"}},{\"@type\":\"Person\",\"@id\":\"https:\/\/www.mpppst.gob.ve\/mpppstweb\/#\/schema\/person\/fc187ee8ead412bd4c9304b62f900ea4\",\"name\":\"MPPPST Prensa\",\"url\":\"https:\/\/www.mpppst.gob.ve\/mpppstweb\/index.php\/author\/prensa-mpppst\/\"}]}<\/script>\n<!-- \/ Yoast SEO plugin. -->","yoast_head_json":{"title":"Viceministros del Trabajo exponen avances en materia laboral en Venezuela - MPPPST","robots":{"index":"index","follow":"follow","max-snippet":"max-snippet:-1","max-image-preview":"max-image-preview:large","max-video-preview":"max-video-preview:-1"},"canonical":"https:\/\/www.mpppst.gob.ve\/mpppstweb\/index.php\/2017\/04\/07\/viceministros-del-trabajo-exponen-avances-en-materia-laboral-en-venezuela\/","og_locale":"es_ES","og_type":"article","og_title":"Viceministros del Trabajo exponen avances en materia laboral en Venezuela - MPPPST","og_description":"Prensa (MPPPST). Continuando con el taller \u201cFuerza Trabajadora, Productividad y Periodismo\u201d, este 7 de abril fueron &hellip; Viceministros del Trabajo exponen avances en materia laboral en VenezuelaRead more","og_url":"https:\/\/www.mpppst.gob.ve\/mpppstweb\/index.php\/2017\/04\/07\/viceministros-del-trabajo-exponen-avances-en-materia-laboral-en-venezuela\/","og_site_name":"MPPPST","article_published_time":"2017-04-07T18:55:46+00:00","og_image":[{"width":800,"height":445,"url":"https:\/\/www.mpppst.gob.ve\/mpppstweb\/wp-content\/uploads\/2017\/04\/IMG_5214.jpg","type":"image\/jpeg"}],"author":"MPPPST Prensa","twitter_card":"summary_large_image","twitter_misc":{"Escrito por":"MPPPST Prensa","Tiempo de lectura":"3 minutos"},"schema":{"@context":"https:\/\/schema.org","@graph":[{"@type":"Article","@id":"https:\/\/www.mpppst.gob.ve\/mpppstweb\/index.php\/2017\/04\/07\/viceministros-del-trabajo-exponen-avances-en-materia-laboral-en-venezuela\/#article","isPartOf":{"@id":"https:\/\/www.mpppst.gob.ve\/mpppstweb\/index.php\/2017\/04\/07\/viceministros-del-trabajo-exponen-avances-en-materia-laboral-en-venezuela\/"},"author":{"name":"MPPPST Prensa","@id":"https:\/\/www.mpppst.gob.ve\/mpppstweb\/#\/schema\/person\/fc187ee8ead412bd4c9304b62f900ea4"},"headline":"Viceministros del Trabajo exponen avances en materia laboral en Venezuela","datePublished":"2017-04-07T18:55:46+00:00","dateModified":"2017-04-07T18:55:46+00:00","mainEntityOfPage":{"@id":"https:\/\/www.mpppst.gob.ve\/mpppstweb\/index.php\/2017\/04\/07\/viceministros-del-trabajo-exponen-avances-en-materia-laboral-en-venezuela\/"},"wordCount":513,"publisher":{"@id":"https:\/\/www.mpppst.gob.ve\/mpppstweb\/#organization"},"image":{"@id":"https:\/\/www.mpppst.gob.ve\/mpppstweb\/index.php\/2017\/04\/07\/viceministros-del-trabajo-exponen-avances-en-materia-laboral-en-venezuela\/#primaryimage"},"thumbnailUrl":"https:\/\/www.mpppst.gob.ve\/mpppstweb\/wp-content\/uploads\/2017\/04\/IMG_5214.jpg","keywords":["Fuerza Laboral","MPPPST","Viceministros del Trabajo"],"articleSection":["Ministerio","Noticias","Vida Laboral y Sindical"],"inLanguage":"es"},{"@type":"WebPage","@id":"https:\/\/www.mpppst.gob.ve\/mpppstweb\/index.php\/2017\/04\/07\/viceministros-del-trabajo-exponen-avances-en-materia-laboral-en-venezuela\/","url":"https:\/\/www.mpppst.gob.ve\/mpppstweb\/index.php\/2017\/04\/07\/viceministros-del-trabajo-exponen-avances-en-materia-laboral-en-venezuela\/","name":"Viceministros del Trabajo exponen avances en materia laboral en Venezuela - MPPPST","isPartOf":{"@id":"https:\/\/www.mpppst.gob.ve\/mpppstweb\/#website"},"primaryImageOfPage":{"@id":"https:\/\/www.mpppst.gob.ve\/mpppstweb\/index.php\/2017\/04\/07\/viceministros-del-trabajo-exponen-avances-en-materia-laboral-en-venezuela\/#primaryimage"},"image":{"@id":"https:\/\/www.mpppst.gob.ve\/mpppstweb\/index.php\/2017\/04\/07\/viceministros-del-trabajo-exponen-avances-en-materia-laboral-en-venezuela\/#primaryimage"},"thumbnailUrl":"https:\/\/www.mpppst.gob.ve\/mpppstweb\/wp-content\/uploads\/2017\/04\/IMG_5214.jpg","datePublished":"2017-04-07T18:55:46+00:00","dateModified":"2017-04-07T18:55:46+00:00","breadcrumb":{"@id":"https:\/\/www.mpppst.gob.ve\/mpppstweb\/index.php\/2017\/04\/07\/viceministros-del-trabajo-exponen-avances-en-materia-laboral-en-venezuela\/#breadcrumb"},"inLanguage":"es","potentialAction":[{"@type":"ReadAction","target":["https:\/\/www.mpppst.gob.ve\/mpppstweb\/index.php\/2017\/04\/07\/viceministros-del-trabajo-exponen-avances-en-materia-laboral-en-venezuela\/"]}]},{"@type":"ImageObject","inLanguage":"es","@id":"https:\/\/www.mpppst.gob.ve\/mpppstweb\/index.php\/2017\/04\/07\/viceministros-del-trabajo-exponen-avances-en-materia-laboral-en-venezuela\/#primaryimage","url":"https:\/\/www.mpppst.gob.ve\/mpppstweb\/wp-content\/uploads\/2017\/04\/IMG_5214.jpg","contentUrl":"https:\/\/www.mpppst.gob.ve\/mpppstweb\/wp-content\/uploads\/2017\/04\/IMG_5214.jpg","width":800,"height":445},{"@type":"BreadcrumbList","@id":"https:\/\/www.mpppst.gob.ve\/mpppstweb\/index.php\/2017\/04\/07\/viceministros-del-trabajo-exponen-avances-en-materia-laboral-en-venezuela\/#breadcrumb","itemListElement":[{"@type":"ListItem","position":1,"name":"Home","item":"https:\/\/www.mpppst.gob.ve\/mpppstweb\/"},{"@type":"ListItem","position":2,"name":"Viceministros del Trabajo exponen avances en materia laboral en Venezuela"}]},{"@type":"WebSite","@id":"https:\/\/www.mpppst.gob.ve\/mpppstweb\/#website","url":"https:\/\/www.mpppst.gob.ve\/mpppstweb\/","name":"MPPPST","description":"Ministerio del Poder Popular para el Proceso Social de Trabajo","publisher":{"@id":"https:\/\/www.mpppst.gob.ve\/mpppstweb\/#organization"},"potentialAction":[{"@type":"SearchAction","target":{"@type":"EntryPoint","urlTemplate":"https:\/\/www.mpppst.gob.ve\/mpppstweb\/?s={search_term_string}"},"query-input":"required name=search_term_string"}],"inLanguage":"es"},{"@type":"Organization","@id":"https:\/\/www.mpppst.gob.ve\/mpppstweb\/#organization","name":"mpppst","url":"https:\/\/www.mpppst.gob.ve\/mpppstweb\/","logo":{"@type":"ImageObject","inLanguage":"es","@id":"https:\/\/www.mpppst.gob.ve\/mpppstweb\/#\/schema\/logo\/image\/","url":"https:\/\/www.mpppst.gob.ve\/mpppstweb\/wp-content\/uploads\/2025\/07\/cropped-cropped-g910.png","contentUrl":"https:\/\/www.mpppst.gob.ve\/mpppstweb\/wp-content\/uploads\/2025\/07\/cropped-cropped-g910.png","width":1080,"height":241,"caption":"mpppst"},"image":{"@id":"https:\/\/www.mpppst.gob.ve\/mpppstweb\/#\/schema\/logo\/image\/"}},{"@type":"Person","@id":"https:\/\/www.mpppst.gob.ve\/mpppstweb\/#\/schema\/person\/fc187ee8ead412bd4c9304b62f900ea4","name":"MPPPST Prensa","url":"https:\/\/www.mpppst.gob.ve\/mpppstweb\/index.php\/author\/prensa-mpppst\/"}]}},"_links":{"self":[{"href":"https:\/\/www.mpppst.gob.ve\/mpppstweb\/index.php\/wp-json\/wp\/v2\/posts\/11146"}],"collection":[{"href":"https:\/\/www.mpppst.gob.ve\/mpppstweb\/index.php\/wp-json\/wp\/v2\/posts"}],"about":[{"href":"https:\/\/www.mpppst.gob.ve\/mpppstweb\/index.php\/wp-json\/wp\/v2\/types\/post"}],"author":[{"embeddable":true,"href":"https:\/\/www.mpppst.gob.ve\/mpppstweb\/index.php\/wp-json\/wp\/v2\/users\/25"}],"replies":[{"embeddable":true,"href":"https:\/\/www.mpppst.gob.ve\/mpppstweb\/index.php\/wp-json\/wp\/v2\/comments?post=11146"}],"version-history":[{"count":1,"href":"https:\/\/www.mpppst.gob.ve\/mpppstweb\/index.php\/wp-json\/wp\/v2\/posts\/11146\/revisions"}],"predecessor-version":[{"id":11149,"href":"https:\/\/www.mpppst.gob.ve\/mpppstweb\/index.php\/wp-json\/wp\/v2\/posts\/11146\/revisions\/11149"}],"wp:featuredmedia":[{"embeddable":true,"href":"https:\/\/www.mpppst.gob.ve\/mpppstweb\/index.php\/wp-json\/wp\/v2\/media\/11148"}],"wp:attachment":[{"href":"https:\/\/www.mpppst.gob.ve\/mpppstweb\/index.php\/wp-json\/wp\/v2\/media?parent=11146"}],"wp:term":[{"taxonomy":"category","embeddable":true,"href":"https:\/\/www.mpppst.gob.ve\/mpppstweb\/index.php\/wp-json\/wp\/v2\/categories?post=11146"},{"taxonomy":"post_tag","embeddable":true,"href":"https:\/\/www.mpppst.gob.ve\/mpppstweb\/index.php\/wp-json\/wp\/v2\/tags?post=11146"}],"curies":[{"name":"wp","href":"https:\/\/api.w.org\/{rel}","templated":true}]}}