{"id":11150,"date":"2017-04-07T15:05:39","date_gmt":"2017-04-07T19:05:39","guid":{"rendered":"http:\/\/www.mpppst.gob.ve\/mpppstweb\/?p=11150"},"modified":"2017-04-07T15:11:06","modified_gmt":"2017-04-07T19:11:06","slug":"se-planifica-jornada-mundial-de-oracion-por-la-paz-la-vida-y-soberania-de-venezuela","status":"publish","type":"post","link":"https:\/\/www.mpppst.gob.ve\/mpppstweb\/index.php\/2017\/04\/07\/se-planifica-jornada-mundial-de-oracion-por-la-paz-la-vida-y-soberania-de-venezuela\/","title":{"rendered":"Se planifica jornada mundial de oraci\u00f3n por la paz, la vida y soberan\u00eda de Venezuela"},"content":{"rendered":"<p><b>Prensa Mippci.-<\/b>\u00a0Una jornada de oraci\u00f3n de hombres y mujeres creyentes en la paz y la convivencia fue propuesta este jueves por el sacerdote Numa Molina, p\u00e1rroco de la Iglesia San Francisco, de Caracas, durante el encuentro del presidente de la Rep\u00fablica Bolivariana de Venezuela, Nicol\u00e1s Maduro con los representantes del Congreso de la Patria, cap\u00edtulo Religi\u00f3n y Culto.<\/p>\n<p>La propuesta del presb\u00edtero surge en momentos cuando la canciller de la Rep\u00fablica, Delcy Rodr\u00edguez ha recibido la solicitud de representantes de distintas religiones para organizar una jornada de oraci\u00f3n por la paz y la solidaridad.<\/p>\n<p>En ese sentido, el jefe de Estado pidi\u00f3 a H\u00e9ctor Rodr\u00edguez, coordinador del Congreso de la Patria, planificar esta iniciativa a fin de que se celebre lo antes posible.<\/p>\n<p>\u201cEstaba conversando con la canciller y me dijo que a nivel internacional varios sacerdotes, religiosos le han planteado construir una red de oraci\u00f3n permanente algunas diarias como la hacemos todos los creyentes y otras como manifestaci\u00f3n p\u00fablica de la fe y adem\u00e1s para invocar la fuerza m\u00e1s grande que hay, que es la fuerza de Dios, para que acompa\u00f1e a Venezuela en esta hora necesaria de lucha por la paz\u201d.<\/p>\n<p>Tan pronto est\u00e9n afinados los detalles log\u00edsticos, se har\u00e1 la convocatoria para salir en comuni\u00f3n a orar por la paz.<\/p>\n<p>El padre Molina adem\u00e1s convoc\u00f3 a que esta jornada sirva para la sanaci\u00f3n de corazones que a veces se llenan de odio.<\/p>\n<p>\u201cSin importar la ideolog\u00eda, Venezuela debe ser feliz y para eso aqu\u00ed tenemos que unirnos quienes queremos construir un mundo nuevo, pod\u00edamos constituirnos en algo que se llame iglesia por la paz y la vida\u2026 el cielo gobierno, no nos dejemos embaucar\u201d, dijo el sacerdote jesuita.<\/p>\n","protected":false},"excerpt":{"rendered":"<p>Prensa Mippci.-\u00a0Una jornada de oraci\u00f3n de hombres y mujeres creyentes en la paz y la convivencia &hellip; <a title=\"Se planifica jornada mundial de oraci\u00f3n por la paz, la vida y soberan\u00eda de Venezuela\" class=\"hm-read-more\" href=\"https:\/\/www.mpppst.gob.ve\/mpppstweb\/index.php\/2017\/04\/07\/se-planifica-jornada-mundial-de-oracion-por-la-paz-la-vida-y-soberania-de-venezuela\/\"><span class=\"screen-reader-text\">Se planifica jornada mundial de oraci\u00f3n por la paz, la vida y soberan\u00eda de Venezuela<\/span>Read more<\/a><\/p>\n","protected":false},"author":25,"featured_media":11151,"comment_status":"closed","ping_status":"closed","sticky":false,"template":"","format":"standard","meta":{"footnotes":""},"categories":[82,163],"tags":[222],"yoast_head":"<!-- This site is optimized with the Yoast SEO plugin v22.5 - https:\/\/yoast.com\/wordpress\/plugins\/seo\/ -->\n<title>Se planifica jornada mundial de oraci\u00f3n por la paz, la vida y soberan\u00eda de Venezuela - MPPPST<\/title>\n<meta name=\"robots\" content=\"index, follow, max-snippet:-1, max-image-preview:large, max-video-preview:-1\" \/>\n<link rel=\"canonical\" href=\"https:\/\/www.mpppst.gob.ve\/mpppstweb\/index.php\/2017\/04\/07\/se-planifica-jornada-mundial-de-oracion-por-la-paz-la-vida-y-soberania-de-venezuela\/\" \/>\n<meta property=\"og:locale\" content=\"es_ES\" \/>\n<meta property=\"og:type\" content=\"article\" \/>\n<meta property=\"og:title\" content=\"Se planifica jornada mundial de oraci\u00f3n por la paz, la vida y soberan\u00eda de Venezuela - MPPPST\" \/>\n<meta property=\"og:description\" content=\"Prensa Mippci.-\u00a0Una jornada de oraci\u00f3n de hombres y mujeres creyentes en la paz y la convivencia &hellip; Se planifica jornada mundial de oraci\u00f3n por la paz, la vida y soberan\u00eda de VenezuelaRead more\" \/>\n<meta property=\"og:url\" content=\"https:\/\/www.mpppst.gob.ve\/mpppstweb\/index.php\/2017\/04\/07\/se-planifica-jornada-mundial-de-oracion-por-la-paz-la-vida-y-soberania-de-venezuela\/\" \/>\n<meta property=\"og:site_name\" content=\"MPPPST\" \/>\n<meta property=\"article:published_time\" content=\"2017-04-07T19:05:39+00:00\" \/>\n<meta property=\"article:modified_time\" content=\"2017-04-07T19:11:06+00:00\" \/>\n<meta property=\"og:image\" content=\"https:\/\/www.mpppst.gob.ve\/mpppstweb\/wp-content\/uploads\/2017\/04\/maduro-2.jpg\" \/>\n\t<meta property=\"og:image:width\" content=\"800\" \/>\n\t<meta property=\"og:image:height\" content=\"453\" \/>\n\t<meta property=\"og:image:type\" content=\"image\/jpeg\" \/>\n<meta name=\"author\" content=\"MPPPST Prensa\" \/>\n<meta name=\"twitter:card\" content=\"summary_large_image\" \/>\n<meta name=\"twitter:label1\" content=\"Escrito por\" \/>\n\t<meta name=\"twitter:data1\" content=\"MPPPST Prensa\" \/>\n\t<meta name=\"twitter:label2\" content=\"Tiempo de lectura\" \/>\n\t<meta name=\"twitter:data2\" content=\"2 minutos\" \/>\n<script type=\"application\/ld+json\" class=\"yoast-schema-graph\">{\"@context\":\"https:\/\/schema.org\",\"@graph\":[{\"@type\":\"Article\",\"@id\":\"https:\/\/www.mpppst.gob.ve\/mpppstweb\/index.php\/2017\/04\/07\/se-planifica-jornada-mundial-de-oracion-por-la-paz-la-vida-y-soberania-de-venezuela\/#article\",\"isPartOf\":{\"@id\":\"https:\/\/www.mpppst.gob.ve\/mpppstweb\/index.php\/2017\/04\/07\/se-planifica-jornada-mundial-de-oracion-por-la-paz-la-vida-y-soberania-de-venezuela\/\"},\"author\":{\"name\":\"MPPPST Prensa\",\"@id\":\"https:\/\/www.mpppst.gob.ve\/mpppstweb\/#\/schema\/person\/fc187ee8ead412bd4c9304b62f900ea4\"},\"headline\":\"Se planifica jornada mundial de oraci\u00f3n por la paz, la vida y soberan\u00eda de Venezuela\",\"datePublished\":\"2017-04-07T19:05:39+00:00\",\"dateModified\":\"2017-04-07T19:11:06+00:00\",\"mainEntityOfPage\":{\"@id\":\"https:\/\/www.mpppst.gob.ve\/mpppstweb\/index.php\/2017\/04\/07\/se-planifica-jornada-mundial-de-oracion-por-la-paz-la-vida-y-soberania-de-venezuela\/\"},\"wordCount\":325,\"publisher\":{\"@id\":\"https:\/\/www.mpppst.gob.ve\/mpppstweb\/#organization\"},\"image\":{\"@id\":\"https:\/\/www.mpppst.gob.ve\/mpppstweb\/index.php\/2017\/04\/07\/se-planifica-jornada-mundial-de-oracion-por-la-paz-la-vida-y-soberania-de-venezuela\/#primaryimage\"},\"thumbnailUrl\":\"https:\/\/www.mpppst.gob.ve\/mpppstweb\/wp-content\/uploads\/2017\/04\/maduro-2.jpg\",\"keywords\":[\"Gobierno Bolivariano\"],\"articleSection\":[\"Gobierno Nacional\",\"Noticias\"],\"inLanguage\":\"es\"},{\"@type\":\"WebPage\",\"@id\":\"https:\/\/www.mpppst.gob.ve\/mpppstweb\/index.php\/2017\/04\/07\/se-planifica-jornada-mundial-de-oracion-por-la-paz-la-vida-y-soberania-de-venezuela\/\",\"url\":\"https:\/\/www.mpppst.gob.ve\/mpppstweb\/index.php\/2017\/04\/07\/se-planifica-jornada-mundial-de-oracion-por-la-paz-la-vida-y-soberania-de-venezuela\/\",\"name\":\"Se planifica jornada mundial de oraci\u00f3n por la paz, la vida y soberan\u00eda de Venezuela - MPPPST\",\"isPartOf\":{\"@id\":\"https:\/\/www.mpppst.gob.ve\/mpppstweb\/#website\"},\"primaryImageOfPage\":{\"@id\":\"https:\/\/www.mpppst.gob.ve\/mpppstweb\/index.php\/2017\/04\/07\/se-planifica-jornada-mundial-de-oracion-por-la-paz-la-vida-y-soberania-de-venezuela\/#primaryimage\"},\"image\":{\"@id\":\"https:\/\/www.mpppst.gob.ve\/mpppstweb\/index.php\/2017\/04\/07\/se-planifica-jornada-mundial-de-oracion-por-la-paz-la-vida-y-soberania-de-venezuela\/#primaryimage\"},\"thumbnailUrl\":\"https:\/\/www.mpppst.gob.ve\/mpppstweb\/wp-content\/uploads\/2017\/04\/maduro-2.jpg\",\"datePublished\":\"2017-04-07T19:05:39+00:00\",\"dateModified\":\"2017-04-07T19:11:06+00:00\",\"breadcrumb\":{\"@id\":\"https:\/\/www.mpppst.gob.ve\/mpppstweb\/index.php\/2017\/04\/07\/se-planifica-jornada-mundial-de-oracion-por-la-paz-la-vida-y-soberania-de-venezuela\/#breadcrumb\"},\"inLanguage\":\"es\",\"potentialAction\":[{\"@type\":\"ReadAction\",\"target\":[\"https:\/\/www.mpppst.gob.ve\/mpppstweb\/index.php\/2017\/04\/07\/se-planifica-jornada-mundial-de-oracion-por-la-paz-la-vida-y-soberania-de-venezuela\/\"]}]},{\"@type\":\"ImageObject\",\"inLanguage\":\"es\",\"@id\":\"https:\/\/www.mpppst.gob.ve\/mpppstweb\/index.php\/2017\/04\/07\/se-planifica-jornada-mundial-de-oracion-por-la-paz-la-vida-y-soberania-de-venezuela\/#primaryimage\",\"url\":\"https:\/\/www.mpppst.gob.ve\/mpppstweb\/wp-content\/uploads\/2017\/04\/maduro-2.jpg\",\"contentUrl\":\"https:\/\/www.mpppst.gob.ve\/mpppstweb\/wp-content\/uploads\/2017\/04\/maduro-2.jpg\",\"width\":800,\"height\":453},{\"@type\":\"BreadcrumbList\",\"@id\":\"https:\/\/www.mpppst.gob.ve\/mpppstweb\/index.php\/2017\/04\/07\/se-planifica-jornada-mundial-de-oracion-por-la-paz-la-vida-y-soberania-de-venezuela\/#breadcrumb\",\"itemListElement\":[{\"@type\":\"ListItem\",\"position\":1,\"name\":\"Home\",\"item\":\"https:\/\/www.mpppst.gob.ve\/mpppstweb\/\"},{\"@type\":\"ListItem\",\"position\":2,\"name\":\"Se planifica jornada mundial de oraci\u00f3n por la paz, la vida y soberan\u00eda de Venezuela\"}]},{\"@type\":\"WebSite\",\"@id\":\"https:\/\/www.mpppst.gob.ve\/mpppstweb\/#website\",\"url\":\"https:\/\/www.mpppst.gob.ve\/mpppstweb\/\",\"name\":\"MPPPST\",\"description\":\"Ministerio del Poder Popular para el Proceso Social de Trabajo\",\"publisher\":{\"@id\":\"https:\/\/www.mpppst.gob.ve\/mpppstweb\/#organization\"},\"potentialAction\":[{\"@type\":\"SearchAction\",\"target\":{\"@type\":\"EntryPoint\",\"urlTemplate\":\"https:\/\/www.mpppst.gob.ve\/mpppstweb\/?s={search_term_string}\"},\"query-input\":\"required name=search_term_string\"}],\"inLanguage\":\"es\"},{\"@type\":\"Organization\",\"@id\":\"https:\/\/www.mpppst.gob.ve\/mpppstweb\/#organization\",\"name\":\"mpppst\",\"url\":\"https:\/\/www.mpppst.gob.ve\/mpppstweb\/\",\"logo\":{\"@type\":\"ImageObject\",\"inLanguage\":\"es\",\"@id\":\"https:\/\/www.mpppst.gob.ve\/mpppstweb\/#\/schema\/logo\/image\/\",\"url\":\"https:\/\/www.mpppst.gob.ve\/mpppstweb\/wp-content\/uploads\/2025\/07\/cropped-cropped-g910.png\",\"contentUrl\":\"https:\/\/www.mpppst.gob.ve\/mpppstweb\/wp-content\/uploads\/2025\/07\/cropped-cropped-g910.png\",\"width\":1080,\"height\":241,\"caption\":\"mpppst\"},\"image\":{\"@id\":\"https:\/\/www.mpppst.gob.ve\/mpppstweb\/#\/schema\/logo\/image\/\"}},{\"@type\":\"Person\",\"@id\":\"https:\/\/www.mpppst.gob.ve\/mpppstweb\/#\/schema\/person\/fc187ee8ead412bd4c9304b62f900ea4\",\"name\":\"MPPPST Prensa\",\"url\":\"https:\/\/www.mpppst.gob.ve\/mpppstweb\/index.php\/author\/prensa-mpppst\/\"}]}<\/script>\n<!-- \/ Yoast SEO plugin. -->","yoast_head_json":{"title":"Se planifica jornada mundial de oraci\u00f3n por la paz, la vida y soberan\u00eda de Venezuela - MPPPST","robots":{"index":"index","follow":"follow","max-snippet":"max-snippet:-1","max-image-preview":"max-image-preview:large","max-video-preview":"max-video-preview:-1"},"canonical":"https:\/\/www.mpppst.gob.ve\/mpppstweb\/index.php\/2017\/04\/07\/se-planifica-jornada-mundial-de-oracion-por-la-paz-la-vida-y-soberania-de-venezuela\/","og_locale":"es_ES","og_type":"article","og_title":"Se planifica jornada mundial de oraci\u00f3n por la paz, la vida y soberan\u00eda de Venezuela - MPPPST","og_description":"Prensa Mippci.-\u00a0Una jornada de oraci\u00f3n de hombres y mujeres creyentes en la paz y la convivencia &hellip; Se planifica jornada mundial de oraci\u00f3n por la paz, la vida y soberan\u00eda de VenezuelaRead more","og_url":"https:\/\/www.mpppst.gob.ve\/mpppstweb\/index.php\/2017\/04\/07\/se-planifica-jornada-mundial-de-oracion-por-la-paz-la-vida-y-soberania-de-venezuela\/","og_site_name":"MPPPST","article_published_time":"2017-04-07T19:05:39+00:00","article_modified_time":"2017-04-07T19:11:06+00:00","og_image":[{"width":800,"height":453,"url":"https:\/\/www.mpppst.gob.ve\/mpppstweb\/wp-content\/uploads\/2017\/04\/maduro-2.jpg","type":"image\/jpeg"}],"author":"MPPPST Prensa","twitter_card":"summary_large_image","twitter_misc":{"Escrito por":"MPPPST Prensa","Tiempo de lectura":"2 minutos"},"schema":{"@context":"https:\/\/schema.org","@graph":[{"@type":"Article","@id":"https:\/\/www.mpppst.gob.ve\/mpppstweb\/index.php\/2017\/04\/07\/se-planifica-jornada-mundial-de-oracion-por-la-paz-la-vida-y-soberania-de-venezuela\/#article","isPartOf":{"@id":"https:\/\/www.mpppst.gob.ve\/mpppstweb\/index.php\/2017\/04\/07\/se-planifica-jornada-mundial-de-oracion-por-la-paz-la-vida-y-soberania-de-venezuela\/"},"author":{"name":"MPPPST Prensa","@id":"https:\/\/www.mpppst.gob.ve\/mpppstweb\/#\/schema\/person\/fc187ee8ead412bd4c9304b62f900ea4"},"headline":"Se planifica jornada mundial de oraci\u00f3n por la paz, la vida y soberan\u00eda de Venezuela","datePublished":"2017-04-07T19:05:39+00:00","dateModified":"2017-04-07T19:11:06+00:00","mainEntityOfPage":{"@id":"https:\/\/www.mpppst.gob.ve\/mpppstweb\/index.php\/2017\/04\/07\/se-planifica-jornada-mundial-de-oracion-por-la-paz-la-vida-y-soberania-de-venezuela\/"},"wordCount":325,"publisher":{"@id":"https:\/\/www.mpppst.gob.ve\/mpppstweb\/#organization"},"image":{"@id":"https:\/\/www.mpppst.gob.ve\/mpppstweb\/index.php\/2017\/04\/07\/se-planifica-jornada-mundial-de-oracion-por-la-paz-la-vida-y-soberania-de-venezuela\/#primaryimage"},"thumbnailUrl":"https:\/\/www.mpppst.gob.ve\/mpppstweb\/wp-content\/uploads\/2017\/04\/maduro-2.jpg","keywords":["Gobierno Bolivariano"],"articleSection":["Gobierno Nacional","Noticias"],"inLanguage":"es"},{"@type":"WebPage","@id":"https:\/\/www.mpppst.gob.ve\/mpppstweb\/index.php\/2017\/04\/07\/se-planifica-jornada-mundial-de-oracion-por-la-paz-la-vida-y-soberania-de-venezuela\/","url":"https:\/\/www.mpppst.gob.ve\/mpppstweb\/index.php\/2017\/04\/07\/se-planifica-jornada-mundial-de-oracion-por-la-paz-la-vida-y-soberania-de-venezuela\/","name":"Se planifica jornada mundial de oraci\u00f3n por la paz, la vida y soberan\u00eda de Venezuela - MPPPST","isPartOf":{"@id":"https:\/\/www.mpppst.gob.ve\/mpppstweb\/#website"},"primaryImageOfPage":{"@id":"https:\/\/www.mpppst.gob.ve\/mpppstweb\/index.php\/2017\/04\/07\/se-planifica-jornada-mundial-de-oracion-por-la-paz-la-vida-y-soberania-de-venezuela\/#primaryimage"},"image":{"@id":"https:\/\/www.mpppst.gob.ve\/mpppstweb\/index.php\/2017\/04\/07\/se-planifica-jornada-mundial-de-oracion-por-la-paz-la-vida-y-soberania-de-venezuela\/#primaryimage"},"thumbnailUrl":"https:\/\/www.mpppst.gob.ve\/mpppstweb\/wp-content\/uploads\/2017\/04\/maduro-2.jpg","datePublished":"2017-04-07T19:05:39+00:00","dateModified":"2017-04-07T19:11:06+00:00","breadcrumb":{"@id":"https:\/\/www.mpppst.gob.ve\/mpppstweb\/index.php\/2017\/04\/07\/se-planifica-jornada-mundial-de-oracion-por-la-paz-la-vida-y-soberania-de-venezuela\/#breadcrumb"},"inLanguage":"es","potentialAction":[{"@type":"ReadAction","target":["https:\/\/www.mpppst.gob.ve\/mpppstweb\/index.php\/2017\/04\/07\/se-planifica-jornada-mundial-de-oracion-por-la-paz-la-vida-y-soberania-de-venezuela\/"]}]},{"@type":"ImageObject","inLanguage":"es","@id":"https:\/\/www.mpppst.gob.ve\/mpppstweb\/index.php\/2017\/04\/07\/se-planifica-jornada-mundial-de-oracion-por-la-paz-la-vida-y-soberania-de-venezuela\/#primaryimage","url":"https:\/\/www.mpppst.gob.ve\/mpppstweb\/wp-content\/uploads\/2017\/04\/maduro-2.jpg","contentUrl":"https:\/\/www.mpppst.gob.ve\/mpppstweb\/wp-content\/uploads\/2017\/04\/maduro-2.jpg","width":800,"height":453},{"@type":"BreadcrumbList","@id":"https:\/\/www.mpppst.gob.ve\/mpppstweb\/index.php\/2017\/04\/07\/se-planifica-jornada-mundial-de-oracion-por-la-paz-la-vida-y-soberania-de-venezuela\/#breadcrumb","itemListElement":[{"@type":"ListItem","position":1,"name":"Home","item":"https:\/\/www.mpppst.gob.ve\/mpppstweb\/"},{"@type":"ListItem","position":2,"name":"Se planifica jornada mundial de oraci\u00f3n por la paz, la vida y soberan\u00eda de Venezuela"}]},{"@type":"WebSite","@id":"https:\/\/www.mpppst.gob.ve\/mpppstweb\/#website","url":"https:\/\/www.mpppst.gob.ve\/mpppstweb\/","name":"MPPPST","description":"Ministerio del Poder Popular para el Proceso Social de Trabajo","publisher":{"@id":"https:\/\/www.mpppst.gob.ve\/mpppstweb\/#organization"},"potentialAction":[{"@type":"SearchAction","target":{"@type":"EntryPoint","urlTemplate":"https:\/\/www.mpppst.gob.ve\/mpppstweb\/?s={search_term_string}"},"query-input":"required name=search_term_string"}],"inLanguage":"es"},{"@type":"Organization","@id":"https:\/\/www.mpppst.gob.ve\/mpppstweb\/#organization","name":"mpppst","url":"https:\/\/www.mpppst.gob.ve\/mpppstweb\/","logo":{"@type":"ImageObject","inLanguage":"es","@id":"https:\/\/www.mpppst.gob.ve\/mpppstweb\/#\/schema\/logo\/image\/","url":"https:\/\/www.mpppst.gob.ve\/mpppstweb\/wp-content\/uploads\/2025\/07\/cropped-cropped-g910.png","contentUrl":"https:\/\/www.mpppst.gob.ve\/mpppstweb\/wp-content\/uploads\/2025\/07\/cropped-cropped-g910.png","width":1080,"height":241,"caption":"mpppst"},"image":{"@id":"https:\/\/www.mpppst.gob.ve\/mpppstweb\/#\/schema\/logo\/image\/"}},{"@type":"Person","@id":"https:\/\/www.mpppst.gob.ve\/mpppstweb\/#\/schema\/person\/fc187ee8ead412bd4c9304b62f900ea4","name":"MPPPST Prensa","url":"https:\/\/www.mpppst.gob.ve\/mpppstweb\/index.php\/author\/prensa-mpppst\/"}]}},"_links":{"self":[{"href":"https:\/\/www.mpppst.gob.ve\/mpppstweb\/index.php\/wp-json\/wp\/v2\/posts\/11150"}],"collection":[{"href":"https:\/\/www.mpppst.gob.ve\/mpppstweb\/index.php\/wp-json\/wp\/v2\/posts"}],"about":[{"href":"https:\/\/www.mpppst.gob.ve\/mpppstweb\/index.php\/wp-json\/wp\/v2\/types\/post"}],"author":[{"embeddable":true,"href":"https:\/\/www.mpppst.gob.ve\/mpppstweb\/index.php\/wp-json\/wp\/v2\/users\/25"}],"replies":[{"embeddable":true,"href":"https:\/\/www.mpppst.gob.ve\/mpppstweb\/index.php\/wp-json\/wp\/v2\/comments?post=11150"}],"version-history":[{"count":1,"href":"https:\/\/www.mpppst.gob.ve\/mpppstweb\/index.php\/wp-json\/wp\/v2\/posts\/11150\/revisions"}],"predecessor-version":[{"id":11152,"href":"https:\/\/www.mpppst.gob.ve\/mpppstweb\/index.php\/wp-json\/wp\/v2\/posts\/11150\/revisions\/11152"}],"wp:featuredmedia":[{"embeddable":true,"href":"https:\/\/www.mpppst.gob.ve\/mpppstweb\/index.php\/wp-json\/wp\/v2\/media\/11151"}],"wp:attachment":[{"href":"https:\/\/www.mpppst.gob.ve\/mpppstweb\/index.php\/wp-json\/wp\/v2\/media?parent=11150"}],"wp:term":[{"taxonomy":"category","embeddable":true,"href":"https:\/\/www.mpppst.gob.ve\/mpppstweb\/index.php\/wp-json\/wp\/v2\/categories?post=11150"},{"taxonomy":"post_tag","embeddable":true,"href":"https:\/\/www.mpppst.gob.ve\/mpppstweb\/index.php\/wp-json\/wp\/v2\/tags?post=11150"}],"curies":[{"name":"wp","href":"https:\/\/api.w.org\/{rel}","templated":true}]}}