{"id":11319,"date":"2017-05-03T10:34:11","date_gmt":"2017-05-03T14:34:11","guid":{"rendered":"http:\/\/www.mpppst.gob.ve\/mpppstweb\/?p=11319"},"modified":"2017-05-03T10:34:29","modified_gmt":"2017-05-03T14:34:29","slug":"cacique-maracay-entrega-combos-de-panales-en-el-materno-infantil-hugo-chavez-frias","status":"publish","type":"post","link":"https:\/\/www.mpppst.gob.ve\/mpppstweb\/index.php\/2017\/05\/03\/cacique-maracay-entrega-combos-de-panales-en-el-materno-infantil-hugo-chavez-frias\/","title":{"rendered":"Cacique Maracay entrega combos de pa\u00f1ales en el Materno Infantil Hugo Ch\u00e1vez Fr\u00edas"},"content":{"rendered":"<p>Como parte de la labor social que lleva a cabo Cacique Maracay (antigua Kimberly Clark), el pasado domingo 30 de mayo la referida Empresa entreg\u00f3 57 combos de pa\u00f1ales al Materno Infantil de El Valle, Hugo Ch\u00e1vez Fr\u00edas, para los ni\u00f1os que est\u00e1n en dicho centro de salud. Tambi\u00e9n entreg\u00f3 10 bultos a la unidad de neonatolog\u00eda. Esta actividad estuvo a cargo de Jos\u00e9 Gregorio Hern\u00e1ndez, autoridad \u00fanica de la Empresa Cacique Maracay. La finalidad consiste en ayudar a las madres que tienen sus ni\u00f1os hospitalizados. En tal sentido 44 madres fueron beneficiarias en esta jornada.<\/p>\n<p>Este tipo de acciones reflejan el apoyo\u00a0 interinstitucional que existe en la Revoluci\u00f3n, pero adem\u00e1s expresa la sensibilidad en momentos en los cuales se le ha confiscado al pueblo la posibilidad de acceder a insumos tan necesarios como pa\u00f1ales. Es\u00a0 parte de la estrategia para impulsar el aborrecimiento en la poblaci\u00f3n respecto al Gobierno.<\/p>\n","protected":false},"excerpt":{"rendered":"<p>Como parte de la labor social que lleva a cabo Cacique Maracay (antigua Kimberly Clark), el &hellip; <a title=\"Cacique Maracay entrega combos de pa\u00f1ales en el Materno Infantil Hugo Ch\u00e1vez Fr\u00edas\" class=\"hm-read-more\" href=\"https:\/\/www.mpppst.gob.ve\/mpppstweb\/index.php\/2017\/05\/03\/cacique-maracay-entrega-combos-de-panales-en-el-materno-infantil-hugo-chavez-frias\/\"><span class=\"screen-reader-text\">Cacique Maracay entrega combos de pa\u00f1ales en el Materno Infantil Hugo Ch\u00e1vez Fr\u00edas<\/span>Read more<\/a><\/p>\n","protected":false},"author":25,"featured_media":11321,"comment_status":"closed","ping_status":"closed","sticky":false,"template":"","format":"standard","meta":{"footnotes":""},"categories":[83,163,279,84],"tags":[],"yoast_head":"<!-- This site is optimized with the Yoast SEO plugin v22.5 - https:\/\/yoast.com\/wordpress\/plugins\/seo\/ -->\n<title>Cacique Maracay entrega combos de pa\u00f1ales en el Materno Infantil Hugo Ch\u00e1vez Fr\u00edas - MPPPST<\/title>\n<meta name=\"robots\" content=\"index, follow, max-snippet:-1, max-image-preview:large, max-video-preview:-1\" \/>\n<link rel=\"canonical\" href=\"https:\/\/www.mpppst.gob.ve\/mpppstweb\/index.php\/2017\/05\/03\/cacique-maracay-entrega-combos-de-panales-en-el-materno-infantil-hugo-chavez-frias\/\" \/>\n<meta property=\"og:locale\" content=\"es_ES\" \/>\n<meta property=\"og:type\" content=\"article\" \/>\n<meta property=\"og:title\" content=\"Cacique Maracay entrega combos de pa\u00f1ales en el Materno Infantil Hugo Ch\u00e1vez Fr\u00edas - MPPPST\" \/>\n<meta property=\"og:description\" content=\"Como parte de la labor social que lleva a cabo Cacique Maracay (antigua Kimberly Clark), el &hellip; Cacique Maracay entrega combos de pa\u00f1ales en el Materno Infantil Hugo Ch\u00e1vez Fr\u00edasRead more\" \/>\n<meta property=\"og:url\" content=\"https:\/\/www.mpppst.gob.ve\/mpppstweb\/index.php\/2017\/05\/03\/cacique-maracay-entrega-combos-de-panales-en-el-materno-infantil-hugo-chavez-frias\/\" \/>\n<meta property=\"og:site_name\" content=\"MPPPST\" \/>\n<meta property=\"article:published_time\" content=\"2017-05-03T14:34:11+00:00\" \/>\n<meta property=\"article:modified_time\" content=\"2017-05-03T14:34:29+00:00\" \/>\n<meta property=\"og:image\" content=\"https:\/\/www.mpppst.gob.ve\/mpppstweb\/wp-content\/uploads\/2017\/05\/Nueva-imagen.jpg\" \/>\n\t<meta property=\"og:image:width\" content=\"800\" \/>\n\t<meta property=\"og:image:height\" content=\"445\" \/>\n\t<meta property=\"og:image:type\" content=\"image\/jpeg\" \/>\n<meta name=\"author\" content=\"MPPPST Prensa\" \/>\n<meta name=\"twitter:card\" content=\"summary_large_image\" \/>\n<meta name=\"twitter:label1\" content=\"Escrito por\" \/>\n\t<meta name=\"twitter:data1\" content=\"MPPPST Prensa\" \/>\n\t<meta name=\"twitter:label2\" content=\"Tiempo de lectura\" \/>\n\t<meta name=\"twitter:data2\" content=\"1 minuto\" \/>\n<script type=\"application\/ld+json\" class=\"yoast-schema-graph\">{\"@context\":\"https:\/\/schema.org\",\"@graph\":[{\"@type\":\"Article\",\"@id\":\"https:\/\/www.mpppst.gob.ve\/mpppstweb\/index.php\/2017\/05\/03\/cacique-maracay-entrega-combos-de-panales-en-el-materno-infantil-hugo-chavez-frias\/#article\",\"isPartOf\":{\"@id\":\"https:\/\/www.mpppst.gob.ve\/mpppstweb\/index.php\/2017\/05\/03\/cacique-maracay-entrega-combos-de-panales-en-el-materno-infantil-hugo-chavez-frias\/\"},\"author\":{\"name\":\"MPPPST Prensa\",\"@id\":\"https:\/\/www.mpppst.gob.ve\/mpppstweb\/#\/schema\/person\/fc187ee8ead412bd4c9304b62f900ea4\"},\"headline\":\"Cacique Maracay entrega combos de pa\u00f1ales en el Materno Infantil Hugo Ch\u00e1vez Fr\u00edas\",\"datePublished\":\"2017-05-03T14:34:11+00:00\",\"dateModified\":\"2017-05-03T14:34:29+00:00\",\"mainEntityOfPage\":{\"@id\":\"https:\/\/www.mpppst.gob.ve\/mpppstweb\/index.php\/2017\/05\/03\/cacique-maracay-entrega-combos-de-panales-en-el-materno-infantil-hugo-chavez-frias\/\"},\"wordCount\":175,\"publisher\":{\"@id\":\"https:\/\/www.mpppst.gob.ve\/mpppstweb\/#organization\"},\"image\":{\"@id\":\"https:\/\/www.mpppst.gob.ve\/mpppstweb\/index.php\/2017\/05\/03\/cacique-maracay-entrega-combos-de-panales-en-el-materno-infantil-hugo-chavez-frias\/#primaryimage\"},\"thumbnailUrl\":\"https:\/\/www.mpppst.gob.ve\/mpppstweb\/wp-content\/uploads\/2017\/05\/Nueva-imagen.jpg\",\"articleSection\":[\"Ministerio\",\"Noticias\",\"Sector Empresarial\",\"Vida Laboral y Sindical\"],\"inLanguage\":\"es\"},{\"@type\":\"WebPage\",\"@id\":\"https:\/\/www.mpppst.gob.ve\/mpppstweb\/index.php\/2017\/05\/03\/cacique-maracay-entrega-combos-de-panales-en-el-materno-infantil-hugo-chavez-frias\/\",\"url\":\"https:\/\/www.mpppst.gob.ve\/mpppstweb\/index.php\/2017\/05\/03\/cacique-maracay-entrega-combos-de-panales-en-el-materno-infantil-hugo-chavez-frias\/\",\"name\":\"Cacique Maracay entrega combos de pa\u00f1ales en el Materno Infantil Hugo Ch\u00e1vez Fr\u00edas - MPPPST\",\"isPartOf\":{\"@id\":\"https:\/\/www.mpppst.gob.ve\/mpppstweb\/#website\"},\"primaryImageOfPage\":{\"@id\":\"https:\/\/www.mpppst.gob.ve\/mpppstweb\/index.php\/2017\/05\/03\/cacique-maracay-entrega-combos-de-panales-en-el-materno-infantil-hugo-chavez-frias\/#primaryimage\"},\"image\":{\"@id\":\"https:\/\/www.mpppst.gob.ve\/mpppstweb\/index.php\/2017\/05\/03\/cacique-maracay-entrega-combos-de-panales-en-el-materno-infantil-hugo-chavez-frias\/#primaryimage\"},\"thumbnailUrl\":\"https:\/\/www.mpppst.gob.ve\/mpppstweb\/wp-content\/uploads\/2017\/05\/Nueva-imagen.jpg\",\"datePublished\":\"2017-05-03T14:34:11+00:00\",\"dateModified\":\"2017-05-03T14:34:29+00:00\",\"breadcrumb\":{\"@id\":\"https:\/\/www.mpppst.gob.ve\/mpppstweb\/index.php\/2017\/05\/03\/cacique-maracay-entrega-combos-de-panales-en-el-materno-infantil-hugo-chavez-frias\/#breadcrumb\"},\"inLanguage\":\"es\",\"potentialAction\":[{\"@type\":\"ReadAction\",\"target\":[\"https:\/\/www.mpppst.gob.ve\/mpppstweb\/index.php\/2017\/05\/03\/cacique-maracay-entrega-combos-de-panales-en-el-materno-infantil-hugo-chavez-frias\/\"]}]},{\"@type\":\"ImageObject\",\"inLanguage\":\"es\",\"@id\":\"https:\/\/www.mpppst.gob.ve\/mpppstweb\/index.php\/2017\/05\/03\/cacique-maracay-entrega-combos-de-panales-en-el-materno-infantil-hugo-chavez-frias\/#primaryimage\",\"url\":\"https:\/\/www.mpppst.gob.ve\/mpppstweb\/wp-content\/uploads\/2017\/05\/Nueva-imagen.jpg\",\"contentUrl\":\"https:\/\/www.mpppst.gob.ve\/mpppstweb\/wp-content\/uploads\/2017\/05\/Nueva-imagen.jpg\",\"width\":800,\"height\":445},{\"@type\":\"BreadcrumbList\",\"@id\":\"https:\/\/www.mpppst.gob.ve\/mpppstweb\/index.php\/2017\/05\/03\/cacique-maracay-entrega-combos-de-panales-en-el-materno-infantil-hugo-chavez-frias\/#breadcrumb\",\"itemListElement\":[{\"@type\":\"ListItem\",\"position\":1,\"name\":\"Home\",\"item\":\"https:\/\/www.mpppst.gob.ve\/mpppstweb\/\"},{\"@type\":\"ListItem\",\"position\":2,\"name\":\"Cacique Maracay entrega combos de pa\u00f1ales en el Materno Infantil Hugo Ch\u00e1vez Fr\u00edas\"}]},{\"@type\":\"WebSite\",\"@id\":\"https:\/\/www.mpppst.gob.ve\/mpppstweb\/#website\",\"url\":\"https:\/\/www.mpppst.gob.ve\/mpppstweb\/\",\"name\":\"MPPPST\",\"description\":\"Ministerio del Poder Popular para el Proceso Social de Trabajo\",\"publisher\":{\"@id\":\"https:\/\/www.mpppst.gob.ve\/mpppstweb\/#organization\"},\"potentialAction\":[{\"@type\":\"SearchAction\",\"target\":{\"@type\":\"EntryPoint\",\"urlTemplate\":\"https:\/\/www.mpppst.gob.ve\/mpppstweb\/?s={search_term_string}\"},\"query-input\":\"required name=search_term_string\"}],\"inLanguage\":\"es\"},{\"@type\":\"Organization\",\"@id\":\"https:\/\/www.mpppst.gob.ve\/mpppstweb\/#organization\",\"name\":\"mpppst\",\"url\":\"https:\/\/www.mpppst.gob.ve\/mpppstweb\/\",\"logo\":{\"@type\":\"ImageObject\",\"inLanguage\":\"es\",\"@id\":\"https:\/\/www.mpppst.gob.ve\/mpppstweb\/#\/schema\/logo\/image\/\",\"url\":\"https:\/\/www.mpppst.gob.ve\/mpppstweb\/wp-content\/uploads\/2025\/07\/cropped-cropped-g910.png\",\"contentUrl\":\"https:\/\/www.mpppst.gob.ve\/mpppstweb\/wp-content\/uploads\/2025\/07\/cropped-cropped-g910.png\",\"width\":1080,\"height\":241,\"caption\":\"mpppst\"},\"image\":{\"@id\":\"https:\/\/www.mpppst.gob.ve\/mpppstweb\/#\/schema\/logo\/image\/\"}},{\"@type\":\"Person\",\"@id\":\"https:\/\/www.mpppst.gob.ve\/mpppstweb\/#\/schema\/person\/fc187ee8ead412bd4c9304b62f900ea4\",\"name\":\"MPPPST Prensa\",\"url\":\"https:\/\/www.mpppst.gob.ve\/mpppstweb\/index.php\/author\/prensa-mpppst\/\"}]}<\/script>\n<!-- \/ Yoast SEO plugin. -->","yoast_head_json":{"title":"Cacique Maracay entrega combos de pa\u00f1ales en el Materno Infantil Hugo Ch\u00e1vez Fr\u00edas - MPPPST","robots":{"index":"index","follow":"follow","max-snippet":"max-snippet:-1","max-image-preview":"max-image-preview:large","max-video-preview":"max-video-preview:-1"},"canonical":"https:\/\/www.mpppst.gob.ve\/mpppstweb\/index.php\/2017\/05\/03\/cacique-maracay-entrega-combos-de-panales-en-el-materno-infantil-hugo-chavez-frias\/","og_locale":"es_ES","og_type":"article","og_title":"Cacique Maracay entrega combos de pa\u00f1ales en el Materno Infantil Hugo Ch\u00e1vez Fr\u00edas - MPPPST","og_description":"Como parte de la labor social que lleva a cabo Cacique Maracay (antigua Kimberly Clark), el &hellip; Cacique Maracay entrega combos de pa\u00f1ales en el Materno Infantil Hugo Ch\u00e1vez Fr\u00edasRead more","og_url":"https:\/\/www.mpppst.gob.ve\/mpppstweb\/index.php\/2017\/05\/03\/cacique-maracay-entrega-combos-de-panales-en-el-materno-infantil-hugo-chavez-frias\/","og_site_name":"MPPPST","article_published_time":"2017-05-03T14:34:11+00:00","article_modified_time":"2017-05-03T14:34:29+00:00","og_image":[{"width":800,"height":445,"url":"https:\/\/www.mpppst.gob.ve\/mpppstweb\/wp-content\/uploads\/2017\/05\/Nueva-imagen.jpg","type":"image\/jpeg"}],"author":"MPPPST Prensa","twitter_card":"summary_large_image","twitter_misc":{"Escrito por":"MPPPST Prensa","Tiempo de lectura":"1 minuto"},"schema":{"@context":"https:\/\/schema.org","@graph":[{"@type":"Article","@id":"https:\/\/www.mpppst.gob.ve\/mpppstweb\/index.php\/2017\/05\/03\/cacique-maracay-entrega-combos-de-panales-en-el-materno-infantil-hugo-chavez-frias\/#article","isPartOf":{"@id":"https:\/\/www.mpppst.gob.ve\/mpppstweb\/index.php\/2017\/05\/03\/cacique-maracay-entrega-combos-de-panales-en-el-materno-infantil-hugo-chavez-frias\/"},"author":{"name":"MPPPST Prensa","@id":"https:\/\/www.mpppst.gob.ve\/mpppstweb\/#\/schema\/person\/fc187ee8ead412bd4c9304b62f900ea4"},"headline":"Cacique Maracay entrega combos de pa\u00f1ales en el Materno Infantil Hugo Ch\u00e1vez Fr\u00edas","datePublished":"2017-05-03T14:34:11+00:00","dateModified":"2017-05-03T14:34:29+00:00","mainEntityOfPage":{"@id":"https:\/\/www.mpppst.gob.ve\/mpppstweb\/index.php\/2017\/05\/03\/cacique-maracay-entrega-combos-de-panales-en-el-materno-infantil-hugo-chavez-frias\/"},"wordCount":175,"publisher":{"@id":"https:\/\/www.mpppst.gob.ve\/mpppstweb\/#organization"},"image":{"@id":"https:\/\/www.mpppst.gob.ve\/mpppstweb\/index.php\/2017\/05\/03\/cacique-maracay-entrega-combos-de-panales-en-el-materno-infantil-hugo-chavez-frias\/#primaryimage"},"thumbnailUrl":"https:\/\/www.mpppst.gob.ve\/mpppstweb\/wp-content\/uploads\/2017\/05\/Nueva-imagen.jpg","articleSection":["Ministerio","Noticias","Sector Empresarial","Vida Laboral y Sindical"],"inLanguage":"es"},{"@type":"WebPage","@id":"https:\/\/www.mpppst.gob.ve\/mpppstweb\/index.php\/2017\/05\/03\/cacique-maracay-entrega-combos-de-panales-en-el-materno-infantil-hugo-chavez-frias\/","url":"https:\/\/www.mpppst.gob.ve\/mpppstweb\/index.php\/2017\/05\/03\/cacique-maracay-entrega-combos-de-panales-en-el-materno-infantil-hugo-chavez-frias\/","name":"Cacique Maracay entrega combos de pa\u00f1ales en el Materno Infantil Hugo Ch\u00e1vez Fr\u00edas - MPPPST","isPartOf":{"@id":"https:\/\/www.mpppst.gob.ve\/mpppstweb\/#website"},"primaryImageOfPage":{"@id":"https:\/\/www.mpppst.gob.ve\/mpppstweb\/index.php\/2017\/05\/03\/cacique-maracay-entrega-combos-de-panales-en-el-materno-infantil-hugo-chavez-frias\/#primaryimage"},"image":{"@id":"https:\/\/www.mpppst.gob.ve\/mpppstweb\/index.php\/2017\/05\/03\/cacique-maracay-entrega-combos-de-panales-en-el-materno-infantil-hugo-chavez-frias\/#primaryimage"},"thumbnailUrl":"https:\/\/www.mpppst.gob.ve\/mpppstweb\/wp-content\/uploads\/2017\/05\/Nueva-imagen.jpg","datePublished":"2017-05-03T14:34:11+00:00","dateModified":"2017-05-03T14:34:29+00:00","breadcrumb":{"@id":"https:\/\/www.mpppst.gob.ve\/mpppstweb\/index.php\/2017\/05\/03\/cacique-maracay-entrega-combos-de-panales-en-el-materno-infantil-hugo-chavez-frias\/#breadcrumb"},"inLanguage":"es","potentialAction":[{"@type":"ReadAction","target":["https:\/\/www.mpppst.gob.ve\/mpppstweb\/index.php\/2017\/05\/03\/cacique-maracay-entrega-combos-de-panales-en-el-materno-infantil-hugo-chavez-frias\/"]}]},{"@type":"ImageObject","inLanguage":"es","@id":"https:\/\/www.mpppst.gob.ve\/mpppstweb\/index.php\/2017\/05\/03\/cacique-maracay-entrega-combos-de-panales-en-el-materno-infantil-hugo-chavez-frias\/#primaryimage","url":"https:\/\/www.mpppst.gob.ve\/mpppstweb\/wp-content\/uploads\/2017\/05\/Nueva-imagen.jpg","contentUrl":"https:\/\/www.mpppst.gob.ve\/mpppstweb\/wp-content\/uploads\/2017\/05\/Nueva-imagen.jpg","width":800,"height":445},{"@type":"BreadcrumbList","@id":"https:\/\/www.mpppst.gob.ve\/mpppstweb\/index.php\/2017\/05\/03\/cacique-maracay-entrega-combos-de-panales-en-el-materno-infantil-hugo-chavez-frias\/#breadcrumb","itemListElement":[{"@type":"ListItem","position":1,"name":"Home","item":"https:\/\/www.mpppst.gob.ve\/mpppstweb\/"},{"@type":"ListItem","position":2,"name":"Cacique Maracay entrega combos de pa\u00f1ales en el Materno Infantil Hugo Ch\u00e1vez Fr\u00edas"}]},{"@type":"WebSite","@id":"https:\/\/www.mpppst.gob.ve\/mpppstweb\/#website","url":"https:\/\/www.mpppst.gob.ve\/mpppstweb\/","name":"MPPPST","description":"Ministerio del Poder Popular para el Proceso Social de Trabajo","publisher":{"@id":"https:\/\/www.mpppst.gob.ve\/mpppstweb\/#organization"},"potentialAction":[{"@type":"SearchAction","target":{"@type":"EntryPoint","urlTemplate":"https:\/\/www.mpppst.gob.ve\/mpppstweb\/?s={search_term_string}"},"query-input":"required name=search_term_string"}],"inLanguage":"es"},{"@type":"Organization","@id":"https:\/\/www.mpppst.gob.ve\/mpppstweb\/#organization","name":"mpppst","url":"https:\/\/www.mpppst.gob.ve\/mpppstweb\/","logo":{"@type":"ImageObject","inLanguage":"es","@id":"https:\/\/www.mpppst.gob.ve\/mpppstweb\/#\/schema\/logo\/image\/","url":"https:\/\/www.mpppst.gob.ve\/mpppstweb\/wp-content\/uploads\/2025\/07\/cropped-cropped-g910.png","contentUrl":"https:\/\/www.mpppst.gob.ve\/mpppstweb\/wp-content\/uploads\/2025\/07\/cropped-cropped-g910.png","width":1080,"height":241,"caption":"mpppst"},"image":{"@id":"https:\/\/www.mpppst.gob.ve\/mpppstweb\/#\/schema\/logo\/image\/"}},{"@type":"Person","@id":"https:\/\/www.mpppst.gob.ve\/mpppstweb\/#\/schema\/person\/fc187ee8ead412bd4c9304b62f900ea4","name":"MPPPST Prensa","url":"https:\/\/www.mpppst.gob.ve\/mpppstweb\/index.php\/author\/prensa-mpppst\/"}]}},"_links":{"self":[{"href":"https:\/\/www.mpppst.gob.ve\/mpppstweb\/index.php\/wp-json\/wp\/v2\/posts\/11319"}],"collection":[{"href":"https:\/\/www.mpppst.gob.ve\/mpppstweb\/index.php\/wp-json\/wp\/v2\/posts"}],"about":[{"href":"https:\/\/www.mpppst.gob.ve\/mpppstweb\/index.php\/wp-json\/wp\/v2\/types\/post"}],"author":[{"embeddable":true,"href":"https:\/\/www.mpppst.gob.ve\/mpppstweb\/index.php\/wp-json\/wp\/v2\/users\/25"}],"replies":[{"embeddable":true,"href":"https:\/\/www.mpppst.gob.ve\/mpppstweb\/index.php\/wp-json\/wp\/v2\/comments?post=11319"}],"version-history":[{"count":1,"href":"https:\/\/www.mpppst.gob.ve\/mpppstweb\/index.php\/wp-json\/wp\/v2\/posts\/11319\/revisions"}],"predecessor-version":[{"id":11322,"href":"https:\/\/www.mpppst.gob.ve\/mpppstweb\/index.php\/wp-json\/wp\/v2\/posts\/11319\/revisions\/11322"}],"wp:featuredmedia":[{"embeddable":true,"href":"https:\/\/www.mpppst.gob.ve\/mpppstweb\/index.php\/wp-json\/wp\/v2\/media\/11321"}],"wp:attachment":[{"href":"https:\/\/www.mpppst.gob.ve\/mpppstweb\/index.php\/wp-json\/wp\/v2\/media?parent=11319"}],"wp:term":[{"taxonomy":"category","embeddable":true,"href":"https:\/\/www.mpppst.gob.ve\/mpppstweb\/index.php\/wp-json\/wp\/v2\/categories?post=11319"},{"taxonomy":"post_tag","embeddable":true,"href":"https:\/\/www.mpppst.gob.ve\/mpppstweb\/index.php\/wp-json\/wp\/v2\/tags?post=11319"}],"curies":[{"name":"wp","href":"https:\/\/api.w.org\/{rel}","templated":true}]}}