{"id":11323,"date":"2017-05-03T15:02:49","date_gmt":"2017-05-03T19:02:49","guid":{"rendered":"http:\/\/www.mpppst.gob.ve\/mpppstweb\/?p=11323"},"modified":"2017-05-03T15:07:23","modified_gmt":"2017-05-03T19:07:23","slug":"clase-obrera-resteada-con-la-constituyente-y-con-maduro","status":"publish","type":"post","link":"https:\/\/www.mpppst.gob.ve\/mpppstweb\/index.php\/2017\/05\/03\/clase-obrera-resteada-con-la-constituyente-y-con-maduro\/","title":{"rendered":"Clase Obrera resteada con la Constituyente y con Maduro"},"content":{"rendered":"<p><strong>L<\/strong>a Clase Obrera acompa\u00f1\u00f3 el d\u00eda de hoy la concentraci\u00f3n en la Plaza Caracas y en el Consejo Nacional Electoral (CNE) con el fin de dar su decidido respaldo a la Constituyente. Se trat\u00f3 de una jornada en la cual priv\u00f3 un ambiente festivo en apoyo a un proceso en el que el pueblo ser\u00e1 el protagonista.<\/p>\n<p>En tal sentido, Richard Verde, trabajador de la Empresa nacionalizada Venvidrio, dijo que los trabajadores y trabajadoras de la Patria deben salir a la calle a defender la Constituyente. Agreg\u00f3 lo siguiente: \u201cnada m\u00e1s democr\u00e1tico que una Constituyente\u201d al tiempo que agregaba que los art\u00edculos 347 y 348 de la Constituci\u00f3n de la Rep\u00fablica Bolivariana de Venezuela son el horizonte que permitieron al Presidente pronunciarse a favor de un proceso social, popular, del pueblo, que ser\u00e1 defendido por el pueblo.<\/p>\n<p>En cuanto al papel de la Clase Obrera \u00a0dijo que el mismo es crucial en esta etapa y que las entidades de trabajo deben abocarse al desarrollo de la Constituyente, pues hay muchas f\u00f3rmulas en las que los trabajadores y trabajadoras nos vamos a ver favorecidos.<\/p>\n<p><strong>Un llamado in\u00e9dito <\/strong><\/p>\n<p>Por otra parte, Alexander Funes, de la direcci\u00f3n regional y parroquial de la JPSUV del estado Vargas, dijo sentirse orgulloso del llamado realizado por el Presidente de la Rep\u00fablica Nicol\u00e1s Maduro en este proceso, el cual calific\u00f3 de \u201cin\u00e9dito\u201d. Se trata de alimentar el Proyecto que nos leg\u00f3 el Comandante Eterno Hugo Ch\u00e1vez Fr\u00edas.<\/p>\n<p>Agreg\u00f3 que en tanto el chavismo promueve la paz, procurando el Estado comunal, la oposici\u00f3n acomete acciones terroristas y golpistas. \u201cVamos a defendernos del fascismo nacional y transnacional\u201d, culmin\u00f3.<\/p>\n<p>Por Marbelys Mav\u00e1rez Laguna<\/p>\n","protected":false},"excerpt":{"rendered":"<p>La Clase Obrera acompa\u00f1\u00f3 el d\u00eda de hoy la concentraci\u00f3n en la Plaza Caracas y en &hellip; <a title=\"Clase Obrera resteada con la Constituyente y con Maduro\" class=\"hm-read-more\" href=\"https:\/\/www.mpppst.gob.ve\/mpppstweb\/index.php\/2017\/05\/03\/clase-obrera-resteada-con-la-constituyente-y-con-maduro\/\"><span class=\"screen-reader-text\">Clase Obrera resteada con la Constituyente y con Maduro<\/span>Read more<\/a><\/p>\n","protected":false},"author":25,"featured_media":11324,"comment_status":"closed","ping_status":"closed","sticky":false,"template":"","format":"standard","meta":{"footnotes":""},"categories":[196,82,163,84],"tags":[],"yoast_head":"<!-- This site is optimized with the Yoast SEO plugin v22.5 - https:\/\/yoast.com\/wordpress\/plugins\/seo\/ -->\n<title>Clase Obrera resteada con la Constituyente y con Maduro - MPPPST<\/title>\n<meta name=\"robots\" content=\"index, follow, max-snippet:-1, max-image-preview:large, max-video-preview:-1\" \/>\n<link rel=\"canonical\" href=\"https:\/\/www.mpppst.gob.ve\/mpppstweb\/index.php\/2017\/05\/03\/clase-obrera-resteada-con-la-constituyente-y-con-maduro\/\" \/>\n<meta property=\"og:locale\" content=\"es_ES\" \/>\n<meta property=\"og:type\" content=\"article\" \/>\n<meta property=\"og:title\" content=\"Clase Obrera resteada con la Constituyente y con Maduro - MPPPST\" \/>\n<meta property=\"og:description\" content=\"La Clase Obrera acompa\u00f1\u00f3 el d\u00eda de hoy la concentraci\u00f3n en la Plaza Caracas y en &hellip; Clase Obrera resteada con la Constituyente y con MaduroRead more\" \/>\n<meta property=\"og:url\" content=\"https:\/\/www.mpppst.gob.ve\/mpppstweb\/index.php\/2017\/05\/03\/clase-obrera-resteada-con-la-constituyente-y-con-maduro\/\" \/>\n<meta property=\"og:site_name\" content=\"MPPPST\" \/>\n<meta property=\"article:published_time\" content=\"2017-05-03T19:02:49+00:00\" \/>\n<meta property=\"article:modified_time\" content=\"2017-05-03T19:07:23+00:00\" \/>\n<meta property=\"og:image\" content=\"https:\/\/www.mpppst.gob.ve\/mpppstweb\/wp-content\/uploads\/2017\/05\/PARA-WEB.jpg\" \/>\n\t<meta property=\"og:image:width\" content=\"640\" \/>\n\t<meta property=\"og:image:height\" content=\"427\" \/>\n\t<meta property=\"og:image:type\" content=\"image\/jpeg\" \/>\n<meta name=\"author\" content=\"MPPPST Prensa\" \/>\n<meta name=\"twitter:card\" content=\"summary_large_image\" \/>\n<meta name=\"twitter:label1\" content=\"Escrito por\" \/>\n\t<meta name=\"twitter:data1\" content=\"MPPPST Prensa\" \/>\n\t<meta name=\"twitter:label2\" content=\"Tiempo de lectura\" \/>\n\t<meta name=\"twitter:data2\" content=\"1 minuto\" \/>\n<script type=\"application\/ld+json\" class=\"yoast-schema-graph\">{\"@context\":\"https:\/\/schema.org\",\"@graph\":[{\"@type\":\"Article\",\"@id\":\"https:\/\/www.mpppst.gob.ve\/mpppstweb\/index.php\/2017\/05\/03\/clase-obrera-resteada-con-la-constituyente-y-con-maduro\/#article\",\"isPartOf\":{\"@id\":\"https:\/\/www.mpppst.gob.ve\/mpppstweb\/index.php\/2017\/05\/03\/clase-obrera-resteada-con-la-constituyente-y-con-maduro\/\"},\"author\":{\"name\":\"MPPPST Prensa\",\"@id\":\"https:\/\/www.mpppst.gob.ve\/mpppstweb\/#\/schema\/person\/fc187ee8ead412bd4c9304b62f900ea4\"},\"headline\":\"Clase Obrera resteada con la Constituyente y con Maduro\",\"datePublished\":\"2017-05-03T19:02:49+00:00\",\"dateModified\":\"2017-05-03T19:07:23+00:00\",\"mainEntityOfPage\":{\"@id\":\"https:\/\/www.mpppst.gob.ve\/mpppstweb\/index.php\/2017\/05\/03\/clase-obrera-resteada-con-la-constituyente-y-con-maduro\/\"},\"wordCount\":297,\"publisher\":{\"@id\":\"https:\/\/www.mpppst.gob.ve\/mpppstweb\/#organization\"},\"image\":{\"@id\":\"https:\/\/www.mpppst.gob.ve\/mpppstweb\/index.php\/2017\/05\/03\/clase-obrera-resteada-con-la-constituyente-y-con-maduro\/#primaryimage\"},\"thumbnailUrl\":\"https:\/\/www.mpppst.gob.ve\/mpppstweb\/wp-content\/uploads\/2017\/05\/PARA-WEB.jpg\",\"articleSection\":[\"Empleo\",\"Gobierno Nacional\",\"Noticias\",\"Vida Laboral y Sindical\"],\"inLanguage\":\"es\"},{\"@type\":\"WebPage\",\"@id\":\"https:\/\/www.mpppst.gob.ve\/mpppstweb\/index.php\/2017\/05\/03\/clase-obrera-resteada-con-la-constituyente-y-con-maduro\/\",\"url\":\"https:\/\/www.mpppst.gob.ve\/mpppstweb\/index.php\/2017\/05\/03\/clase-obrera-resteada-con-la-constituyente-y-con-maduro\/\",\"name\":\"Clase Obrera resteada con la Constituyente y con Maduro - MPPPST\",\"isPartOf\":{\"@id\":\"https:\/\/www.mpppst.gob.ve\/mpppstweb\/#website\"},\"primaryImageOfPage\":{\"@id\":\"https:\/\/www.mpppst.gob.ve\/mpppstweb\/index.php\/2017\/05\/03\/clase-obrera-resteada-con-la-constituyente-y-con-maduro\/#primaryimage\"},\"image\":{\"@id\":\"https:\/\/www.mpppst.gob.ve\/mpppstweb\/index.php\/2017\/05\/03\/clase-obrera-resteada-con-la-constituyente-y-con-maduro\/#primaryimage\"},\"thumbnailUrl\":\"https:\/\/www.mpppst.gob.ve\/mpppstweb\/wp-content\/uploads\/2017\/05\/PARA-WEB.jpg\",\"datePublished\":\"2017-05-03T19:02:49+00:00\",\"dateModified\":\"2017-05-03T19:07:23+00:00\",\"breadcrumb\":{\"@id\":\"https:\/\/www.mpppst.gob.ve\/mpppstweb\/index.php\/2017\/05\/03\/clase-obrera-resteada-con-la-constituyente-y-con-maduro\/#breadcrumb\"},\"inLanguage\":\"es\",\"potentialAction\":[{\"@type\":\"ReadAction\",\"target\":[\"https:\/\/www.mpppst.gob.ve\/mpppstweb\/index.php\/2017\/05\/03\/clase-obrera-resteada-con-la-constituyente-y-con-maduro\/\"]}]},{\"@type\":\"ImageObject\",\"inLanguage\":\"es\",\"@id\":\"https:\/\/www.mpppst.gob.ve\/mpppstweb\/index.php\/2017\/05\/03\/clase-obrera-resteada-con-la-constituyente-y-con-maduro\/#primaryimage\",\"url\":\"https:\/\/www.mpppst.gob.ve\/mpppstweb\/wp-content\/uploads\/2017\/05\/PARA-WEB.jpg\",\"contentUrl\":\"https:\/\/www.mpppst.gob.ve\/mpppstweb\/wp-content\/uploads\/2017\/05\/PARA-WEB.jpg\",\"width\":640,\"height\":427},{\"@type\":\"BreadcrumbList\",\"@id\":\"https:\/\/www.mpppst.gob.ve\/mpppstweb\/index.php\/2017\/05\/03\/clase-obrera-resteada-con-la-constituyente-y-con-maduro\/#breadcrumb\",\"itemListElement\":[{\"@type\":\"ListItem\",\"position\":1,\"name\":\"Home\",\"item\":\"https:\/\/www.mpppst.gob.ve\/mpppstweb\/\"},{\"@type\":\"ListItem\",\"position\":2,\"name\":\"Clase Obrera resteada con la Constituyente y con Maduro\"}]},{\"@type\":\"WebSite\",\"@id\":\"https:\/\/www.mpppst.gob.ve\/mpppstweb\/#website\",\"url\":\"https:\/\/www.mpppst.gob.ve\/mpppstweb\/\",\"name\":\"MPPPST\",\"description\":\"Ministerio del Poder Popular para el Proceso Social de Trabajo\",\"publisher\":{\"@id\":\"https:\/\/www.mpppst.gob.ve\/mpppstweb\/#organization\"},\"potentialAction\":[{\"@type\":\"SearchAction\",\"target\":{\"@type\":\"EntryPoint\",\"urlTemplate\":\"https:\/\/www.mpppst.gob.ve\/mpppstweb\/?s={search_term_string}\"},\"query-input\":\"required name=search_term_string\"}],\"inLanguage\":\"es\"},{\"@type\":\"Organization\",\"@id\":\"https:\/\/www.mpppst.gob.ve\/mpppstweb\/#organization\",\"name\":\"mpppst\",\"url\":\"https:\/\/www.mpppst.gob.ve\/mpppstweb\/\",\"logo\":{\"@type\":\"ImageObject\",\"inLanguage\":\"es\",\"@id\":\"https:\/\/www.mpppst.gob.ve\/mpppstweb\/#\/schema\/logo\/image\/\",\"url\":\"https:\/\/www.mpppst.gob.ve\/mpppstweb\/wp-content\/uploads\/2025\/07\/cropped-cropped-g910.png\",\"contentUrl\":\"https:\/\/www.mpppst.gob.ve\/mpppstweb\/wp-content\/uploads\/2025\/07\/cropped-cropped-g910.png\",\"width\":1080,\"height\":241,\"caption\":\"mpppst\"},\"image\":{\"@id\":\"https:\/\/www.mpppst.gob.ve\/mpppstweb\/#\/schema\/logo\/image\/\"}},{\"@type\":\"Person\",\"@id\":\"https:\/\/www.mpppst.gob.ve\/mpppstweb\/#\/schema\/person\/fc187ee8ead412bd4c9304b62f900ea4\",\"name\":\"MPPPST Prensa\",\"url\":\"https:\/\/www.mpppst.gob.ve\/mpppstweb\/index.php\/author\/prensa-mpppst\/\"}]}<\/script>\n<!-- \/ Yoast SEO plugin. -->","yoast_head_json":{"title":"Clase Obrera resteada con la Constituyente y con Maduro - MPPPST","robots":{"index":"index","follow":"follow","max-snippet":"max-snippet:-1","max-image-preview":"max-image-preview:large","max-video-preview":"max-video-preview:-1"},"canonical":"https:\/\/www.mpppst.gob.ve\/mpppstweb\/index.php\/2017\/05\/03\/clase-obrera-resteada-con-la-constituyente-y-con-maduro\/","og_locale":"es_ES","og_type":"article","og_title":"Clase Obrera resteada con la Constituyente y con Maduro - MPPPST","og_description":"La Clase Obrera acompa\u00f1\u00f3 el d\u00eda de hoy la concentraci\u00f3n en la Plaza Caracas y en &hellip; Clase Obrera resteada con la Constituyente y con MaduroRead more","og_url":"https:\/\/www.mpppst.gob.ve\/mpppstweb\/index.php\/2017\/05\/03\/clase-obrera-resteada-con-la-constituyente-y-con-maduro\/","og_site_name":"MPPPST","article_published_time":"2017-05-03T19:02:49+00:00","article_modified_time":"2017-05-03T19:07:23+00:00","og_image":[{"width":640,"height":427,"url":"https:\/\/www.mpppst.gob.ve\/mpppstweb\/wp-content\/uploads\/2017\/05\/PARA-WEB.jpg","type":"image\/jpeg"}],"author":"MPPPST Prensa","twitter_card":"summary_large_image","twitter_misc":{"Escrito por":"MPPPST Prensa","Tiempo de lectura":"1 minuto"},"schema":{"@context":"https:\/\/schema.org","@graph":[{"@type":"Article","@id":"https:\/\/www.mpppst.gob.ve\/mpppstweb\/index.php\/2017\/05\/03\/clase-obrera-resteada-con-la-constituyente-y-con-maduro\/#article","isPartOf":{"@id":"https:\/\/www.mpppst.gob.ve\/mpppstweb\/index.php\/2017\/05\/03\/clase-obrera-resteada-con-la-constituyente-y-con-maduro\/"},"author":{"name":"MPPPST Prensa","@id":"https:\/\/www.mpppst.gob.ve\/mpppstweb\/#\/schema\/person\/fc187ee8ead412bd4c9304b62f900ea4"},"headline":"Clase Obrera resteada con la Constituyente y con Maduro","datePublished":"2017-05-03T19:02:49+00:00","dateModified":"2017-05-03T19:07:23+00:00","mainEntityOfPage":{"@id":"https:\/\/www.mpppst.gob.ve\/mpppstweb\/index.php\/2017\/05\/03\/clase-obrera-resteada-con-la-constituyente-y-con-maduro\/"},"wordCount":297,"publisher":{"@id":"https:\/\/www.mpppst.gob.ve\/mpppstweb\/#organization"},"image":{"@id":"https:\/\/www.mpppst.gob.ve\/mpppstweb\/index.php\/2017\/05\/03\/clase-obrera-resteada-con-la-constituyente-y-con-maduro\/#primaryimage"},"thumbnailUrl":"https:\/\/www.mpppst.gob.ve\/mpppstweb\/wp-content\/uploads\/2017\/05\/PARA-WEB.jpg","articleSection":["Empleo","Gobierno Nacional","Noticias","Vida Laboral y Sindical"],"inLanguage":"es"},{"@type":"WebPage","@id":"https:\/\/www.mpppst.gob.ve\/mpppstweb\/index.php\/2017\/05\/03\/clase-obrera-resteada-con-la-constituyente-y-con-maduro\/","url":"https:\/\/www.mpppst.gob.ve\/mpppstweb\/index.php\/2017\/05\/03\/clase-obrera-resteada-con-la-constituyente-y-con-maduro\/","name":"Clase Obrera resteada con la Constituyente y con Maduro - MPPPST","isPartOf":{"@id":"https:\/\/www.mpppst.gob.ve\/mpppstweb\/#website"},"primaryImageOfPage":{"@id":"https:\/\/www.mpppst.gob.ve\/mpppstweb\/index.php\/2017\/05\/03\/clase-obrera-resteada-con-la-constituyente-y-con-maduro\/#primaryimage"},"image":{"@id":"https:\/\/www.mpppst.gob.ve\/mpppstweb\/index.php\/2017\/05\/03\/clase-obrera-resteada-con-la-constituyente-y-con-maduro\/#primaryimage"},"thumbnailUrl":"https:\/\/www.mpppst.gob.ve\/mpppstweb\/wp-content\/uploads\/2017\/05\/PARA-WEB.jpg","datePublished":"2017-05-03T19:02:49+00:00","dateModified":"2017-05-03T19:07:23+00:00","breadcrumb":{"@id":"https:\/\/www.mpppst.gob.ve\/mpppstweb\/index.php\/2017\/05\/03\/clase-obrera-resteada-con-la-constituyente-y-con-maduro\/#breadcrumb"},"inLanguage":"es","potentialAction":[{"@type":"ReadAction","target":["https:\/\/www.mpppst.gob.ve\/mpppstweb\/index.php\/2017\/05\/03\/clase-obrera-resteada-con-la-constituyente-y-con-maduro\/"]}]},{"@type":"ImageObject","inLanguage":"es","@id":"https:\/\/www.mpppst.gob.ve\/mpppstweb\/index.php\/2017\/05\/03\/clase-obrera-resteada-con-la-constituyente-y-con-maduro\/#primaryimage","url":"https:\/\/www.mpppst.gob.ve\/mpppstweb\/wp-content\/uploads\/2017\/05\/PARA-WEB.jpg","contentUrl":"https:\/\/www.mpppst.gob.ve\/mpppstweb\/wp-content\/uploads\/2017\/05\/PARA-WEB.jpg","width":640,"height":427},{"@type":"BreadcrumbList","@id":"https:\/\/www.mpppst.gob.ve\/mpppstweb\/index.php\/2017\/05\/03\/clase-obrera-resteada-con-la-constituyente-y-con-maduro\/#breadcrumb","itemListElement":[{"@type":"ListItem","position":1,"name":"Home","item":"https:\/\/www.mpppst.gob.ve\/mpppstweb\/"},{"@type":"ListItem","position":2,"name":"Clase Obrera resteada con la Constituyente y con Maduro"}]},{"@type":"WebSite","@id":"https:\/\/www.mpppst.gob.ve\/mpppstweb\/#website","url":"https:\/\/www.mpppst.gob.ve\/mpppstweb\/","name":"MPPPST","description":"Ministerio del Poder Popular para el Proceso Social de Trabajo","publisher":{"@id":"https:\/\/www.mpppst.gob.ve\/mpppstweb\/#organization"},"potentialAction":[{"@type":"SearchAction","target":{"@type":"EntryPoint","urlTemplate":"https:\/\/www.mpppst.gob.ve\/mpppstweb\/?s={search_term_string}"},"query-input":"required name=search_term_string"}],"inLanguage":"es"},{"@type":"Organization","@id":"https:\/\/www.mpppst.gob.ve\/mpppstweb\/#organization","name":"mpppst","url":"https:\/\/www.mpppst.gob.ve\/mpppstweb\/","logo":{"@type":"ImageObject","inLanguage":"es","@id":"https:\/\/www.mpppst.gob.ve\/mpppstweb\/#\/schema\/logo\/image\/","url":"https:\/\/www.mpppst.gob.ve\/mpppstweb\/wp-content\/uploads\/2025\/07\/cropped-cropped-g910.png","contentUrl":"https:\/\/www.mpppst.gob.ve\/mpppstweb\/wp-content\/uploads\/2025\/07\/cropped-cropped-g910.png","width":1080,"height":241,"caption":"mpppst"},"image":{"@id":"https:\/\/www.mpppst.gob.ve\/mpppstweb\/#\/schema\/logo\/image\/"}},{"@type":"Person","@id":"https:\/\/www.mpppst.gob.ve\/mpppstweb\/#\/schema\/person\/fc187ee8ead412bd4c9304b62f900ea4","name":"MPPPST Prensa","url":"https:\/\/www.mpppst.gob.ve\/mpppstweb\/index.php\/author\/prensa-mpppst\/"}]}},"_links":{"self":[{"href":"https:\/\/www.mpppst.gob.ve\/mpppstweb\/index.php\/wp-json\/wp\/v2\/posts\/11323"}],"collection":[{"href":"https:\/\/www.mpppst.gob.ve\/mpppstweb\/index.php\/wp-json\/wp\/v2\/posts"}],"about":[{"href":"https:\/\/www.mpppst.gob.ve\/mpppstweb\/index.php\/wp-json\/wp\/v2\/types\/post"}],"author":[{"embeddable":true,"href":"https:\/\/www.mpppst.gob.ve\/mpppstweb\/index.php\/wp-json\/wp\/v2\/users\/25"}],"replies":[{"embeddable":true,"href":"https:\/\/www.mpppst.gob.ve\/mpppstweb\/index.php\/wp-json\/wp\/v2\/comments?post=11323"}],"version-history":[{"count":1,"href":"https:\/\/www.mpppst.gob.ve\/mpppstweb\/index.php\/wp-json\/wp\/v2\/posts\/11323\/revisions"}],"predecessor-version":[{"id":11325,"href":"https:\/\/www.mpppst.gob.ve\/mpppstweb\/index.php\/wp-json\/wp\/v2\/posts\/11323\/revisions\/11325"}],"wp:featuredmedia":[{"embeddable":true,"href":"https:\/\/www.mpppst.gob.ve\/mpppstweb\/index.php\/wp-json\/wp\/v2\/media\/11324"}],"wp:attachment":[{"href":"https:\/\/www.mpppst.gob.ve\/mpppstweb\/index.php\/wp-json\/wp\/v2\/media?parent=11323"}],"wp:term":[{"taxonomy":"category","embeddable":true,"href":"https:\/\/www.mpppst.gob.ve\/mpppstweb\/index.php\/wp-json\/wp\/v2\/categories?post=11323"},{"taxonomy":"post_tag","embeddable":true,"href":"https:\/\/www.mpppst.gob.ve\/mpppstweb\/index.php\/wp-json\/wp\/v2\/tags?post=11323"}],"curies":[{"name":"wp","href":"https:\/\/api.w.org\/{rel}","templated":true}]}}