{"id":11326,"date":"2017-05-04T09:11:02","date_gmt":"2017-05-04T13:11:02","guid":{"rendered":"http:\/\/www.mpppst.gob.ve\/mpppstweb\/?p=11326"},"modified":"2017-05-04T09:11:02","modified_gmt":"2017-05-04T13:11:02","slug":"maduro-le-entrego-el-poder-al-pueblo-para-que-decida-el-destino-de-la-patria","status":"publish","type":"post","link":"https:\/\/www.mpppst.gob.ve\/mpppstweb\/index.php\/2017\/05\/04\/maduro-le-entrego-el-poder-al-pueblo-para-que-decida-el-destino-de-la-patria\/","title":{"rendered":"Maduro: Le entrego el poder al pueblo para que decida el destino de la patria"},"content":{"rendered":"<p>AVN.- La Asamblea Nacional Constituyente, convocada por el Presidente de la Rep\u00fablica, Nicol\u00e1s Maduro, abre el camino para el fortalecimiento del modelo pol\u00edtico, econ\u00f3mico, moral y social que se construye en el pa\u00eds desde 1999 bajo la conducci\u00f3n del pueblo venezolano, que decidir\u00e1 los mecanismos para el nuevo proceso hist\u00f3rico en marcha.<\/p>\n<p>\u00abHoy 3 de mayo, d\u00eda de la cruz bendita de mayo, queda activada oficialmente la convocatoria al poder constituyente originario. Le entrego el poder a ustedes, para que el pueblo decida cu\u00e1l es el destino de la Patria\u00bb, dijo este mi\u00e9rcoles el mandatario, que entreg\u00f3 ante el Consejo Nacional Electoral (CNE) el decreto que convoca a la constituyente.<\/p>\n<p>Tras consignar el documento, el jefe de Estado se reuni\u00f3 con miembros de organizaciones sociales, estudiantes, trabajadores, entre otros, que se congregaron en la plaza Caracas y en la Diego Ibarra para reafirmar su apoyo a la activaci\u00f3n del mecanismo, que se propone avanzar en nueve l\u00edneas estrat\u00e9gicas.<\/p>\n<p>Una de ellas es la creaci\u00f3n de un nuevo modelo econ\u00f3mico post petrolero, diversificado y mixto, con el objetivo de fortalecer el sector productivo del pa\u00eds, que se ha visto azotado por la guerra econ\u00f3mica impulsada por sectores de la derecha.<\/p>\n<p>\u00abCon la nueva Constituyente vamos a establecer el nuevo sistema econ\u00f3mico de la Venezuela Potencia\u00bb, enfatiz\u00f3 Maduro, quien tambi\u00e9n propone darle rango constitucional al sistema de misiones, perfeccionar el sistema de justicia y consolidar la paz del pa\u00eds, frente a agentes promotores de la violencia, para llevar al pa\u00eds hacia \u00abla m\u00e1s grande y portentosa situaci\u00f3n de uni\u00f3n, paz y felicidad para el pueblo\u00bb.<\/p>\n<p>\u00abEstamos haciendo historia (&#8230;) Es la hora de la historia, es la hora de la Constituyente\u00bb, indic\u00f3 el jefe de Estado.<\/p>\n<p><strong>Organizaci\u00f3n popular, herramienta clave<\/strong><\/p>\n<p>En su intervenci\u00f3n, el jefe de Estado llam\u00f3 a la organizaci\u00f3n popular para impulsar la Asamblea Nacional Constituyente, mediante la creaci\u00f3n de los comit\u00e9s constituyentes.<\/p>\n<p>Convoc\u00f3, adem\u00e1s, a los Comit\u00e9 Locales de Abastecimiento y Producci\u00f3n (Clap), Unidades de Batalla Bol\u00edvar Ch\u00e1vez (UBCH), comunas y consejos comunales a \u00abla batalla territorial para ganar la Asamblea Nacional Constituyente\u00bb.<\/p>\n<p>\u00abTenemos que unir fuerzas para tener una mayor\u00eda determinante en la Asamblea Nacional Constituyente, y con todo el poder originario ir a una recomposici\u00f3n del pa\u00eds. Yo quiero un gran cambio revolucionario a trav\u00e9s de una Constituyente\u00bb, asever\u00f3 el jefe de Estado, quien propondr\u00e1 a la ANC incluir un cap\u00edtulo completo dedicado a los derechos del futuro de la juventud, sector al que llam\u00f3, junto a la clase obrera, a respaldar esta iniciativa.<\/p>\n<p><strong>El di\u00e1logo por la paz<\/strong><\/p>\n<p>Al consignar el decreto que convoca a la Asamblea Nacional Constituyente al CNE, el presidente Maduro reiter\u00f3 que ese mecanismo es uno de los m\u00e1s importantes que tiene el pa\u00eds \u00abpara convocar a un gran di\u00e1logo nacional, un gran encuentro de las ideas para la uni\u00f3n, la participaci\u00f3n, la democracia y la libertad\u00bb, enfatiz\u00f3 el mandatario.<\/p>\n<p>\u00abHe tra\u00eddo el decreto oficial al poder (CNE) que debe regir todo el proceso de elecci\u00f3n y proclamaci\u00f3n de la Asamblea Nacional Constituyente. Por primera vez desde 1999 el poder constituyente originario est\u00e1 vivo, y tambi\u00e9n por primera vez tenemos un poder electoral que rija todos los procesos electorales, esto no era as\u00ed en el pasado\u00bb, sostuvo.<\/p>\n<p>Se\u00f1al\u00f3 que la comisi\u00f3n presidencial para el proceso constituyente &#8211; presidida por el dirigente socialista El\u00edas Jaua, y Ad\u00e1n Ch\u00e1vez como secretario ejecutivo- coordina la gran consulta nacional que se inici\u00f3 esta semana con los diversos sectores de la sociedad venezolana.<\/p>\n<p>El Jefe de Estado, adem\u00e1s, ratific\u00f3 su llamado al di\u00e1logo nacional frente a los sectores que persisten en acciones violentas. \u00ab\u00a1Di\u00e1logo s\u00ed, violencia no, votos s\u00ed, balas no, vida s\u00ed, muerte no! Es la consigna, que viva la paz\u00bb.<\/p>\n","protected":false},"excerpt":{"rendered":"<p>AVN.- La Asamblea Nacional Constituyente, convocada por el Presidente de la Rep\u00fablica, Nicol\u00e1s Maduro, abre el &hellip; <a title=\"Maduro: Le entrego el poder al pueblo para que decida el destino de la patria\" class=\"hm-read-more\" href=\"https:\/\/www.mpppst.gob.ve\/mpppstweb\/index.php\/2017\/05\/04\/maduro-le-entrego-el-poder-al-pueblo-para-que-decida-el-destino-de-la-patria\/\"><span class=\"screen-reader-text\">Maduro: Le entrego el poder al pueblo para que decida el destino de la patria<\/span>Read more<\/a><\/p>\n","protected":false},"author":25,"featured_media":11327,"comment_status":"closed","ping_status":"closed","sticky":false,"template":"","format":"standard","meta":{"footnotes":""},"categories":[82,163,213],"tags":[222,285],"yoast_head":"<!-- This site is optimized with the Yoast SEO plugin v22.5 - https:\/\/yoast.com\/wordpress\/plugins\/seo\/ -->\n<title>Maduro: Le entrego el poder al pueblo para que decida el destino de la patria - MPPPST<\/title>\n<meta name=\"robots\" content=\"index, follow, max-snippet:-1, max-image-preview:large, max-video-preview:-1\" \/>\n<link rel=\"canonical\" href=\"https:\/\/www.mpppst.gob.ve\/mpppstweb\/index.php\/2017\/05\/04\/maduro-le-entrego-el-poder-al-pueblo-para-que-decida-el-destino-de-la-patria\/\" \/>\n<meta property=\"og:locale\" content=\"es_ES\" \/>\n<meta property=\"og:type\" content=\"article\" \/>\n<meta property=\"og:title\" content=\"Maduro: Le entrego el poder al pueblo para que decida el destino de la patria - MPPPST\" \/>\n<meta property=\"og:description\" content=\"AVN.- La Asamblea Nacional Constituyente, convocada por el Presidente de la Rep\u00fablica, Nicol\u00e1s Maduro, abre el &hellip; Maduro: Le entrego el poder al pueblo para que decida el destino de la patriaRead more\" \/>\n<meta property=\"og:url\" content=\"https:\/\/www.mpppst.gob.ve\/mpppstweb\/index.php\/2017\/05\/04\/maduro-le-entrego-el-poder-al-pueblo-para-que-decida-el-destino-de-la-patria\/\" \/>\n<meta property=\"og:site_name\" content=\"MPPPST\" \/>\n<meta property=\"article:published_time\" content=\"2017-05-04T13:11:02+00:00\" \/>\n<meta property=\"og:image\" content=\"https:\/\/www.mpppst.gob.ve\/mpppstweb\/wp-content\/uploads\/2017\/05\/Maduro-1.jpg\" \/>\n\t<meta property=\"og:image:width\" content=\"800\" \/>\n\t<meta property=\"og:image:height\" content=\"445\" \/>\n\t<meta property=\"og:image:type\" content=\"image\/jpeg\" \/>\n<meta name=\"author\" content=\"MPPPST Prensa\" \/>\n<meta name=\"twitter:card\" content=\"summary_large_image\" \/>\n<meta name=\"twitter:label1\" content=\"Escrito por\" \/>\n\t<meta name=\"twitter:data1\" content=\"MPPPST Prensa\" \/>\n\t<meta name=\"twitter:label2\" content=\"Tiempo de lectura\" \/>\n\t<meta name=\"twitter:data2\" content=\"3 minutos\" \/>\n<script type=\"application\/ld+json\" class=\"yoast-schema-graph\">{\"@context\":\"https:\/\/schema.org\",\"@graph\":[{\"@type\":\"Article\",\"@id\":\"https:\/\/www.mpppst.gob.ve\/mpppstweb\/index.php\/2017\/05\/04\/maduro-le-entrego-el-poder-al-pueblo-para-que-decida-el-destino-de-la-patria\/#article\",\"isPartOf\":{\"@id\":\"https:\/\/www.mpppst.gob.ve\/mpppstweb\/index.php\/2017\/05\/04\/maduro-le-entrego-el-poder-al-pueblo-para-que-decida-el-destino-de-la-patria\/\"},\"author\":{\"name\":\"MPPPST Prensa\",\"@id\":\"https:\/\/www.mpppst.gob.ve\/mpppstweb\/#\/schema\/person\/fc187ee8ead412bd4c9304b62f900ea4\"},\"headline\":\"Maduro: Le entrego el poder al pueblo para que decida el destino de la patria\",\"datePublished\":\"2017-05-04T13:11:02+00:00\",\"dateModified\":\"2017-05-04T13:11:02+00:00\",\"mainEntityOfPage\":{\"@id\":\"https:\/\/www.mpppst.gob.ve\/mpppstweb\/index.php\/2017\/05\/04\/maduro-le-entrego-el-poder-al-pueblo-para-que-decida-el-destino-de-la-patria\/\"},\"wordCount\":683,\"publisher\":{\"@id\":\"https:\/\/www.mpppst.gob.ve\/mpppstweb\/#organization\"},\"image\":{\"@id\":\"https:\/\/www.mpppst.gob.ve\/mpppstweb\/index.php\/2017\/05\/04\/maduro-le-entrego-el-poder-al-pueblo-para-que-decida-el-destino-de-la-patria\/#primaryimage\"},\"thumbnailUrl\":\"https:\/\/www.mpppst.gob.ve\/mpppstweb\/wp-content\/uploads\/2017\/05\/Maduro-1.jpg\",\"keywords\":[\"Gobierno Bolivariano\",\"Presidente Maduro\"],\"articleSection\":[\"Gobierno Nacional\",\"Noticias\",\"Presidencia de la Rep\u00fablica\"],\"inLanguage\":\"es\"},{\"@type\":\"WebPage\",\"@id\":\"https:\/\/www.mpppst.gob.ve\/mpppstweb\/index.php\/2017\/05\/04\/maduro-le-entrego-el-poder-al-pueblo-para-que-decida-el-destino-de-la-patria\/\",\"url\":\"https:\/\/www.mpppst.gob.ve\/mpppstweb\/index.php\/2017\/05\/04\/maduro-le-entrego-el-poder-al-pueblo-para-que-decida-el-destino-de-la-patria\/\",\"name\":\"Maduro: Le entrego el poder al pueblo para que decida el destino de la patria - MPPPST\",\"isPartOf\":{\"@id\":\"https:\/\/www.mpppst.gob.ve\/mpppstweb\/#website\"},\"primaryImageOfPage\":{\"@id\":\"https:\/\/www.mpppst.gob.ve\/mpppstweb\/index.php\/2017\/05\/04\/maduro-le-entrego-el-poder-al-pueblo-para-que-decida-el-destino-de-la-patria\/#primaryimage\"},\"image\":{\"@id\":\"https:\/\/www.mpppst.gob.ve\/mpppstweb\/index.php\/2017\/05\/04\/maduro-le-entrego-el-poder-al-pueblo-para-que-decida-el-destino-de-la-patria\/#primaryimage\"},\"thumbnailUrl\":\"https:\/\/www.mpppst.gob.ve\/mpppstweb\/wp-content\/uploads\/2017\/05\/Maduro-1.jpg\",\"datePublished\":\"2017-05-04T13:11:02+00:00\",\"dateModified\":\"2017-05-04T13:11:02+00:00\",\"breadcrumb\":{\"@id\":\"https:\/\/www.mpppst.gob.ve\/mpppstweb\/index.php\/2017\/05\/04\/maduro-le-entrego-el-poder-al-pueblo-para-que-decida-el-destino-de-la-patria\/#breadcrumb\"},\"inLanguage\":\"es\",\"potentialAction\":[{\"@type\":\"ReadAction\",\"target\":[\"https:\/\/www.mpppst.gob.ve\/mpppstweb\/index.php\/2017\/05\/04\/maduro-le-entrego-el-poder-al-pueblo-para-que-decida-el-destino-de-la-patria\/\"]}]},{\"@type\":\"ImageObject\",\"inLanguage\":\"es\",\"@id\":\"https:\/\/www.mpppst.gob.ve\/mpppstweb\/index.php\/2017\/05\/04\/maduro-le-entrego-el-poder-al-pueblo-para-que-decida-el-destino-de-la-patria\/#primaryimage\",\"url\":\"https:\/\/www.mpppst.gob.ve\/mpppstweb\/wp-content\/uploads\/2017\/05\/Maduro-1.jpg\",\"contentUrl\":\"https:\/\/www.mpppst.gob.ve\/mpppstweb\/wp-content\/uploads\/2017\/05\/Maduro-1.jpg\",\"width\":800,\"height\":445},{\"@type\":\"BreadcrumbList\",\"@id\":\"https:\/\/www.mpppst.gob.ve\/mpppstweb\/index.php\/2017\/05\/04\/maduro-le-entrego-el-poder-al-pueblo-para-que-decida-el-destino-de-la-patria\/#breadcrumb\",\"itemListElement\":[{\"@type\":\"ListItem\",\"position\":1,\"name\":\"Home\",\"item\":\"https:\/\/www.mpppst.gob.ve\/mpppstweb\/\"},{\"@type\":\"ListItem\",\"position\":2,\"name\":\"Maduro: Le entrego el poder al pueblo para que decida el destino de la patria\"}]},{\"@type\":\"WebSite\",\"@id\":\"https:\/\/www.mpppst.gob.ve\/mpppstweb\/#website\",\"url\":\"https:\/\/www.mpppst.gob.ve\/mpppstweb\/\",\"name\":\"MPPPST\",\"description\":\"Ministerio del Poder Popular para el Proceso Social de Trabajo\",\"publisher\":{\"@id\":\"https:\/\/www.mpppst.gob.ve\/mpppstweb\/#organization\"},\"potentialAction\":[{\"@type\":\"SearchAction\",\"target\":{\"@type\":\"EntryPoint\",\"urlTemplate\":\"https:\/\/www.mpppst.gob.ve\/mpppstweb\/?s={search_term_string}\"},\"query-input\":\"required name=search_term_string\"}],\"inLanguage\":\"es\"},{\"@type\":\"Organization\",\"@id\":\"https:\/\/www.mpppst.gob.ve\/mpppstweb\/#organization\",\"name\":\"mpppst\",\"url\":\"https:\/\/www.mpppst.gob.ve\/mpppstweb\/\",\"logo\":{\"@type\":\"ImageObject\",\"inLanguage\":\"es\",\"@id\":\"https:\/\/www.mpppst.gob.ve\/mpppstweb\/#\/schema\/logo\/image\/\",\"url\":\"https:\/\/www.mpppst.gob.ve\/mpppstweb\/wp-content\/uploads\/2025\/07\/cropped-cropped-g910.png\",\"contentUrl\":\"https:\/\/www.mpppst.gob.ve\/mpppstweb\/wp-content\/uploads\/2025\/07\/cropped-cropped-g910.png\",\"width\":1080,\"height\":241,\"caption\":\"mpppst\"},\"image\":{\"@id\":\"https:\/\/www.mpppst.gob.ve\/mpppstweb\/#\/schema\/logo\/image\/\"}},{\"@type\":\"Person\",\"@id\":\"https:\/\/www.mpppst.gob.ve\/mpppstweb\/#\/schema\/person\/fc187ee8ead412bd4c9304b62f900ea4\",\"name\":\"MPPPST Prensa\",\"url\":\"https:\/\/www.mpppst.gob.ve\/mpppstweb\/index.php\/author\/prensa-mpppst\/\"}]}<\/script>\n<!-- \/ Yoast SEO plugin. -->","yoast_head_json":{"title":"Maduro: Le entrego el poder al pueblo para que decida el destino de la patria - MPPPST","robots":{"index":"index","follow":"follow","max-snippet":"max-snippet:-1","max-image-preview":"max-image-preview:large","max-video-preview":"max-video-preview:-1"},"canonical":"https:\/\/www.mpppst.gob.ve\/mpppstweb\/index.php\/2017\/05\/04\/maduro-le-entrego-el-poder-al-pueblo-para-que-decida-el-destino-de-la-patria\/","og_locale":"es_ES","og_type":"article","og_title":"Maduro: Le entrego el poder al pueblo para que decida el destino de la patria - MPPPST","og_description":"AVN.- La Asamblea Nacional Constituyente, convocada por el Presidente de la Rep\u00fablica, Nicol\u00e1s Maduro, abre el &hellip; Maduro: Le entrego el poder al pueblo para que decida el destino de la patriaRead more","og_url":"https:\/\/www.mpppst.gob.ve\/mpppstweb\/index.php\/2017\/05\/04\/maduro-le-entrego-el-poder-al-pueblo-para-que-decida-el-destino-de-la-patria\/","og_site_name":"MPPPST","article_published_time":"2017-05-04T13:11:02+00:00","og_image":[{"width":800,"height":445,"url":"https:\/\/www.mpppst.gob.ve\/mpppstweb\/wp-content\/uploads\/2017\/05\/Maduro-1.jpg","type":"image\/jpeg"}],"author":"MPPPST Prensa","twitter_card":"summary_large_image","twitter_misc":{"Escrito por":"MPPPST Prensa","Tiempo de lectura":"3 minutos"},"schema":{"@context":"https:\/\/schema.org","@graph":[{"@type":"Article","@id":"https:\/\/www.mpppst.gob.ve\/mpppstweb\/index.php\/2017\/05\/04\/maduro-le-entrego-el-poder-al-pueblo-para-que-decida-el-destino-de-la-patria\/#article","isPartOf":{"@id":"https:\/\/www.mpppst.gob.ve\/mpppstweb\/index.php\/2017\/05\/04\/maduro-le-entrego-el-poder-al-pueblo-para-que-decida-el-destino-de-la-patria\/"},"author":{"name":"MPPPST Prensa","@id":"https:\/\/www.mpppst.gob.ve\/mpppstweb\/#\/schema\/person\/fc187ee8ead412bd4c9304b62f900ea4"},"headline":"Maduro: Le entrego el poder al pueblo para que decida el destino de la patria","datePublished":"2017-05-04T13:11:02+00:00","dateModified":"2017-05-04T13:11:02+00:00","mainEntityOfPage":{"@id":"https:\/\/www.mpppst.gob.ve\/mpppstweb\/index.php\/2017\/05\/04\/maduro-le-entrego-el-poder-al-pueblo-para-que-decida-el-destino-de-la-patria\/"},"wordCount":683,"publisher":{"@id":"https:\/\/www.mpppst.gob.ve\/mpppstweb\/#organization"},"image":{"@id":"https:\/\/www.mpppst.gob.ve\/mpppstweb\/index.php\/2017\/05\/04\/maduro-le-entrego-el-poder-al-pueblo-para-que-decida-el-destino-de-la-patria\/#primaryimage"},"thumbnailUrl":"https:\/\/www.mpppst.gob.ve\/mpppstweb\/wp-content\/uploads\/2017\/05\/Maduro-1.jpg","keywords":["Gobierno Bolivariano","Presidente Maduro"],"articleSection":["Gobierno Nacional","Noticias","Presidencia de la Rep\u00fablica"],"inLanguage":"es"},{"@type":"WebPage","@id":"https:\/\/www.mpppst.gob.ve\/mpppstweb\/index.php\/2017\/05\/04\/maduro-le-entrego-el-poder-al-pueblo-para-que-decida-el-destino-de-la-patria\/","url":"https:\/\/www.mpppst.gob.ve\/mpppstweb\/index.php\/2017\/05\/04\/maduro-le-entrego-el-poder-al-pueblo-para-que-decida-el-destino-de-la-patria\/","name":"Maduro: Le entrego el poder al pueblo para que decida el destino de la patria - MPPPST","isPartOf":{"@id":"https:\/\/www.mpppst.gob.ve\/mpppstweb\/#website"},"primaryImageOfPage":{"@id":"https:\/\/www.mpppst.gob.ve\/mpppstweb\/index.php\/2017\/05\/04\/maduro-le-entrego-el-poder-al-pueblo-para-que-decida-el-destino-de-la-patria\/#primaryimage"},"image":{"@id":"https:\/\/www.mpppst.gob.ve\/mpppstweb\/index.php\/2017\/05\/04\/maduro-le-entrego-el-poder-al-pueblo-para-que-decida-el-destino-de-la-patria\/#primaryimage"},"thumbnailUrl":"https:\/\/www.mpppst.gob.ve\/mpppstweb\/wp-content\/uploads\/2017\/05\/Maduro-1.jpg","datePublished":"2017-05-04T13:11:02+00:00","dateModified":"2017-05-04T13:11:02+00:00","breadcrumb":{"@id":"https:\/\/www.mpppst.gob.ve\/mpppstweb\/index.php\/2017\/05\/04\/maduro-le-entrego-el-poder-al-pueblo-para-que-decida-el-destino-de-la-patria\/#breadcrumb"},"inLanguage":"es","potentialAction":[{"@type":"ReadAction","target":["https:\/\/www.mpppst.gob.ve\/mpppstweb\/index.php\/2017\/05\/04\/maduro-le-entrego-el-poder-al-pueblo-para-que-decida-el-destino-de-la-patria\/"]}]},{"@type":"ImageObject","inLanguage":"es","@id":"https:\/\/www.mpppst.gob.ve\/mpppstweb\/index.php\/2017\/05\/04\/maduro-le-entrego-el-poder-al-pueblo-para-que-decida-el-destino-de-la-patria\/#primaryimage","url":"https:\/\/www.mpppst.gob.ve\/mpppstweb\/wp-content\/uploads\/2017\/05\/Maduro-1.jpg","contentUrl":"https:\/\/www.mpppst.gob.ve\/mpppstweb\/wp-content\/uploads\/2017\/05\/Maduro-1.jpg","width":800,"height":445},{"@type":"BreadcrumbList","@id":"https:\/\/www.mpppst.gob.ve\/mpppstweb\/index.php\/2017\/05\/04\/maduro-le-entrego-el-poder-al-pueblo-para-que-decida-el-destino-de-la-patria\/#breadcrumb","itemListElement":[{"@type":"ListItem","position":1,"name":"Home","item":"https:\/\/www.mpppst.gob.ve\/mpppstweb\/"},{"@type":"ListItem","position":2,"name":"Maduro: Le entrego el poder al pueblo para que decida el destino de la patria"}]},{"@type":"WebSite","@id":"https:\/\/www.mpppst.gob.ve\/mpppstweb\/#website","url":"https:\/\/www.mpppst.gob.ve\/mpppstweb\/","name":"MPPPST","description":"Ministerio del Poder Popular para el Proceso Social de Trabajo","publisher":{"@id":"https:\/\/www.mpppst.gob.ve\/mpppstweb\/#organization"},"potentialAction":[{"@type":"SearchAction","target":{"@type":"EntryPoint","urlTemplate":"https:\/\/www.mpppst.gob.ve\/mpppstweb\/?s={search_term_string}"},"query-input":"required name=search_term_string"}],"inLanguage":"es"},{"@type":"Organization","@id":"https:\/\/www.mpppst.gob.ve\/mpppstweb\/#organization","name":"mpppst","url":"https:\/\/www.mpppst.gob.ve\/mpppstweb\/","logo":{"@type":"ImageObject","inLanguage":"es","@id":"https:\/\/www.mpppst.gob.ve\/mpppstweb\/#\/schema\/logo\/image\/","url":"https:\/\/www.mpppst.gob.ve\/mpppstweb\/wp-content\/uploads\/2025\/07\/cropped-cropped-g910.png","contentUrl":"https:\/\/www.mpppst.gob.ve\/mpppstweb\/wp-content\/uploads\/2025\/07\/cropped-cropped-g910.png","width":1080,"height":241,"caption":"mpppst"},"image":{"@id":"https:\/\/www.mpppst.gob.ve\/mpppstweb\/#\/schema\/logo\/image\/"}},{"@type":"Person","@id":"https:\/\/www.mpppst.gob.ve\/mpppstweb\/#\/schema\/person\/fc187ee8ead412bd4c9304b62f900ea4","name":"MPPPST Prensa","url":"https:\/\/www.mpppst.gob.ve\/mpppstweb\/index.php\/author\/prensa-mpppst\/"}]}},"_links":{"self":[{"href":"https:\/\/www.mpppst.gob.ve\/mpppstweb\/index.php\/wp-json\/wp\/v2\/posts\/11326"}],"collection":[{"href":"https:\/\/www.mpppst.gob.ve\/mpppstweb\/index.php\/wp-json\/wp\/v2\/posts"}],"about":[{"href":"https:\/\/www.mpppst.gob.ve\/mpppstweb\/index.php\/wp-json\/wp\/v2\/types\/post"}],"author":[{"embeddable":true,"href":"https:\/\/www.mpppst.gob.ve\/mpppstweb\/index.php\/wp-json\/wp\/v2\/users\/25"}],"replies":[{"embeddable":true,"href":"https:\/\/www.mpppst.gob.ve\/mpppstweb\/index.php\/wp-json\/wp\/v2\/comments?post=11326"}],"version-history":[{"count":1,"href":"https:\/\/www.mpppst.gob.ve\/mpppstweb\/index.php\/wp-json\/wp\/v2\/posts\/11326\/revisions"}],"predecessor-version":[{"id":11328,"href":"https:\/\/www.mpppst.gob.ve\/mpppstweb\/index.php\/wp-json\/wp\/v2\/posts\/11326\/revisions\/11328"}],"wp:featuredmedia":[{"embeddable":true,"href":"https:\/\/www.mpppst.gob.ve\/mpppstweb\/index.php\/wp-json\/wp\/v2\/media\/11327"}],"wp:attachment":[{"href":"https:\/\/www.mpppst.gob.ve\/mpppstweb\/index.php\/wp-json\/wp\/v2\/media?parent=11326"}],"wp:term":[{"taxonomy":"category","embeddable":true,"href":"https:\/\/www.mpppst.gob.ve\/mpppstweb\/index.php\/wp-json\/wp\/v2\/categories?post=11326"},{"taxonomy":"post_tag","embeddable":true,"href":"https:\/\/www.mpppst.gob.ve\/mpppstweb\/index.php\/wp-json\/wp\/v2\/tags?post=11326"}],"curies":[{"name":"wp","href":"https:\/\/api.w.org\/{rel}","templated":true}]}}