{"id":11329,"date":"2017-05-04T09:16:30","date_gmt":"2017-05-04T13:16:30","guid":{"rendered":"http:\/\/www.mpppst.gob.ve\/mpppstweb\/?p=11329"},"modified":"2017-05-04T09:16:30","modified_gmt":"2017-05-04T13:16:30","slug":"pueblo-asume-constituyente-como-via-para-fortalecer-el-poder-popular","status":"publish","type":"post","link":"https:\/\/www.mpppst.gob.ve\/mpppstweb\/index.php\/2017\/05\/04\/pueblo-asume-constituyente-como-via-para-fortalecer-el-poder-popular\/","title":{"rendered":"Pueblo asume Constituyente como v\u00eda para fortalecer el Poder Popular"},"content":{"rendered":"<p>AVN.- Con la bendici\u00f3n de la Cruz de Mayo, este mi\u00e9rcoles el pueblo revolucionario respaldo la decisi\u00f3n del presidente de la Rep\u00fablica, Nicol\u00e1s Maduro, de convocar una Asamblea Nacional Constituyente.<\/p>\n<p>A fin de fomentar la participaci\u00f3n del Poder Popular, ya consagrado en la Constituci\u00f3n Bolivariana de 1999, para afianzar la democracia en la naci\u00f3n, movimientos estudiantiles, comunales, obreros, entre otros, se concentraron en Plaza Caracas, en el municipio Libertador, para acompa\u00f1ar al presidente Maduro en la presentaci\u00f3n del decreto de convocatoria a la Asamblea Constituyente, ante el Consejo Nacional Electoral (CNE).<\/p>\n<p>\u00abNos encontramos aqu\u00ed los j\u00f3venes de la patria en respaldo al presidente Nicol\u00e1s Maduro en la toma de su decisi\u00f3n al llamar a la asamblea constituyente, decisi\u00f3n muy acertada, ya que es una reestructuraci\u00f3n de los poderes p\u00fablicos a nivel nacional y adem\u00e1s con esta convocatoria est\u00e1 diciendo al mundo que en Venezuela s\u00ed existe la democracia\u00bb, manifest\u00f3 Arley Carneiro, integrante de la Misi\u00f3n J\u00f3venes de la Patria Robert Serra.<\/p>\n<p>Entre gritos y consignas como \u00abSi a la Constituyente en favor de la paz del pueblo\u00bb, \u00abVamos al debate nacional\u00bb, el pueblo manifest\u00f3 su respaldo a la Revoluci\u00f3n Bolivariana, legado del comandante Hugo Ch\u00e1vez desde 1999.<\/p>\n<p>Carmen Porfilio, militante del Partido Unido de Venezuela (Psuv), manifest\u00f3 que con esta convocatoria el pueblo patriota demostrar\u00e1 una vez m\u00e1s que la Revoluci\u00f3n Bolivariana seguir\u00e1 siendo el camino que reivindica a los pobres.<\/p>\n<p>\u00abComo chavista de coraz\u00f3n respaldo la hist\u00f3rica decisi\u00f3n tomada por el presidente Maduro en la convocatoria de la Constituyente, es lo mejor que pudo pasar porque ante la situaci\u00f3n que estamos viviendo de ese ataque, de esa destrucci\u00f3n por parte de la derecha nacional, hace un llamado al pueblo a elegir las bases para consolidar la paz y la estabilidad econ\u00f3mica del pa\u00eds\u00bb, expres\u00f3 Porfilio.<\/p>\n<p>En la concentraci\u00f3n tambi\u00e9n se encontraba Katy P\u00e9rez, estudiante de la Misi\u00f3n Robinson, quien indic\u00f3 que con este proceso el pueblo venezolano tendr\u00e1 el poder de elegir la mejor la v\u00eda para dirimir el conflicto que se vive actualmente en el pa\u00eds, que a su juicio, ser\u00e1 resuelto a trav\u00e9s del di\u00e1logo.<\/p>\n<p>Por su parte, Nerio Castellano, de la parroquia el 23 de Enero, invit\u00f3 a todo el pueblo venezolano a apoyar esta convocatoria donde se propone avanzar en favor de la paz y estabilidad econ\u00f3mica del pa\u00eds.<\/p>\n<p>\u00abUna asamblea constituyente es necesaria porque necesitamos reivindicar la lucha de las misiones y grandes misiones en nuestra Constituci\u00f3n y adem\u00e1s para instaurar nuevas reformas que el Estado necesita para conseguir as\u00ed la paz definitiva\u00bb, manifest\u00f3 Castellano.<\/p>\n<p>Maira Toledo, proveniente del estado Vargas, indic\u00f3 con esta convocatoria abrir\u00e1 camino al di\u00e1logo sincero entre todos los venezolanos en favor de la paz.<\/p>\n<p>\u00abEl pueblo venezolano ha demostrado que ellos (la derecha nacional) son minor\u00eda porque el pueblo que desea paz, que es mayor\u00eda, se encuentra aqu\u00ed respaldando esta medida (&#8230;) Ellos quer\u00edan elecciones, bueno, que mejor que medirnos desde el pueblo para ver quienes son los venezolanos que aman a la patria\u00bb, manifest\u00f3 Toledo.<\/p>\n<p>Con el prop\u00f3sito de fortalecer y ampliar la Constituci\u00f3n Bolivariana de 1999, este mi\u00e9rcoles el presidente Maduro entreg\u00f3 ante el CNE el decreto que convoca a una Asamblea Nacional Constituyente, instrumento constitucional que dar\u00e1 todo el poder al pueblo para transformar el Estado.<\/p>\n<p>Esta comisi\u00f3n, presidida por El\u00edas Jaua, est\u00e1 conformada por Arist\u00f3bulo Ist\u00fariz, Hermann Escarr\u00e1, Isa\u00edas Rodr\u00edguez, Earle Herrera, Cilia Flores, Delcy Rodr\u00edguez, Iris Varela, Noel\u00ed Pocaterra, Francisco Ameliah, Elvis Amoroso y Reinaldo Mu\u00f1oz.<\/p>\n","protected":false},"excerpt":{"rendered":"<p>AVN.- Con la bendici\u00f3n de la Cruz de Mayo, este mi\u00e9rcoles el pueblo revolucionario respaldo la &hellip; <a title=\"Pueblo asume Constituyente como v\u00eda para fortalecer el Poder Popular\" class=\"hm-read-more\" href=\"https:\/\/www.mpppst.gob.ve\/mpppstweb\/index.php\/2017\/05\/04\/pueblo-asume-constituyente-como-via-para-fortalecer-el-poder-popular\/\"><span class=\"screen-reader-text\">Pueblo asume Constituyente como v\u00eda para fortalecer el Poder Popular<\/span>Read more<\/a><\/p>\n","protected":false},"author":25,"featured_media":11330,"comment_status":"closed","ping_status":"closed","sticky":false,"template":"","format":"standard","meta":{"footnotes":""},"categories":[82,163,213],"tags":[222,285],"yoast_head":"<!-- This site is optimized with the Yoast SEO plugin v22.5 - https:\/\/yoast.com\/wordpress\/plugins\/seo\/ -->\n<title>Pueblo asume Constituyente como v\u00eda para fortalecer el Poder Popular - MPPPST<\/title>\n<meta name=\"robots\" content=\"index, follow, max-snippet:-1, max-image-preview:large, max-video-preview:-1\" \/>\n<link rel=\"canonical\" href=\"https:\/\/www.mpppst.gob.ve\/mpppstweb\/index.php\/2017\/05\/04\/pueblo-asume-constituyente-como-via-para-fortalecer-el-poder-popular\/\" \/>\n<meta property=\"og:locale\" content=\"es_ES\" \/>\n<meta property=\"og:type\" content=\"article\" \/>\n<meta property=\"og:title\" content=\"Pueblo asume Constituyente como v\u00eda para fortalecer el Poder Popular - MPPPST\" \/>\n<meta property=\"og:description\" content=\"AVN.- Con la bendici\u00f3n de la Cruz de Mayo, este mi\u00e9rcoles el pueblo revolucionario respaldo la &hellip; Pueblo asume Constituyente como v\u00eda para fortalecer el Poder PopularRead more\" \/>\n<meta property=\"og:url\" content=\"https:\/\/www.mpppst.gob.ve\/mpppstweb\/index.php\/2017\/05\/04\/pueblo-asume-constituyente-como-via-para-fortalecer-el-poder-popular\/\" \/>\n<meta property=\"og:site_name\" content=\"MPPPST\" \/>\n<meta property=\"article:published_time\" content=\"2017-05-04T13:16:30+00:00\" \/>\n<meta property=\"og:image\" content=\"https:\/\/www.mpppst.gob.ve\/mpppstweb\/wp-content\/uploads\/2017\/05\/Pueblo-1.jpg\" \/>\n\t<meta property=\"og:image:width\" content=\"800\" \/>\n\t<meta property=\"og:image:height\" content=\"445\" \/>\n\t<meta property=\"og:image:type\" content=\"image\/jpeg\" \/>\n<meta name=\"author\" content=\"MPPPST Prensa\" \/>\n<meta name=\"twitter:card\" content=\"summary_large_image\" \/>\n<meta name=\"twitter:label1\" content=\"Escrito por\" \/>\n\t<meta name=\"twitter:data1\" content=\"MPPPST Prensa\" \/>\n\t<meta name=\"twitter:label2\" content=\"Tiempo de lectura\" \/>\n\t<meta name=\"twitter:data2\" content=\"3 minutos\" \/>\n<script type=\"application\/ld+json\" class=\"yoast-schema-graph\">{\"@context\":\"https:\/\/schema.org\",\"@graph\":[{\"@type\":\"Article\",\"@id\":\"https:\/\/www.mpppst.gob.ve\/mpppstweb\/index.php\/2017\/05\/04\/pueblo-asume-constituyente-como-via-para-fortalecer-el-poder-popular\/#article\",\"isPartOf\":{\"@id\":\"https:\/\/www.mpppst.gob.ve\/mpppstweb\/index.php\/2017\/05\/04\/pueblo-asume-constituyente-como-via-para-fortalecer-el-poder-popular\/\"},\"author\":{\"name\":\"MPPPST Prensa\",\"@id\":\"https:\/\/www.mpppst.gob.ve\/mpppstweb\/#\/schema\/person\/fc187ee8ead412bd4c9304b62f900ea4\"},\"headline\":\"Pueblo asume Constituyente como v\u00eda para fortalecer el Poder Popular\",\"datePublished\":\"2017-05-04T13:16:30+00:00\",\"dateModified\":\"2017-05-04T13:16:30+00:00\",\"mainEntityOfPage\":{\"@id\":\"https:\/\/www.mpppst.gob.ve\/mpppstweb\/index.php\/2017\/05\/04\/pueblo-asume-constituyente-como-via-para-fortalecer-el-poder-popular\/\"},\"wordCount\":636,\"publisher\":{\"@id\":\"https:\/\/www.mpppst.gob.ve\/mpppstweb\/#organization\"},\"image\":{\"@id\":\"https:\/\/www.mpppst.gob.ve\/mpppstweb\/index.php\/2017\/05\/04\/pueblo-asume-constituyente-como-via-para-fortalecer-el-poder-popular\/#primaryimage\"},\"thumbnailUrl\":\"https:\/\/www.mpppst.gob.ve\/mpppstweb\/wp-content\/uploads\/2017\/05\/Pueblo-1.jpg\",\"keywords\":[\"Gobierno Bolivariano\",\"Presidente Maduro\"],\"articleSection\":[\"Gobierno Nacional\",\"Noticias\",\"Presidencia de la Rep\u00fablica\"],\"inLanguage\":\"es\"},{\"@type\":\"WebPage\",\"@id\":\"https:\/\/www.mpppst.gob.ve\/mpppstweb\/index.php\/2017\/05\/04\/pueblo-asume-constituyente-como-via-para-fortalecer-el-poder-popular\/\",\"url\":\"https:\/\/www.mpppst.gob.ve\/mpppstweb\/index.php\/2017\/05\/04\/pueblo-asume-constituyente-como-via-para-fortalecer-el-poder-popular\/\",\"name\":\"Pueblo asume Constituyente como v\u00eda para fortalecer el Poder Popular - MPPPST\",\"isPartOf\":{\"@id\":\"https:\/\/www.mpppst.gob.ve\/mpppstweb\/#website\"},\"primaryImageOfPage\":{\"@id\":\"https:\/\/www.mpppst.gob.ve\/mpppstweb\/index.php\/2017\/05\/04\/pueblo-asume-constituyente-como-via-para-fortalecer-el-poder-popular\/#primaryimage\"},\"image\":{\"@id\":\"https:\/\/www.mpppst.gob.ve\/mpppstweb\/index.php\/2017\/05\/04\/pueblo-asume-constituyente-como-via-para-fortalecer-el-poder-popular\/#primaryimage\"},\"thumbnailUrl\":\"https:\/\/www.mpppst.gob.ve\/mpppstweb\/wp-content\/uploads\/2017\/05\/Pueblo-1.jpg\",\"datePublished\":\"2017-05-04T13:16:30+00:00\",\"dateModified\":\"2017-05-04T13:16:30+00:00\",\"breadcrumb\":{\"@id\":\"https:\/\/www.mpppst.gob.ve\/mpppstweb\/index.php\/2017\/05\/04\/pueblo-asume-constituyente-como-via-para-fortalecer-el-poder-popular\/#breadcrumb\"},\"inLanguage\":\"es\",\"potentialAction\":[{\"@type\":\"ReadAction\",\"target\":[\"https:\/\/www.mpppst.gob.ve\/mpppstweb\/index.php\/2017\/05\/04\/pueblo-asume-constituyente-como-via-para-fortalecer-el-poder-popular\/\"]}]},{\"@type\":\"ImageObject\",\"inLanguage\":\"es\",\"@id\":\"https:\/\/www.mpppst.gob.ve\/mpppstweb\/index.php\/2017\/05\/04\/pueblo-asume-constituyente-como-via-para-fortalecer-el-poder-popular\/#primaryimage\",\"url\":\"https:\/\/www.mpppst.gob.ve\/mpppstweb\/wp-content\/uploads\/2017\/05\/Pueblo-1.jpg\",\"contentUrl\":\"https:\/\/www.mpppst.gob.ve\/mpppstweb\/wp-content\/uploads\/2017\/05\/Pueblo-1.jpg\",\"width\":800,\"height\":445},{\"@type\":\"BreadcrumbList\",\"@id\":\"https:\/\/www.mpppst.gob.ve\/mpppstweb\/index.php\/2017\/05\/04\/pueblo-asume-constituyente-como-via-para-fortalecer-el-poder-popular\/#breadcrumb\",\"itemListElement\":[{\"@type\":\"ListItem\",\"position\":1,\"name\":\"Home\",\"item\":\"https:\/\/www.mpppst.gob.ve\/mpppstweb\/\"},{\"@type\":\"ListItem\",\"position\":2,\"name\":\"Pueblo asume Constituyente como v\u00eda para fortalecer el Poder Popular\"}]},{\"@type\":\"WebSite\",\"@id\":\"https:\/\/www.mpppst.gob.ve\/mpppstweb\/#website\",\"url\":\"https:\/\/www.mpppst.gob.ve\/mpppstweb\/\",\"name\":\"MPPPST\",\"description\":\"Ministerio del Poder Popular para el Proceso Social de Trabajo\",\"publisher\":{\"@id\":\"https:\/\/www.mpppst.gob.ve\/mpppstweb\/#organization\"},\"potentialAction\":[{\"@type\":\"SearchAction\",\"target\":{\"@type\":\"EntryPoint\",\"urlTemplate\":\"https:\/\/www.mpppst.gob.ve\/mpppstweb\/?s={search_term_string}\"},\"query-input\":\"required name=search_term_string\"}],\"inLanguage\":\"es\"},{\"@type\":\"Organization\",\"@id\":\"https:\/\/www.mpppst.gob.ve\/mpppstweb\/#organization\",\"name\":\"mpppst\",\"url\":\"https:\/\/www.mpppst.gob.ve\/mpppstweb\/\",\"logo\":{\"@type\":\"ImageObject\",\"inLanguage\":\"es\",\"@id\":\"https:\/\/www.mpppst.gob.ve\/mpppstweb\/#\/schema\/logo\/image\/\",\"url\":\"https:\/\/www.mpppst.gob.ve\/mpppstweb\/wp-content\/uploads\/2025\/07\/cropped-cropped-g910.png\",\"contentUrl\":\"https:\/\/www.mpppst.gob.ve\/mpppstweb\/wp-content\/uploads\/2025\/07\/cropped-cropped-g910.png\",\"width\":1080,\"height\":241,\"caption\":\"mpppst\"},\"image\":{\"@id\":\"https:\/\/www.mpppst.gob.ve\/mpppstweb\/#\/schema\/logo\/image\/\"}},{\"@type\":\"Person\",\"@id\":\"https:\/\/www.mpppst.gob.ve\/mpppstweb\/#\/schema\/person\/fc187ee8ead412bd4c9304b62f900ea4\",\"name\":\"MPPPST Prensa\",\"url\":\"https:\/\/www.mpppst.gob.ve\/mpppstweb\/index.php\/author\/prensa-mpppst\/\"}]}<\/script>\n<!-- \/ Yoast SEO plugin. -->","yoast_head_json":{"title":"Pueblo asume Constituyente como v\u00eda para fortalecer el Poder Popular - MPPPST","robots":{"index":"index","follow":"follow","max-snippet":"max-snippet:-1","max-image-preview":"max-image-preview:large","max-video-preview":"max-video-preview:-1"},"canonical":"https:\/\/www.mpppst.gob.ve\/mpppstweb\/index.php\/2017\/05\/04\/pueblo-asume-constituyente-como-via-para-fortalecer-el-poder-popular\/","og_locale":"es_ES","og_type":"article","og_title":"Pueblo asume Constituyente como v\u00eda para fortalecer el Poder Popular - MPPPST","og_description":"AVN.- Con la bendici\u00f3n de la Cruz de Mayo, este mi\u00e9rcoles el pueblo revolucionario respaldo la &hellip; Pueblo asume Constituyente como v\u00eda para fortalecer el Poder PopularRead more","og_url":"https:\/\/www.mpppst.gob.ve\/mpppstweb\/index.php\/2017\/05\/04\/pueblo-asume-constituyente-como-via-para-fortalecer-el-poder-popular\/","og_site_name":"MPPPST","article_published_time":"2017-05-04T13:16:30+00:00","og_image":[{"width":800,"height":445,"url":"https:\/\/www.mpppst.gob.ve\/mpppstweb\/wp-content\/uploads\/2017\/05\/Pueblo-1.jpg","type":"image\/jpeg"}],"author":"MPPPST Prensa","twitter_card":"summary_large_image","twitter_misc":{"Escrito por":"MPPPST Prensa","Tiempo de lectura":"3 minutos"},"schema":{"@context":"https:\/\/schema.org","@graph":[{"@type":"Article","@id":"https:\/\/www.mpppst.gob.ve\/mpppstweb\/index.php\/2017\/05\/04\/pueblo-asume-constituyente-como-via-para-fortalecer-el-poder-popular\/#article","isPartOf":{"@id":"https:\/\/www.mpppst.gob.ve\/mpppstweb\/index.php\/2017\/05\/04\/pueblo-asume-constituyente-como-via-para-fortalecer-el-poder-popular\/"},"author":{"name":"MPPPST Prensa","@id":"https:\/\/www.mpppst.gob.ve\/mpppstweb\/#\/schema\/person\/fc187ee8ead412bd4c9304b62f900ea4"},"headline":"Pueblo asume Constituyente como v\u00eda para fortalecer el Poder Popular","datePublished":"2017-05-04T13:16:30+00:00","dateModified":"2017-05-04T13:16:30+00:00","mainEntityOfPage":{"@id":"https:\/\/www.mpppst.gob.ve\/mpppstweb\/index.php\/2017\/05\/04\/pueblo-asume-constituyente-como-via-para-fortalecer-el-poder-popular\/"},"wordCount":636,"publisher":{"@id":"https:\/\/www.mpppst.gob.ve\/mpppstweb\/#organization"},"image":{"@id":"https:\/\/www.mpppst.gob.ve\/mpppstweb\/index.php\/2017\/05\/04\/pueblo-asume-constituyente-como-via-para-fortalecer-el-poder-popular\/#primaryimage"},"thumbnailUrl":"https:\/\/www.mpppst.gob.ve\/mpppstweb\/wp-content\/uploads\/2017\/05\/Pueblo-1.jpg","keywords":["Gobierno Bolivariano","Presidente Maduro"],"articleSection":["Gobierno Nacional","Noticias","Presidencia de la Rep\u00fablica"],"inLanguage":"es"},{"@type":"WebPage","@id":"https:\/\/www.mpppst.gob.ve\/mpppstweb\/index.php\/2017\/05\/04\/pueblo-asume-constituyente-como-via-para-fortalecer-el-poder-popular\/","url":"https:\/\/www.mpppst.gob.ve\/mpppstweb\/index.php\/2017\/05\/04\/pueblo-asume-constituyente-como-via-para-fortalecer-el-poder-popular\/","name":"Pueblo asume Constituyente como v\u00eda para fortalecer el Poder Popular - MPPPST","isPartOf":{"@id":"https:\/\/www.mpppst.gob.ve\/mpppstweb\/#website"},"primaryImageOfPage":{"@id":"https:\/\/www.mpppst.gob.ve\/mpppstweb\/index.php\/2017\/05\/04\/pueblo-asume-constituyente-como-via-para-fortalecer-el-poder-popular\/#primaryimage"},"image":{"@id":"https:\/\/www.mpppst.gob.ve\/mpppstweb\/index.php\/2017\/05\/04\/pueblo-asume-constituyente-como-via-para-fortalecer-el-poder-popular\/#primaryimage"},"thumbnailUrl":"https:\/\/www.mpppst.gob.ve\/mpppstweb\/wp-content\/uploads\/2017\/05\/Pueblo-1.jpg","datePublished":"2017-05-04T13:16:30+00:00","dateModified":"2017-05-04T13:16:30+00:00","breadcrumb":{"@id":"https:\/\/www.mpppst.gob.ve\/mpppstweb\/index.php\/2017\/05\/04\/pueblo-asume-constituyente-como-via-para-fortalecer-el-poder-popular\/#breadcrumb"},"inLanguage":"es","potentialAction":[{"@type":"ReadAction","target":["https:\/\/www.mpppst.gob.ve\/mpppstweb\/index.php\/2017\/05\/04\/pueblo-asume-constituyente-como-via-para-fortalecer-el-poder-popular\/"]}]},{"@type":"ImageObject","inLanguage":"es","@id":"https:\/\/www.mpppst.gob.ve\/mpppstweb\/index.php\/2017\/05\/04\/pueblo-asume-constituyente-como-via-para-fortalecer-el-poder-popular\/#primaryimage","url":"https:\/\/www.mpppst.gob.ve\/mpppstweb\/wp-content\/uploads\/2017\/05\/Pueblo-1.jpg","contentUrl":"https:\/\/www.mpppst.gob.ve\/mpppstweb\/wp-content\/uploads\/2017\/05\/Pueblo-1.jpg","width":800,"height":445},{"@type":"BreadcrumbList","@id":"https:\/\/www.mpppst.gob.ve\/mpppstweb\/index.php\/2017\/05\/04\/pueblo-asume-constituyente-como-via-para-fortalecer-el-poder-popular\/#breadcrumb","itemListElement":[{"@type":"ListItem","position":1,"name":"Home","item":"https:\/\/www.mpppst.gob.ve\/mpppstweb\/"},{"@type":"ListItem","position":2,"name":"Pueblo asume Constituyente como v\u00eda para fortalecer el Poder Popular"}]},{"@type":"WebSite","@id":"https:\/\/www.mpppst.gob.ve\/mpppstweb\/#website","url":"https:\/\/www.mpppst.gob.ve\/mpppstweb\/","name":"MPPPST","description":"Ministerio del Poder Popular para el Proceso Social de Trabajo","publisher":{"@id":"https:\/\/www.mpppst.gob.ve\/mpppstweb\/#organization"},"potentialAction":[{"@type":"SearchAction","target":{"@type":"EntryPoint","urlTemplate":"https:\/\/www.mpppst.gob.ve\/mpppstweb\/?s={search_term_string}"},"query-input":"required name=search_term_string"}],"inLanguage":"es"},{"@type":"Organization","@id":"https:\/\/www.mpppst.gob.ve\/mpppstweb\/#organization","name":"mpppst","url":"https:\/\/www.mpppst.gob.ve\/mpppstweb\/","logo":{"@type":"ImageObject","inLanguage":"es","@id":"https:\/\/www.mpppst.gob.ve\/mpppstweb\/#\/schema\/logo\/image\/","url":"https:\/\/www.mpppst.gob.ve\/mpppstweb\/wp-content\/uploads\/2025\/07\/cropped-cropped-g910.png","contentUrl":"https:\/\/www.mpppst.gob.ve\/mpppstweb\/wp-content\/uploads\/2025\/07\/cropped-cropped-g910.png","width":1080,"height":241,"caption":"mpppst"},"image":{"@id":"https:\/\/www.mpppst.gob.ve\/mpppstweb\/#\/schema\/logo\/image\/"}},{"@type":"Person","@id":"https:\/\/www.mpppst.gob.ve\/mpppstweb\/#\/schema\/person\/fc187ee8ead412bd4c9304b62f900ea4","name":"MPPPST Prensa","url":"https:\/\/www.mpppst.gob.ve\/mpppstweb\/index.php\/author\/prensa-mpppst\/"}]}},"_links":{"self":[{"href":"https:\/\/www.mpppst.gob.ve\/mpppstweb\/index.php\/wp-json\/wp\/v2\/posts\/11329"}],"collection":[{"href":"https:\/\/www.mpppst.gob.ve\/mpppstweb\/index.php\/wp-json\/wp\/v2\/posts"}],"about":[{"href":"https:\/\/www.mpppst.gob.ve\/mpppstweb\/index.php\/wp-json\/wp\/v2\/types\/post"}],"author":[{"embeddable":true,"href":"https:\/\/www.mpppst.gob.ve\/mpppstweb\/index.php\/wp-json\/wp\/v2\/users\/25"}],"replies":[{"embeddable":true,"href":"https:\/\/www.mpppst.gob.ve\/mpppstweb\/index.php\/wp-json\/wp\/v2\/comments?post=11329"}],"version-history":[{"count":1,"href":"https:\/\/www.mpppst.gob.ve\/mpppstweb\/index.php\/wp-json\/wp\/v2\/posts\/11329\/revisions"}],"predecessor-version":[{"id":11331,"href":"https:\/\/www.mpppst.gob.ve\/mpppstweb\/index.php\/wp-json\/wp\/v2\/posts\/11329\/revisions\/11331"}],"wp:featuredmedia":[{"embeddable":true,"href":"https:\/\/www.mpppst.gob.ve\/mpppstweb\/index.php\/wp-json\/wp\/v2\/media\/11330"}],"wp:attachment":[{"href":"https:\/\/www.mpppst.gob.ve\/mpppstweb\/index.php\/wp-json\/wp\/v2\/media?parent=11329"}],"wp:term":[{"taxonomy":"category","embeddable":true,"href":"https:\/\/www.mpppst.gob.ve\/mpppstweb\/index.php\/wp-json\/wp\/v2\/categories?post=11329"},{"taxonomy":"post_tag","embeddable":true,"href":"https:\/\/www.mpppst.gob.ve\/mpppstweb\/index.php\/wp-json\/wp\/v2\/tags?post=11329"}],"curies":[{"name":"wp","href":"https:\/\/api.w.org\/{rel}","templated":true}]}}