{"id":11407,"date":"2017-05-08T13:24:42","date_gmt":"2017-05-08T17:24:42","guid":{"rendered":"http:\/\/www.mpppst.gob.ve\/mpppstweb\/?p=11407"},"modified":"2017-05-08T13:24:42","modified_gmt":"2017-05-08T17:24:42","slug":"17-partidos-de-oposicion-se-reunen-con-comision-presidencial-para-la-constituyente","status":"publish","type":"post","link":"https:\/\/www.mpppst.gob.ve\/mpppstweb\/index.php\/2017\/05\/08\/17-partidos-de-oposicion-se-reunen-con-comision-presidencial-para-la-constituyente\/","title":{"rendered":"17 partidos de oposici\u00f3n se re\u00fanen con Comisi\u00f3n Presidencial para la Constituyente"},"content":{"rendered":"<p>AVN.- Un total de 17 partidos de oposici\u00f3n asisten este lunes al Palacio de Miraflores, en Caracas, para participar en la reuni\u00f3n convocada la semana pasada por la Comisi\u00f3n Presidencial para la Constituyente, con el objetivo de debatir sobre este proceso.<\/p>\n<p>Organizaciones pol\u00edticas como Bandera Roja, Joven, Juan Bimba y Opina son algunas de las que se sumaron a esta invitaci\u00f3n, luego de que dicha comisi\u00f3n extendiera la convocatoria a todos los partidos de oposici\u00f3n del pa\u00eds, incluso los que forman parte de la autollamada Mesa de la Unidad Democr\u00e1tica (MUD).<\/p>\n<p>Al inicio del encuentro, el presidente de esta comisi\u00f3n, El\u00edas Jaua, aclar\u00f3 que el espacio permitir\u00e1 nutrir el debate y que la reuni\u00f3n est\u00e1 dirigida a escuchar planteamientos de estas organizaciones pol\u00edticas.<\/p>\n<p>\u00abAgradecemos a todos los aqu\u00ed est\u00e1n presentes, por atender esta invitaci\u00f3n por la paz de nuestro pa\u00eds y para escuchar. Ustedes har\u00e1n sus observaciones, sus cr\u00edticas, sus aportes, nosotros tomaremos nota para nutrir el debate y la convocatoria que ha hecho el presidente Nicol\u00e1s Maduro\u00bb, se\u00f1al\u00f3 Jaua.<\/p>\n<p>A\u00f1adi\u00f3 que este llamado seguir\u00e1 abierto a los distintos sectores del pa\u00eds, independientemente de su posici\u00f3n pol\u00edtica e ideol\u00f3gica, con el prop\u00f3sito de construir un espacio para la paz en funci\u00f3n de la estabilidad pol\u00edtica y social del pa\u00eds.<\/p>\n<p>Reiter\u00f3 que el jefe de Estado tom\u00f3 la decisi\u00f3n de hacer esta convocatoria ante la insistencia de sectores de oposici\u00f3n de mantener una agenda violencia. La idea, adem\u00e1s, es promover un amplio di\u00e1logo nacional m\u00e1s all\u00e1 de una c\u00fapula.<\/p>\n<p>Los temas centrales planteados al debate en la Constituyente son la paz como necesidad, derecho y anhelo de la naci\u00f3n; el perfeccionamiento del sistema econ\u00f3mico nacional; constitucionalizar las misiones y grandes misiones sociales como sistemas de protecci\u00f3n para el pueblo; y la ampliaci\u00f3n de las competencias del sistema de justicia para erradicar la impunidad.<\/p>\n<p>Asimismo, se propone debatir la constitucionalizaci\u00f3n de las nuevas formas de la democracia participativa y protag\u00f3nica; la defensa de la soberan\u00eda y la integridad de la naci\u00f3n y protecci\u00f3n ante el intervencionismo extranjero; reivindicaci\u00f3n del car\u00e1cter pluricultural de la patria; la garant\u00eda del futuro, mediante la inclusi\u00f3n de un cap\u00edtulo de los derechos de la juventud; y la preservaci\u00f3n de la vida del planeta.<\/p>\n<p>En la reuni\u00f3n tambi\u00e9n participan miembros de la Comisi\u00f3n Presidencial para la Constituyente, entre ellos: Cilia Flores, Arist\u00f3bulo Ist\u00fariz, Elvis Amoroso, Nohel\u00ed Pocarretera, Reinaldo Mu\u00f1oz, Earle Herrera, Ad\u00e1n Ch\u00e1vez, lris Varela, Isa\u00edas Rodr\u00edguez y Remigio Ceballos.<\/p>\n<p>Fue la semana pasada cuando el presidente Maduro convoc\u00f3 a un proceso constituyente, en uso de sus atribuciones establecidas en la Constituci\u00f3n de la Rep\u00fablica.<\/p>\n<p>Esta convocatoria es una respuesta del jefe de Estado ante las acciones violentas que se han mantenido entre abril y mayo, tras los llamados a manifestaciones hechos por sectores de derecha, cuyo saldo es de 35 personas fallecidas, m\u00e1s de 700 heridos y p\u00e9rdidas econ\u00f3micas para los sectores p\u00fablicos y privado.<\/p>\n","protected":false},"excerpt":{"rendered":"<p>AVN.- Un total de 17 partidos de oposici\u00f3n asisten este lunes al Palacio de Miraflores, en &hellip; <a title=\"17 partidos de oposici\u00f3n se re\u00fanen con Comisi\u00f3n Presidencial para la Constituyente\" class=\"hm-read-more\" href=\"https:\/\/www.mpppst.gob.ve\/mpppstweb\/index.php\/2017\/05\/08\/17-partidos-de-oposicion-se-reunen-con-comision-presidencial-para-la-constituyente\/\"><span class=\"screen-reader-text\">17 partidos de oposici\u00f3n se re\u00fanen con Comisi\u00f3n Presidencial para la Constituyente<\/span>Read more<\/a><\/p>\n","protected":false},"author":25,"featured_media":11408,"comment_status":"closed","ping_status":"closed","sticky":false,"template":"","format":"standard","meta":{"footnotes":""},"categories":[82,163],"tags":[222],"yoast_head":"<!-- This site is optimized with the Yoast SEO plugin v22.5 - https:\/\/yoast.com\/wordpress\/plugins\/seo\/ -->\n<title>17 partidos de oposici\u00f3n se re\u00fanen con Comisi\u00f3n Presidencial para la Constituyente - MPPPST<\/title>\n<meta name=\"robots\" content=\"index, follow, max-snippet:-1, max-image-preview:large, max-video-preview:-1\" \/>\n<link rel=\"canonical\" href=\"https:\/\/www.mpppst.gob.ve\/mpppstweb\/index.php\/2017\/05\/08\/17-partidos-de-oposicion-se-reunen-con-comision-presidencial-para-la-constituyente\/\" \/>\n<meta property=\"og:locale\" content=\"es_ES\" \/>\n<meta property=\"og:type\" content=\"article\" \/>\n<meta property=\"og:title\" content=\"17 partidos de oposici\u00f3n se re\u00fanen con Comisi\u00f3n Presidencial para la Constituyente - MPPPST\" \/>\n<meta property=\"og:description\" content=\"AVN.- Un total de 17 partidos de oposici\u00f3n asisten este lunes al Palacio de Miraflores, en &hellip; 17 partidos de oposici\u00f3n se re\u00fanen con Comisi\u00f3n Presidencial para la ConstituyenteRead more\" \/>\n<meta property=\"og:url\" content=\"https:\/\/www.mpppst.gob.ve\/mpppstweb\/index.php\/2017\/05\/08\/17-partidos-de-oposicion-se-reunen-con-comision-presidencial-para-la-constituyente\/\" \/>\n<meta property=\"og:site_name\" content=\"MPPPST\" \/>\n<meta property=\"article:published_time\" content=\"2017-05-08T17:24:42+00:00\" \/>\n<meta property=\"og:image\" content=\"https:\/\/www.mpppst.gob.ve\/mpppstweb\/wp-content\/uploads\/2017\/05\/Constituyente.jpg\" \/>\n\t<meta property=\"og:image:width\" content=\"800\" \/>\n\t<meta property=\"og:image:height\" content=\"445\" \/>\n\t<meta property=\"og:image:type\" content=\"image\/jpeg\" \/>\n<meta name=\"author\" content=\"MPPPST Prensa\" \/>\n<meta name=\"twitter:card\" content=\"summary_large_image\" \/>\n<meta name=\"twitter:label1\" content=\"Escrito por\" \/>\n\t<meta name=\"twitter:data1\" content=\"MPPPST Prensa\" \/>\n\t<meta name=\"twitter:label2\" content=\"Tiempo de lectura\" \/>\n\t<meta name=\"twitter:data2\" content=\"3 minutos\" \/>\n<script type=\"application\/ld+json\" class=\"yoast-schema-graph\">{\"@context\":\"https:\/\/schema.org\",\"@graph\":[{\"@type\":\"Article\",\"@id\":\"https:\/\/www.mpppst.gob.ve\/mpppstweb\/index.php\/2017\/05\/08\/17-partidos-de-oposicion-se-reunen-con-comision-presidencial-para-la-constituyente\/#article\",\"isPartOf\":{\"@id\":\"https:\/\/www.mpppst.gob.ve\/mpppstweb\/index.php\/2017\/05\/08\/17-partidos-de-oposicion-se-reunen-con-comision-presidencial-para-la-constituyente\/\"},\"author\":{\"name\":\"MPPPST Prensa\",\"@id\":\"https:\/\/www.mpppst.gob.ve\/mpppstweb\/#\/schema\/person\/fc187ee8ead412bd4c9304b62f900ea4\"},\"headline\":\"17 partidos de oposici\u00f3n se re\u00fanen con Comisi\u00f3n Presidencial para la Constituyente\",\"datePublished\":\"2017-05-08T17:24:42+00:00\",\"dateModified\":\"2017-05-08T17:24:42+00:00\",\"mainEntityOfPage\":{\"@id\":\"https:\/\/www.mpppst.gob.ve\/mpppstweb\/index.php\/2017\/05\/08\/17-partidos-de-oposicion-se-reunen-con-comision-presidencial-para-la-constituyente\/\"},\"wordCount\":556,\"publisher\":{\"@id\":\"https:\/\/www.mpppst.gob.ve\/mpppstweb\/#organization\"},\"image\":{\"@id\":\"https:\/\/www.mpppst.gob.ve\/mpppstweb\/index.php\/2017\/05\/08\/17-partidos-de-oposicion-se-reunen-con-comision-presidencial-para-la-constituyente\/#primaryimage\"},\"thumbnailUrl\":\"https:\/\/www.mpppst.gob.ve\/mpppstweb\/wp-content\/uploads\/2017\/05\/Constituyente.jpg\",\"keywords\":[\"Gobierno Bolivariano\"],\"articleSection\":[\"Gobierno Nacional\",\"Noticias\"],\"inLanguage\":\"es\"},{\"@type\":\"WebPage\",\"@id\":\"https:\/\/www.mpppst.gob.ve\/mpppstweb\/index.php\/2017\/05\/08\/17-partidos-de-oposicion-se-reunen-con-comision-presidencial-para-la-constituyente\/\",\"url\":\"https:\/\/www.mpppst.gob.ve\/mpppstweb\/index.php\/2017\/05\/08\/17-partidos-de-oposicion-se-reunen-con-comision-presidencial-para-la-constituyente\/\",\"name\":\"17 partidos de oposici\u00f3n se re\u00fanen con Comisi\u00f3n Presidencial para la Constituyente - MPPPST\",\"isPartOf\":{\"@id\":\"https:\/\/www.mpppst.gob.ve\/mpppstweb\/#website\"},\"primaryImageOfPage\":{\"@id\":\"https:\/\/www.mpppst.gob.ve\/mpppstweb\/index.php\/2017\/05\/08\/17-partidos-de-oposicion-se-reunen-con-comision-presidencial-para-la-constituyente\/#primaryimage\"},\"image\":{\"@id\":\"https:\/\/www.mpppst.gob.ve\/mpppstweb\/index.php\/2017\/05\/08\/17-partidos-de-oposicion-se-reunen-con-comision-presidencial-para-la-constituyente\/#primaryimage\"},\"thumbnailUrl\":\"https:\/\/www.mpppst.gob.ve\/mpppstweb\/wp-content\/uploads\/2017\/05\/Constituyente.jpg\",\"datePublished\":\"2017-05-08T17:24:42+00:00\",\"dateModified\":\"2017-05-08T17:24:42+00:00\",\"breadcrumb\":{\"@id\":\"https:\/\/www.mpppst.gob.ve\/mpppstweb\/index.php\/2017\/05\/08\/17-partidos-de-oposicion-se-reunen-con-comision-presidencial-para-la-constituyente\/#breadcrumb\"},\"inLanguage\":\"es\",\"potentialAction\":[{\"@type\":\"ReadAction\",\"target\":[\"https:\/\/www.mpppst.gob.ve\/mpppstweb\/index.php\/2017\/05\/08\/17-partidos-de-oposicion-se-reunen-con-comision-presidencial-para-la-constituyente\/\"]}]},{\"@type\":\"ImageObject\",\"inLanguage\":\"es\",\"@id\":\"https:\/\/www.mpppst.gob.ve\/mpppstweb\/index.php\/2017\/05\/08\/17-partidos-de-oposicion-se-reunen-con-comision-presidencial-para-la-constituyente\/#primaryimage\",\"url\":\"https:\/\/www.mpppst.gob.ve\/mpppstweb\/wp-content\/uploads\/2017\/05\/Constituyente.jpg\",\"contentUrl\":\"https:\/\/www.mpppst.gob.ve\/mpppstweb\/wp-content\/uploads\/2017\/05\/Constituyente.jpg\",\"width\":800,\"height\":445},{\"@type\":\"BreadcrumbList\",\"@id\":\"https:\/\/www.mpppst.gob.ve\/mpppstweb\/index.php\/2017\/05\/08\/17-partidos-de-oposicion-se-reunen-con-comision-presidencial-para-la-constituyente\/#breadcrumb\",\"itemListElement\":[{\"@type\":\"ListItem\",\"position\":1,\"name\":\"Home\",\"item\":\"https:\/\/www.mpppst.gob.ve\/mpppstweb\/\"},{\"@type\":\"ListItem\",\"position\":2,\"name\":\"17 partidos de oposici\u00f3n se re\u00fanen con Comisi\u00f3n Presidencial para la Constituyente\"}]},{\"@type\":\"WebSite\",\"@id\":\"https:\/\/www.mpppst.gob.ve\/mpppstweb\/#website\",\"url\":\"https:\/\/www.mpppst.gob.ve\/mpppstweb\/\",\"name\":\"MPPPST\",\"description\":\"Ministerio del Poder Popular para el Proceso Social de Trabajo\",\"publisher\":{\"@id\":\"https:\/\/www.mpppst.gob.ve\/mpppstweb\/#organization\"},\"potentialAction\":[{\"@type\":\"SearchAction\",\"target\":{\"@type\":\"EntryPoint\",\"urlTemplate\":\"https:\/\/www.mpppst.gob.ve\/mpppstweb\/?s={search_term_string}\"},\"query-input\":\"required name=search_term_string\"}],\"inLanguage\":\"es\"},{\"@type\":\"Organization\",\"@id\":\"https:\/\/www.mpppst.gob.ve\/mpppstweb\/#organization\",\"name\":\"mpppst\",\"url\":\"https:\/\/www.mpppst.gob.ve\/mpppstweb\/\",\"logo\":{\"@type\":\"ImageObject\",\"inLanguage\":\"es\",\"@id\":\"https:\/\/www.mpppst.gob.ve\/mpppstweb\/#\/schema\/logo\/image\/\",\"url\":\"https:\/\/www.mpppst.gob.ve\/mpppstweb\/wp-content\/uploads\/2025\/07\/cropped-cropped-g910.png\",\"contentUrl\":\"https:\/\/www.mpppst.gob.ve\/mpppstweb\/wp-content\/uploads\/2025\/07\/cropped-cropped-g910.png\",\"width\":1080,\"height\":241,\"caption\":\"mpppst\"},\"image\":{\"@id\":\"https:\/\/www.mpppst.gob.ve\/mpppstweb\/#\/schema\/logo\/image\/\"}},{\"@type\":\"Person\",\"@id\":\"https:\/\/www.mpppst.gob.ve\/mpppstweb\/#\/schema\/person\/fc187ee8ead412bd4c9304b62f900ea4\",\"name\":\"MPPPST Prensa\",\"url\":\"https:\/\/www.mpppst.gob.ve\/mpppstweb\/index.php\/author\/prensa-mpppst\/\"}]}<\/script>\n<!-- \/ Yoast SEO plugin. -->","yoast_head_json":{"title":"17 partidos de oposici\u00f3n se re\u00fanen con Comisi\u00f3n Presidencial para la Constituyente - MPPPST","robots":{"index":"index","follow":"follow","max-snippet":"max-snippet:-1","max-image-preview":"max-image-preview:large","max-video-preview":"max-video-preview:-1"},"canonical":"https:\/\/www.mpppst.gob.ve\/mpppstweb\/index.php\/2017\/05\/08\/17-partidos-de-oposicion-se-reunen-con-comision-presidencial-para-la-constituyente\/","og_locale":"es_ES","og_type":"article","og_title":"17 partidos de oposici\u00f3n se re\u00fanen con Comisi\u00f3n Presidencial para la Constituyente - MPPPST","og_description":"AVN.- Un total de 17 partidos de oposici\u00f3n asisten este lunes al Palacio de Miraflores, en &hellip; 17 partidos de oposici\u00f3n se re\u00fanen con Comisi\u00f3n Presidencial para la ConstituyenteRead more","og_url":"https:\/\/www.mpppst.gob.ve\/mpppstweb\/index.php\/2017\/05\/08\/17-partidos-de-oposicion-se-reunen-con-comision-presidencial-para-la-constituyente\/","og_site_name":"MPPPST","article_published_time":"2017-05-08T17:24:42+00:00","og_image":[{"width":800,"height":445,"url":"https:\/\/www.mpppst.gob.ve\/mpppstweb\/wp-content\/uploads\/2017\/05\/Constituyente.jpg","type":"image\/jpeg"}],"author":"MPPPST Prensa","twitter_card":"summary_large_image","twitter_misc":{"Escrito por":"MPPPST Prensa","Tiempo de lectura":"3 minutos"},"schema":{"@context":"https:\/\/schema.org","@graph":[{"@type":"Article","@id":"https:\/\/www.mpppst.gob.ve\/mpppstweb\/index.php\/2017\/05\/08\/17-partidos-de-oposicion-se-reunen-con-comision-presidencial-para-la-constituyente\/#article","isPartOf":{"@id":"https:\/\/www.mpppst.gob.ve\/mpppstweb\/index.php\/2017\/05\/08\/17-partidos-de-oposicion-se-reunen-con-comision-presidencial-para-la-constituyente\/"},"author":{"name":"MPPPST Prensa","@id":"https:\/\/www.mpppst.gob.ve\/mpppstweb\/#\/schema\/person\/fc187ee8ead412bd4c9304b62f900ea4"},"headline":"17 partidos de oposici\u00f3n se re\u00fanen con Comisi\u00f3n Presidencial para la Constituyente","datePublished":"2017-05-08T17:24:42+00:00","dateModified":"2017-05-08T17:24:42+00:00","mainEntityOfPage":{"@id":"https:\/\/www.mpppst.gob.ve\/mpppstweb\/index.php\/2017\/05\/08\/17-partidos-de-oposicion-se-reunen-con-comision-presidencial-para-la-constituyente\/"},"wordCount":556,"publisher":{"@id":"https:\/\/www.mpppst.gob.ve\/mpppstweb\/#organization"},"image":{"@id":"https:\/\/www.mpppst.gob.ve\/mpppstweb\/index.php\/2017\/05\/08\/17-partidos-de-oposicion-se-reunen-con-comision-presidencial-para-la-constituyente\/#primaryimage"},"thumbnailUrl":"https:\/\/www.mpppst.gob.ve\/mpppstweb\/wp-content\/uploads\/2017\/05\/Constituyente.jpg","keywords":["Gobierno Bolivariano"],"articleSection":["Gobierno Nacional","Noticias"],"inLanguage":"es"},{"@type":"WebPage","@id":"https:\/\/www.mpppst.gob.ve\/mpppstweb\/index.php\/2017\/05\/08\/17-partidos-de-oposicion-se-reunen-con-comision-presidencial-para-la-constituyente\/","url":"https:\/\/www.mpppst.gob.ve\/mpppstweb\/index.php\/2017\/05\/08\/17-partidos-de-oposicion-se-reunen-con-comision-presidencial-para-la-constituyente\/","name":"17 partidos de oposici\u00f3n se re\u00fanen con Comisi\u00f3n Presidencial para la Constituyente - MPPPST","isPartOf":{"@id":"https:\/\/www.mpppst.gob.ve\/mpppstweb\/#website"},"primaryImageOfPage":{"@id":"https:\/\/www.mpppst.gob.ve\/mpppstweb\/index.php\/2017\/05\/08\/17-partidos-de-oposicion-se-reunen-con-comision-presidencial-para-la-constituyente\/#primaryimage"},"image":{"@id":"https:\/\/www.mpppst.gob.ve\/mpppstweb\/index.php\/2017\/05\/08\/17-partidos-de-oposicion-se-reunen-con-comision-presidencial-para-la-constituyente\/#primaryimage"},"thumbnailUrl":"https:\/\/www.mpppst.gob.ve\/mpppstweb\/wp-content\/uploads\/2017\/05\/Constituyente.jpg","datePublished":"2017-05-08T17:24:42+00:00","dateModified":"2017-05-08T17:24:42+00:00","breadcrumb":{"@id":"https:\/\/www.mpppst.gob.ve\/mpppstweb\/index.php\/2017\/05\/08\/17-partidos-de-oposicion-se-reunen-con-comision-presidencial-para-la-constituyente\/#breadcrumb"},"inLanguage":"es","potentialAction":[{"@type":"ReadAction","target":["https:\/\/www.mpppst.gob.ve\/mpppstweb\/index.php\/2017\/05\/08\/17-partidos-de-oposicion-se-reunen-con-comision-presidencial-para-la-constituyente\/"]}]},{"@type":"ImageObject","inLanguage":"es","@id":"https:\/\/www.mpppst.gob.ve\/mpppstweb\/index.php\/2017\/05\/08\/17-partidos-de-oposicion-se-reunen-con-comision-presidencial-para-la-constituyente\/#primaryimage","url":"https:\/\/www.mpppst.gob.ve\/mpppstweb\/wp-content\/uploads\/2017\/05\/Constituyente.jpg","contentUrl":"https:\/\/www.mpppst.gob.ve\/mpppstweb\/wp-content\/uploads\/2017\/05\/Constituyente.jpg","width":800,"height":445},{"@type":"BreadcrumbList","@id":"https:\/\/www.mpppst.gob.ve\/mpppstweb\/index.php\/2017\/05\/08\/17-partidos-de-oposicion-se-reunen-con-comision-presidencial-para-la-constituyente\/#breadcrumb","itemListElement":[{"@type":"ListItem","position":1,"name":"Home","item":"https:\/\/www.mpppst.gob.ve\/mpppstweb\/"},{"@type":"ListItem","position":2,"name":"17 partidos de oposici\u00f3n se re\u00fanen con Comisi\u00f3n Presidencial para la Constituyente"}]},{"@type":"WebSite","@id":"https:\/\/www.mpppst.gob.ve\/mpppstweb\/#website","url":"https:\/\/www.mpppst.gob.ve\/mpppstweb\/","name":"MPPPST","description":"Ministerio del Poder Popular para el Proceso Social de Trabajo","publisher":{"@id":"https:\/\/www.mpppst.gob.ve\/mpppstweb\/#organization"},"potentialAction":[{"@type":"SearchAction","target":{"@type":"EntryPoint","urlTemplate":"https:\/\/www.mpppst.gob.ve\/mpppstweb\/?s={search_term_string}"},"query-input":"required name=search_term_string"}],"inLanguage":"es"},{"@type":"Organization","@id":"https:\/\/www.mpppst.gob.ve\/mpppstweb\/#organization","name":"mpppst","url":"https:\/\/www.mpppst.gob.ve\/mpppstweb\/","logo":{"@type":"ImageObject","inLanguage":"es","@id":"https:\/\/www.mpppst.gob.ve\/mpppstweb\/#\/schema\/logo\/image\/","url":"https:\/\/www.mpppst.gob.ve\/mpppstweb\/wp-content\/uploads\/2025\/07\/cropped-cropped-g910.png","contentUrl":"https:\/\/www.mpppst.gob.ve\/mpppstweb\/wp-content\/uploads\/2025\/07\/cropped-cropped-g910.png","width":1080,"height":241,"caption":"mpppst"},"image":{"@id":"https:\/\/www.mpppst.gob.ve\/mpppstweb\/#\/schema\/logo\/image\/"}},{"@type":"Person","@id":"https:\/\/www.mpppst.gob.ve\/mpppstweb\/#\/schema\/person\/fc187ee8ead412bd4c9304b62f900ea4","name":"MPPPST Prensa","url":"https:\/\/www.mpppst.gob.ve\/mpppstweb\/index.php\/author\/prensa-mpppst\/"}]}},"_links":{"self":[{"href":"https:\/\/www.mpppst.gob.ve\/mpppstweb\/index.php\/wp-json\/wp\/v2\/posts\/11407"}],"collection":[{"href":"https:\/\/www.mpppst.gob.ve\/mpppstweb\/index.php\/wp-json\/wp\/v2\/posts"}],"about":[{"href":"https:\/\/www.mpppst.gob.ve\/mpppstweb\/index.php\/wp-json\/wp\/v2\/types\/post"}],"author":[{"embeddable":true,"href":"https:\/\/www.mpppst.gob.ve\/mpppstweb\/index.php\/wp-json\/wp\/v2\/users\/25"}],"replies":[{"embeddable":true,"href":"https:\/\/www.mpppst.gob.ve\/mpppstweb\/index.php\/wp-json\/wp\/v2\/comments?post=11407"}],"version-history":[{"count":1,"href":"https:\/\/www.mpppst.gob.ve\/mpppstweb\/index.php\/wp-json\/wp\/v2\/posts\/11407\/revisions"}],"predecessor-version":[{"id":11409,"href":"https:\/\/www.mpppst.gob.ve\/mpppstweb\/index.php\/wp-json\/wp\/v2\/posts\/11407\/revisions\/11409"}],"wp:featuredmedia":[{"embeddable":true,"href":"https:\/\/www.mpppst.gob.ve\/mpppstweb\/index.php\/wp-json\/wp\/v2\/media\/11408"}],"wp:attachment":[{"href":"https:\/\/www.mpppst.gob.ve\/mpppstweb\/index.php\/wp-json\/wp\/v2\/media?parent=11407"}],"wp:term":[{"taxonomy":"category","embeddable":true,"href":"https:\/\/www.mpppst.gob.ve\/mpppstweb\/index.php\/wp-json\/wp\/v2\/categories?post=11407"},{"taxonomy":"post_tag","embeddable":true,"href":"https:\/\/www.mpppst.gob.ve\/mpppstweb\/index.php\/wp-json\/wp\/v2\/tags?post=11407"}],"curies":[{"name":"wp","href":"https:\/\/api.w.org\/{rel}","templated":true}]}}