{"id":11413,"date":"2017-05-09T12:01:59","date_gmt":"2017-05-09T16:01:59","guid":{"rendered":"http:\/\/www.mpppst.gob.ve\/mpppstweb\/?p=11413"},"modified":"2017-05-09T12:01:59","modified_gmt":"2017-05-09T16:01:59","slug":"ministro-torrealba-la-constituyente-es-un-hito-que-generara-un-desencadenante-historico","status":"publish","type":"post","link":"https:\/\/www.mpppst.gob.ve\/mpppstweb\/index.php\/2017\/05\/09\/ministro-torrealba-la-constituyente-es-un-hito-que-generara-un-desencadenante-historico\/","title":{"rendered":"Ministro Torrealba: La Constituyente es un hito que generar\u00e1 un desencadenante hist\u00f3rico"},"content":{"rendered":"<p>El ministro del Poder Popular para el Proceso Social de Trabajo, Francisco Torrealba,\u00a0 en el marco del Programa Fuerza Trabajadora n\u00famero 15, se\u00f1al\u00f3 que la Asamblea Nacional Constituyente es una herramienta poderosa en tanto \u00a0sus objetivos podr\u00e1n permitir afianzar y potenciar lo que la Constituci\u00f3n del a\u00f1o 1999 contempla.<\/p>\n<p>Asimismo, agreg\u00f3 que la Clase Obrera venezolana dice \u00a0<strong>Patria Constituyente<\/strong>. Ese es el compromiso de las grandes mayor\u00edas del pa\u00eds, asegur\u00f3 al tiempo que agregaba que hemos estado activados trabajando por la paz de la Patria.<\/p>\n<p>Dijo que el llamado del Presidente Nicol\u00e1s Maduro Moros tiene un car\u00e1cter participativo y universal. Este llamado, precis\u00f3, ha tenido una especial acogida, pues a la reuni\u00f3n con la Comisi\u00f3n Presidencial vimos c\u00f3mo asistieron nuestros hermanos de Clase. Agreg\u00f3 que otras Federaciones tambi\u00e9n participaron, incluso de la CTV. Y que sus puntos de vista fueron escuchados.<\/p>\n<p>En un acto pedag\u00f3gico explic\u00f3 que la Constituyente tiene como principal objetivo lograr la paz. Precis\u00f3 adem\u00e1s que el convocante es el Presidente de la Rep\u00fablica quien, en Consejo de Ministros, aprob\u00f3 esta convocatoria, tal como lo establece la Constituci\u00f3n de la Rep\u00fablica Bolivariana de Venezuela. Se trata de un hito que va a generar un desencadenante hist\u00f3rico. Y en especial la paz, primer objetivo que se propone la Asamblea Nacional Constituyente.<\/p>\n<p><strong>La Constituyente paso a paso <\/strong><\/p>\n<p>Asimismo, explic\u00f3 que el segundo objetivo consiste en lograr un modelo econ\u00f3mico post petrolero. El tercero, consiste en constitucionalizar las Misiones con el fin de saldar la deuda hist\u00f3rica que dej\u00f3 la Cuarta Rep\u00fablica. Destac\u00f3 que producto de las Misiones el pueblo venezolano cuenta con 1 mill\u00f3n 600 mil viviendas.<\/p>\n<p>Adem\u00e1s, se refiri\u00f3 a otro de los prop\u00f3sitos que contempla la Constituyente, como es la Seguridad y Justicia. El quinto objetivo est\u00e1 relacionado con las nuevas formas de participaci\u00f3n democr\u00e1ticas para que eche ra\u00edces profundas.<\/p>\n<p>Como sexto objetivo precis\u00f3 la defensa de la soberan\u00eda nacional. En tal sentido explic\u00f3 la necesidad de blindar el car\u00e1cter soberano y la irrevocable decisi\u00f3n de no ser tutelados, asuntos que deben consolidarse a\u00fan m\u00e1s dadas las amenazas intervencionistas.<\/p>\n<p>En cuanto a la venezolanidad dijo que con el car\u00e1cter pluricultural existente en el pa\u00eds podr\u00e1 abrazar las distintas expresiones que hacen vida en nuestra Patria. Y en relaci\u00f3n al objetivo n\u00famero 8, el cual\u00a0 consiste en afianzar los derechos de la juventud, precis\u00f3 que este sector tendr\u00e1 un cap\u00edtulo especial en la Constituci\u00f3n.<\/p>\n<p>Y el objetivo 9: relacionado con el cambio clim\u00e1tico, tarea que calific\u00f3 de especial trascendencia, pues debemos hacer algo para que la tierra sea viable.\u00a0 \u00a0De lo contrario, estamos condenados a desparecer como especie, puntualiz\u00f3 el ministro Torrealba<\/p>\n<p>&nbsp;<\/p>\n<p>Por Marbelys Mav\u00e1rez Laguna<\/p>\n","protected":false},"excerpt":{"rendered":"<p>El ministro del Poder Popular para el Proceso Social de Trabajo, Francisco Torrealba,\u00a0 en el marco &hellip; <a title=\"Ministro Torrealba: La Constituyente es un hito que generar\u00e1 un desencadenante hist\u00f3rico\" class=\"hm-read-more\" href=\"https:\/\/www.mpppst.gob.ve\/mpppstweb\/index.php\/2017\/05\/09\/ministro-torrealba-la-constituyente-es-un-hito-que-generara-un-desencadenante-historico\/\"><span class=\"screen-reader-text\">Ministro Torrealba: La Constituyente es un hito que generar\u00e1 un desencadenante hist\u00f3rico<\/span>Read more<\/a><\/p>\n","protected":false},"author":25,"featured_media":11414,"comment_status":"closed","ping_status":"closed","sticky":false,"template":"","format":"standard","meta":{"footnotes":""},"categories":[82,83,163],"tags":[],"yoast_head":"<!-- This site is optimized with the Yoast SEO plugin v22.5 - https:\/\/yoast.com\/wordpress\/plugins\/seo\/ -->\n<title>Ministro Torrealba: La Constituyente es un hito que generar\u00e1 un desencadenante hist\u00f3rico - MPPPST<\/title>\n<meta name=\"robots\" content=\"index, follow, max-snippet:-1, max-image-preview:large, max-video-preview:-1\" \/>\n<link rel=\"canonical\" href=\"https:\/\/www.mpppst.gob.ve\/mpppstweb\/index.php\/2017\/05\/09\/ministro-torrealba-la-constituyente-es-un-hito-que-generara-un-desencadenante-historico\/\" \/>\n<meta property=\"og:locale\" content=\"es_ES\" \/>\n<meta property=\"og:type\" content=\"article\" \/>\n<meta property=\"og:title\" content=\"Ministro Torrealba: La Constituyente es un hito que generar\u00e1 un desencadenante hist\u00f3rico - MPPPST\" \/>\n<meta property=\"og:description\" content=\"El ministro del Poder Popular para el Proceso Social de Trabajo, Francisco Torrealba,\u00a0 en el marco &hellip; Ministro Torrealba: La Constituyente es un hito que generar\u00e1 un desencadenante hist\u00f3ricoRead more\" \/>\n<meta property=\"og:url\" content=\"https:\/\/www.mpppst.gob.ve\/mpppstweb\/index.php\/2017\/05\/09\/ministro-torrealba-la-constituyente-es-un-hito-que-generara-un-desencadenante-historico\/\" \/>\n<meta property=\"og:site_name\" content=\"MPPPST\" \/>\n<meta property=\"article:published_time\" content=\"2017-05-09T16:01:59+00:00\" \/>\n<meta property=\"og:image\" content=\"https:\/\/www.mpppst.gob.ve\/mpppstweb\/wp-content\/uploads\/2017\/05\/ministro-programa-15.jpg\" \/>\n\t<meta property=\"og:image:width\" content=\"800\" \/>\n\t<meta property=\"og:image:height\" content=\"445\" \/>\n\t<meta property=\"og:image:type\" content=\"image\/jpeg\" \/>\n<meta name=\"author\" content=\"MPPPST Prensa\" \/>\n<meta name=\"twitter:card\" content=\"summary_large_image\" \/>\n<meta name=\"twitter:label1\" content=\"Escrito por\" \/>\n\t<meta name=\"twitter:data1\" content=\"MPPPST Prensa\" \/>\n\t<meta name=\"twitter:label2\" content=\"Tiempo de lectura\" \/>\n\t<meta name=\"twitter:data2\" content=\"2 minutos\" \/>\n<script type=\"application\/ld+json\" class=\"yoast-schema-graph\">{\"@context\":\"https:\/\/schema.org\",\"@graph\":[{\"@type\":\"Article\",\"@id\":\"https:\/\/www.mpppst.gob.ve\/mpppstweb\/index.php\/2017\/05\/09\/ministro-torrealba-la-constituyente-es-un-hito-que-generara-un-desencadenante-historico\/#article\",\"isPartOf\":{\"@id\":\"https:\/\/www.mpppst.gob.ve\/mpppstweb\/index.php\/2017\/05\/09\/ministro-torrealba-la-constituyente-es-un-hito-que-generara-un-desencadenante-historico\/\"},\"author\":{\"name\":\"MPPPST Prensa\",\"@id\":\"https:\/\/www.mpppst.gob.ve\/mpppstweb\/#\/schema\/person\/fc187ee8ead412bd4c9304b62f900ea4\"},\"headline\":\"Ministro Torrealba: La Constituyente es un hito que generar\u00e1 un desencadenante hist\u00f3rico\",\"datePublished\":\"2017-05-09T16:01:59+00:00\",\"dateModified\":\"2017-05-09T16:01:59+00:00\",\"mainEntityOfPage\":{\"@id\":\"https:\/\/www.mpppst.gob.ve\/mpppstweb\/index.php\/2017\/05\/09\/ministro-torrealba-la-constituyente-es-un-hito-que-generara-un-desencadenante-historico\/\"},\"wordCount\":487,\"publisher\":{\"@id\":\"https:\/\/www.mpppst.gob.ve\/mpppstweb\/#organization\"},\"image\":{\"@id\":\"https:\/\/www.mpppst.gob.ve\/mpppstweb\/index.php\/2017\/05\/09\/ministro-torrealba-la-constituyente-es-un-hito-que-generara-un-desencadenante-historico\/#primaryimage\"},\"thumbnailUrl\":\"https:\/\/www.mpppst.gob.ve\/mpppstweb\/wp-content\/uploads\/2017\/05\/ministro-programa-15.jpg\",\"articleSection\":[\"Gobierno Nacional\",\"Ministerio\",\"Noticias\"],\"inLanguage\":\"es\"},{\"@type\":\"WebPage\",\"@id\":\"https:\/\/www.mpppst.gob.ve\/mpppstweb\/index.php\/2017\/05\/09\/ministro-torrealba-la-constituyente-es-un-hito-que-generara-un-desencadenante-historico\/\",\"url\":\"https:\/\/www.mpppst.gob.ve\/mpppstweb\/index.php\/2017\/05\/09\/ministro-torrealba-la-constituyente-es-un-hito-que-generara-un-desencadenante-historico\/\",\"name\":\"Ministro Torrealba: La Constituyente es un hito que generar\u00e1 un desencadenante hist\u00f3rico - MPPPST\",\"isPartOf\":{\"@id\":\"https:\/\/www.mpppst.gob.ve\/mpppstweb\/#website\"},\"primaryImageOfPage\":{\"@id\":\"https:\/\/www.mpppst.gob.ve\/mpppstweb\/index.php\/2017\/05\/09\/ministro-torrealba-la-constituyente-es-un-hito-que-generara-un-desencadenante-historico\/#primaryimage\"},\"image\":{\"@id\":\"https:\/\/www.mpppst.gob.ve\/mpppstweb\/index.php\/2017\/05\/09\/ministro-torrealba-la-constituyente-es-un-hito-que-generara-un-desencadenante-historico\/#primaryimage\"},\"thumbnailUrl\":\"https:\/\/www.mpppst.gob.ve\/mpppstweb\/wp-content\/uploads\/2017\/05\/ministro-programa-15.jpg\",\"datePublished\":\"2017-05-09T16:01:59+00:00\",\"dateModified\":\"2017-05-09T16:01:59+00:00\",\"breadcrumb\":{\"@id\":\"https:\/\/www.mpppst.gob.ve\/mpppstweb\/index.php\/2017\/05\/09\/ministro-torrealba-la-constituyente-es-un-hito-que-generara-un-desencadenante-historico\/#breadcrumb\"},\"inLanguage\":\"es\",\"potentialAction\":[{\"@type\":\"ReadAction\",\"target\":[\"https:\/\/www.mpppst.gob.ve\/mpppstweb\/index.php\/2017\/05\/09\/ministro-torrealba-la-constituyente-es-un-hito-que-generara-un-desencadenante-historico\/\"]}]},{\"@type\":\"ImageObject\",\"inLanguage\":\"es\",\"@id\":\"https:\/\/www.mpppst.gob.ve\/mpppstweb\/index.php\/2017\/05\/09\/ministro-torrealba-la-constituyente-es-un-hito-que-generara-un-desencadenante-historico\/#primaryimage\",\"url\":\"https:\/\/www.mpppst.gob.ve\/mpppstweb\/wp-content\/uploads\/2017\/05\/ministro-programa-15.jpg\",\"contentUrl\":\"https:\/\/www.mpppst.gob.ve\/mpppstweb\/wp-content\/uploads\/2017\/05\/ministro-programa-15.jpg\",\"width\":800,\"height\":445},{\"@type\":\"BreadcrumbList\",\"@id\":\"https:\/\/www.mpppst.gob.ve\/mpppstweb\/index.php\/2017\/05\/09\/ministro-torrealba-la-constituyente-es-un-hito-que-generara-un-desencadenante-historico\/#breadcrumb\",\"itemListElement\":[{\"@type\":\"ListItem\",\"position\":1,\"name\":\"Home\",\"item\":\"https:\/\/www.mpppst.gob.ve\/mpppstweb\/\"},{\"@type\":\"ListItem\",\"position\":2,\"name\":\"Ministro Torrealba: La Constituyente es un hito que generar\u00e1 un desencadenante hist\u00f3rico\"}]},{\"@type\":\"WebSite\",\"@id\":\"https:\/\/www.mpppst.gob.ve\/mpppstweb\/#website\",\"url\":\"https:\/\/www.mpppst.gob.ve\/mpppstweb\/\",\"name\":\"MPPPST\",\"description\":\"Ministerio del Poder Popular para el Proceso Social de Trabajo\",\"publisher\":{\"@id\":\"https:\/\/www.mpppst.gob.ve\/mpppstweb\/#organization\"},\"potentialAction\":[{\"@type\":\"SearchAction\",\"target\":{\"@type\":\"EntryPoint\",\"urlTemplate\":\"https:\/\/www.mpppst.gob.ve\/mpppstweb\/?s={search_term_string}\"},\"query-input\":\"required name=search_term_string\"}],\"inLanguage\":\"es\"},{\"@type\":\"Organization\",\"@id\":\"https:\/\/www.mpppst.gob.ve\/mpppstweb\/#organization\",\"name\":\"mpppst\",\"url\":\"https:\/\/www.mpppst.gob.ve\/mpppstweb\/\",\"logo\":{\"@type\":\"ImageObject\",\"inLanguage\":\"es\",\"@id\":\"https:\/\/www.mpppst.gob.ve\/mpppstweb\/#\/schema\/logo\/image\/\",\"url\":\"https:\/\/www.mpppst.gob.ve\/mpppstweb\/wp-content\/uploads\/2025\/07\/cropped-cropped-g910.png\",\"contentUrl\":\"https:\/\/www.mpppst.gob.ve\/mpppstweb\/wp-content\/uploads\/2025\/07\/cropped-cropped-g910.png\",\"width\":1080,\"height\":241,\"caption\":\"mpppst\"},\"image\":{\"@id\":\"https:\/\/www.mpppst.gob.ve\/mpppstweb\/#\/schema\/logo\/image\/\"}},{\"@type\":\"Person\",\"@id\":\"https:\/\/www.mpppst.gob.ve\/mpppstweb\/#\/schema\/person\/fc187ee8ead412bd4c9304b62f900ea4\",\"name\":\"MPPPST Prensa\",\"url\":\"https:\/\/www.mpppst.gob.ve\/mpppstweb\/index.php\/author\/prensa-mpppst\/\"}]}<\/script>\n<!-- \/ Yoast SEO plugin. -->","yoast_head_json":{"title":"Ministro Torrealba: La Constituyente es un hito que generar\u00e1 un desencadenante hist\u00f3rico - MPPPST","robots":{"index":"index","follow":"follow","max-snippet":"max-snippet:-1","max-image-preview":"max-image-preview:large","max-video-preview":"max-video-preview:-1"},"canonical":"https:\/\/www.mpppst.gob.ve\/mpppstweb\/index.php\/2017\/05\/09\/ministro-torrealba-la-constituyente-es-un-hito-que-generara-un-desencadenante-historico\/","og_locale":"es_ES","og_type":"article","og_title":"Ministro Torrealba: La Constituyente es un hito que generar\u00e1 un desencadenante hist\u00f3rico - MPPPST","og_description":"El ministro del Poder Popular para el Proceso Social de Trabajo, Francisco Torrealba,\u00a0 en el marco &hellip; Ministro Torrealba: La Constituyente es un hito que generar\u00e1 un desencadenante hist\u00f3ricoRead more","og_url":"https:\/\/www.mpppst.gob.ve\/mpppstweb\/index.php\/2017\/05\/09\/ministro-torrealba-la-constituyente-es-un-hito-que-generara-un-desencadenante-historico\/","og_site_name":"MPPPST","article_published_time":"2017-05-09T16:01:59+00:00","og_image":[{"width":800,"height":445,"url":"https:\/\/www.mpppst.gob.ve\/mpppstweb\/wp-content\/uploads\/2017\/05\/ministro-programa-15.jpg","type":"image\/jpeg"}],"author":"MPPPST Prensa","twitter_card":"summary_large_image","twitter_misc":{"Escrito por":"MPPPST Prensa","Tiempo de lectura":"2 minutos"},"schema":{"@context":"https:\/\/schema.org","@graph":[{"@type":"Article","@id":"https:\/\/www.mpppst.gob.ve\/mpppstweb\/index.php\/2017\/05\/09\/ministro-torrealba-la-constituyente-es-un-hito-que-generara-un-desencadenante-historico\/#article","isPartOf":{"@id":"https:\/\/www.mpppst.gob.ve\/mpppstweb\/index.php\/2017\/05\/09\/ministro-torrealba-la-constituyente-es-un-hito-que-generara-un-desencadenante-historico\/"},"author":{"name":"MPPPST Prensa","@id":"https:\/\/www.mpppst.gob.ve\/mpppstweb\/#\/schema\/person\/fc187ee8ead412bd4c9304b62f900ea4"},"headline":"Ministro Torrealba: La Constituyente es un hito que generar\u00e1 un desencadenante hist\u00f3rico","datePublished":"2017-05-09T16:01:59+00:00","dateModified":"2017-05-09T16:01:59+00:00","mainEntityOfPage":{"@id":"https:\/\/www.mpppst.gob.ve\/mpppstweb\/index.php\/2017\/05\/09\/ministro-torrealba-la-constituyente-es-un-hito-que-generara-un-desencadenante-historico\/"},"wordCount":487,"publisher":{"@id":"https:\/\/www.mpppst.gob.ve\/mpppstweb\/#organization"},"image":{"@id":"https:\/\/www.mpppst.gob.ve\/mpppstweb\/index.php\/2017\/05\/09\/ministro-torrealba-la-constituyente-es-un-hito-que-generara-un-desencadenante-historico\/#primaryimage"},"thumbnailUrl":"https:\/\/www.mpppst.gob.ve\/mpppstweb\/wp-content\/uploads\/2017\/05\/ministro-programa-15.jpg","articleSection":["Gobierno Nacional","Ministerio","Noticias"],"inLanguage":"es"},{"@type":"WebPage","@id":"https:\/\/www.mpppst.gob.ve\/mpppstweb\/index.php\/2017\/05\/09\/ministro-torrealba-la-constituyente-es-un-hito-que-generara-un-desencadenante-historico\/","url":"https:\/\/www.mpppst.gob.ve\/mpppstweb\/index.php\/2017\/05\/09\/ministro-torrealba-la-constituyente-es-un-hito-que-generara-un-desencadenante-historico\/","name":"Ministro Torrealba: La Constituyente es un hito que generar\u00e1 un desencadenante hist\u00f3rico - MPPPST","isPartOf":{"@id":"https:\/\/www.mpppst.gob.ve\/mpppstweb\/#website"},"primaryImageOfPage":{"@id":"https:\/\/www.mpppst.gob.ve\/mpppstweb\/index.php\/2017\/05\/09\/ministro-torrealba-la-constituyente-es-un-hito-que-generara-un-desencadenante-historico\/#primaryimage"},"image":{"@id":"https:\/\/www.mpppst.gob.ve\/mpppstweb\/index.php\/2017\/05\/09\/ministro-torrealba-la-constituyente-es-un-hito-que-generara-un-desencadenante-historico\/#primaryimage"},"thumbnailUrl":"https:\/\/www.mpppst.gob.ve\/mpppstweb\/wp-content\/uploads\/2017\/05\/ministro-programa-15.jpg","datePublished":"2017-05-09T16:01:59+00:00","dateModified":"2017-05-09T16:01:59+00:00","breadcrumb":{"@id":"https:\/\/www.mpppst.gob.ve\/mpppstweb\/index.php\/2017\/05\/09\/ministro-torrealba-la-constituyente-es-un-hito-que-generara-un-desencadenante-historico\/#breadcrumb"},"inLanguage":"es","potentialAction":[{"@type":"ReadAction","target":["https:\/\/www.mpppst.gob.ve\/mpppstweb\/index.php\/2017\/05\/09\/ministro-torrealba-la-constituyente-es-un-hito-que-generara-un-desencadenante-historico\/"]}]},{"@type":"ImageObject","inLanguage":"es","@id":"https:\/\/www.mpppst.gob.ve\/mpppstweb\/index.php\/2017\/05\/09\/ministro-torrealba-la-constituyente-es-un-hito-que-generara-un-desencadenante-historico\/#primaryimage","url":"https:\/\/www.mpppst.gob.ve\/mpppstweb\/wp-content\/uploads\/2017\/05\/ministro-programa-15.jpg","contentUrl":"https:\/\/www.mpppst.gob.ve\/mpppstweb\/wp-content\/uploads\/2017\/05\/ministro-programa-15.jpg","width":800,"height":445},{"@type":"BreadcrumbList","@id":"https:\/\/www.mpppst.gob.ve\/mpppstweb\/index.php\/2017\/05\/09\/ministro-torrealba-la-constituyente-es-un-hito-que-generara-un-desencadenante-historico\/#breadcrumb","itemListElement":[{"@type":"ListItem","position":1,"name":"Home","item":"https:\/\/www.mpppst.gob.ve\/mpppstweb\/"},{"@type":"ListItem","position":2,"name":"Ministro Torrealba: La Constituyente es un hito que generar\u00e1 un desencadenante hist\u00f3rico"}]},{"@type":"WebSite","@id":"https:\/\/www.mpppst.gob.ve\/mpppstweb\/#website","url":"https:\/\/www.mpppst.gob.ve\/mpppstweb\/","name":"MPPPST","description":"Ministerio del Poder Popular para el Proceso Social de Trabajo","publisher":{"@id":"https:\/\/www.mpppst.gob.ve\/mpppstweb\/#organization"},"potentialAction":[{"@type":"SearchAction","target":{"@type":"EntryPoint","urlTemplate":"https:\/\/www.mpppst.gob.ve\/mpppstweb\/?s={search_term_string}"},"query-input":"required name=search_term_string"}],"inLanguage":"es"},{"@type":"Organization","@id":"https:\/\/www.mpppst.gob.ve\/mpppstweb\/#organization","name":"mpppst","url":"https:\/\/www.mpppst.gob.ve\/mpppstweb\/","logo":{"@type":"ImageObject","inLanguage":"es","@id":"https:\/\/www.mpppst.gob.ve\/mpppstweb\/#\/schema\/logo\/image\/","url":"https:\/\/www.mpppst.gob.ve\/mpppstweb\/wp-content\/uploads\/2025\/07\/cropped-cropped-g910.png","contentUrl":"https:\/\/www.mpppst.gob.ve\/mpppstweb\/wp-content\/uploads\/2025\/07\/cropped-cropped-g910.png","width":1080,"height":241,"caption":"mpppst"},"image":{"@id":"https:\/\/www.mpppst.gob.ve\/mpppstweb\/#\/schema\/logo\/image\/"}},{"@type":"Person","@id":"https:\/\/www.mpppst.gob.ve\/mpppstweb\/#\/schema\/person\/fc187ee8ead412bd4c9304b62f900ea4","name":"MPPPST Prensa","url":"https:\/\/www.mpppst.gob.ve\/mpppstweb\/index.php\/author\/prensa-mpppst\/"}]}},"_links":{"self":[{"href":"https:\/\/www.mpppst.gob.ve\/mpppstweb\/index.php\/wp-json\/wp\/v2\/posts\/11413"}],"collection":[{"href":"https:\/\/www.mpppst.gob.ve\/mpppstweb\/index.php\/wp-json\/wp\/v2\/posts"}],"about":[{"href":"https:\/\/www.mpppst.gob.ve\/mpppstweb\/index.php\/wp-json\/wp\/v2\/types\/post"}],"author":[{"embeddable":true,"href":"https:\/\/www.mpppst.gob.ve\/mpppstweb\/index.php\/wp-json\/wp\/v2\/users\/25"}],"replies":[{"embeddable":true,"href":"https:\/\/www.mpppst.gob.ve\/mpppstweb\/index.php\/wp-json\/wp\/v2\/comments?post=11413"}],"version-history":[{"count":1,"href":"https:\/\/www.mpppst.gob.ve\/mpppstweb\/index.php\/wp-json\/wp\/v2\/posts\/11413\/revisions"}],"predecessor-version":[{"id":11415,"href":"https:\/\/www.mpppst.gob.ve\/mpppstweb\/index.php\/wp-json\/wp\/v2\/posts\/11413\/revisions\/11415"}],"wp:featuredmedia":[{"embeddable":true,"href":"https:\/\/www.mpppst.gob.ve\/mpppstweb\/index.php\/wp-json\/wp\/v2\/media\/11414"}],"wp:attachment":[{"href":"https:\/\/www.mpppst.gob.ve\/mpppstweb\/index.php\/wp-json\/wp\/v2\/media?parent=11413"}],"wp:term":[{"taxonomy":"category","embeddable":true,"href":"https:\/\/www.mpppst.gob.ve\/mpppstweb\/index.php\/wp-json\/wp\/v2\/categories?post=11413"},{"taxonomy":"post_tag","embeddable":true,"href":"https:\/\/www.mpppst.gob.ve\/mpppstweb\/index.php\/wp-json\/wp\/v2\/tags?post=11413"}],"curies":[{"name":"wp","href":"https:\/\/api.w.org\/{rel}","templated":true}]}}