{"id":11446,"date":"2017-05-11T16:07:03","date_gmt":"2017-05-11T20:07:03","guid":{"rendered":"http:\/\/www.mpppst.gob.ve\/mpppstweb\/?p=11446"},"modified":"2017-05-12T12:54:30","modified_gmt":"2017-05-12T16:54:30","slug":"mpppst-celebra-el-dia-de-las-madres-al-son-de-boleros-y-salsa","status":"publish","type":"post","link":"https:\/\/www.mpppst.gob.ve\/mpppstweb\/index.php\/2017\/05\/11\/mpppst-celebra-el-dia-de-las-madres-al-son-de-boleros-y-salsa\/","title":{"rendered":"MPPPST celebra el d\u00eda de las Madres al son de boleros y salsa"},"content":{"rendered":"<p>Con el fin de celebrar el D\u00eda de las Madres, el Ministerio del Poder Popular para el Proceso Social de Trabajo, a trav\u00e9s de la Direcci\u00f3n de Gesti\u00f3n Humana, realiz\u00f3 una actividad con las madres trabajadoras de la referida Instituci\u00f3n perteneciente al Estado venezolano. \u00bfLa finalidad?: celebrar este importante rol de la mujer venezolana.<\/p>\n<p>El homenaje a las Madres se llev\u00f3 a cabo al son de boleros y de salsa. De esta forma Bel\u00e9n Mar\u00edn interpret\u00f3 El Pacto y El Viaje; Floritza Rojas cant\u00f3 los boleros Piel Canela y Amor Perdido; Delia Mart\u00ednez interpret\u00f3 Tu me acostumbraste y Madrigal; Pedro Rodr\u00edguez cant\u00f3 la canci\u00f3n Vereda Tropical; Nancy Canel\u00f3n:\u00a0 Solamente una vez; Ang\u00e9lica Laya: T\u00fa sabes que te quiero; Yoly Acosta: Contigo a la Distancia\u00a0 y Tu voz; Carlos Far\u00edas (trabajador de la Direcci\u00f3n de Gesti\u00f3n Comunicacional) interpret\u00f3 los boleros Toda una Vida y L\u00e1stima que seas ajena, as\u00ed como las canciones pertenecientes al g\u00e9nero salsa: Dormir Contigo, Mi negra.<\/p>\n<p>Fue una tarde en la cual las madres abrieron un espacio para bailar, cantar, disfrutar. Fue sin duda un espacio lleno, adem\u00e1s de ritmos, de muchas esperanzas, pues las madres y sus hijos representan la esperanza de la Patria.<\/p>\n<p><strong>Mensaje del Ministro a las Madres\u00a0<\/strong><\/p>\n<p><strong>\u00a0<\/strong>Gracias por tanto&#8230;.<br \/>\nAgradecemos cada d\u00eda que Dios nos ha regalado al lado\u00a0de\u00a0quien nos acompa\u00f1a a\u00fan sin condiciones, sin cansancio, sin desmayo en\u00a0su\u00a0prop\u00f3sito\u00a0de caminar con nosotros en este complejo proceso llamado VIDA.<br \/>\nGracias por acu\u00f1ar tanto amor destinado celosamente a\u00a0su\u00a0familia.<br \/>\nHoy quiero reconocer esa fuerza vital que te caracteriza y que has usado para formar y hacer felices a quienes hoy celebramos contar contigo cada minuto\u00a0de nuestras vidas.<br \/>\nTambi\u00e9n es mi deseo destacar tu paciencia y tu comprensi\u00f3n, tu apoyo, tu LUCHA&#8230;.<\/p>\n<p>A todas las mujeres que paren la Patria para un mejor porvenir<\/p>\n<p>\u00a1Felicidad hoy y siempre!<\/p>\n<p><strong>Francisco Alejandro Torrealba Ojeda<\/strong><\/p>\n<p><strong>Ministro del Poder Popular para el Proceso Social de Trabajo <\/strong><\/p>\n<p>Por Marbelys Mav\u00e1rez Laguna<\/p>\n","protected":false},"excerpt":{"rendered":"<p>Con el fin de celebrar el D\u00eda de las Madres, el Ministerio del Poder Popular para &hellip; <a title=\"MPPPST celebra el d\u00eda de las Madres al son de boleros y salsa\" class=\"hm-read-more\" href=\"https:\/\/www.mpppst.gob.ve\/mpppstweb\/index.php\/2017\/05\/11\/mpppst-celebra-el-dia-de-las-madres-al-son-de-boleros-y-salsa\/\"><span class=\"screen-reader-text\">MPPPST celebra el d\u00eda de las Madres al son de boleros y salsa<\/span>Leer m\u00e1s<\/a><\/p>\n","protected":false},"author":25,"featured_media":11447,"comment_status":"closed","ping_status":"closed","sticky":false,"template":"","format":"standard","meta":{"footnotes":""},"categories":[83,163],"tags":[],"class_list":["post-11446","post","type-post","status-publish","format-standard","has-post-thumbnail","hentry","category-ministerio","category-noticias"],"yoast_head":"<!-- This site is optimized with the Yoast SEO plugin v28.4 - https:\/\/yoast.com\/product\/yoast-seo-wordpress\/ -->\n<title>MPPPST celebra el d\u00eda de las Madres al son de boleros y salsa - MPPPST<\/title>\n<meta name=\"robots\" content=\"index, follow, max-snippet:-1, max-image-preview:large, max-video-preview:-1\" \/>\n<link rel=\"canonical\" href=\"https:\/\/www.mpppst.gob.ve\/mpppstweb\/index.php\/2017\/05\/11\/mpppst-celebra-el-dia-de-las-madres-al-son-de-boleros-y-salsa\/\" \/>\n<meta property=\"og:locale\" content=\"es_ES\" \/>\n<meta property=\"og:type\" content=\"article\" \/>\n<meta property=\"og:title\" content=\"MPPPST celebra el d\u00eda de las Madres al son de boleros y salsa - MPPPST\" \/>\n<meta property=\"og:description\" content=\"Con el fin de celebrar el D\u00eda de las Madres, el Ministerio del Poder Popular para &hellip; MPPPST celebra el d\u00eda de las Madres al son de boleros y salsaLeer m\u00e1s\" \/>\n<meta property=\"og:url\" content=\"https:\/\/www.mpppst.gob.ve\/mpppstweb\/index.php\/2017\/05\/11\/mpppst-celebra-el-dia-de-las-madres-al-son-de-boleros-y-salsa\/\" \/>\n<meta property=\"og:site_name\" content=\"MPPPST\" \/>\n<meta property=\"article:publisher\" content=\"https:\/\/www.facebook.com\/mintrabajo_ve\" \/>\n<meta property=\"article:published_time\" content=\"2017-05-11T20:07:03+00:00\" \/>\n<meta property=\"article:modified_time\" content=\"2017-05-12T16:54:30+00:00\" \/>\n<meta property=\"og:image\" content=\"https:\/\/www.mpppst.gob.ve\/mpppstweb\/wp-content\/uploads\/2017\/05\/madres.jpg\" \/>\n\t<meta property=\"og:image:width\" content=\"800\" \/>\n\t<meta property=\"og:image:height\" content=\"445\" \/>\n\t<meta property=\"og:image:type\" content=\"image\/jpeg\" \/>\n<meta name=\"author\" content=\"MPPPST Prensa\" \/>\n<meta name=\"twitter:card\" content=\"summary_large_image\" \/>\n<script type=\"application\/ld+json\" class=\"yoast-schema-graph\">{\"@context\":\"https:\\\/\\\/schema.org\",\"@graph\":[{\"@type\":\"Article\",\"@id\":\"https:\\\/\\\/www.mpppst.gob.ve\\\/mpppstweb\\\/index.php\\\/2017\\\/05\\\/11\\\/mpppst-celebra-el-dia-de-las-madres-al-son-de-boleros-y-salsa\\\/#article\",\"isPartOf\":{\"@id\":\"https:\\\/\\\/www.mpppst.gob.ve\\\/mpppstweb\\\/index.php\\\/2017\\\/05\\\/11\\\/mpppst-celebra-el-dia-de-las-madres-al-son-de-boleros-y-salsa\\\/\"},\"author\":{\"name\":\"MPPPST Prensa\",\"@id\":\"https:\\\/\\\/www.mpppst.gob.ve\\\/mpppstweb\\\/#\\\/schema\\\/person\\\/fc187ee8ead412bd4c9304b62f900ea4\"},\"headline\":\"MPPPST celebra el d\u00eda de las Madres al son de boleros y salsa\",\"datePublished\":\"2017-05-11T20:07:03+00:00\",\"dateModified\":\"2017-05-12T16:54:30+00:00\",\"mainEntityOfPage\":{\"@id\":\"https:\\\/\\\/www.mpppst.gob.ve\\\/mpppstweb\\\/index.php\\\/2017\\\/05\\\/11\\\/mpppst-celebra-el-dia-de-las-madres-al-son-de-boleros-y-salsa\\\/\"},\"wordCount\":368,\"publisher\":{\"@id\":\"https:\\\/\\\/www.mpppst.gob.ve\\\/mpppstweb\\\/#organization\"},\"image\":{\"@id\":\"https:\\\/\\\/www.mpppst.gob.ve\\\/mpppstweb\\\/index.php\\\/2017\\\/05\\\/11\\\/mpppst-celebra-el-dia-de-las-madres-al-son-de-boleros-y-salsa\\\/#primaryimage\"},\"thumbnailUrl\":\"https:\\\/\\\/www.mpppst.gob.ve\\\/mpppstweb\\\/wp-content\\\/uploads\\\/2017\\\/05\\\/madres.jpg\",\"articleSection\":[\"Ministerio\",\"Noticias\"],\"inLanguage\":\"es\"},{\"@type\":\"WebPage\",\"@id\":\"https:\\\/\\\/www.mpppst.gob.ve\\\/mpppstweb\\\/index.php\\\/2017\\\/05\\\/11\\\/mpppst-celebra-el-dia-de-las-madres-al-son-de-boleros-y-salsa\\\/\",\"url\":\"https:\\\/\\\/www.mpppst.gob.ve\\\/mpppstweb\\\/index.php\\\/2017\\\/05\\\/11\\\/mpppst-celebra-el-dia-de-las-madres-al-son-de-boleros-y-salsa\\\/\",\"name\":\"MPPPST celebra el d\u00eda de las Madres al son de boleros y salsa - MPPPST\",\"isPartOf\":{\"@id\":\"https:\\\/\\\/www.mpppst.gob.ve\\\/mpppstweb\\\/#website\"},\"primaryImageOfPage\":{\"@id\":\"https:\\\/\\\/www.mpppst.gob.ve\\\/mpppstweb\\\/index.php\\\/2017\\\/05\\\/11\\\/mpppst-celebra-el-dia-de-las-madres-al-son-de-boleros-y-salsa\\\/#primaryimage\"},\"image\":{\"@id\":\"https:\\\/\\\/www.mpppst.gob.ve\\\/mpppstweb\\\/index.php\\\/2017\\\/05\\\/11\\\/mpppst-celebra-el-dia-de-las-madres-al-son-de-boleros-y-salsa\\\/#primaryimage\"},\"thumbnailUrl\":\"https:\\\/\\\/www.mpppst.gob.ve\\\/mpppstweb\\\/wp-content\\\/uploads\\\/2017\\\/05\\\/madres.jpg\",\"datePublished\":\"2017-05-11T20:07:03+00:00\",\"dateModified\":\"2017-05-12T16:54:30+00:00\",\"breadcrumb\":{\"@id\":\"https:\\\/\\\/www.mpppst.gob.ve\\\/mpppstweb\\\/index.php\\\/2017\\\/05\\\/11\\\/mpppst-celebra-el-dia-de-las-madres-al-son-de-boleros-y-salsa\\\/#breadcrumb\"},\"inLanguage\":\"es\",\"potentialAction\":[{\"@type\":\"ReadAction\",\"target\":[\"https:\\\/\\\/www.mpppst.gob.ve\\\/mpppstweb\\\/index.php\\\/2017\\\/05\\\/11\\\/mpppst-celebra-el-dia-de-las-madres-al-son-de-boleros-y-salsa\\\/\"]}]},{\"@type\":\"ImageObject\",\"inLanguage\":\"es\",\"@id\":\"https:\\\/\\\/www.mpppst.gob.ve\\\/mpppstweb\\\/index.php\\\/2017\\\/05\\\/11\\\/mpppst-celebra-el-dia-de-las-madres-al-son-de-boleros-y-salsa\\\/#primaryimage\",\"url\":\"https:\\\/\\\/www.mpppst.gob.ve\\\/mpppstweb\\\/wp-content\\\/uploads\\\/2017\\\/05\\\/madres.jpg\",\"contentUrl\":\"https:\\\/\\\/www.mpppst.gob.ve\\\/mpppstweb\\\/wp-content\\\/uploads\\\/2017\\\/05\\\/madres.jpg\",\"width\":800,\"height\":445},{\"@type\":\"BreadcrumbList\",\"@id\":\"https:\\\/\\\/www.mpppst.gob.ve\\\/mpppstweb\\\/index.php\\\/2017\\\/05\\\/11\\\/mpppst-celebra-el-dia-de-las-madres-al-son-de-boleros-y-salsa\\\/#breadcrumb\",\"itemListElement\":[{\"@type\":\"ListItem\",\"position\":1,\"name\":\"Home\",\"item\":\"https:\\\/\\\/www.mpppst.gob.ve\\\/mpppstweb\\\/\"},{\"@type\":\"ListItem\",\"position\":2,\"name\":\"MPPPST celebra el d\u00eda de las Madres al son de boleros y salsa\"}]},{\"@type\":\"WebSite\",\"@id\":\"https:\\\/\\\/www.mpppst.gob.ve\\\/mpppstweb\\\/#website\",\"url\":\"https:\\\/\\\/www.mpppst.gob.ve\\\/mpppstweb\\\/\",\"name\":\"MPPPST\",\"description\":\"Sitio web oficial del Ministerio del Poder Popular para el Proceso Social de Trabajo\",\"publisher\":{\"@id\":\"https:\\\/\\\/www.mpppst.gob.ve\\\/mpppstweb\\\/#organization\"},\"alternateName\":\"Ministerio del Poder Popular para el Proceso Social de Trabajo\",\"potentialAction\":[{\"@type\":\"SearchAction\",\"target\":{\"@type\":\"EntryPoint\",\"urlTemplate\":\"https:\\\/\\\/www.mpppst.gob.ve\\\/mpppstweb\\\/?s={search_term_string}\"},\"query-input\":{\"@type\":\"PropertyValueSpecification\",\"valueRequired\":true,\"valueName\":\"search_term_string\"}}],\"inLanguage\":\"es\"},{\"@type\":\"Organization\",\"@id\":\"https:\\\/\\\/www.mpppst.gob.ve\\\/mpppstweb\\\/#organization\",\"name\":\"Ministerio del Poder Popular para el Proceso Social de Trabajo\",\"alternateName\":\"MPPPST\",\"url\":\"https:\\\/\\\/www.mpppst.gob.ve\\\/mpppstweb\\\/\",\"logo\":{\"@type\":\"ImageObject\",\"inLanguage\":\"es\",\"@id\":\"https:\\\/\\\/www.mpppst.gob.ve\\\/mpppstweb\\\/#\\\/schema\\\/logo\\\/image\\\/\",\"url\":\"https:\\\/\\\/www.mpppst.gob.ve\\\/mpppstweb\\\/wp-content\\\/uploads\\\/2025\\\/07\\\/cropped-cropped-g910.png\",\"contentUrl\":\"https:\\\/\\\/www.mpppst.gob.ve\\\/mpppstweb\\\/wp-content\\\/uploads\\\/2025\\\/07\\\/cropped-cropped-g910.png\",\"width\":1080,\"height\":241,\"caption\":\"Ministerio del Poder Popular para el Proceso Social de Trabajo\"},\"image\":{\"@id\":\"https:\\\/\\\/www.mpppst.gob.ve\\\/mpppstweb\\\/#\\\/schema\\\/logo\\\/image\\\/\"},\"sameAs\":[\"https:\\\/\\\/www.facebook.com\\\/mintrabajo_ve\",\"https:\\\/\\\/www.instagram.com\\\/mintrabajo_ve\\\/\",\"https:\\\/\\\/www.tiktok.com\\\/@mintrabajo_ve\",\"https:\\\/\\\/t.me\\\/mpppst\"]},{\"@type\":\"Person\",\"@id\":\"https:\\\/\\\/www.mpppst.gob.ve\\\/mpppstweb\\\/#\\\/schema\\\/person\\\/fc187ee8ead412bd4c9304b62f900ea4\",\"name\":\"MPPPST Prensa\",\"url\":\"https:\\\/\\\/www.mpppst.gob.ve\\\/mpppstweb\\\/index.php\\\/author\\\/prensa-mpppst\\\/\"}]}<\/script>\n<!-- \/ Yoast SEO plugin. -->","yoast_head_json":{"title":"MPPPST celebra el d\u00eda de las Madres al son de boleros y salsa - MPPPST","robots":{"index":"index","follow":"follow","max-snippet":"max-snippet:-1","max-image-preview":"max-image-preview:large","max-video-preview":"max-video-preview:-1"},"canonical":"https:\/\/www.mpppst.gob.ve\/mpppstweb\/index.php\/2017\/05\/11\/mpppst-celebra-el-dia-de-las-madres-al-son-de-boleros-y-salsa\/","og_locale":"es_ES","og_type":"article","og_title":"MPPPST celebra el d\u00eda de las Madres al son de boleros y salsa - MPPPST","og_description":"Con el fin de celebrar el D\u00eda de las Madres, el Ministerio del Poder Popular para &hellip; MPPPST celebra el d\u00eda de las Madres al son de boleros y salsaLeer m\u00e1s","og_url":"https:\/\/www.mpppst.gob.ve\/mpppstweb\/index.php\/2017\/05\/11\/mpppst-celebra-el-dia-de-las-madres-al-son-de-boleros-y-salsa\/","og_site_name":"MPPPST","article_publisher":"https:\/\/www.facebook.com\/mintrabajo_ve","article_published_time":"2017-05-11T20:07:03+00:00","article_modified_time":"2017-05-12T16:54:30+00:00","og_image":[{"width":800,"height":445,"url":"https:\/\/www.mpppst.gob.ve\/mpppstweb\/wp-content\/uploads\/2017\/05\/madres.jpg","type":"image\/jpeg"}],"author":"MPPPST Prensa","twitter_card":"summary_large_image","schema":{"@context":"https:\/\/schema.org","@graph":[{"@type":"Article","@id":"https:\/\/www.mpppst.gob.ve\/mpppstweb\/index.php\/2017\/05\/11\/mpppst-celebra-el-dia-de-las-madres-al-son-de-boleros-y-salsa\/#article","isPartOf":{"@id":"https:\/\/www.mpppst.gob.ve\/mpppstweb\/index.php\/2017\/05\/11\/mpppst-celebra-el-dia-de-las-madres-al-son-de-boleros-y-salsa\/"},"author":{"name":"MPPPST Prensa","@id":"https:\/\/www.mpppst.gob.ve\/mpppstweb\/#\/schema\/person\/fc187ee8ead412bd4c9304b62f900ea4"},"headline":"MPPPST celebra el d\u00eda de las Madres al son de boleros y salsa","datePublished":"2017-05-11T20:07:03+00:00","dateModified":"2017-05-12T16:54:30+00:00","mainEntityOfPage":{"@id":"https:\/\/www.mpppst.gob.ve\/mpppstweb\/index.php\/2017\/05\/11\/mpppst-celebra-el-dia-de-las-madres-al-son-de-boleros-y-salsa\/"},"wordCount":368,"publisher":{"@id":"https:\/\/www.mpppst.gob.ve\/mpppstweb\/#organization"},"image":{"@id":"https:\/\/www.mpppst.gob.ve\/mpppstweb\/index.php\/2017\/05\/11\/mpppst-celebra-el-dia-de-las-madres-al-son-de-boleros-y-salsa\/#primaryimage"},"thumbnailUrl":"https:\/\/www.mpppst.gob.ve\/mpppstweb\/wp-content\/uploads\/2017\/05\/madres.jpg","articleSection":["Ministerio","Noticias"],"inLanguage":"es"},{"@type":"WebPage","@id":"https:\/\/www.mpppst.gob.ve\/mpppstweb\/index.php\/2017\/05\/11\/mpppst-celebra-el-dia-de-las-madres-al-son-de-boleros-y-salsa\/","url":"https:\/\/www.mpppst.gob.ve\/mpppstweb\/index.php\/2017\/05\/11\/mpppst-celebra-el-dia-de-las-madres-al-son-de-boleros-y-salsa\/","name":"MPPPST celebra el d\u00eda de las Madres al son de boleros y salsa - MPPPST","isPartOf":{"@id":"https:\/\/www.mpppst.gob.ve\/mpppstweb\/#website"},"primaryImageOfPage":{"@id":"https:\/\/www.mpppst.gob.ve\/mpppstweb\/index.php\/2017\/05\/11\/mpppst-celebra-el-dia-de-las-madres-al-son-de-boleros-y-salsa\/#primaryimage"},"image":{"@id":"https:\/\/www.mpppst.gob.ve\/mpppstweb\/index.php\/2017\/05\/11\/mpppst-celebra-el-dia-de-las-madres-al-son-de-boleros-y-salsa\/#primaryimage"},"thumbnailUrl":"https:\/\/www.mpppst.gob.ve\/mpppstweb\/wp-content\/uploads\/2017\/05\/madres.jpg","datePublished":"2017-05-11T20:07:03+00:00","dateModified":"2017-05-12T16:54:30+00:00","breadcrumb":{"@id":"https:\/\/www.mpppst.gob.ve\/mpppstweb\/index.php\/2017\/05\/11\/mpppst-celebra-el-dia-de-las-madres-al-son-de-boleros-y-salsa\/#breadcrumb"},"inLanguage":"es","potentialAction":[{"@type":"ReadAction","target":["https:\/\/www.mpppst.gob.ve\/mpppstweb\/index.php\/2017\/05\/11\/mpppst-celebra-el-dia-de-las-madres-al-son-de-boleros-y-salsa\/"]}]},{"@type":"ImageObject","inLanguage":"es","@id":"https:\/\/www.mpppst.gob.ve\/mpppstweb\/index.php\/2017\/05\/11\/mpppst-celebra-el-dia-de-las-madres-al-son-de-boleros-y-salsa\/#primaryimage","url":"https:\/\/www.mpppst.gob.ve\/mpppstweb\/wp-content\/uploads\/2017\/05\/madres.jpg","contentUrl":"https:\/\/www.mpppst.gob.ve\/mpppstweb\/wp-content\/uploads\/2017\/05\/madres.jpg","width":800,"height":445},{"@type":"BreadcrumbList","@id":"https:\/\/www.mpppst.gob.ve\/mpppstweb\/index.php\/2017\/05\/11\/mpppst-celebra-el-dia-de-las-madres-al-son-de-boleros-y-salsa\/#breadcrumb","itemListElement":[{"@type":"ListItem","position":1,"name":"Home","item":"https:\/\/www.mpppst.gob.ve\/mpppstweb\/"},{"@type":"ListItem","position":2,"name":"MPPPST celebra el d\u00eda de las Madres al son de boleros y salsa"}]},{"@type":"WebSite","@id":"https:\/\/www.mpppst.gob.ve\/mpppstweb\/#website","url":"https:\/\/www.mpppst.gob.ve\/mpppstweb\/","name":"MPPPST","description":"Sitio web oficial del Ministerio del Poder Popular para el Proceso Social de Trabajo","publisher":{"@id":"https:\/\/www.mpppst.gob.ve\/mpppstweb\/#organization"},"alternateName":"Ministerio del Poder Popular para el Proceso Social de Trabajo","potentialAction":[{"@type":"SearchAction","target":{"@type":"EntryPoint","urlTemplate":"https:\/\/www.mpppst.gob.ve\/mpppstweb\/?s={search_term_string}"},"query-input":{"@type":"PropertyValueSpecification","valueRequired":true,"valueName":"search_term_string"}}],"inLanguage":"es"},{"@type":"Organization","@id":"https:\/\/www.mpppst.gob.ve\/mpppstweb\/#organization","name":"Ministerio del Poder Popular para el Proceso Social de Trabajo","alternateName":"MPPPST","url":"https:\/\/www.mpppst.gob.ve\/mpppstweb\/","logo":{"@type":"ImageObject","inLanguage":"es","@id":"https:\/\/www.mpppst.gob.ve\/mpppstweb\/#\/schema\/logo\/image\/","url":"https:\/\/www.mpppst.gob.ve\/mpppstweb\/wp-content\/uploads\/2025\/07\/cropped-cropped-g910.png","contentUrl":"https:\/\/www.mpppst.gob.ve\/mpppstweb\/wp-content\/uploads\/2025\/07\/cropped-cropped-g910.png","width":1080,"height":241,"caption":"Ministerio del Poder Popular para el Proceso Social de Trabajo"},"image":{"@id":"https:\/\/www.mpppst.gob.ve\/mpppstweb\/#\/schema\/logo\/image\/"},"sameAs":["https:\/\/www.facebook.com\/mintrabajo_ve","https:\/\/www.instagram.com\/mintrabajo_ve\/","https:\/\/www.tiktok.com\/@mintrabajo_ve","https:\/\/t.me\/mpppst"]},{"@type":"Person","@id":"https:\/\/www.mpppst.gob.ve\/mpppstweb\/#\/schema\/person\/fc187ee8ead412bd4c9304b62f900ea4","name":"MPPPST Prensa","url":"https:\/\/www.mpppst.gob.ve\/mpppstweb\/index.php\/author\/prensa-mpppst\/"}]}},"_links":{"self":[{"href":"https:\/\/www.mpppst.gob.ve\/mpppstweb\/index.php\/wp-json\/wp\/v2\/posts\/11446","targetHints":{"allow":["GET"]}}],"collection":[{"href":"https:\/\/www.mpppst.gob.ve\/mpppstweb\/index.php\/wp-json\/wp\/v2\/posts"}],"about":[{"href":"https:\/\/www.mpppst.gob.ve\/mpppstweb\/index.php\/wp-json\/wp\/v2\/types\/post"}],"author":[{"embeddable":true,"href":"https:\/\/www.mpppst.gob.ve\/mpppstweb\/index.php\/wp-json\/wp\/v2\/users\/25"}],"replies":[{"embeddable":true,"href":"https:\/\/www.mpppst.gob.ve\/mpppstweb\/index.php\/wp-json\/wp\/v2\/comments?post=11446"}],"version-history":[{"count":4,"href":"https:\/\/www.mpppst.gob.ve\/mpppstweb\/index.php\/wp-json\/wp\/v2\/posts\/11446\/revisions"}],"predecessor-version":[{"id":11462,"href":"https:\/\/www.mpppst.gob.ve\/mpppstweb\/index.php\/wp-json\/wp\/v2\/posts\/11446\/revisions\/11462"}],"wp:featuredmedia":[{"embeddable":true,"href":"https:\/\/www.mpppst.gob.ve\/mpppstweb\/index.php\/wp-json\/wp\/v2\/media\/11447"}],"wp:attachment":[{"href":"https:\/\/www.mpppst.gob.ve\/mpppstweb\/index.php\/wp-json\/wp\/v2\/media?parent=11446"}],"wp:term":[{"taxonomy":"category","embeddable":true,"href":"https:\/\/www.mpppst.gob.ve\/mpppstweb\/index.php\/wp-json\/wp\/v2\/categories?post=11446"},{"taxonomy":"post_tag","embeddable":true,"href":"https:\/\/www.mpppst.gob.ve\/mpppstweb\/index.php\/wp-json\/wp\/v2\/tags?post=11446"}],"curies":[{"name":"wp","href":"https:\/\/api.w.org\/{rel}","templated":true}]}}