{"id":11458,"date":"2017-05-12T09:45:12","date_gmt":"2017-05-12T13:45:12","guid":{"rendered":"http:\/\/www.mpppst.gob.ve\/mpppstweb\/?p=11458"},"modified":"2017-05-12T09:45:12","modified_gmt":"2017-05-12T13:45:12","slug":"asamblea-para-debatir-sobre-proceso-constituyente-se-extendera-hasta-la-proxima-semana","status":"publish","type":"post","link":"https:\/\/www.mpppst.gob.ve\/mpppstweb\/index.php\/2017\/05\/12\/asamblea-para-debatir-sobre-proceso-constituyente-se-extendera-hasta-la-proxima-semana\/","title":{"rendered":"Asamblea para debatir sobre proceso constituyente se extender\u00e1 hasta la pr\u00f3xima semana"},"content":{"rendered":"<p>AVN.- El presidente de la Rep\u00fablica, Nicol\u00e1s Maduro, inform\u00f3 este jueves que las asambleas para debatir el proceso constituyente, convocado el pasado 1\u00ba de mayo por el Ejecutivo Nacional, se extender\u00e1 hasta la pr\u00f3xima semana.<\/p>\n<p>\u00abHe decidido ampliar la consulta hasta la pr\u00f3xima semana para seguir escuchando a todos los sectores que quieran expresar sus opiniones. Abrirles las puertas de Miraflores para que vengan\u00bb, expres\u00f3 el jefe de Estado en transmisi\u00f3n conjunta de radio y televisi\u00f3n desde la Plaza Bicentenaria del Palacio de Miraflores, en Caracas, donde se llev\u00f3 a cabo un acto de graduaci\u00f3n de 624 docentes de la Micromisi\u00f3n Sim\u00f3n Rodr\u00edguez.<\/p>\n<p>\u00abHemos conversado con partidos pol\u00edticos de la oposici\u00f3n, se tom\u00f3 nota de sus cr\u00edticas, de sus propuestas. Hemos escuchado a todos los sectores religiosos, en di\u00e1logo ecum\u00e9nico, escuchamos a m\u00e1s de mil empresarios que vinieron al encuentro (&#8230;) Hemos escuchado a sindicatos, a trabajadores, ind\u00edgenas, personas de la tercera edad, pensionados, mujeres, estudiantes, cultores, intelectuales, dramaturgos, poetas, m\u00fasicos. Todos los sectores han sido consultado\u00bb, agreg\u00f3 el Mandatario Nacional.<\/p>\n<p>En este sentido, exhort\u00f3 a todos los sectores del pa\u00eds a participar en el proceso constituyente, para consolidar la paz y la estabilidad de la Rep\u00fablica.<\/p>\n<p>\u00abYo quiero que todos los sectores participen en las elecciones que se van a convocar para elegir diputados y diputadas constituyentes, territoriales y sectoriales. Yo quiero que se inscriban todos los sectores sociales, y que sea una constituyente social, ciudadana, popular. Una constituyente cultural, educativa, econ\u00f3mica. Una constituyente nacional. No de \u00e9lites, es el gran poder, el poder constituyente\u00bb, indic\u00f3.<\/p>\n<p>Por otra parte, el presidente Maduro reiter\u00f3 su disposici\u00f3n al di\u00e1logo nacional con sectores de la oposici\u00f3n, con el fin de solventar la coyuntura que vive el pa\u00eds. \u00abSigo ratificando mi voluntad al di\u00e1logo a la c\u00fapula de la MUD (Mesa de la Unidad Democr\u00e1tica)\u00bb, subray\u00f3.<\/p>\n<p>Al respecto, lament\u00f3 que sectores de la MUD y la Conferencia Episcopal Venezolana se hayan negado a participar al proceso constituyente.<\/p>\n<p>En este sentido, el Presidente se\u00f1al\u00f3 que instruy\u00f3 al presidente de la Comisi\u00f3n Presidencial del proceso constituyente, El\u00edas Jaua, con el fin de preservar la paz.<\/p>\n","protected":false},"excerpt":{"rendered":"<p>AVN.- El presidente de la Rep\u00fablica, Nicol\u00e1s Maduro, inform\u00f3 este jueves que las asambleas para debatir &hellip; <a title=\"Asamblea para debatir sobre proceso constituyente se extender\u00e1 hasta la pr\u00f3xima semana\" class=\"hm-read-more\" href=\"https:\/\/www.mpppst.gob.ve\/mpppstweb\/index.php\/2017\/05\/12\/asamblea-para-debatir-sobre-proceso-constituyente-se-extendera-hasta-la-proxima-semana\/\"><span class=\"screen-reader-text\">Asamblea para debatir sobre proceso constituyente se extender\u00e1 hasta la pr\u00f3xima semana<\/span>Read more<\/a><\/p>\n","protected":false},"author":25,"featured_media":11460,"comment_status":"closed","ping_status":"closed","sticky":false,"template":"","format":"standard","meta":{"footnotes":""},"categories":[82,163,213],"tags":[384,222,285],"yoast_head":"<!-- This site is optimized with the Yoast SEO plugin v22.5 - https:\/\/yoast.com\/wordpress\/plugins\/seo\/ -->\n<title>Asamblea para debatir sobre proceso constituyente se extender\u00e1 hasta la pr\u00f3xima semana - MPPPST<\/title>\n<meta name=\"robots\" content=\"index, follow, max-snippet:-1, max-image-preview:large, max-video-preview:-1\" \/>\n<link rel=\"canonical\" href=\"https:\/\/www.mpppst.gob.ve\/mpppstweb\/index.php\/2017\/05\/12\/asamblea-para-debatir-sobre-proceso-constituyente-se-extendera-hasta-la-proxima-semana\/\" \/>\n<meta property=\"og:locale\" content=\"es_ES\" \/>\n<meta property=\"og:type\" content=\"article\" \/>\n<meta property=\"og:title\" content=\"Asamblea para debatir sobre proceso constituyente se extender\u00e1 hasta la pr\u00f3xima semana - MPPPST\" \/>\n<meta property=\"og:description\" content=\"AVN.- El presidente de la Rep\u00fablica, Nicol\u00e1s Maduro, inform\u00f3 este jueves que las asambleas para debatir &hellip; Asamblea para debatir sobre proceso constituyente se extender\u00e1 hasta la pr\u00f3xima semanaRead more\" \/>\n<meta property=\"og:url\" content=\"https:\/\/www.mpppst.gob.ve\/mpppstweb\/index.php\/2017\/05\/12\/asamblea-para-debatir-sobre-proceso-constituyente-se-extendera-hasta-la-proxima-semana\/\" \/>\n<meta property=\"og:site_name\" content=\"MPPPST\" \/>\n<meta property=\"article:published_time\" content=\"2017-05-12T13:45:12+00:00\" \/>\n<meta property=\"og:image\" content=\"https:\/\/www.mpppst.gob.ve\/mpppstweb\/wp-content\/uploads\/2017\/05\/Constituyente-2.jpg\" \/>\n\t<meta property=\"og:image:width\" content=\"800\" \/>\n\t<meta property=\"og:image:height\" content=\"445\" \/>\n\t<meta property=\"og:image:type\" content=\"image\/jpeg\" \/>\n<meta name=\"author\" content=\"MPPPST Prensa\" \/>\n<meta name=\"twitter:card\" content=\"summary_large_image\" \/>\n<meta name=\"twitter:label1\" content=\"Escrito por\" \/>\n\t<meta name=\"twitter:data1\" content=\"MPPPST Prensa\" \/>\n\t<meta name=\"twitter:label2\" content=\"Tiempo de lectura\" \/>\n\t<meta name=\"twitter:data2\" content=\"2 minutos\" \/>\n<script type=\"application\/ld+json\" class=\"yoast-schema-graph\">{\"@context\":\"https:\/\/schema.org\",\"@graph\":[{\"@type\":\"Article\",\"@id\":\"https:\/\/www.mpppst.gob.ve\/mpppstweb\/index.php\/2017\/05\/12\/asamblea-para-debatir-sobre-proceso-constituyente-se-extendera-hasta-la-proxima-semana\/#article\",\"isPartOf\":{\"@id\":\"https:\/\/www.mpppst.gob.ve\/mpppstweb\/index.php\/2017\/05\/12\/asamblea-para-debatir-sobre-proceso-constituyente-se-extendera-hasta-la-proxima-semana\/\"},\"author\":{\"name\":\"MPPPST Prensa\",\"@id\":\"https:\/\/www.mpppst.gob.ve\/mpppstweb\/#\/schema\/person\/fc187ee8ead412bd4c9304b62f900ea4\"},\"headline\":\"Asamblea para debatir sobre proceso constituyente se extender\u00e1 hasta la pr\u00f3xima semana\",\"datePublished\":\"2017-05-12T13:45:12+00:00\",\"dateModified\":\"2017-05-12T13:45:12+00:00\",\"mainEntityOfPage\":{\"@id\":\"https:\/\/www.mpppst.gob.ve\/mpppstweb\/index.php\/2017\/05\/12\/asamblea-para-debatir-sobre-proceso-constituyente-se-extendera-hasta-la-proxima-semana\/\"},\"wordCount\":392,\"publisher\":{\"@id\":\"https:\/\/www.mpppst.gob.ve\/mpppstweb\/#organization\"},\"image\":{\"@id\":\"https:\/\/www.mpppst.gob.ve\/mpppstweb\/index.php\/2017\/05\/12\/asamblea-para-debatir-sobre-proceso-constituyente-se-extendera-hasta-la-proxima-semana\/#primaryimage\"},\"thumbnailUrl\":\"https:\/\/www.mpppst.gob.ve\/mpppstweb\/wp-content\/uploads\/2017\/05\/Constituyente-2.jpg\",\"keywords\":[\"Constituyente\",\"Gobierno Bolivariano\",\"Presidente Maduro\"],\"articleSection\":[\"Gobierno Nacional\",\"Noticias\",\"Presidencia de la Rep\u00fablica\"],\"inLanguage\":\"es\"},{\"@type\":\"WebPage\",\"@id\":\"https:\/\/www.mpppst.gob.ve\/mpppstweb\/index.php\/2017\/05\/12\/asamblea-para-debatir-sobre-proceso-constituyente-se-extendera-hasta-la-proxima-semana\/\",\"url\":\"https:\/\/www.mpppst.gob.ve\/mpppstweb\/index.php\/2017\/05\/12\/asamblea-para-debatir-sobre-proceso-constituyente-se-extendera-hasta-la-proxima-semana\/\",\"name\":\"Asamblea para debatir sobre proceso constituyente se extender\u00e1 hasta la pr\u00f3xima semana - MPPPST\",\"isPartOf\":{\"@id\":\"https:\/\/www.mpppst.gob.ve\/mpppstweb\/#website\"},\"primaryImageOfPage\":{\"@id\":\"https:\/\/www.mpppst.gob.ve\/mpppstweb\/index.php\/2017\/05\/12\/asamblea-para-debatir-sobre-proceso-constituyente-se-extendera-hasta-la-proxima-semana\/#primaryimage\"},\"image\":{\"@id\":\"https:\/\/www.mpppst.gob.ve\/mpppstweb\/index.php\/2017\/05\/12\/asamblea-para-debatir-sobre-proceso-constituyente-se-extendera-hasta-la-proxima-semana\/#primaryimage\"},\"thumbnailUrl\":\"https:\/\/www.mpppst.gob.ve\/mpppstweb\/wp-content\/uploads\/2017\/05\/Constituyente-2.jpg\",\"datePublished\":\"2017-05-12T13:45:12+00:00\",\"dateModified\":\"2017-05-12T13:45:12+00:00\",\"breadcrumb\":{\"@id\":\"https:\/\/www.mpppst.gob.ve\/mpppstweb\/index.php\/2017\/05\/12\/asamblea-para-debatir-sobre-proceso-constituyente-se-extendera-hasta-la-proxima-semana\/#breadcrumb\"},\"inLanguage\":\"es\",\"potentialAction\":[{\"@type\":\"ReadAction\",\"target\":[\"https:\/\/www.mpppst.gob.ve\/mpppstweb\/index.php\/2017\/05\/12\/asamblea-para-debatir-sobre-proceso-constituyente-se-extendera-hasta-la-proxima-semana\/\"]}]},{\"@type\":\"ImageObject\",\"inLanguage\":\"es\",\"@id\":\"https:\/\/www.mpppst.gob.ve\/mpppstweb\/index.php\/2017\/05\/12\/asamblea-para-debatir-sobre-proceso-constituyente-se-extendera-hasta-la-proxima-semana\/#primaryimage\",\"url\":\"https:\/\/www.mpppst.gob.ve\/mpppstweb\/wp-content\/uploads\/2017\/05\/Constituyente-2.jpg\",\"contentUrl\":\"https:\/\/www.mpppst.gob.ve\/mpppstweb\/wp-content\/uploads\/2017\/05\/Constituyente-2.jpg\",\"width\":800,\"height\":445},{\"@type\":\"BreadcrumbList\",\"@id\":\"https:\/\/www.mpppst.gob.ve\/mpppstweb\/index.php\/2017\/05\/12\/asamblea-para-debatir-sobre-proceso-constituyente-se-extendera-hasta-la-proxima-semana\/#breadcrumb\",\"itemListElement\":[{\"@type\":\"ListItem\",\"position\":1,\"name\":\"Home\",\"item\":\"https:\/\/www.mpppst.gob.ve\/mpppstweb\/\"},{\"@type\":\"ListItem\",\"position\":2,\"name\":\"Asamblea para debatir sobre proceso constituyente se extender\u00e1 hasta la pr\u00f3xima semana\"}]},{\"@type\":\"WebSite\",\"@id\":\"https:\/\/www.mpppst.gob.ve\/mpppstweb\/#website\",\"url\":\"https:\/\/www.mpppst.gob.ve\/mpppstweb\/\",\"name\":\"MPPPST\",\"description\":\"Ministerio del Poder Popular para el Proceso Social de Trabajo\",\"publisher\":{\"@id\":\"https:\/\/www.mpppst.gob.ve\/mpppstweb\/#organization\"},\"potentialAction\":[{\"@type\":\"SearchAction\",\"target\":{\"@type\":\"EntryPoint\",\"urlTemplate\":\"https:\/\/www.mpppst.gob.ve\/mpppstweb\/?s={search_term_string}\"},\"query-input\":\"required name=search_term_string\"}],\"inLanguage\":\"es\"},{\"@type\":\"Organization\",\"@id\":\"https:\/\/www.mpppst.gob.ve\/mpppstweb\/#organization\",\"name\":\"mpppst\",\"url\":\"https:\/\/www.mpppst.gob.ve\/mpppstweb\/\",\"logo\":{\"@type\":\"ImageObject\",\"inLanguage\":\"es\",\"@id\":\"https:\/\/www.mpppst.gob.ve\/mpppstweb\/#\/schema\/logo\/image\/\",\"url\":\"https:\/\/www.mpppst.gob.ve\/mpppstweb\/wp-content\/uploads\/2025\/07\/cropped-cropped-g910.png\",\"contentUrl\":\"https:\/\/www.mpppst.gob.ve\/mpppstweb\/wp-content\/uploads\/2025\/07\/cropped-cropped-g910.png\",\"width\":1080,\"height\":241,\"caption\":\"mpppst\"},\"image\":{\"@id\":\"https:\/\/www.mpppst.gob.ve\/mpppstweb\/#\/schema\/logo\/image\/\"}},{\"@type\":\"Person\",\"@id\":\"https:\/\/www.mpppst.gob.ve\/mpppstweb\/#\/schema\/person\/fc187ee8ead412bd4c9304b62f900ea4\",\"name\":\"MPPPST Prensa\",\"url\":\"https:\/\/www.mpppst.gob.ve\/mpppstweb\/index.php\/author\/prensa-mpppst\/\"}]}<\/script>\n<!-- \/ Yoast SEO plugin. -->","yoast_head_json":{"title":"Asamblea para debatir sobre proceso constituyente se extender\u00e1 hasta la pr\u00f3xima semana - MPPPST","robots":{"index":"index","follow":"follow","max-snippet":"max-snippet:-1","max-image-preview":"max-image-preview:large","max-video-preview":"max-video-preview:-1"},"canonical":"https:\/\/www.mpppst.gob.ve\/mpppstweb\/index.php\/2017\/05\/12\/asamblea-para-debatir-sobre-proceso-constituyente-se-extendera-hasta-la-proxima-semana\/","og_locale":"es_ES","og_type":"article","og_title":"Asamblea para debatir sobre proceso constituyente se extender\u00e1 hasta la pr\u00f3xima semana - MPPPST","og_description":"AVN.- El presidente de la Rep\u00fablica, Nicol\u00e1s Maduro, inform\u00f3 este jueves que las asambleas para debatir &hellip; Asamblea para debatir sobre proceso constituyente se extender\u00e1 hasta la pr\u00f3xima semanaRead more","og_url":"https:\/\/www.mpppst.gob.ve\/mpppstweb\/index.php\/2017\/05\/12\/asamblea-para-debatir-sobre-proceso-constituyente-se-extendera-hasta-la-proxima-semana\/","og_site_name":"MPPPST","article_published_time":"2017-05-12T13:45:12+00:00","og_image":[{"width":800,"height":445,"url":"https:\/\/www.mpppst.gob.ve\/mpppstweb\/wp-content\/uploads\/2017\/05\/Constituyente-2.jpg","type":"image\/jpeg"}],"author":"MPPPST Prensa","twitter_card":"summary_large_image","twitter_misc":{"Escrito por":"MPPPST Prensa","Tiempo de lectura":"2 minutos"},"schema":{"@context":"https:\/\/schema.org","@graph":[{"@type":"Article","@id":"https:\/\/www.mpppst.gob.ve\/mpppstweb\/index.php\/2017\/05\/12\/asamblea-para-debatir-sobre-proceso-constituyente-se-extendera-hasta-la-proxima-semana\/#article","isPartOf":{"@id":"https:\/\/www.mpppst.gob.ve\/mpppstweb\/index.php\/2017\/05\/12\/asamblea-para-debatir-sobre-proceso-constituyente-se-extendera-hasta-la-proxima-semana\/"},"author":{"name":"MPPPST Prensa","@id":"https:\/\/www.mpppst.gob.ve\/mpppstweb\/#\/schema\/person\/fc187ee8ead412bd4c9304b62f900ea4"},"headline":"Asamblea para debatir sobre proceso constituyente se extender\u00e1 hasta la pr\u00f3xima semana","datePublished":"2017-05-12T13:45:12+00:00","dateModified":"2017-05-12T13:45:12+00:00","mainEntityOfPage":{"@id":"https:\/\/www.mpppst.gob.ve\/mpppstweb\/index.php\/2017\/05\/12\/asamblea-para-debatir-sobre-proceso-constituyente-se-extendera-hasta-la-proxima-semana\/"},"wordCount":392,"publisher":{"@id":"https:\/\/www.mpppst.gob.ve\/mpppstweb\/#organization"},"image":{"@id":"https:\/\/www.mpppst.gob.ve\/mpppstweb\/index.php\/2017\/05\/12\/asamblea-para-debatir-sobre-proceso-constituyente-se-extendera-hasta-la-proxima-semana\/#primaryimage"},"thumbnailUrl":"https:\/\/www.mpppst.gob.ve\/mpppstweb\/wp-content\/uploads\/2017\/05\/Constituyente-2.jpg","keywords":["Constituyente","Gobierno Bolivariano","Presidente Maduro"],"articleSection":["Gobierno Nacional","Noticias","Presidencia de la Rep\u00fablica"],"inLanguage":"es"},{"@type":"WebPage","@id":"https:\/\/www.mpppst.gob.ve\/mpppstweb\/index.php\/2017\/05\/12\/asamblea-para-debatir-sobre-proceso-constituyente-se-extendera-hasta-la-proxima-semana\/","url":"https:\/\/www.mpppst.gob.ve\/mpppstweb\/index.php\/2017\/05\/12\/asamblea-para-debatir-sobre-proceso-constituyente-se-extendera-hasta-la-proxima-semana\/","name":"Asamblea para debatir sobre proceso constituyente se extender\u00e1 hasta la pr\u00f3xima semana - MPPPST","isPartOf":{"@id":"https:\/\/www.mpppst.gob.ve\/mpppstweb\/#website"},"primaryImageOfPage":{"@id":"https:\/\/www.mpppst.gob.ve\/mpppstweb\/index.php\/2017\/05\/12\/asamblea-para-debatir-sobre-proceso-constituyente-se-extendera-hasta-la-proxima-semana\/#primaryimage"},"image":{"@id":"https:\/\/www.mpppst.gob.ve\/mpppstweb\/index.php\/2017\/05\/12\/asamblea-para-debatir-sobre-proceso-constituyente-se-extendera-hasta-la-proxima-semana\/#primaryimage"},"thumbnailUrl":"https:\/\/www.mpppst.gob.ve\/mpppstweb\/wp-content\/uploads\/2017\/05\/Constituyente-2.jpg","datePublished":"2017-05-12T13:45:12+00:00","dateModified":"2017-05-12T13:45:12+00:00","breadcrumb":{"@id":"https:\/\/www.mpppst.gob.ve\/mpppstweb\/index.php\/2017\/05\/12\/asamblea-para-debatir-sobre-proceso-constituyente-se-extendera-hasta-la-proxima-semana\/#breadcrumb"},"inLanguage":"es","potentialAction":[{"@type":"ReadAction","target":["https:\/\/www.mpppst.gob.ve\/mpppstweb\/index.php\/2017\/05\/12\/asamblea-para-debatir-sobre-proceso-constituyente-se-extendera-hasta-la-proxima-semana\/"]}]},{"@type":"ImageObject","inLanguage":"es","@id":"https:\/\/www.mpppst.gob.ve\/mpppstweb\/index.php\/2017\/05\/12\/asamblea-para-debatir-sobre-proceso-constituyente-se-extendera-hasta-la-proxima-semana\/#primaryimage","url":"https:\/\/www.mpppst.gob.ve\/mpppstweb\/wp-content\/uploads\/2017\/05\/Constituyente-2.jpg","contentUrl":"https:\/\/www.mpppst.gob.ve\/mpppstweb\/wp-content\/uploads\/2017\/05\/Constituyente-2.jpg","width":800,"height":445},{"@type":"BreadcrumbList","@id":"https:\/\/www.mpppst.gob.ve\/mpppstweb\/index.php\/2017\/05\/12\/asamblea-para-debatir-sobre-proceso-constituyente-se-extendera-hasta-la-proxima-semana\/#breadcrumb","itemListElement":[{"@type":"ListItem","position":1,"name":"Home","item":"https:\/\/www.mpppst.gob.ve\/mpppstweb\/"},{"@type":"ListItem","position":2,"name":"Asamblea para debatir sobre proceso constituyente se extender\u00e1 hasta la pr\u00f3xima semana"}]},{"@type":"WebSite","@id":"https:\/\/www.mpppst.gob.ve\/mpppstweb\/#website","url":"https:\/\/www.mpppst.gob.ve\/mpppstweb\/","name":"MPPPST","description":"Ministerio del Poder Popular para el Proceso Social de Trabajo","publisher":{"@id":"https:\/\/www.mpppst.gob.ve\/mpppstweb\/#organization"},"potentialAction":[{"@type":"SearchAction","target":{"@type":"EntryPoint","urlTemplate":"https:\/\/www.mpppst.gob.ve\/mpppstweb\/?s={search_term_string}"},"query-input":"required name=search_term_string"}],"inLanguage":"es"},{"@type":"Organization","@id":"https:\/\/www.mpppst.gob.ve\/mpppstweb\/#organization","name":"mpppst","url":"https:\/\/www.mpppst.gob.ve\/mpppstweb\/","logo":{"@type":"ImageObject","inLanguage":"es","@id":"https:\/\/www.mpppst.gob.ve\/mpppstweb\/#\/schema\/logo\/image\/","url":"https:\/\/www.mpppst.gob.ve\/mpppstweb\/wp-content\/uploads\/2025\/07\/cropped-cropped-g910.png","contentUrl":"https:\/\/www.mpppst.gob.ve\/mpppstweb\/wp-content\/uploads\/2025\/07\/cropped-cropped-g910.png","width":1080,"height":241,"caption":"mpppst"},"image":{"@id":"https:\/\/www.mpppst.gob.ve\/mpppstweb\/#\/schema\/logo\/image\/"}},{"@type":"Person","@id":"https:\/\/www.mpppst.gob.ve\/mpppstweb\/#\/schema\/person\/fc187ee8ead412bd4c9304b62f900ea4","name":"MPPPST Prensa","url":"https:\/\/www.mpppst.gob.ve\/mpppstweb\/index.php\/author\/prensa-mpppst\/"}]}},"_links":{"self":[{"href":"https:\/\/www.mpppst.gob.ve\/mpppstweb\/index.php\/wp-json\/wp\/v2\/posts\/11458"}],"collection":[{"href":"https:\/\/www.mpppst.gob.ve\/mpppstweb\/index.php\/wp-json\/wp\/v2\/posts"}],"about":[{"href":"https:\/\/www.mpppst.gob.ve\/mpppstweb\/index.php\/wp-json\/wp\/v2\/types\/post"}],"author":[{"embeddable":true,"href":"https:\/\/www.mpppst.gob.ve\/mpppstweb\/index.php\/wp-json\/wp\/v2\/users\/25"}],"replies":[{"embeddable":true,"href":"https:\/\/www.mpppst.gob.ve\/mpppstweb\/index.php\/wp-json\/wp\/v2\/comments?post=11458"}],"version-history":[{"count":1,"href":"https:\/\/www.mpppst.gob.ve\/mpppstweb\/index.php\/wp-json\/wp\/v2\/posts\/11458\/revisions"}],"predecessor-version":[{"id":11461,"href":"https:\/\/www.mpppst.gob.ve\/mpppstweb\/index.php\/wp-json\/wp\/v2\/posts\/11458\/revisions\/11461"}],"wp:featuredmedia":[{"embeddable":true,"href":"https:\/\/www.mpppst.gob.ve\/mpppstweb\/index.php\/wp-json\/wp\/v2\/media\/11460"}],"wp:attachment":[{"href":"https:\/\/www.mpppst.gob.ve\/mpppstweb\/index.php\/wp-json\/wp\/v2\/media?parent=11458"}],"wp:term":[{"taxonomy":"category","embeddable":true,"href":"https:\/\/www.mpppst.gob.ve\/mpppstweb\/index.php\/wp-json\/wp\/v2\/categories?post=11458"},{"taxonomy":"post_tag","embeddable":true,"href":"https:\/\/www.mpppst.gob.ve\/mpppstweb\/index.php\/wp-json\/wp\/v2\/tags?post=11458"}],"curies":[{"name":"wp","href":"https:\/\/api.w.org\/{rel}","templated":true}]}}