{"id":11474,"date":"2017-05-15T10:05:45","date_gmt":"2017-05-15T14:05:45","guid":{"rendered":"http:\/\/www.mpppst.gob.ve\/mpppstweb\/?p=11474"},"modified":"2017-05-15T10:05:45","modified_gmt":"2017-05-15T14:05:45","slug":"proteccion-a-las-madres-es-uno-de-los-objetivos-de-politicas-de-inversion-social","status":"publish","type":"post","link":"https:\/\/www.mpppst.gob.ve\/mpppstweb\/index.php\/2017\/05\/15\/proteccion-a-las-madres-es-uno-de-los-objetivos-de-politicas-de-inversion-social\/","title":{"rendered":"Protecci\u00f3n a las madres es uno de los objetivos de pol\u00edticas de inversi\u00f3n social"},"content":{"rendered":"<p>AVN.- Las madres venezolanas, especialmente aquellas que son sustento de sus familias, celebran este domingo el D\u00eda de las Madres con acceso a programas sociales dirigidos a protegerlas de manera integral.<\/p>\n<p>Uno de esos es la Misi\u00f3n Hogares de la Patria, que ofrece una contribuci\u00f3n econ\u00f3mica a madres o jefes de familias que no cuentan con ingresos suficientes para cubrir bienes esenciales en materia de salud, alimentaci\u00f3n, educaci\u00f3n, deporte y recreaci\u00f3n.<\/p>\n<p>El proceso de asignaci\u00f3n se cumple luego de un censo en el que se obtienen datos sobre el nivel socioecon\u00f3mico de las familias. La pol\u00edtica social fue creada en el a\u00f1o 2014 por iniciativa del presidente de la Rep\u00fablica, Nicol\u00e1s Maduro, con la meta de llevar a cero el \u00edndice de pobreza extrema que en 1999 era de 10,8% y que ahora se ubica en 4,4%.<\/p>\n<p>Actualmente, 700.000 hogares venezolanos cuentan con una bonificaci\u00f3n mensual gracias a esta misi\u00f3n y el objetivo es llegar al mill\u00f3n de familias en los pr\u00f3ximos meses.<\/p>\n<p>De igual forma, las mujeres venezolanas tienen la posibilidad de ser incluidas en la Misi\u00f3n Madres del Barrio, programa social que impulsa el desarrollo productivo de las familias en los \u00e1mbitos sociales, pol\u00edtico y econ\u00f3mico.<\/p>\n<p>Por ello, las madres tienen acceso a cr\u00e9ditos para el desarrollo de proyectos productivos, tales como panader\u00edas, centros de costura, comedores, cultivo de alimentos y desarrollo de empresas comunitarias que se han multiplicado en barriadas y zonas populares.<\/p>\n<p>Ambas pol\u00edticas son posibles gracias a la voluntad, que desde sus inicios ha tenido la Revoluci\u00f3n Bolivariana para contribuir con derechos fundamentales del pueblo. Es por esta raz\u00f3n que el Estado venezolano destina m\u00e1s de 70% de su presupuesto nacional a subsidiar pol\u00edticas de este tipo, tales como las misiones Hogares de la Patria y Madres del Barrio.<\/p>\n<p>Paralelamente, en el pa\u00eds funcionan otras m\u00e1s de 30 misiones sociales de las que estas f\u00e9minas tambi\u00e9n pueden ser parte. Las mismas atienden a varios sectores, como es el caso de los adultos mayores, los j\u00f3venes y estudiantes, entre otros.<\/p>\n<p>En Venezuela, el D\u00eda de las Madres se celebra el segundo domingo de mayo para rendir tributo a quienes se dedican de manera incansable a trabajar por el bienestar de sus hijos.<\/p>\n","protected":false},"excerpt":{"rendered":"<p>AVN.- Las madres venezolanas, especialmente aquellas que son sustento de sus familias, celebran este domingo el &hellip; <a title=\"Protecci\u00f3n a las madres es uno de los objetivos de pol\u00edticas de inversi\u00f3n social\" class=\"hm-read-more\" href=\"https:\/\/www.mpppst.gob.ve\/mpppstweb\/index.php\/2017\/05\/15\/proteccion-a-las-madres-es-uno-de-los-objetivos-de-politicas-de-inversion-social\/\"><span class=\"screen-reader-text\">Protecci\u00f3n a las madres es uno de los objetivos de pol\u00edticas de inversi\u00f3n social<\/span>Read more<\/a><\/p>\n","protected":false},"author":25,"featured_media":11475,"comment_status":"closed","ping_status":"closed","sticky":false,"template":"","format":"standard","meta":{"footnotes":""},"categories":[82,163],"tags":[222],"yoast_head":"<!-- This site is optimized with the Yoast SEO plugin v22.5 - https:\/\/yoast.com\/wordpress\/plugins\/seo\/ -->\n<title>Protecci\u00f3n a las madres es uno de los objetivos de pol\u00edticas de inversi\u00f3n social - MPPPST<\/title>\n<meta name=\"robots\" content=\"index, follow, max-snippet:-1, max-image-preview:large, max-video-preview:-1\" \/>\n<link rel=\"canonical\" href=\"https:\/\/www.mpppst.gob.ve\/mpppstweb\/index.php\/2017\/05\/15\/proteccion-a-las-madres-es-uno-de-los-objetivos-de-politicas-de-inversion-social\/\" \/>\n<meta property=\"og:locale\" content=\"es_ES\" \/>\n<meta property=\"og:type\" content=\"article\" \/>\n<meta property=\"og:title\" content=\"Protecci\u00f3n a las madres es uno de los objetivos de pol\u00edticas de inversi\u00f3n social - MPPPST\" \/>\n<meta property=\"og:description\" content=\"AVN.- Las madres venezolanas, especialmente aquellas que son sustento de sus familias, celebran este domingo el &hellip; Protecci\u00f3n a las madres es uno de los objetivos de pol\u00edticas de inversi\u00f3n socialRead more\" \/>\n<meta property=\"og:url\" content=\"https:\/\/www.mpppst.gob.ve\/mpppstweb\/index.php\/2017\/05\/15\/proteccion-a-las-madres-es-uno-de-los-objetivos-de-politicas-de-inversion-social\/\" \/>\n<meta property=\"og:site_name\" content=\"MPPPST\" \/>\n<meta property=\"article:published_time\" content=\"2017-05-15T14:05:45+00:00\" \/>\n<meta property=\"og:image\" content=\"https:\/\/www.mpppst.gob.ve\/mpppstweb\/wp-content\/uploads\/2017\/05\/mg_4100_rh1470934148.jpg\" \/>\n\t<meta property=\"og:image:width\" content=\"800\" \/>\n\t<meta property=\"og:image:height\" content=\"445\" \/>\n\t<meta property=\"og:image:type\" content=\"image\/jpeg\" \/>\n<meta name=\"author\" content=\"MPPPST Prensa\" \/>\n<meta name=\"twitter:card\" content=\"summary_large_image\" \/>\n<meta name=\"twitter:label1\" content=\"Escrito por\" \/>\n\t<meta name=\"twitter:data1\" content=\"MPPPST Prensa\" \/>\n\t<meta name=\"twitter:label2\" content=\"Tiempo de lectura\" \/>\n\t<meta name=\"twitter:data2\" content=\"2 minutos\" \/>\n<script type=\"application\/ld+json\" class=\"yoast-schema-graph\">{\"@context\":\"https:\/\/schema.org\",\"@graph\":[{\"@type\":\"Article\",\"@id\":\"https:\/\/www.mpppst.gob.ve\/mpppstweb\/index.php\/2017\/05\/15\/proteccion-a-las-madres-es-uno-de-los-objetivos-de-politicas-de-inversion-social\/#article\",\"isPartOf\":{\"@id\":\"https:\/\/www.mpppst.gob.ve\/mpppstweb\/index.php\/2017\/05\/15\/proteccion-a-las-madres-es-uno-de-los-objetivos-de-politicas-de-inversion-social\/\"},\"author\":{\"name\":\"MPPPST Prensa\",\"@id\":\"https:\/\/www.mpppst.gob.ve\/mpppstweb\/#\/schema\/person\/fc187ee8ead412bd4c9304b62f900ea4\"},\"headline\":\"Protecci\u00f3n a las madres es uno de los objetivos de pol\u00edticas de inversi\u00f3n social\",\"datePublished\":\"2017-05-15T14:05:45+00:00\",\"dateModified\":\"2017-05-15T14:05:45+00:00\",\"mainEntityOfPage\":{\"@id\":\"https:\/\/www.mpppst.gob.ve\/mpppstweb\/index.php\/2017\/05\/15\/proteccion-a-las-madres-es-uno-de-los-objetivos-de-politicas-de-inversion-social\/\"},\"wordCount\":410,\"publisher\":{\"@id\":\"https:\/\/www.mpppst.gob.ve\/mpppstweb\/#organization\"},\"image\":{\"@id\":\"https:\/\/www.mpppst.gob.ve\/mpppstweb\/index.php\/2017\/05\/15\/proteccion-a-las-madres-es-uno-de-los-objetivos-de-politicas-de-inversion-social\/#primaryimage\"},\"thumbnailUrl\":\"https:\/\/www.mpppst.gob.ve\/mpppstweb\/wp-content\/uploads\/2017\/05\/mg_4100_rh1470934148.jpg\",\"keywords\":[\"Gobierno Bolivariano\"],\"articleSection\":[\"Gobierno Nacional\",\"Noticias\"],\"inLanguage\":\"es\"},{\"@type\":\"WebPage\",\"@id\":\"https:\/\/www.mpppst.gob.ve\/mpppstweb\/index.php\/2017\/05\/15\/proteccion-a-las-madres-es-uno-de-los-objetivos-de-politicas-de-inversion-social\/\",\"url\":\"https:\/\/www.mpppst.gob.ve\/mpppstweb\/index.php\/2017\/05\/15\/proteccion-a-las-madres-es-uno-de-los-objetivos-de-politicas-de-inversion-social\/\",\"name\":\"Protecci\u00f3n a las madres es uno de los objetivos de pol\u00edticas de inversi\u00f3n social - MPPPST\",\"isPartOf\":{\"@id\":\"https:\/\/www.mpppst.gob.ve\/mpppstweb\/#website\"},\"primaryImageOfPage\":{\"@id\":\"https:\/\/www.mpppst.gob.ve\/mpppstweb\/index.php\/2017\/05\/15\/proteccion-a-las-madres-es-uno-de-los-objetivos-de-politicas-de-inversion-social\/#primaryimage\"},\"image\":{\"@id\":\"https:\/\/www.mpppst.gob.ve\/mpppstweb\/index.php\/2017\/05\/15\/proteccion-a-las-madres-es-uno-de-los-objetivos-de-politicas-de-inversion-social\/#primaryimage\"},\"thumbnailUrl\":\"https:\/\/www.mpppst.gob.ve\/mpppstweb\/wp-content\/uploads\/2017\/05\/mg_4100_rh1470934148.jpg\",\"datePublished\":\"2017-05-15T14:05:45+00:00\",\"dateModified\":\"2017-05-15T14:05:45+00:00\",\"breadcrumb\":{\"@id\":\"https:\/\/www.mpppst.gob.ve\/mpppstweb\/index.php\/2017\/05\/15\/proteccion-a-las-madres-es-uno-de-los-objetivos-de-politicas-de-inversion-social\/#breadcrumb\"},\"inLanguage\":\"es\",\"potentialAction\":[{\"@type\":\"ReadAction\",\"target\":[\"https:\/\/www.mpppst.gob.ve\/mpppstweb\/index.php\/2017\/05\/15\/proteccion-a-las-madres-es-uno-de-los-objetivos-de-politicas-de-inversion-social\/\"]}]},{\"@type\":\"ImageObject\",\"inLanguage\":\"es\",\"@id\":\"https:\/\/www.mpppst.gob.ve\/mpppstweb\/index.php\/2017\/05\/15\/proteccion-a-las-madres-es-uno-de-los-objetivos-de-politicas-de-inversion-social\/#primaryimage\",\"url\":\"https:\/\/www.mpppst.gob.ve\/mpppstweb\/wp-content\/uploads\/2017\/05\/mg_4100_rh1470934148.jpg\",\"contentUrl\":\"https:\/\/www.mpppst.gob.ve\/mpppstweb\/wp-content\/uploads\/2017\/05\/mg_4100_rh1470934148.jpg\",\"width\":800,\"height\":445},{\"@type\":\"BreadcrumbList\",\"@id\":\"https:\/\/www.mpppst.gob.ve\/mpppstweb\/index.php\/2017\/05\/15\/proteccion-a-las-madres-es-uno-de-los-objetivos-de-politicas-de-inversion-social\/#breadcrumb\",\"itemListElement\":[{\"@type\":\"ListItem\",\"position\":1,\"name\":\"Home\",\"item\":\"https:\/\/www.mpppst.gob.ve\/mpppstweb\/\"},{\"@type\":\"ListItem\",\"position\":2,\"name\":\"Protecci\u00f3n a las madres es uno de los objetivos de pol\u00edticas de inversi\u00f3n social\"}]},{\"@type\":\"WebSite\",\"@id\":\"https:\/\/www.mpppst.gob.ve\/mpppstweb\/#website\",\"url\":\"https:\/\/www.mpppst.gob.ve\/mpppstweb\/\",\"name\":\"MPPPST\",\"description\":\"Ministerio del Poder Popular para el Proceso Social de Trabajo\",\"publisher\":{\"@id\":\"https:\/\/www.mpppst.gob.ve\/mpppstweb\/#organization\"},\"potentialAction\":[{\"@type\":\"SearchAction\",\"target\":{\"@type\":\"EntryPoint\",\"urlTemplate\":\"https:\/\/www.mpppst.gob.ve\/mpppstweb\/?s={search_term_string}\"},\"query-input\":\"required name=search_term_string\"}],\"inLanguage\":\"es\"},{\"@type\":\"Organization\",\"@id\":\"https:\/\/www.mpppst.gob.ve\/mpppstweb\/#organization\",\"name\":\"mpppst\",\"url\":\"https:\/\/www.mpppst.gob.ve\/mpppstweb\/\",\"logo\":{\"@type\":\"ImageObject\",\"inLanguage\":\"es\",\"@id\":\"https:\/\/www.mpppst.gob.ve\/mpppstweb\/#\/schema\/logo\/image\/\",\"url\":\"https:\/\/www.mpppst.gob.ve\/mpppstweb\/wp-content\/uploads\/2025\/07\/cropped-cropped-g910.png\",\"contentUrl\":\"https:\/\/www.mpppst.gob.ve\/mpppstweb\/wp-content\/uploads\/2025\/07\/cropped-cropped-g910.png\",\"width\":1080,\"height\":241,\"caption\":\"mpppst\"},\"image\":{\"@id\":\"https:\/\/www.mpppst.gob.ve\/mpppstweb\/#\/schema\/logo\/image\/\"}},{\"@type\":\"Person\",\"@id\":\"https:\/\/www.mpppst.gob.ve\/mpppstweb\/#\/schema\/person\/fc187ee8ead412bd4c9304b62f900ea4\",\"name\":\"MPPPST Prensa\",\"url\":\"https:\/\/www.mpppst.gob.ve\/mpppstweb\/index.php\/author\/prensa-mpppst\/\"}]}<\/script>\n<!-- \/ Yoast SEO plugin. -->","yoast_head_json":{"title":"Protecci\u00f3n a las madres es uno de los objetivos de pol\u00edticas de inversi\u00f3n social - MPPPST","robots":{"index":"index","follow":"follow","max-snippet":"max-snippet:-1","max-image-preview":"max-image-preview:large","max-video-preview":"max-video-preview:-1"},"canonical":"https:\/\/www.mpppst.gob.ve\/mpppstweb\/index.php\/2017\/05\/15\/proteccion-a-las-madres-es-uno-de-los-objetivos-de-politicas-de-inversion-social\/","og_locale":"es_ES","og_type":"article","og_title":"Protecci\u00f3n a las madres es uno de los objetivos de pol\u00edticas de inversi\u00f3n social - MPPPST","og_description":"AVN.- Las madres venezolanas, especialmente aquellas que son sustento de sus familias, celebran este domingo el &hellip; Protecci\u00f3n a las madres es uno de los objetivos de pol\u00edticas de inversi\u00f3n socialRead more","og_url":"https:\/\/www.mpppst.gob.ve\/mpppstweb\/index.php\/2017\/05\/15\/proteccion-a-las-madres-es-uno-de-los-objetivos-de-politicas-de-inversion-social\/","og_site_name":"MPPPST","article_published_time":"2017-05-15T14:05:45+00:00","og_image":[{"width":800,"height":445,"url":"https:\/\/www.mpppst.gob.ve\/mpppstweb\/wp-content\/uploads\/2017\/05\/mg_4100_rh1470934148.jpg","type":"image\/jpeg"}],"author":"MPPPST Prensa","twitter_card":"summary_large_image","twitter_misc":{"Escrito por":"MPPPST Prensa","Tiempo de lectura":"2 minutos"},"schema":{"@context":"https:\/\/schema.org","@graph":[{"@type":"Article","@id":"https:\/\/www.mpppst.gob.ve\/mpppstweb\/index.php\/2017\/05\/15\/proteccion-a-las-madres-es-uno-de-los-objetivos-de-politicas-de-inversion-social\/#article","isPartOf":{"@id":"https:\/\/www.mpppst.gob.ve\/mpppstweb\/index.php\/2017\/05\/15\/proteccion-a-las-madres-es-uno-de-los-objetivos-de-politicas-de-inversion-social\/"},"author":{"name":"MPPPST Prensa","@id":"https:\/\/www.mpppst.gob.ve\/mpppstweb\/#\/schema\/person\/fc187ee8ead412bd4c9304b62f900ea4"},"headline":"Protecci\u00f3n a las madres es uno de los objetivos de pol\u00edticas de inversi\u00f3n social","datePublished":"2017-05-15T14:05:45+00:00","dateModified":"2017-05-15T14:05:45+00:00","mainEntityOfPage":{"@id":"https:\/\/www.mpppst.gob.ve\/mpppstweb\/index.php\/2017\/05\/15\/proteccion-a-las-madres-es-uno-de-los-objetivos-de-politicas-de-inversion-social\/"},"wordCount":410,"publisher":{"@id":"https:\/\/www.mpppst.gob.ve\/mpppstweb\/#organization"},"image":{"@id":"https:\/\/www.mpppst.gob.ve\/mpppstweb\/index.php\/2017\/05\/15\/proteccion-a-las-madres-es-uno-de-los-objetivos-de-politicas-de-inversion-social\/#primaryimage"},"thumbnailUrl":"https:\/\/www.mpppst.gob.ve\/mpppstweb\/wp-content\/uploads\/2017\/05\/mg_4100_rh1470934148.jpg","keywords":["Gobierno Bolivariano"],"articleSection":["Gobierno Nacional","Noticias"],"inLanguage":"es"},{"@type":"WebPage","@id":"https:\/\/www.mpppst.gob.ve\/mpppstweb\/index.php\/2017\/05\/15\/proteccion-a-las-madres-es-uno-de-los-objetivos-de-politicas-de-inversion-social\/","url":"https:\/\/www.mpppst.gob.ve\/mpppstweb\/index.php\/2017\/05\/15\/proteccion-a-las-madres-es-uno-de-los-objetivos-de-politicas-de-inversion-social\/","name":"Protecci\u00f3n a las madres es uno de los objetivos de pol\u00edticas de inversi\u00f3n social - MPPPST","isPartOf":{"@id":"https:\/\/www.mpppst.gob.ve\/mpppstweb\/#website"},"primaryImageOfPage":{"@id":"https:\/\/www.mpppst.gob.ve\/mpppstweb\/index.php\/2017\/05\/15\/proteccion-a-las-madres-es-uno-de-los-objetivos-de-politicas-de-inversion-social\/#primaryimage"},"image":{"@id":"https:\/\/www.mpppst.gob.ve\/mpppstweb\/index.php\/2017\/05\/15\/proteccion-a-las-madres-es-uno-de-los-objetivos-de-politicas-de-inversion-social\/#primaryimage"},"thumbnailUrl":"https:\/\/www.mpppst.gob.ve\/mpppstweb\/wp-content\/uploads\/2017\/05\/mg_4100_rh1470934148.jpg","datePublished":"2017-05-15T14:05:45+00:00","dateModified":"2017-05-15T14:05:45+00:00","breadcrumb":{"@id":"https:\/\/www.mpppst.gob.ve\/mpppstweb\/index.php\/2017\/05\/15\/proteccion-a-las-madres-es-uno-de-los-objetivos-de-politicas-de-inversion-social\/#breadcrumb"},"inLanguage":"es","potentialAction":[{"@type":"ReadAction","target":["https:\/\/www.mpppst.gob.ve\/mpppstweb\/index.php\/2017\/05\/15\/proteccion-a-las-madres-es-uno-de-los-objetivos-de-politicas-de-inversion-social\/"]}]},{"@type":"ImageObject","inLanguage":"es","@id":"https:\/\/www.mpppst.gob.ve\/mpppstweb\/index.php\/2017\/05\/15\/proteccion-a-las-madres-es-uno-de-los-objetivos-de-politicas-de-inversion-social\/#primaryimage","url":"https:\/\/www.mpppst.gob.ve\/mpppstweb\/wp-content\/uploads\/2017\/05\/mg_4100_rh1470934148.jpg","contentUrl":"https:\/\/www.mpppst.gob.ve\/mpppstweb\/wp-content\/uploads\/2017\/05\/mg_4100_rh1470934148.jpg","width":800,"height":445},{"@type":"BreadcrumbList","@id":"https:\/\/www.mpppst.gob.ve\/mpppstweb\/index.php\/2017\/05\/15\/proteccion-a-las-madres-es-uno-de-los-objetivos-de-politicas-de-inversion-social\/#breadcrumb","itemListElement":[{"@type":"ListItem","position":1,"name":"Home","item":"https:\/\/www.mpppst.gob.ve\/mpppstweb\/"},{"@type":"ListItem","position":2,"name":"Protecci\u00f3n a las madres es uno de los objetivos de pol\u00edticas de inversi\u00f3n social"}]},{"@type":"WebSite","@id":"https:\/\/www.mpppst.gob.ve\/mpppstweb\/#website","url":"https:\/\/www.mpppst.gob.ve\/mpppstweb\/","name":"MPPPST","description":"Ministerio del Poder Popular para el Proceso Social de Trabajo","publisher":{"@id":"https:\/\/www.mpppst.gob.ve\/mpppstweb\/#organization"},"potentialAction":[{"@type":"SearchAction","target":{"@type":"EntryPoint","urlTemplate":"https:\/\/www.mpppst.gob.ve\/mpppstweb\/?s={search_term_string}"},"query-input":"required name=search_term_string"}],"inLanguage":"es"},{"@type":"Organization","@id":"https:\/\/www.mpppst.gob.ve\/mpppstweb\/#organization","name":"mpppst","url":"https:\/\/www.mpppst.gob.ve\/mpppstweb\/","logo":{"@type":"ImageObject","inLanguage":"es","@id":"https:\/\/www.mpppst.gob.ve\/mpppstweb\/#\/schema\/logo\/image\/","url":"https:\/\/www.mpppst.gob.ve\/mpppstweb\/wp-content\/uploads\/2025\/07\/cropped-cropped-g910.png","contentUrl":"https:\/\/www.mpppst.gob.ve\/mpppstweb\/wp-content\/uploads\/2025\/07\/cropped-cropped-g910.png","width":1080,"height":241,"caption":"mpppst"},"image":{"@id":"https:\/\/www.mpppst.gob.ve\/mpppstweb\/#\/schema\/logo\/image\/"}},{"@type":"Person","@id":"https:\/\/www.mpppst.gob.ve\/mpppstweb\/#\/schema\/person\/fc187ee8ead412bd4c9304b62f900ea4","name":"MPPPST Prensa","url":"https:\/\/www.mpppst.gob.ve\/mpppstweb\/index.php\/author\/prensa-mpppst\/"}]}},"_links":{"self":[{"href":"https:\/\/www.mpppst.gob.ve\/mpppstweb\/index.php\/wp-json\/wp\/v2\/posts\/11474"}],"collection":[{"href":"https:\/\/www.mpppst.gob.ve\/mpppstweb\/index.php\/wp-json\/wp\/v2\/posts"}],"about":[{"href":"https:\/\/www.mpppst.gob.ve\/mpppstweb\/index.php\/wp-json\/wp\/v2\/types\/post"}],"author":[{"embeddable":true,"href":"https:\/\/www.mpppst.gob.ve\/mpppstweb\/index.php\/wp-json\/wp\/v2\/users\/25"}],"replies":[{"embeddable":true,"href":"https:\/\/www.mpppst.gob.ve\/mpppstweb\/index.php\/wp-json\/wp\/v2\/comments?post=11474"}],"version-history":[{"count":1,"href":"https:\/\/www.mpppst.gob.ve\/mpppstweb\/index.php\/wp-json\/wp\/v2\/posts\/11474\/revisions"}],"predecessor-version":[{"id":11476,"href":"https:\/\/www.mpppst.gob.ve\/mpppstweb\/index.php\/wp-json\/wp\/v2\/posts\/11474\/revisions\/11476"}],"wp:featuredmedia":[{"embeddable":true,"href":"https:\/\/www.mpppst.gob.ve\/mpppstweb\/index.php\/wp-json\/wp\/v2\/media\/11475"}],"wp:attachment":[{"href":"https:\/\/www.mpppst.gob.ve\/mpppstweb\/index.php\/wp-json\/wp\/v2\/media?parent=11474"}],"wp:term":[{"taxonomy":"category","embeddable":true,"href":"https:\/\/www.mpppst.gob.ve\/mpppstweb\/index.php\/wp-json\/wp\/v2\/categories?post=11474"},{"taxonomy":"post_tag","embeddable":true,"href":"https:\/\/www.mpppst.gob.ve\/mpppstweb\/index.php\/wp-json\/wp\/v2\/tags?post=11474"}],"curies":[{"name":"wp","href":"https:\/\/api.w.org\/{rel}","templated":true}]}}