{"id":11477,"date":"2017-05-15T10:09:51","date_gmt":"2017-05-15T14:09:51","guid":{"rendered":"http:\/\/www.mpppst.gob.ve\/mpppstweb\/?p=11477"},"modified":"2017-05-15T10:09:51","modified_gmt":"2017-05-15T14:09:51","slug":"hogares-de-la-patria-preve-fortalecerse-como-movimiento-para-proteger-al-pueblo","status":"publish","type":"post","link":"https:\/\/www.mpppst.gob.ve\/mpppstweb\/index.php\/2017\/05\/15\/hogares-de-la-patria-preve-fortalecerse-como-movimiento-para-proteger-al-pueblo\/","title":{"rendered":"Hogares de la Patria prev\u00e9 fortalecerse como movimiento para proteger al pueblo"},"content":{"rendered":"<p>AVN.- Ante la coyuntura econ\u00f3mica del pa\u00eds afectada por una guerra no convencional y acciones desestabilizadoras perpetradas por factores opositores, el Ejecutivo Nacional se ha propuesto como primera tarea fortalecer a\u00fan m\u00e1s las pol\u00edticas sociales y, dentro de esa l\u00ednea, consolidar la Gran Misi\u00f3n Hogares de la Patria como un gran movimiento social de protecci\u00f3n del pueblo.<\/p>\n<p>Este s\u00e1bado, el presidente Nicol\u00e1s Maduro entreg\u00f3 100.000 tarjetas m\u00e1s de la misi\u00f3n, con la que la cifra alcanza las 700.000 familias atendidas. En junio, se prev\u00e9 entregar la tarjeta un mill\u00f3n en una gran asamblea fundacional de la Gran Misi\u00f3n Hogares de la Patria.<\/p>\n<p>Esta pol\u00edtica social fue creada en el a\u00f1o 2014 por iniciativa del Jefe de Estado, con la meta de llevar a cero el \u00edndice de pobreza extrema que en 1999 era de 10,8% y que ahora se ubica en 4,4%.<\/p>\n<p>La misi\u00f3n ofrece una contribuci\u00f3n econ\u00f3mica a madres o jefes de familias que no cuentan con ingresos suficientes para cubrir bienes esenciales en materia de salud, alimentaci\u00f3n, educaci\u00f3n, deporte y recreaci\u00f3n. Esta asignaci\u00f3n mensual, que pas\u00f3 recientemente de 50.000 a 70.000 bol\u00edvares, se entrega tras un censo en el que se obtienen datos sobre el nivel socioecon\u00f3mico de las familias.<\/p>\n<p>En funci\u00f3n de garantizar el avance de la misi\u00f3n, el Mandatario Nacional aprob\u00f3 este s\u00e1bado una serie de recursos para el fortalecimiento del programa materno infantil y de salud sexual reproductiva.<\/p>\n<p>Entre los recursos aprobados se encuentran 500 millones de bol\u00edvares para la apertura de 27 salas de preparto en las maternidades y hospitales materno infantil en cada estado del pa\u00eds.<\/p>\n<p>Para la reactivaci\u00f3n y fortalecimiento de 26 casas de abrigos maternos, el Jefe de Estado aprob\u00f3 3.000 millones de bol\u00edvares; as\u00ed como 10.000 millones de bol\u00edvares para la adquisici\u00f3n de m\u00e9todos de anticoncepci\u00f3n para la poblaci\u00f3n con riesgo preconcepcional, implantes subt\u00e9rmicos, dispositivos intrauterinos y p\u00edldoras preservativas.<\/p>\n<p>Por otra parte, aprob\u00f3 3.033 millones de bol\u00edvares para la puesta en marcha de la micromisi\u00f3n Paula Correa, organizaci\u00f3n destinada a la atenci\u00f3n de mujeres en situaci\u00f3n de calle.<\/p>\n<p>Estos recursos forman parte de la primera tarea del Gobierno Bolivariano, \u00abque es fortalecer la capacidad de Gobierno, articular las misiones, consolidar las Gran Misi\u00f3n Hogares de la Patria, organizarla como un gran movimiento social\u00bb, reafirm\u00f3 el presidente Maduro este s\u00e1bado.<\/p>\n","protected":false},"excerpt":{"rendered":"<p>AVN.- Ante la coyuntura econ\u00f3mica del pa\u00eds afectada por una guerra no convencional y acciones desestabilizadoras &hellip; <a title=\"Hogares de la Patria prev\u00e9 fortalecerse como movimiento para proteger al pueblo\" class=\"hm-read-more\" href=\"https:\/\/www.mpppst.gob.ve\/mpppstweb\/index.php\/2017\/05\/15\/hogares-de-la-patria-preve-fortalecerse-como-movimiento-para-proteger-al-pueblo\/\"><span class=\"screen-reader-text\">Hogares de la Patria prev\u00e9 fortalecerse como movimiento para proteger al pueblo<\/span>Read more<\/a><\/p>\n","protected":false},"author":25,"featured_media":11478,"comment_status":"closed","ping_status":"closed","sticky":false,"template":"","format":"standard","meta":{"footnotes":""},"categories":[82,163],"tags":[222],"yoast_head":"<!-- This site is optimized with the Yoast SEO plugin v22.5 - https:\/\/yoast.com\/wordpress\/plugins\/seo\/ -->\n<title>Hogares de la Patria prev\u00e9 fortalecerse como movimiento para proteger al pueblo - MPPPST<\/title>\n<meta name=\"robots\" content=\"index, follow, max-snippet:-1, max-image-preview:large, max-video-preview:-1\" \/>\n<link rel=\"canonical\" href=\"https:\/\/www.mpppst.gob.ve\/mpppstweb\/index.php\/2017\/05\/15\/hogares-de-la-patria-preve-fortalecerse-como-movimiento-para-proteger-al-pueblo\/\" \/>\n<meta property=\"og:locale\" content=\"es_ES\" \/>\n<meta property=\"og:type\" content=\"article\" \/>\n<meta property=\"og:title\" content=\"Hogares de la Patria prev\u00e9 fortalecerse como movimiento para proteger al pueblo - MPPPST\" \/>\n<meta property=\"og:description\" content=\"AVN.- Ante la coyuntura econ\u00f3mica del pa\u00eds afectada por una guerra no convencional y acciones desestabilizadoras &hellip; Hogares de la Patria prev\u00e9 fortalecerse como movimiento para proteger al puebloRead more\" \/>\n<meta property=\"og:url\" content=\"https:\/\/www.mpppst.gob.ve\/mpppstweb\/index.php\/2017\/05\/15\/hogares-de-la-patria-preve-fortalecerse-como-movimiento-para-proteger-al-pueblo\/\" \/>\n<meta property=\"og:site_name\" content=\"MPPPST\" \/>\n<meta property=\"article:published_time\" content=\"2017-05-15T14:09:51+00:00\" \/>\n<meta property=\"og:image\" content=\"https:\/\/www.mpppst.gob.ve\/mpppstweb\/wp-content\/uploads\/2017\/05\/nanez_71462652738.jpg\" \/>\n\t<meta property=\"og:image:width\" content=\"800\" \/>\n\t<meta property=\"og:image:height\" content=\"445\" \/>\n\t<meta property=\"og:image:type\" content=\"image\/jpeg\" \/>\n<meta name=\"author\" content=\"MPPPST Prensa\" \/>\n<meta name=\"twitter:card\" content=\"summary_large_image\" \/>\n<meta name=\"twitter:label1\" content=\"Escrito por\" \/>\n\t<meta name=\"twitter:data1\" content=\"MPPPST Prensa\" \/>\n\t<meta name=\"twitter:label2\" content=\"Tiempo de lectura\" \/>\n\t<meta name=\"twitter:data2\" content=\"2 minutos\" \/>\n<script type=\"application\/ld+json\" class=\"yoast-schema-graph\">{\"@context\":\"https:\/\/schema.org\",\"@graph\":[{\"@type\":\"Article\",\"@id\":\"https:\/\/www.mpppst.gob.ve\/mpppstweb\/index.php\/2017\/05\/15\/hogares-de-la-patria-preve-fortalecerse-como-movimiento-para-proteger-al-pueblo\/#article\",\"isPartOf\":{\"@id\":\"https:\/\/www.mpppst.gob.ve\/mpppstweb\/index.php\/2017\/05\/15\/hogares-de-la-patria-preve-fortalecerse-como-movimiento-para-proteger-al-pueblo\/\"},\"author\":{\"name\":\"MPPPST Prensa\",\"@id\":\"https:\/\/www.mpppst.gob.ve\/mpppstweb\/#\/schema\/person\/fc187ee8ead412bd4c9304b62f900ea4\"},\"headline\":\"Hogares de la Patria prev\u00e9 fortalecerse como movimiento para proteger al pueblo\",\"datePublished\":\"2017-05-15T14:09:51+00:00\",\"dateModified\":\"2017-05-15T14:09:51+00:00\",\"mainEntityOfPage\":{\"@id\":\"https:\/\/www.mpppst.gob.ve\/mpppstweb\/index.php\/2017\/05\/15\/hogares-de-la-patria-preve-fortalecerse-como-movimiento-para-proteger-al-pueblo\/\"},\"wordCount\":424,\"publisher\":{\"@id\":\"https:\/\/www.mpppst.gob.ve\/mpppstweb\/#organization\"},\"image\":{\"@id\":\"https:\/\/www.mpppst.gob.ve\/mpppstweb\/index.php\/2017\/05\/15\/hogares-de-la-patria-preve-fortalecerse-como-movimiento-para-proteger-al-pueblo\/#primaryimage\"},\"thumbnailUrl\":\"https:\/\/www.mpppst.gob.ve\/mpppstweb\/wp-content\/uploads\/2017\/05\/nanez_71462652738.jpg\",\"keywords\":[\"Gobierno Bolivariano\"],\"articleSection\":[\"Gobierno Nacional\",\"Noticias\"],\"inLanguage\":\"es\"},{\"@type\":\"WebPage\",\"@id\":\"https:\/\/www.mpppst.gob.ve\/mpppstweb\/index.php\/2017\/05\/15\/hogares-de-la-patria-preve-fortalecerse-como-movimiento-para-proteger-al-pueblo\/\",\"url\":\"https:\/\/www.mpppst.gob.ve\/mpppstweb\/index.php\/2017\/05\/15\/hogares-de-la-patria-preve-fortalecerse-como-movimiento-para-proteger-al-pueblo\/\",\"name\":\"Hogares de la Patria prev\u00e9 fortalecerse como movimiento para proteger al pueblo - MPPPST\",\"isPartOf\":{\"@id\":\"https:\/\/www.mpppst.gob.ve\/mpppstweb\/#website\"},\"primaryImageOfPage\":{\"@id\":\"https:\/\/www.mpppst.gob.ve\/mpppstweb\/index.php\/2017\/05\/15\/hogares-de-la-patria-preve-fortalecerse-como-movimiento-para-proteger-al-pueblo\/#primaryimage\"},\"image\":{\"@id\":\"https:\/\/www.mpppst.gob.ve\/mpppstweb\/index.php\/2017\/05\/15\/hogares-de-la-patria-preve-fortalecerse-como-movimiento-para-proteger-al-pueblo\/#primaryimage\"},\"thumbnailUrl\":\"https:\/\/www.mpppst.gob.ve\/mpppstweb\/wp-content\/uploads\/2017\/05\/nanez_71462652738.jpg\",\"datePublished\":\"2017-05-15T14:09:51+00:00\",\"dateModified\":\"2017-05-15T14:09:51+00:00\",\"breadcrumb\":{\"@id\":\"https:\/\/www.mpppst.gob.ve\/mpppstweb\/index.php\/2017\/05\/15\/hogares-de-la-patria-preve-fortalecerse-como-movimiento-para-proteger-al-pueblo\/#breadcrumb\"},\"inLanguage\":\"es\",\"potentialAction\":[{\"@type\":\"ReadAction\",\"target\":[\"https:\/\/www.mpppst.gob.ve\/mpppstweb\/index.php\/2017\/05\/15\/hogares-de-la-patria-preve-fortalecerse-como-movimiento-para-proteger-al-pueblo\/\"]}]},{\"@type\":\"ImageObject\",\"inLanguage\":\"es\",\"@id\":\"https:\/\/www.mpppst.gob.ve\/mpppstweb\/index.php\/2017\/05\/15\/hogares-de-la-patria-preve-fortalecerse-como-movimiento-para-proteger-al-pueblo\/#primaryimage\",\"url\":\"https:\/\/www.mpppst.gob.ve\/mpppstweb\/wp-content\/uploads\/2017\/05\/nanez_71462652738.jpg\",\"contentUrl\":\"https:\/\/www.mpppst.gob.ve\/mpppstweb\/wp-content\/uploads\/2017\/05\/nanez_71462652738.jpg\",\"width\":800,\"height\":445},{\"@type\":\"BreadcrumbList\",\"@id\":\"https:\/\/www.mpppst.gob.ve\/mpppstweb\/index.php\/2017\/05\/15\/hogares-de-la-patria-preve-fortalecerse-como-movimiento-para-proteger-al-pueblo\/#breadcrumb\",\"itemListElement\":[{\"@type\":\"ListItem\",\"position\":1,\"name\":\"Home\",\"item\":\"https:\/\/www.mpppst.gob.ve\/mpppstweb\/\"},{\"@type\":\"ListItem\",\"position\":2,\"name\":\"Hogares de la Patria prev\u00e9 fortalecerse como movimiento para proteger al pueblo\"}]},{\"@type\":\"WebSite\",\"@id\":\"https:\/\/www.mpppst.gob.ve\/mpppstweb\/#website\",\"url\":\"https:\/\/www.mpppst.gob.ve\/mpppstweb\/\",\"name\":\"MPPPST\",\"description\":\"Ministerio del Poder Popular para el Proceso Social de Trabajo\",\"publisher\":{\"@id\":\"https:\/\/www.mpppst.gob.ve\/mpppstweb\/#organization\"},\"potentialAction\":[{\"@type\":\"SearchAction\",\"target\":{\"@type\":\"EntryPoint\",\"urlTemplate\":\"https:\/\/www.mpppst.gob.ve\/mpppstweb\/?s={search_term_string}\"},\"query-input\":\"required name=search_term_string\"}],\"inLanguage\":\"es\"},{\"@type\":\"Organization\",\"@id\":\"https:\/\/www.mpppst.gob.ve\/mpppstweb\/#organization\",\"name\":\"mpppst\",\"url\":\"https:\/\/www.mpppst.gob.ve\/mpppstweb\/\",\"logo\":{\"@type\":\"ImageObject\",\"inLanguage\":\"es\",\"@id\":\"https:\/\/www.mpppst.gob.ve\/mpppstweb\/#\/schema\/logo\/image\/\",\"url\":\"https:\/\/www.mpppst.gob.ve\/mpppstweb\/wp-content\/uploads\/2025\/07\/cropped-cropped-g910.png\",\"contentUrl\":\"https:\/\/www.mpppst.gob.ve\/mpppstweb\/wp-content\/uploads\/2025\/07\/cropped-cropped-g910.png\",\"width\":1080,\"height\":241,\"caption\":\"mpppst\"},\"image\":{\"@id\":\"https:\/\/www.mpppst.gob.ve\/mpppstweb\/#\/schema\/logo\/image\/\"}},{\"@type\":\"Person\",\"@id\":\"https:\/\/www.mpppst.gob.ve\/mpppstweb\/#\/schema\/person\/fc187ee8ead412bd4c9304b62f900ea4\",\"name\":\"MPPPST Prensa\",\"url\":\"https:\/\/www.mpppst.gob.ve\/mpppstweb\/index.php\/author\/prensa-mpppst\/\"}]}<\/script>\n<!-- \/ Yoast SEO plugin. -->","yoast_head_json":{"title":"Hogares de la Patria prev\u00e9 fortalecerse como movimiento para proteger al pueblo - MPPPST","robots":{"index":"index","follow":"follow","max-snippet":"max-snippet:-1","max-image-preview":"max-image-preview:large","max-video-preview":"max-video-preview:-1"},"canonical":"https:\/\/www.mpppst.gob.ve\/mpppstweb\/index.php\/2017\/05\/15\/hogares-de-la-patria-preve-fortalecerse-como-movimiento-para-proteger-al-pueblo\/","og_locale":"es_ES","og_type":"article","og_title":"Hogares de la Patria prev\u00e9 fortalecerse como movimiento para proteger al pueblo - MPPPST","og_description":"AVN.- Ante la coyuntura econ\u00f3mica del pa\u00eds afectada por una guerra no convencional y acciones desestabilizadoras &hellip; Hogares de la Patria prev\u00e9 fortalecerse como movimiento para proteger al puebloRead more","og_url":"https:\/\/www.mpppst.gob.ve\/mpppstweb\/index.php\/2017\/05\/15\/hogares-de-la-patria-preve-fortalecerse-como-movimiento-para-proteger-al-pueblo\/","og_site_name":"MPPPST","article_published_time":"2017-05-15T14:09:51+00:00","og_image":[{"width":800,"height":445,"url":"https:\/\/www.mpppst.gob.ve\/mpppstweb\/wp-content\/uploads\/2017\/05\/nanez_71462652738.jpg","type":"image\/jpeg"}],"author":"MPPPST Prensa","twitter_card":"summary_large_image","twitter_misc":{"Escrito por":"MPPPST Prensa","Tiempo de lectura":"2 minutos"},"schema":{"@context":"https:\/\/schema.org","@graph":[{"@type":"Article","@id":"https:\/\/www.mpppst.gob.ve\/mpppstweb\/index.php\/2017\/05\/15\/hogares-de-la-patria-preve-fortalecerse-como-movimiento-para-proteger-al-pueblo\/#article","isPartOf":{"@id":"https:\/\/www.mpppst.gob.ve\/mpppstweb\/index.php\/2017\/05\/15\/hogares-de-la-patria-preve-fortalecerse-como-movimiento-para-proteger-al-pueblo\/"},"author":{"name":"MPPPST Prensa","@id":"https:\/\/www.mpppst.gob.ve\/mpppstweb\/#\/schema\/person\/fc187ee8ead412bd4c9304b62f900ea4"},"headline":"Hogares de la Patria prev\u00e9 fortalecerse como movimiento para proteger al pueblo","datePublished":"2017-05-15T14:09:51+00:00","dateModified":"2017-05-15T14:09:51+00:00","mainEntityOfPage":{"@id":"https:\/\/www.mpppst.gob.ve\/mpppstweb\/index.php\/2017\/05\/15\/hogares-de-la-patria-preve-fortalecerse-como-movimiento-para-proteger-al-pueblo\/"},"wordCount":424,"publisher":{"@id":"https:\/\/www.mpppst.gob.ve\/mpppstweb\/#organization"},"image":{"@id":"https:\/\/www.mpppst.gob.ve\/mpppstweb\/index.php\/2017\/05\/15\/hogares-de-la-patria-preve-fortalecerse-como-movimiento-para-proteger-al-pueblo\/#primaryimage"},"thumbnailUrl":"https:\/\/www.mpppst.gob.ve\/mpppstweb\/wp-content\/uploads\/2017\/05\/nanez_71462652738.jpg","keywords":["Gobierno Bolivariano"],"articleSection":["Gobierno Nacional","Noticias"],"inLanguage":"es"},{"@type":"WebPage","@id":"https:\/\/www.mpppst.gob.ve\/mpppstweb\/index.php\/2017\/05\/15\/hogares-de-la-patria-preve-fortalecerse-como-movimiento-para-proteger-al-pueblo\/","url":"https:\/\/www.mpppst.gob.ve\/mpppstweb\/index.php\/2017\/05\/15\/hogares-de-la-patria-preve-fortalecerse-como-movimiento-para-proteger-al-pueblo\/","name":"Hogares de la Patria prev\u00e9 fortalecerse como movimiento para proteger al pueblo - MPPPST","isPartOf":{"@id":"https:\/\/www.mpppst.gob.ve\/mpppstweb\/#website"},"primaryImageOfPage":{"@id":"https:\/\/www.mpppst.gob.ve\/mpppstweb\/index.php\/2017\/05\/15\/hogares-de-la-patria-preve-fortalecerse-como-movimiento-para-proteger-al-pueblo\/#primaryimage"},"image":{"@id":"https:\/\/www.mpppst.gob.ve\/mpppstweb\/index.php\/2017\/05\/15\/hogares-de-la-patria-preve-fortalecerse-como-movimiento-para-proteger-al-pueblo\/#primaryimage"},"thumbnailUrl":"https:\/\/www.mpppst.gob.ve\/mpppstweb\/wp-content\/uploads\/2017\/05\/nanez_71462652738.jpg","datePublished":"2017-05-15T14:09:51+00:00","dateModified":"2017-05-15T14:09:51+00:00","breadcrumb":{"@id":"https:\/\/www.mpppst.gob.ve\/mpppstweb\/index.php\/2017\/05\/15\/hogares-de-la-patria-preve-fortalecerse-como-movimiento-para-proteger-al-pueblo\/#breadcrumb"},"inLanguage":"es","potentialAction":[{"@type":"ReadAction","target":["https:\/\/www.mpppst.gob.ve\/mpppstweb\/index.php\/2017\/05\/15\/hogares-de-la-patria-preve-fortalecerse-como-movimiento-para-proteger-al-pueblo\/"]}]},{"@type":"ImageObject","inLanguage":"es","@id":"https:\/\/www.mpppst.gob.ve\/mpppstweb\/index.php\/2017\/05\/15\/hogares-de-la-patria-preve-fortalecerse-como-movimiento-para-proteger-al-pueblo\/#primaryimage","url":"https:\/\/www.mpppst.gob.ve\/mpppstweb\/wp-content\/uploads\/2017\/05\/nanez_71462652738.jpg","contentUrl":"https:\/\/www.mpppst.gob.ve\/mpppstweb\/wp-content\/uploads\/2017\/05\/nanez_71462652738.jpg","width":800,"height":445},{"@type":"BreadcrumbList","@id":"https:\/\/www.mpppst.gob.ve\/mpppstweb\/index.php\/2017\/05\/15\/hogares-de-la-patria-preve-fortalecerse-como-movimiento-para-proteger-al-pueblo\/#breadcrumb","itemListElement":[{"@type":"ListItem","position":1,"name":"Home","item":"https:\/\/www.mpppst.gob.ve\/mpppstweb\/"},{"@type":"ListItem","position":2,"name":"Hogares de la Patria prev\u00e9 fortalecerse como movimiento para proteger al pueblo"}]},{"@type":"WebSite","@id":"https:\/\/www.mpppst.gob.ve\/mpppstweb\/#website","url":"https:\/\/www.mpppst.gob.ve\/mpppstweb\/","name":"MPPPST","description":"Ministerio del Poder Popular para el Proceso Social de Trabajo","publisher":{"@id":"https:\/\/www.mpppst.gob.ve\/mpppstweb\/#organization"},"potentialAction":[{"@type":"SearchAction","target":{"@type":"EntryPoint","urlTemplate":"https:\/\/www.mpppst.gob.ve\/mpppstweb\/?s={search_term_string}"},"query-input":"required name=search_term_string"}],"inLanguage":"es"},{"@type":"Organization","@id":"https:\/\/www.mpppst.gob.ve\/mpppstweb\/#organization","name":"mpppst","url":"https:\/\/www.mpppst.gob.ve\/mpppstweb\/","logo":{"@type":"ImageObject","inLanguage":"es","@id":"https:\/\/www.mpppst.gob.ve\/mpppstweb\/#\/schema\/logo\/image\/","url":"https:\/\/www.mpppst.gob.ve\/mpppstweb\/wp-content\/uploads\/2025\/07\/cropped-cropped-g910.png","contentUrl":"https:\/\/www.mpppst.gob.ve\/mpppstweb\/wp-content\/uploads\/2025\/07\/cropped-cropped-g910.png","width":1080,"height":241,"caption":"mpppst"},"image":{"@id":"https:\/\/www.mpppst.gob.ve\/mpppstweb\/#\/schema\/logo\/image\/"}},{"@type":"Person","@id":"https:\/\/www.mpppst.gob.ve\/mpppstweb\/#\/schema\/person\/fc187ee8ead412bd4c9304b62f900ea4","name":"MPPPST Prensa","url":"https:\/\/www.mpppst.gob.ve\/mpppstweb\/index.php\/author\/prensa-mpppst\/"}]}},"_links":{"self":[{"href":"https:\/\/www.mpppst.gob.ve\/mpppstweb\/index.php\/wp-json\/wp\/v2\/posts\/11477"}],"collection":[{"href":"https:\/\/www.mpppst.gob.ve\/mpppstweb\/index.php\/wp-json\/wp\/v2\/posts"}],"about":[{"href":"https:\/\/www.mpppst.gob.ve\/mpppstweb\/index.php\/wp-json\/wp\/v2\/types\/post"}],"author":[{"embeddable":true,"href":"https:\/\/www.mpppst.gob.ve\/mpppstweb\/index.php\/wp-json\/wp\/v2\/users\/25"}],"replies":[{"embeddable":true,"href":"https:\/\/www.mpppst.gob.ve\/mpppstweb\/index.php\/wp-json\/wp\/v2\/comments?post=11477"}],"version-history":[{"count":1,"href":"https:\/\/www.mpppst.gob.ve\/mpppstweb\/index.php\/wp-json\/wp\/v2\/posts\/11477\/revisions"}],"predecessor-version":[{"id":11479,"href":"https:\/\/www.mpppst.gob.ve\/mpppstweb\/index.php\/wp-json\/wp\/v2\/posts\/11477\/revisions\/11479"}],"wp:featuredmedia":[{"embeddable":true,"href":"https:\/\/www.mpppst.gob.ve\/mpppstweb\/index.php\/wp-json\/wp\/v2\/media\/11478"}],"wp:attachment":[{"href":"https:\/\/www.mpppst.gob.ve\/mpppstweb\/index.php\/wp-json\/wp\/v2\/media?parent=11477"}],"wp:term":[{"taxonomy":"category","embeddable":true,"href":"https:\/\/www.mpppst.gob.ve\/mpppstweb\/index.php\/wp-json\/wp\/v2\/categories?post=11477"},{"taxonomy":"post_tag","embeddable":true,"href":"https:\/\/www.mpppst.gob.ve\/mpppstweb\/index.php\/wp-json\/wp\/v2\/tags?post=11477"}],"curies":[{"name":"wp","href":"https:\/\/api.w.org\/{rel}","templated":true}]}}