{"id":11485,"date":"2017-05-15T15:58:45","date_gmt":"2017-05-15T19:58:45","guid":{"rendered":"http:\/\/www.mpppst.gob.ve\/mpppstweb\/?p=11485"},"modified":"2017-05-15T15:58:45","modified_gmt":"2017-05-15T19:58:45","slug":"madres-del-ministerio-del-trabajo-reciben-reconocimiento-por-parte-del-ministro-torrealba","status":"publish","type":"post","link":"https:\/\/www.mpppst.gob.ve\/mpppstweb\/index.php\/2017\/05\/15\/madres-del-ministerio-del-trabajo-reciben-reconocimiento-por-parte-del-ministro-torrealba\/","title":{"rendered":"Madres del Ministerio del Trabajo reciben reconocimiento por parte del Ministro Torrealba"},"content":{"rendered":"<p>Prensa (MPPPST). El 15 de mayo las madres del Ministerio del Poder Popular para el Proceso Social de Trabajo recibieron de parte del Ministro Francisco Torrealba, un presente con motivo del D\u00eda de las Madres. En este sentido, fue el \u00a0Director del Despacho, Daniel Ram\u00edrez, quien entreg\u00f3 el obsequio por la labor que diariamente acometen como madres venezolanas.<\/p>\n<p>Daniel Ram\u00edrez destac\u00f3 que este es un reconocimiento a 500 madres del Despacho del Trabajo que d\u00eda a d\u00eda cumplen un papel importante en la sociedad venezolana y en este proceso revolucionario.<\/p>\n<p>Por su parte, el viceministro de Previsi\u00f3n Social N\u00e9stor Ovalles, sostuvo que a pesar de los actos vand\u00e1licos de la derecha nacional que han causado varias muertes y hechos tr\u00e1gicos, la Revoluci\u00f3n Bolivariana sigue con la consigna de realizar actos como estos para reconocer la importante labor de la mujer venezolana.<\/p>\n<p><strong>Una Proclama hist\u00f3rica <\/strong><\/p>\n<p>El viceministro Ovalles recomend\u00f3 a las mujeres del Ministerio y del pa\u00eds en general leer la proclama del D\u00eda de las Madres por Julia Ward porque es un manifiesto que demuestra el grito de las mujeres por la paz, en la que se realza el importante papel de la mujer en contra de la guerra.<\/p>\n<p>Lidsay Medina, Directora de Consultor\u00eda Jur\u00eddica, agradeci\u00f3 el gesto del Ministerio del Trabajo de obsequiarles este reconocimiento a las mujeres de la Instituci\u00f3n, \u00a0quienes d\u00eda a d\u00eda evidencian su valioso aporte para la Patria.<\/p>\n<p>Por Carlos Palacios<\/p>\n","protected":false},"excerpt":{"rendered":"<p>Prensa (MPPPST). El 15 de mayo las madres del Ministerio del Poder Popular para el Proceso &hellip; <a title=\"Madres del Ministerio del Trabajo reciben reconocimiento por parte del Ministro Torrealba\" class=\"hm-read-more\" href=\"https:\/\/www.mpppst.gob.ve\/mpppstweb\/index.php\/2017\/05\/15\/madres-del-ministerio-del-trabajo-reciben-reconocimiento-por-parte-del-ministro-torrealba\/\"><span class=\"screen-reader-text\">Madres del Ministerio del Trabajo reciben reconocimiento por parte del Ministro Torrealba<\/span>Read more<\/a><\/p>\n","protected":false},"author":25,"featured_media":11486,"comment_status":"closed","ping_status":"closed","sticky":false,"template":"","format":"standard","meta":{"footnotes":""},"categories":[83,163,84],"tags":[318,223],"yoast_head":"<!-- This site is optimized with the Yoast SEO plugin v22.5 - https:\/\/yoast.com\/wordpress\/plugins\/seo\/ -->\n<title>Madres del Ministerio del Trabajo reciben reconocimiento por parte del Ministro Torrealba - MPPPST<\/title>\n<meta name=\"robots\" content=\"index, follow, max-snippet:-1, max-image-preview:large, max-video-preview:-1\" \/>\n<link rel=\"canonical\" href=\"https:\/\/www.mpppst.gob.ve\/mpppstweb\/index.php\/2017\/05\/15\/madres-del-ministerio-del-trabajo-reciben-reconocimiento-por-parte-del-ministro-torrealba\/\" \/>\n<meta property=\"og:locale\" content=\"es_ES\" \/>\n<meta property=\"og:type\" content=\"article\" \/>\n<meta property=\"og:title\" content=\"Madres del Ministerio del Trabajo reciben reconocimiento por parte del Ministro Torrealba - MPPPST\" \/>\n<meta property=\"og:description\" content=\"Prensa (MPPPST). El 15 de mayo las madres del Ministerio del Poder Popular para el Proceso &hellip; Madres del Ministerio del Trabajo reciben reconocimiento por parte del Ministro TorrealbaRead more\" \/>\n<meta property=\"og:url\" content=\"https:\/\/www.mpppst.gob.ve\/mpppstweb\/index.php\/2017\/05\/15\/madres-del-ministerio-del-trabajo-reciben-reconocimiento-por-parte-del-ministro-torrealba\/\" \/>\n<meta property=\"og:site_name\" content=\"MPPPST\" \/>\n<meta property=\"article:published_time\" content=\"2017-05-15T19:58:45+00:00\" \/>\n<meta property=\"og:image\" content=\"https:\/\/www.mpppst.gob.ve\/mpppstweb\/wp-content\/uploads\/2017\/05\/IMG_6339.jpg\" \/>\n\t<meta property=\"og:image:width\" content=\"800\" \/>\n\t<meta property=\"og:image:height\" content=\"445\" \/>\n\t<meta property=\"og:image:type\" content=\"image\/jpeg\" \/>\n<meta name=\"author\" content=\"MPPPST Prensa\" \/>\n<meta name=\"twitter:card\" content=\"summary_large_image\" \/>\n<meta name=\"twitter:label1\" content=\"Escrito por\" \/>\n\t<meta name=\"twitter:data1\" content=\"MPPPST Prensa\" \/>\n\t<meta name=\"twitter:label2\" content=\"Tiempo de lectura\" \/>\n\t<meta name=\"twitter:data2\" content=\"1 minuto\" \/>\n<script type=\"application\/ld+json\" class=\"yoast-schema-graph\">{\"@context\":\"https:\/\/schema.org\",\"@graph\":[{\"@type\":\"Article\",\"@id\":\"https:\/\/www.mpppst.gob.ve\/mpppstweb\/index.php\/2017\/05\/15\/madres-del-ministerio-del-trabajo-reciben-reconocimiento-por-parte-del-ministro-torrealba\/#article\",\"isPartOf\":{\"@id\":\"https:\/\/www.mpppst.gob.ve\/mpppstweb\/index.php\/2017\/05\/15\/madres-del-ministerio-del-trabajo-reciben-reconocimiento-por-parte-del-ministro-torrealba\/\"},\"author\":{\"name\":\"MPPPST Prensa\",\"@id\":\"https:\/\/www.mpppst.gob.ve\/mpppstweb\/#\/schema\/person\/fc187ee8ead412bd4c9304b62f900ea4\"},\"headline\":\"Madres del Ministerio del Trabajo reciben reconocimiento por parte del Ministro Torrealba\",\"datePublished\":\"2017-05-15T19:58:45+00:00\",\"dateModified\":\"2017-05-15T19:58:45+00:00\",\"mainEntityOfPage\":{\"@id\":\"https:\/\/www.mpppst.gob.ve\/mpppstweb\/index.php\/2017\/05\/15\/madres-del-ministerio-del-trabajo-reciben-reconocimiento-por-parte-del-ministro-torrealba\/\"},\"wordCount\":264,\"publisher\":{\"@id\":\"https:\/\/www.mpppst.gob.ve\/mpppstweb\/#organization\"},\"image\":{\"@id\":\"https:\/\/www.mpppst.gob.ve\/mpppstweb\/index.php\/2017\/05\/15\/madres-del-ministerio-del-trabajo-reciben-reconocimiento-por-parte-del-ministro-torrealba\/#primaryimage\"},\"thumbnailUrl\":\"https:\/\/www.mpppst.gob.ve\/mpppstweb\/wp-content\/uploads\/2017\/05\/IMG_6339.jpg\",\"keywords\":[\"Ministro Torrealba\",\"MPPPST\"],\"articleSection\":[\"Ministerio\",\"Noticias\",\"Vida Laboral y Sindical\"],\"inLanguage\":\"es\"},{\"@type\":\"WebPage\",\"@id\":\"https:\/\/www.mpppst.gob.ve\/mpppstweb\/index.php\/2017\/05\/15\/madres-del-ministerio-del-trabajo-reciben-reconocimiento-por-parte-del-ministro-torrealba\/\",\"url\":\"https:\/\/www.mpppst.gob.ve\/mpppstweb\/index.php\/2017\/05\/15\/madres-del-ministerio-del-trabajo-reciben-reconocimiento-por-parte-del-ministro-torrealba\/\",\"name\":\"Madres del Ministerio del Trabajo reciben reconocimiento por parte del Ministro Torrealba - MPPPST\",\"isPartOf\":{\"@id\":\"https:\/\/www.mpppst.gob.ve\/mpppstweb\/#website\"},\"primaryImageOfPage\":{\"@id\":\"https:\/\/www.mpppst.gob.ve\/mpppstweb\/index.php\/2017\/05\/15\/madres-del-ministerio-del-trabajo-reciben-reconocimiento-por-parte-del-ministro-torrealba\/#primaryimage\"},\"image\":{\"@id\":\"https:\/\/www.mpppst.gob.ve\/mpppstweb\/index.php\/2017\/05\/15\/madres-del-ministerio-del-trabajo-reciben-reconocimiento-por-parte-del-ministro-torrealba\/#primaryimage\"},\"thumbnailUrl\":\"https:\/\/www.mpppst.gob.ve\/mpppstweb\/wp-content\/uploads\/2017\/05\/IMG_6339.jpg\",\"datePublished\":\"2017-05-15T19:58:45+00:00\",\"dateModified\":\"2017-05-15T19:58:45+00:00\",\"breadcrumb\":{\"@id\":\"https:\/\/www.mpppst.gob.ve\/mpppstweb\/index.php\/2017\/05\/15\/madres-del-ministerio-del-trabajo-reciben-reconocimiento-por-parte-del-ministro-torrealba\/#breadcrumb\"},\"inLanguage\":\"es\",\"potentialAction\":[{\"@type\":\"ReadAction\",\"target\":[\"https:\/\/www.mpppst.gob.ve\/mpppstweb\/index.php\/2017\/05\/15\/madres-del-ministerio-del-trabajo-reciben-reconocimiento-por-parte-del-ministro-torrealba\/\"]}]},{\"@type\":\"ImageObject\",\"inLanguage\":\"es\",\"@id\":\"https:\/\/www.mpppst.gob.ve\/mpppstweb\/index.php\/2017\/05\/15\/madres-del-ministerio-del-trabajo-reciben-reconocimiento-por-parte-del-ministro-torrealba\/#primaryimage\",\"url\":\"https:\/\/www.mpppst.gob.ve\/mpppstweb\/wp-content\/uploads\/2017\/05\/IMG_6339.jpg\",\"contentUrl\":\"https:\/\/www.mpppst.gob.ve\/mpppstweb\/wp-content\/uploads\/2017\/05\/IMG_6339.jpg\",\"width\":800,\"height\":445},{\"@type\":\"BreadcrumbList\",\"@id\":\"https:\/\/www.mpppst.gob.ve\/mpppstweb\/index.php\/2017\/05\/15\/madres-del-ministerio-del-trabajo-reciben-reconocimiento-por-parte-del-ministro-torrealba\/#breadcrumb\",\"itemListElement\":[{\"@type\":\"ListItem\",\"position\":1,\"name\":\"Home\",\"item\":\"https:\/\/www.mpppst.gob.ve\/mpppstweb\/\"},{\"@type\":\"ListItem\",\"position\":2,\"name\":\"Madres del Ministerio del Trabajo reciben reconocimiento por parte del Ministro Torrealba\"}]},{\"@type\":\"WebSite\",\"@id\":\"https:\/\/www.mpppst.gob.ve\/mpppstweb\/#website\",\"url\":\"https:\/\/www.mpppst.gob.ve\/mpppstweb\/\",\"name\":\"MPPPST\",\"description\":\"Ministerio del Poder Popular para el Proceso Social de Trabajo\",\"publisher\":{\"@id\":\"https:\/\/www.mpppst.gob.ve\/mpppstweb\/#organization\"},\"potentialAction\":[{\"@type\":\"SearchAction\",\"target\":{\"@type\":\"EntryPoint\",\"urlTemplate\":\"https:\/\/www.mpppst.gob.ve\/mpppstweb\/?s={search_term_string}\"},\"query-input\":\"required name=search_term_string\"}],\"inLanguage\":\"es\"},{\"@type\":\"Organization\",\"@id\":\"https:\/\/www.mpppst.gob.ve\/mpppstweb\/#organization\",\"name\":\"mpppst\",\"url\":\"https:\/\/www.mpppst.gob.ve\/mpppstweb\/\",\"logo\":{\"@type\":\"ImageObject\",\"inLanguage\":\"es\",\"@id\":\"https:\/\/www.mpppst.gob.ve\/mpppstweb\/#\/schema\/logo\/image\/\",\"url\":\"https:\/\/www.mpppst.gob.ve\/mpppstweb\/wp-content\/uploads\/2025\/07\/cropped-cropped-g910.png\",\"contentUrl\":\"https:\/\/www.mpppst.gob.ve\/mpppstweb\/wp-content\/uploads\/2025\/07\/cropped-cropped-g910.png\",\"width\":1080,\"height\":241,\"caption\":\"mpppst\"},\"image\":{\"@id\":\"https:\/\/www.mpppst.gob.ve\/mpppstweb\/#\/schema\/logo\/image\/\"}},{\"@type\":\"Person\",\"@id\":\"https:\/\/www.mpppst.gob.ve\/mpppstweb\/#\/schema\/person\/fc187ee8ead412bd4c9304b62f900ea4\",\"name\":\"MPPPST Prensa\",\"url\":\"https:\/\/www.mpppst.gob.ve\/mpppstweb\/index.php\/author\/prensa-mpppst\/\"}]}<\/script>\n<!-- \/ Yoast SEO plugin. -->","yoast_head_json":{"title":"Madres del Ministerio del Trabajo reciben reconocimiento por parte del Ministro Torrealba - MPPPST","robots":{"index":"index","follow":"follow","max-snippet":"max-snippet:-1","max-image-preview":"max-image-preview:large","max-video-preview":"max-video-preview:-1"},"canonical":"https:\/\/www.mpppst.gob.ve\/mpppstweb\/index.php\/2017\/05\/15\/madres-del-ministerio-del-trabajo-reciben-reconocimiento-por-parte-del-ministro-torrealba\/","og_locale":"es_ES","og_type":"article","og_title":"Madres del Ministerio del Trabajo reciben reconocimiento por parte del Ministro Torrealba - MPPPST","og_description":"Prensa (MPPPST). El 15 de mayo las madres del Ministerio del Poder Popular para el Proceso &hellip; Madres del Ministerio del Trabajo reciben reconocimiento por parte del Ministro TorrealbaRead more","og_url":"https:\/\/www.mpppst.gob.ve\/mpppstweb\/index.php\/2017\/05\/15\/madres-del-ministerio-del-trabajo-reciben-reconocimiento-por-parte-del-ministro-torrealba\/","og_site_name":"MPPPST","article_published_time":"2017-05-15T19:58:45+00:00","og_image":[{"width":800,"height":445,"url":"https:\/\/www.mpppst.gob.ve\/mpppstweb\/wp-content\/uploads\/2017\/05\/IMG_6339.jpg","type":"image\/jpeg"}],"author":"MPPPST Prensa","twitter_card":"summary_large_image","twitter_misc":{"Escrito por":"MPPPST Prensa","Tiempo de lectura":"1 minuto"},"schema":{"@context":"https:\/\/schema.org","@graph":[{"@type":"Article","@id":"https:\/\/www.mpppst.gob.ve\/mpppstweb\/index.php\/2017\/05\/15\/madres-del-ministerio-del-trabajo-reciben-reconocimiento-por-parte-del-ministro-torrealba\/#article","isPartOf":{"@id":"https:\/\/www.mpppst.gob.ve\/mpppstweb\/index.php\/2017\/05\/15\/madres-del-ministerio-del-trabajo-reciben-reconocimiento-por-parte-del-ministro-torrealba\/"},"author":{"name":"MPPPST Prensa","@id":"https:\/\/www.mpppst.gob.ve\/mpppstweb\/#\/schema\/person\/fc187ee8ead412bd4c9304b62f900ea4"},"headline":"Madres del Ministerio del Trabajo reciben reconocimiento por parte del Ministro Torrealba","datePublished":"2017-05-15T19:58:45+00:00","dateModified":"2017-05-15T19:58:45+00:00","mainEntityOfPage":{"@id":"https:\/\/www.mpppst.gob.ve\/mpppstweb\/index.php\/2017\/05\/15\/madres-del-ministerio-del-trabajo-reciben-reconocimiento-por-parte-del-ministro-torrealba\/"},"wordCount":264,"publisher":{"@id":"https:\/\/www.mpppst.gob.ve\/mpppstweb\/#organization"},"image":{"@id":"https:\/\/www.mpppst.gob.ve\/mpppstweb\/index.php\/2017\/05\/15\/madres-del-ministerio-del-trabajo-reciben-reconocimiento-por-parte-del-ministro-torrealba\/#primaryimage"},"thumbnailUrl":"https:\/\/www.mpppst.gob.ve\/mpppstweb\/wp-content\/uploads\/2017\/05\/IMG_6339.jpg","keywords":["Ministro Torrealba","MPPPST"],"articleSection":["Ministerio","Noticias","Vida Laboral y Sindical"],"inLanguage":"es"},{"@type":"WebPage","@id":"https:\/\/www.mpppst.gob.ve\/mpppstweb\/index.php\/2017\/05\/15\/madres-del-ministerio-del-trabajo-reciben-reconocimiento-por-parte-del-ministro-torrealba\/","url":"https:\/\/www.mpppst.gob.ve\/mpppstweb\/index.php\/2017\/05\/15\/madres-del-ministerio-del-trabajo-reciben-reconocimiento-por-parte-del-ministro-torrealba\/","name":"Madres del Ministerio del Trabajo reciben reconocimiento por parte del Ministro Torrealba - MPPPST","isPartOf":{"@id":"https:\/\/www.mpppst.gob.ve\/mpppstweb\/#website"},"primaryImageOfPage":{"@id":"https:\/\/www.mpppst.gob.ve\/mpppstweb\/index.php\/2017\/05\/15\/madres-del-ministerio-del-trabajo-reciben-reconocimiento-por-parte-del-ministro-torrealba\/#primaryimage"},"image":{"@id":"https:\/\/www.mpppst.gob.ve\/mpppstweb\/index.php\/2017\/05\/15\/madres-del-ministerio-del-trabajo-reciben-reconocimiento-por-parte-del-ministro-torrealba\/#primaryimage"},"thumbnailUrl":"https:\/\/www.mpppst.gob.ve\/mpppstweb\/wp-content\/uploads\/2017\/05\/IMG_6339.jpg","datePublished":"2017-05-15T19:58:45+00:00","dateModified":"2017-05-15T19:58:45+00:00","breadcrumb":{"@id":"https:\/\/www.mpppst.gob.ve\/mpppstweb\/index.php\/2017\/05\/15\/madres-del-ministerio-del-trabajo-reciben-reconocimiento-por-parte-del-ministro-torrealba\/#breadcrumb"},"inLanguage":"es","potentialAction":[{"@type":"ReadAction","target":["https:\/\/www.mpppst.gob.ve\/mpppstweb\/index.php\/2017\/05\/15\/madres-del-ministerio-del-trabajo-reciben-reconocimiento-por-parte-del-ministro-torrealba\/"]}]},{"@type":"ImageObject","inLanguage":"es","@id":"https:\/\/www.mpppst.gob.ve\/mpppstweb\/index.php\/2017\/05\/15\/madres-del-ministerio-del-trabajo-reciben-reconocimiento-por-parte-del-ministro-torrealba\/#primaryimage","url":"https:\/\/www.mpppst.gob.ve\/mpppstweb\/wp-content\/uploads\/2017\/05\/IMG_6339.jpg","contentUrl":"https:\/\/www.mpppst.gob.ve\/mpppstweb\/wp-content\/uploads\/2017\/05\/IMG_6339.jpg","width":800,"height":445},{"@type":"BreadcrumbList","@id":"https:\/\/www.mpppst.gob.ve\/mpppstweb\/index.php\/2017\/05\/15\/madres-del-ministerio-del-trabajo-reciben-reconocimiento-por-parte-del-ministro-torrealba\/#breadcrumb","itemListElement":[{"@type":"ListItem","position":1,"name":"Home","item":"https:\/\/www.mpppst.gob.ve\/mpppstweb\/"},{"@type":"ListItem","position":2,"name":"Madres del Ministerio del Trabajo reciben reconocimiento por parte del Ministro Torrealba"}]},{"@type":"WebSite","@id":"https:\/\/www.mpppst.gob.ve\/mpppstweb\/#website","url":"https:\/\/www.mpppst.gob.ve\/mpppstweb\/","name":"MPPPST","description":"Ministerio del Poder Popular para el Proceso Social de Trabajo","publisher":{"@id":"https:\/\/www.mpppst.gob.ve\/mpppstweb\/#organization"},"potentialAction":[{"@type":"SearchAction","target":{"@type":"EntryPoint","urlTemplate":"https:\/\/www.mpppst.gob.ve\/mpppstweb\/?s={search_term_string}"},"query-input":"required name=search_term_string"}],"inLanguage":"es"},{"@type":"Organization","@id":"https:\/\/www.mpppst.gob.ve\/mpppstweb\/#organization","name":"mpppst","url":"https:\/\/www.mpppst.gob.ve\/mpppstweb\/","logo":{"@type":"ImageObject","inLanguage":"es","@id":"https:\/\/www.mpppst.gob.ve\/mpppstweb\/#\/schema\/logo\/image\/","url":"https:\/\/www.mpppst.gob.ve\/mpppstweb\/wp-content\/uploads\/2025\/07\/cropped-cropped-g910.png","contentUrl":"https:\/\/www.mpppst.gob.ve\/mpppstweb\/wp-content\/uploads\/2025\/07\/cropped-cropped-g910.png","width":1080,"height":241,"caption":"mpppst"},"image":{"@id":"https:\/\/www.mpppst.gob.ve\/mpppstweb\/#\/schema\/logo\/image\/"}},{"@type":"Person","@id":"https:\/\/www.mpppst.gob.ve\/mpppstweb\/#\/schema\/person\/fc187ee8ead412bd4c9304b62f900ea4","name":"MPPPST Prensa","url":"https:\/\/www.mpppst.gob.ve\/mpppstweb\/index.php\/author\/prensa-mpppst\/"}]}},"_links":{"self":[{"href":"https:\/\/www.mpppst.gob.ve\/mpppstweb\/index.php\/wp-json\/wp\/v2\/posts\/11485"}],"collection":[{"href":"https:\/\/www.mpppst.gob.ve\/mpppstweb\/index.php\/wp-json\/wp\/v2\/posts"}],"about":[{"href":"https:\/\/www.mpppst.gob.ve\/mpppstweb\/index.php\/wp-json\/wp\/v2\/types\/post"}],"author":[{"embeddable":true,"href":"https:\/\/www.mpppst.gob.ve\/mpppstweb\/index.php\/wp-json\/wp\/v2\/users\/25"}],"replies":[{"embeddable":true,"href":"https:\/\/www.mpppst.gob.ve\/mpppstweb\/index.php\/wp-json\/wp\/v2\/comments?post=11485"}],"version-history":[{"count":1,"href":"https:\/\/www.mpppst.gob.ve\/mpppstweb\/index.php\/wp-json\/wp\/v2\/posts\/11485\/revisions"}],"predecessor-version":[{"id":11487,"href":"https:\/\/www.mpppst.gob.ve\/mpppstweb\/index.php\/wp-json\/wp\/v2\/posts\/11485\/revisions\/11487"}],"wp:featuredmedia":[{"embeddable":true,"href":"https:\/\/www.mpppst.gob.ve\/mpppstweb\/index.php\/wp-json\/wp\/v2\/media\/11486"}],"wp:attachment":[{"href":"https:\/\/www.mpppst.gob.ve\/mpppstweb\/index.php\/wp-json\/wp\/v2\/media?parent=11485"}],"wp:term":[{"taxonomy":"category","embeddable":true,"href":"https:\/\/www.mpppst.gob.ve\/mpppstweb\/index.php\/wp-json\/wp\/v2\/categories?post=11485"},{"taxonomy":"post_tag","embeddable":true,"href":"https:\/\/www.mpppst.gob.ve\/mpppstweb\/index.php\/wp-json\/wp\/v2\/tags?post=11485"}],"curies":[{"name":"wp","href":"https:\/\/api.w.org\/{rel}","templated":true}]}}