{"id":11498,"date":"2017-05-16T09:48:11","date_gmt":"2017-05-16T13:48:11","guid":{"rendered":"http:\/\/www.mpppst.gob.ve\/mpppstweb\/?p=11498"},"modified":"2017-05-16T09:48:11","modified_gmt":"2017-05-16T13:48:11","slug":"comision-presidencial-constituyente-inicia-debate-en-las-regiones-del-pais","status":"publish","type":"post","link":"https:\/\/www.mpppst.gob.ve\/mpppstweb\/index.php\/2017\/05\/16\/comision-presidencial-constituyente-inicia-debate-en-las-regiones-del-pais\/","title":{"rendered":"Comisi\u00f3n Presidencial Constituyente inicia debate en las regiones del pa\u00eds"},"content":{"rendered":"<p>AVN.- La Comisi\u00f3n Presidencial para la activaci\u00f3n de la Asamblea Nacional Constituyente, convocada por el presidente de la Rep\u00fablica Nicol\u00e1s Maduro, inici\u00f3 este lunes el debate en los estados T\u00e1chira y Anzo\u00e1tegui, como parte de una agenda de di\u00e1logo que se realizar\u00e1 en todo el territorio nacional para que el pueblo conozca e incorpore nuevas ideas al proceso de reordenamiento econ\u00f3mico y social del Estado.<\/p>\n<p>El objetivo del nuevo proceso Constituyente es afianzar la paz y generar espacios de di\u00e1logo con todos los sectores del pa\u00eds, especialmente aquellos de oposici\u00f3n se\u00f1al\u00f3, en transmisi\u00f3n de Venezuela de Televisi\u00f3n, la ministra de Servicios Penitenciarios, Iris Valera quien integra la Comisi\u00f3n Presidencial.<\/p>\n<p>\u00abAqu\u00ed estamos esper\u00e1ndolos para el debate, vengan a debatir, digan cu\u00e1les son sus planteamientos, cu\u00e1les son sus propuestas\u00bb, dijo Valera quien reiter\u00f3 el llamado al di\u00e1logo que mantiene el Gobierno Bolivariano con los sectores de la oposici\u00f3n venezolana.<\/p>\n<p>De igual forma el pueblo de Anzo\u00e1tegui plante\u00f3 propuestas y apoy\u00f3 a la Asamblea Nacional Constituyente, en un encuentro desde el Hotel Venetur Puerto La Cruz de la entidad, que cont\u00f3 con la participaci\u00f3n del ministro para las Comunas y Movimientos Sociales y miembro de la Comisi\u00f3n, Arist\u00f3bulo Ist\u00fariz, y el gobernador de la regi\u00f3n, Nelson Moreno, entre otras autoridades.<\/p>\n<p>Ist\u00fariz resalt\u00f3 que a trav\u00e9s de la Constituyente se mantendr\u00e1 la paz de Venezuela ante el ambiente de confrontaciones que pretenden imponer grupos violentos que son alentados por algunos sectores extremistas de la derecha.<\/p>\n<p>\u00abNosotros debemos defender la Patria, porque la tienen hipotecada al imperialismo\u00bb expres\u00f3 el ministro quien inst\u00f3 al pueblo a apoyar la Constituyente como \u00fanica v\u00eda constitucional frente a la violencia.<\/p>\n<p>En el encuentro tambi\u00e9n particip\u00f3 Rub\u00e9n Figueroa, vocero de la Juventud del Partido Socialista Unido de Venezuela (Jpsuv), quien manifest\u00f3 que el proceso constituyente permitir\u00e1 profundizar en las pol\u00edticas educativas emprendidas por el comandante y l\u00edder de la Revoluci\u00f3n Bolivariana, Hugo Ch\u00e1vez, como la Misi\u00f3n Sucre.<\/p>\n<p>\u00abLa Misi\u00f3n Sucre le ha abierto los brazos a millones de j\u00f3venes y adultos, para que se profesionalicen y formen parte de la construcci\u00f3n de la Patria grande que so\u00f1\u00f3 el comandante Hugo Ch\u00e1vez, es por eso que esta misi\u00f3n debe tener legalidad constitucional para consolidar su fortaleza\u00bb, dijo.<\/p>\n<p>La Constituyente, convocada de acuerdo con los art\u00edculos 347 y 348 de la Carta Magna, tendr\u00e1 nueve objetivo: la paz nacional, el perfeccionamiento del sistema econ\u00f3mico, constitucionalizar las misiones sociales, el fortalecimiento del sistema de justicia, la lucha contra el terrorismo y el narcotr\u00e1fico; las nuevas formas de la democracia participativa y protag\u00f3nica; la defensa de la soberan\u00eda, la integridad de la naci\u00f3n y el rechazo al intervencionismo; el car\u00e1cter pluricultural del pa\u00eds; la garant\u00eda de futuro y la preservaci\u00f3n de la vida en el planeta.<\/p>\n<p>La Asamblea estar\u00e1 integrada por ochos sectores de car\u00e1cter popular: la clase obrera, campesinos y pescadores, comunas y consejos comunales, estudiantes, pensionados, empresarios, ind\u00edgenas y representantes de la comunidad de personas con alguna discapacidad f\u00edsica.<\/p>\n<p>Ser\u00e1n m\u00e1s de 500 constituyentistas de los diferentes sectores los que participar\u00e1n en este proceso, que ser\u00e1n electos por el pueblo a trav\u00e9s del voto universal, directo y secreto en un \u00e1mbito territorial y sectorial.<\/p>\n","protected":false},"excerpt":{"rendered":"<p>AVN.- La Comisi\u00f3n Presidencial para la activaci\u00f3n de la Asamblea Nacional Constituyente, convocada por el presidente &hellip; <a title=\"Comisi\u00f3n Presidencial Constituyente inicia debate en las regiones del pa\u00eds\" class=\"hm-read-more\" href=\"https:\/\/www.mpppst.gob.ve\/mpppstweb\/index.php\/2017\/05\/16\/comision-presidencial-constituyente-inicia-debate-en-las-regiones-del-pais\/\"><span class=\"screen-reader-text\">Comisi\u00f3n Presidencial Constituyente inicia debate en las regiones del pa\u00eds<\/span>Read more<\/a><\/p>\n","protected":false},"author":25,"featured_media":11499,"comment_status":"closed","ping_status":"closed","sticky":false,"template":"","format":"standard","meta":{"footnotes":""},"categories":[82,163],"tags":[384,222],"yoast_head":"<!-- This site is optimized with the Yoast SEO plugin v22.5 - https:\/\/yoast.com\/wordpress\/plugins\/seo\/ -->\n<title>Comisi\u00f3n Presidencial Constituyente inicia debate en las regiones del pa\u00eds - MPPPST<\/title>\n<meta name=\"robots\" content=\"index, follow, max-snippet:-1, max-image-preview:large, max-video-preview:-1\" \/>\n<link rel=\"canonical\" href=\"https:\/\/www.mpppst.gob.ve\/mpppstweb\/index.php\/2017\/05\/16\/comision-presidencial-constituyente-inicia-debate-en-las-regiones-del-pais\/\" \/>\n<meta property=\"og:locale\" content=\"es_ES\" \/>\n<meta property=\"og:type\" content=\"article\" \/>\n<meta property=\"og:title\" content=\"Comisi\u00f3n Presidencial Constituyente inicia debate en las regiones del pa\u00eds - MPPPST\" \/>\n<meta property=\"og:description\" content=\"AVN.- La Comisi\u00f3n Presidencial para la activaci\u00f3n de la Asamblea Nacional Constituyente, convocada por el presidente &hellip; Comisi\u00f3n Presidencial Constituyente inicia debate en las regiones del pa\u00edsRead more\" \/>\n<meta property=\"og:url\" content=\"https:\/\/www.mpppst.gob.ve\/mpppstweb\/index.php\/2017\/05\/16\/comision-presidencial-constituyente-inicia-debate-en-las-regiones-del-pais\/\" \/>\n<meta property=\"og:site_name\" content=\"MPPPST\" \/>\n<meta property=\"article:published_time\" content=\"2017-05-16T13:48:11+00:00\" \/>\n<meta property=\"og:image\" content=\"https:\/\/www.mpppst.gob.ve\/mpppstweb\/wp-content\/uploads\/2017\/05\/constituyente_tachira1494905597.jpg\" \/>\n\t<meta property=\"og:image:width\" content=\"800\" \/>\n\t<meta property=\"og:image:height\" content=\"445\" \/>\n\t<meta property=\"og:image:type\" content=\"image\/jpeg\" \/>\n<meta name=\"author\" content=\"MPPPST Prensa\" \/>\n<meta name=\"twitter:card\" content=\"summary_large_image\" \/>\n<meta name=\"twitter:label1\" content=\"Escrito por\" \/>\n\t<meta name=\"twitter:data1\" content=\"MPPPST Prensa\" \/>\n\t<meta name=\"twitter:label2\" content=\"Tiempo de lectura\" \/>\n\t<meta name=\"twitter:data2\" content=\"3 minutos\" \/>\n<script type=\"application\/ld+json\" class=\"yoast-schema-graph\">{\"@context\":\"https:\/\/schema.org\",\"@graph\":[{\"@type\":\"Article\",\"@id\":\"https:\/\/www.mpppst.gob.ve\/mpppstweb\/index.php\/2017\/05\/16\/comision-presidencial-constituyente-inicia-debate-en-las-regiones-del-pais\/#article\",\"isPartOf\":{\"@id\":\"https:\/\/www.mpppst.gob.ve\/mpppstweb\/index.php\/2017\/05\/16\/comision-presidencial-constituyente-inicia-debate-en-las-regiones-del-pais\/\"},\"author\":{\"name\":\"MPPPST Prensa\",\"@id\":\"https:\/\/www.mpppst.gob.ve\/mpppstweb\/#\/schema\/person\/fc187ee8ead412bd4c9304b62f900ea4\"},\"headline\":\"Comisi\u00f3n Presidencial Constituyente inicia debate en las regiones del pa\u00eds\",\"datePublished\":\"2017-05-16T13:48:11+00:00\",\"dateModified\":\"2017-05-16T13:48:11+00:00\",\"mainEntityOfPage\":{\"@id\":\"https:\/\/www.mpppst.gob.ve\/mpppstweb\/index.php\/2017\/05\/16\/comision-presidencial-constituyente-inicia-debate-en-las-regiones-del-pais\/\"},\"wordCount\":591,\"publisher\":{\"@id\":\"https:\/\/www.mpppst.gob.ve\/mpppstweb\/#organization\"},\"image\":{\"@id\":\"https:\/\/www.mpppst.gob.ve\/mpppstweb\/index.php\/2017\/05\/16\/comision-presidencial-constituyente-inicia-debate-en-las-regiones-del-pais\/#primaryimage\"},\"thumbnailUrl\":\"https:\/\/www.mpppst.gob.ve\/mpppstweb\/wp-content\/uploads\/2017\/05\/constituyente_tachira1494905597.jpg\",\"keywords\":[\"Constituyente\",\"Gobierno Bolivariano\"],\"articleSection\":[\"Gobierno Nacional\",\"Noticias\"],\"inLanguage\":\"es\"},{\"@type\":\"WebPage\",\"@id\":\"https:\/\/www.mpppst.gob.ve\/mpppstweb\/index.php\/2017\/05\/16\/comision-presidencial-constituyente-inicia-debate-en-las-regiones-del-pais\/\",\"url\":\"https:\/\/www.mpppst.gob.ve\/mpppstweb\/index.php\/2017\/05\/16\/comision-presidencial-constituyente-inicia-debate-en-las-regiones-del-pais\/\",\"name\":\"Comisi\u00f3n Presidencial Constituyente inicia debate en las regiones del pa\u00eds - MPPPST\",\"isPartOf\":{\"@id\":\"https:\/\/www.mpppst.gob.ve\/mpppstweb\/#website\"},\"primaryImageOfPage\":{\"@id\":\"https:\/\/www.mpppst.gob.ve\/mpppstweb\/index.php\/2017\/05\/16\/comision-presidencial-constituyente-inicia-debate-en-las-regiones-del-pais\/#primaryimage\"},\"image\":{\"@id\":\"https:\/\/www.mpppst.gob.ve\/mpppstweb\/index.php\/2017\/05\/16\/comision-presidencial-constituyente-inicia-debate-en-las-regiones-del-pais\/#primaryimage\"},\"thumbnailUrl\":\"https:\/\/www.mpppst.gob.ve\/mpppstweb\/wp-content\/uploads\/2017\/05\/constituyente_tachira1494905597.jpg\",\"datePublished\":\"2017-05-16T13:48:11+00:00\",\"dateModified\":\"2017-05-16T13:48:11+00:00\",\"breadcrumb\":{\"@id\":\"https:\/\/www.mpppst.gob.ve\/mpppstweb\/index.php\/2017\/05\/16\/comision-presidencial-constituyente-inicia-debate-en-las-regiones-del-pais\/#breadcrumb\"},\"inLanguage\":\"es\",\"potentialAction\":[{\"@type\":\"ReadAction\",\"target\":[\"https:\/\/www.mpppst.gob.ve\/mpppstweb\/index.php\/2017\/05\/16\/comision-presidencial-constituyente-inicia-debate-en-las-regiones-del-pais\/\"]}]},{\"@type\":\"ImageObject\",\"inLanguage\":\"es\",\"@id\":\"https:\/\/www.mpppst.gob.ve\/mpppstweb\/index.php\/2017\/05\/16\/comision-presidencial-constituyente-inicia-debate-en-las-regiones-del-pais\/#primaryimage\",\"url\":\"https:\/\/www.mpppst.gob.ve\/mpppstweb\/wp-content\/uploads\/2017\/05\/constituyente_tachira1494905597.jpg\",\"contentUrl\":\"https:\/\/www.mpppst.gob.ve\/mpppstweb\/wp-content\/uploads\/2017\/05\/constituyente_tachira1494905597.jpg\",\"width\":800,\"height\":445},{\"@type\":\"BreadcrumbList\",\"@id\":\"https:\/\/www.mpppst.gob.ve\/mpppstweb\/index.php\/2017\/05\/16\/comision-presidencial-constituyente-inicia-debate-en-las-regiones-del-pais\/#breadcrumb\",\"itemListElement\":[{\"@type\":\"ListItem\",\"position\":1,\"name\":\"Home\",\"item\":\"https:\/\/www.mpppst.gob.ve\/mpppstweb\/\"},{\"@type\":\"ListItem\",\"position\":2,\"name\":\"Comisi\u00f3n Presidencial Constituyente inicia debate en las regiones del pa\u00eds\"}]},{\"@type\":\"WebSite\",\"@id\":\"https:\/\/www.mpppst.gob.ve\/mpppstweb\/#website\",\"url\":\"https:\/\/www.mpppst.gob.ve\/mpppstweb\/\",\"name\":\"MPPPST\",\"description\":\"Ministerio del Poder Popular para el Proceso Social de Trabajo\",\"publisher\":{\"@id\":\"https:\/\/www.mpppst.gob.ve\/mpppstweb\/#organization\"},\"potentialAction\":[{\"@type\":\"SearchAction\",\"target\":{\"@type\":\"EntryPoint\",\"urlTemplate\":\"https:\/\/www.mpppst.gob.ve\/mpppstweb\/?s={search_term_string}\"},\"query-input\":\"required name=search_term_string\"}],\"inLanguage\":\"es\"},{\"@type\":\"Organization\",\"@id\":\"https:\/\/www.mpppst.gob.ve\/mpppstweb\/#organization\",\"name\":\"mpppst\",\"url\":\"https:\/\/www.mpppst.gob.ve\/mpppstweb\/\",\"logo\":{\"@type\":\"ImageObject\",\"inLanguage\":\"es\",\"@id\":\"https:\/\/www.mpppst.gob.ve\/mpppstweb\/#\/schema\/logo\/image\/\",\"url\":\"https:\/\/www.mpppst.gob.ve\/mpppstweb\/wp-content\/uploads\/2025\/07\/cropped-cropped-g910.png\",\"contentUrl\":\"https:\/\/www.mpppst.gob.ve\/mpppstweb\/wp-content\/uploads\/2025\/07\/cropped-cropped-g910.png\",\"width\":1080,\"height\":241,\"caption\":\"mpppst\"},\"image\":{\"@id\":\"https:\/\/www.mpppst.gob.ve\/mpppstweb\/#\/schema\/logo\/image\/\"}},{\"@type\":\"Person\",\"@id\":\"https:\/\/www.mpppst.gob.ve\/mpppstweb\/#\/schema\/person\/fc187ee8ead412bd4c9304b62f900ea4\",\"name\":\"MPPPST Prensa\",\"url\":\"https:\/\/www.mpppst.gob.ve\/mpppstweb\/index.php\/author\/prensa-mpppst\/\"}]}<\/script>\n<!-- \/ Yoast SEO plugin. -->","yoast_head_json":{"title":"Comisi\u00f3n Presidencial Constituyente inicia debate en las regiones del pa\u00eds - MPPPST","robots":{"index":"index","follow":"follow","max-snippet":"max-snippet:-1","max-image-preview":"max-image-preview:large","max-video-preview":"max-video-preview:-1"},"canonical":"https:\/\/www.mpppst.gob.ve\/mpppstweb\/index.php\/2017\/05\/16\/comision-presidencial-constituyente-inicia-debate-en-las-regiones-del-pais\/","og_locale":"es_ES","og_type":"article","og_title":"Comisi\u00f3n Presidencial Constituyente inicia debate en las regiones del pa\u00eds - MPPPST","og_description":"AVN.- La Comisi\u00f3n Presidencial para la activaci\u00f3n de la Asamblea Nacional Constituyente, convocada por el presidente &hellip; Comisi\u00f3n Presidencial Constituyente inicia debate en las regiones del pa\u00edsRead more","og_url":"https:\/\/www.mpppst.gob.ve\/mpppstweb\/index.php\/2017\/05\/16\/comision-presidencial-constituyente-inicia-debate-en-las-regiones-del-pais\/","og_site_name":"MPPPST","article_published_time":"2017-05-16T13:48:11+00:00","og_image":[{"width":800,"height":445,"url":"https:\/\/www.mpppst.gob.ve\/mpppstweb\/wp-content\/uploads\/2017\/05\/constituyente_tachira1494905597.jpg","type":"image\/jpeg"}],"author":"MPPPST Prensa","twitter_card":"summary_large_image","twitter_misc":{"Escrito por":"MPPPST Prensa","Tiempo de lectura":"3 minutos"},"schema":{"@context":"https:\/\/schema.org","@graph":[{"@type":"Article","@id":"https:\/\/www.mpppst.gob.ve\/mpppstweb\/index.php\/2017\/05\/16\/comision-presidencial-constituyente-inicia-debate-en-las-regiones-del-pais\/#article","isPartOf":{"@id":"https:\/\/www.mpppst.gob.ve\/mpppstweb\/index.php\/2017\/05\/16\/comision-presidencial-constituyente-inicia-debate-en-las-regiones-del-pais\/"},"author":{"name":"MPPPST Prensa","@id":"https:\/\/www.mpppst.gob.ve\/mpppstweb\/#\/schema\/person\/fc187ee8ead412bd4c9304b62f900ea4"},"headline":"Comisi\u00f3n Presidencial Constituyente inicia debate en las regiones del pa\u00eds","datePublished":"2017-05-16T13:48:11+00:00","dateModified":"2017-05-16T13:48:11+00:00","mainEntityOfPage":{"@id":"https:\/\/www.mpppst.gob.ve\/mpppstweb\/index.php\/2017\/05\/16\/comision-presidencial-constituyente-inicia-debate-en-las-regiones-del-pais\/"},"wordCount":591,"publisher":{"@id":"https:\/\/www.mpppst.gob.ve\/mpppstweb\/#organization"},"image":{"@id":"https:\/\/www.mpppst.gob.ve\/mpppstweb\/index.php\/2017\/05\/16\/comision-presidencial-constituyente-inicia-debate-en-las-regiones-del-pais\/#primaryimage"},"thumbnailUrl":"https:\/\/www.mpppst.gob.ve\/mpppstweb\/wp-content\/uploads\/2017\/05\/constituyente_tachira1494905597.jpg","keywords":["Constituyente","Gobierno Bolivariano"],"articleSection":["Gobierno Nacional","Noticias"],"inLanguage":"es"},{"@type":"WebPage","@id":"https:\/\/www.mpppst.gob.ve\/mpppstweb\/index.php\/2017\/05\/16\/comision-presidencial-constituyente-inicia-debate-en-las-regiones-del-pais\/","url":"https:\/\/www.mpppst.gob.ve\/mpppstweb\/index.php\/2017\/05\/16\/comision-presidencial-constituyente-inicia-debate-en-las-regiones-del-pais\/","name":"Comisi\u00f3n Presidencial Constituyente inicia debate en las regiones del pa\u00eds - MPPPST","isPartOf":{"@id":"https:\/\/www.mpppst.gob.ve\/mpppstweb\/#website"},"primaryImageOfPage":{"@id":"https:\/\/www.mpppst.gob.ve\/mpppstweb\/index.php\/2017\/05\/16\/comision-presidencial-constituyente-inicia-debate-en-las-regiones-del-pais\/#primaryimage"},"image":{"@id":"https:\/\/www.mpppst.gob.ve\/mpppstweb\/index.php\/2017\/05\/16\/comision-presidencial-constituyente-inicia-debate-en-las-regiones-del-pais\/#primaryimage"},"thumbnailUrl":"https:\/\/www.mpppst.gob.ve\/mpppstweb\/wp-content\/uploads\/2017\/05\/constituyente_tachira1494905597.jpg","datePublished":"2017-05-16T13:48:11+00:00","dateModified":"2017-05-16T13:48:11+00:00","breadcrumb":{"@id":"https:\/\/www.mpppst.gob.ve\/mpppstweb\/index.php\/2017\/05\/16\/comision-presidencial-constituyente-inicia-debate-en-las-regiones-del-pais\/#breadcrumb"},"inLanguage":"es","potentialAction":[{"@type":"ReadAction","target":["https:\/\/www.mpppst.gob.ve\/mpppstweb\/index.php\/2017\/05\/16\/comision-presidencial-constituyente-inicia-debate-en-las-regiones-del-pais\/"]}]},{"@type":"ImageObject","inLanguage":"es","@id":"https:\/\/www.mpppst.gob.ve\/mpppstweb\/index.php\/2017\/05\/16\/comision-presidencial-constituyente-inicia-debate-en-las-regiones-del-pais\/#primaryimage","url":"https:\/\/www.mpppst.gob.ve\/mpppstweb\/wp-content\/uploads\/2017\/05\/constituyente_tachira1494905597.jpg","contentUrl":"https:\/\/www.mpppst.gob.ve\/mpppstweb\/wp-content\/uploads\/2017\/05\/constituyente_tachira1494905597.jpg","width":800,"height":445},{"@type":"BreadcrumbList","@id":"https:\/\/www.mpppst.gob.ve\/mpppstweb\/index.php\/2017\/05\/16\/comision-presidencial-constituyente-inicia-debate-en-las-regiones-del-pais\/#breadcrumb","itemListElement":[{"@type":"ListItem","position":1,"name":"Home","item":"https:\/\/www.mpppst.gob.ve\/mpppstweb\/"},{"@type":"ListItem","position":2,"name":"Comisi\u00f3n Presidencial Constituyente inicia debate en las regiones del pa\u00eds"}]},{"@type":"WebSite","@id":"https:\/\/www.mpppst.gob.ve\/mpppstweb\/#website","url":"https:\/\/www.mpppst.gob.ve\/mpppstweb\/","name":"MPPPST","description":"Ministerio del Poder Popular para el Proceso Social de Trabajo","publisher":{"@id":"https:\/\/www.mpppst.gob.ve\/mpppstweb\/#organization"},"potentialAction":[{"@type":"SearchAction","target":{"@type":"EntryPoint","urlTemplate":"https:\/\/www.mpppst.gob.ve\/mpppstweb\/?s={search_term_string}"},"query-input":"required name=search_term_string"}],"inLanguage":"es"},{"@type":"Organization","@id":"https:\/\/www.mpppst.gob.ve\/mpppstweb\/#organization","name":"mpppst","url":"https:\/\/www.mpppst.gob.ve\/mpppstweb\/","logo":{"@type":"ImageObject","inLanguage":"es","@id":"https:\/\/www.mpppst.gob.ve\/mpppstweb\/#\/schema\/logo\/image\/","url":"https:\/\/www.mpppst.gob.ve\/mpppstweb\/wp-content\/uploads\/2025\/07\/cropped-cropped-g910.png","contentUrl":"https:\/\/www.mpppst.gob.ve\/mpppstweb\/wp-content\/uploads\/2025\/07\/cropped-cropped-g910.png","width":1080,"height":241,"caption":"mpppst"},"image":{"@id":"https:\/\/www.mpppst.gob.ve\/mpppstweb\/#\/schema\/logo\/image\/"}},{"@type":"Person","@id":"https:\/\/www.mpppst.gob.ve\/mpppstweb\/#\/schema\/person\/fc187ee8ead412bd4c9304b62f900ea4","name":"MPPPST Prensa","url":"https:\/\/www.mpppst.gob.ve\/mpppstweb\/index.php\/author\/prensa-mpppst\/"}]}},"_links":{"self":[{"href":"https:\/\/www.mpppst.gob.ve\/mpppstweb\/index.php\/wp-json\/wp\/v2\/posts\/11498"}],"collection":[{"href":"https:\/\/www.mpppst.gob.ve\/mpppstweb\/index.php\/wp-json\/wp\/v2\/posts"}],"about":[{"href":"https:\/\/www.mpppst.gob.ve\/mpppstweb\/index.php\/wp-json\/wp\/v2\/types\/post"}],"author":[{"embeddable":true,"href":"https:\/\/www.mpppst.gob.ve\/mpppstweb\/index.php\/wp-json\/wp\/v2\/users\/25"}],"replies":[{"embeddable":true,"href":"https:\/\/www.mpppst.gob.ve\/mpppstweb\/index.php\/wp-json\/wp\/v2\/comments?post=11498"}],"version-history":[{"count":1,"href":"https:\/\/www.mpppst.gob.ve\/mpppstweb\/index.php\/wp-json\/wp\/v2\/posts\/11498\/revisions"}],"predecessor-version":[{"id":11500,"href":"https:\/\/www.mpppst.gob.ve\/mpppstweb\/index.php\/wp-json\/wp\/v2\/posts\/11498\/revisions\/11500"}],"wp:featuredmedia":[{"embeddable":true,"href":"https:\/\/www.mpppst.gob.ve\/mpppstweb\/index.php\/wp-json\/wp\/v2\/media\/11499"}],"wp:attachment":[{"href":"https:\/\/www.mpppst.gob.ve\/mpppstweb\/index.php\/wp-json\/wp\/v2\/media?parent=11498"}],"wp:term":[{"taxonomy":"category","embeddable":true,"href":"https:\/\/www.mpppst.gob.ve\/mpppstweb\/index.php\/wp-json\/wp\/v2\/categories?post=11498"},{"taxonomy":"post_tag","embeddable":true,"href":"https:\/\/www.mpppst.gob.ve\/mpppstweb\/index.php\/wp-json\/wp\/v2\/tags?post=11498"}],"curies":[{"name":"wp","href":"https:\/\/api.w.org\/{rel}","templated":true}]}}