{"id":11501,"date":"2017-05-16T10:13:25","date_gmt":"2017-05-16T14:13:25","guid":{"rendered":"http:\/\/www.mpppst.gob.ve\/mpppstweb\/?p=11501"},"modified":"2017-05-16T10:13:25","modified_gmt":"2017-05-16T14:13:25","slug":"la-tesoreria-de-seguridad-social-conmemora-su-5to-aniversario","status":"publish","type":"post","link":"https:\/\/www.mpppst.gob.ve\/mpppstweb\/index.php\/2017\/05\/16\/la-tesoreria-de-seguridad-social-conmemora-su-5to-aniversario\/","title":{"rendered":"La Tesorer\u00eda de Seguridad Social conmemora su 5to aniversario"},"content":{"rendered":"<p>La Tesorer\u00eda de Seguridad Social, ente adscrito al Ministerio del Poder Popular para el Proceso Social de Trabajo, cumple 5 a\u00f1os contribuyendo a la implementaci\u00f3n plena del Sistema de Seguridad Social de Venezuela. En el marco de esta conmemoraci\u00f3n se realizar\u00e1 una agenda de eventos que ser\u00e1n presididos por el Tesorero del Sistema de Seguridad Social, Rafael R\u00edos Bol\u00edvar.<\/p>\n<p>La misi\u00f3n de la Tesorer\u00eda de Seguridad Social es administrar de forma eficiente, eficaz y transparente los recursos financieros del Sistema de Seguridad Social; as\u00ed como la gesti\u00f3n del Sistema de Informaci\u00f3n de las personas naturales y jur\u00eddicas, con el fin de cumplir con el pago oportuno de las prestaciones dinerarias del Sistema de Seguridad Social.<\/p>\n<p>Bajo los valores de <em>Transparencia,<\/em> <em>Eficiencia<\/em>, <em>Eficacia<\/em>, <em>Calidad <\/em>y <em>Equidad <\/em>los trabajadores y las trabajadoras de la Tesorer\u00eda de Seguridad Social demuestran d\u00eda a d\u00eda su compromiso y dedicaci\u00f3n con el legado del Comandante Supremo Hugo Ch\u00e1vez y con la gesti\u00f3n del Presidente Obrero Nicol\u00e1s Maduro.<\/p>\n<p><strong><em>La Semana Aniversario de la Tesorer\u00eda de Seguridad Social<\/em><\/strong><strong>: <\/strong><\/p>\n<ul>\n<li>Lunes 29 de mayo: 9:00 AM. <em>Misa Solemne de Acci\u00f3n de Gracia en Conmemoraci\u00f3n al 5to Aniversario de la Tesorer\u00eda de Seguridad Social<\/em>. Iglesia San Francisco.<\/li>\n<li>Martes 30 de mayo: 9:00 AM. <em>Foro &#8211; Taller: \u201cLa Constituyente y el Fortalecimiento del Sistema de Seguridad Social de Venezuela\u201d<\/em>. Auditorio del INCRET.<\/li>\n<li>Mi\u00e9rcoles 31 de mayo: 9:00 AM. <em>La Tesorer\u00eda de Seguridad Social 5to aniversario &#8211; Condecoraci\u00f3n y Reconocimiento a los Trabajadores y las Trabajadoras<\/em>. Auditorio del INCES Nueva Granada.<\/li>\n<li>Jueves 1 de Junio: 9:00 AM. <em>Ofrenda Floral a la Estatua Ecuestre del Libertador Sim\u00f3n Bol\u00edvar<\/em>. Plaza Bol\u00edvar de Caracas.<\/li>\n<\/ul>\n<p>La Seguridad Social es uno de los pilares fundamentales de la Revoluci\u00f3n Bolivariana que se ha profundizado por medio del Sistema de Misiones y Grandes Misiones; haciendo realidad el ideal de justicia, igualdad y equidad social de Hugo Ch\u00e1vez.<\/p>\n","protected":false},"excerpt":{"rendered":"<p>La Tesorer\u00eda de Seguridad Social, ente adscrito al Ministerio del Poder Popular para el Proceso Social &hellip; <a title=\"La Tesorer\u00eda de Seguridad Social conmemora su 5to aniversario\" class=\"hm-read-more\" href=\"https:\/\/www.mpppst.gob.ve\/mpppstweb\/index.php\/2017\/05\/16\/la-tesoreria-de-seguridad-social-conmemora-su-5to-aniversario\/\"><span class=\"screen-reader-text\">La Tesorer\u00eda de Seguridad Social conmemora su 5to aniversario<\/span>Read more<\/a><\/p>\n","protected":false},"author":25,"featured_media":11502,"comment_status":"closed","ping_status":"closed","sticky":false,"template":"","format":"standard","meta":{"footnotes":""},"categories":[239,83,163],"tags":[387,223,274],"yoast_head":"<!-- This site is optimized with the Yoast SEO plugin v22.5 - https:\/\/yoast.com\/wordpress\/plugins\/seo\/ -->\n<title>La Tesorer\u00eda de Seguridad Social conmemora su 5to aniversario - MPPPST<\/title>\n<meta name=\"robots\" content=\"index, follow, max-snippet:-1, max-image-preview:large, max-video-preview:-1\" \/>\n<link rel=\"canonical\" href=\"https:\/\/www.mpppst.gob.ve\/mpppstweb\/index.php\/2017\/05\/16\/la-tesoreria-de-seguridad-social-conmemora-su-5to-aniversario\/\" \/>\n<meta property=\"og:locale\" content=\"es_ES\" \/>\n<meta property=\"og:type\" content=\"article\" \/>\n<meta property=\"og:title\" content=\"La Tesorer\u00eda de Seguridad Social conmemora su 5to aniversario - MPPPST\" \/>\n<meta property=\"og:description\" content=\"La Tesorer\u00eda de Seguridad Social, ente adscrito al Ministerio del Poder Popular para el Proceso Social &hellip; La Tesorer\u00eda de Seguridad Social conmemora su 5to aniversarioRead more\" \/>\n<meta property=\"og:url\" content=\"https:\/\/www.mpppst.gob.ve\/mpppstweb\/index.php\/2017\/05\/16\/la-tesoreria-de-seguridad-social-conmemora-su-5to-aniversario\/\" \/>\n<meta property=\"og:site_name\" content=\"MPPPST\" \/>\n<meta property=\"article:published_time\" content=\"2017-05-16T14:13:25+00:00\" \/>\n<meta property=\"og:image\" content=\"https:\/\/www.mpppst.gob.ve\/mpppstweb\/wp-content\/uploads\/2017\/05\/IMG_20150601_102132.jpg\" \/>\n\t<meta property=\"og:image:width\" content=\"800\" \/>\n\t<meta property=\"og:image:height\" content=\"445\" \/>\n\t<meta property=\"og:image:type\" content=\"image\/jpeg\" \/>\n<meta name=\"author\" content=\"MPPPST Prensa\" \/>\n<meta name=\"twitter:card\" content=\"summary_large_image\" \/>\n<meta name=\"twitter:label1\" content=\"Escrito por\" \/>\n\t<meta name=\"twitter:data1\" content=\"MPPPST Prensa\" \/>\n\t<meta name=\"twitter:label2\" content=\"Tiempo de lectura\" \/>\n\t<meta name=\"twitter:data2\" content=\"2 minutos\" \/>\n<script type=\"application\/ld+json\" class=\"yoast-schema-graph\">{\"@context\":\"https:\/\/schema.org\",\"@graph\":[{\"@type\":\"Article\",\"@id\":\"https:\/\/www.mpppst.gob.ve\/mpppstweb\/index.php\/2017\/05\/16\/la-tesoreria-de-seguridad-social-conmemora-su-5to-aniversario\/#article\",\"isPartOf\":{\"@id\":\"https:\/\/www.mpppst.gob.ve\/mpppstweb\/index.php\/2017\/05\/16\/la-tesoreria-de-seguridad-social-conmemora-su-5to-aniversario\/\"},\"author\":{\"name\":\"MPPPST Prensa\",\"@id\":\"https:\/\/www.mpppst.gob.ve\/mpppstweb\/#\/schema\/person\/fc187ee8ead412bd4c9304b62f900ea4\"},\"headline\":\"La Tesorer\u00eda de Seguridad Social conmemora su 5to aniversario\",\"datePublished\":\"2017-05-16T14:13:25+00:00\",\"dateModified\":\"2017-05-16T14:13:25+00:00\",\"mainEntityOfPage\":{\"@id\":\"https:\/\/www.mpppst.gob.ve\/mpppstweb\/index.php\/2017\/05\/16\/la-tesoreria-de-seguridad-social-conmemora-su-5to-aniversario\/\"},\"wordCount\":339,\"publisher\":{\"@id\":\"https:\/\/www.mpppst.gob.ve\/mpppstweb\/#organization\"},\"image\":{\"@id\":\"https:\/\/www.mpppst.gob.ve\/mpppstweb\/index.php\/2017\/05\/16\/la-tesoreria-de-seguridad-social-conmemora-su-5to-aniversario\/#primaryimage\"},\"thumbnailUrl\":\"https:\/\/www.mpppst.gob.ve\/mpppstweb\/wp-content\/uploads\/2017\/05\/IMG_20150601_102132.jpg\",\"keywords\":[\"Entes adscritos\",\"MPPPST\",\"TSS\"],\"articleSection\":[\"Entes adscritos\",\"Ministerio\",\"Noticias\"],\"inLanguage\":\"es\"},{\"@type\":\"WebPage\",\"@id\":\"https:\/\/www.mpppst.gob.ve\/mpppstweb\/index.php\/2017\/05\/16\/la-tesoreria-de-seguridad-social-conmemora-su-5to-aniversario\/\",\"url\":\"https:\/\/www.mpppst.gob.ve\/mpppstweb\/index.php\/2017\/05\/16\/la-tesoreria-de-seguridad-social-conmemora-su-5to-aniversario\/\",\"name\":\"La Tesorer\u00eda de Seguridad Social conmemora su 5to aniversario - MPPPST\",\"isPartOf\":{\"@id\":\"https:\/\/www.mpppst.gob.ve\/mpppstweb\/#website\"},\"primaryImageOfPage\":{\"@id\":\"https:\/\/www.mpppst.gob.ve\/mpppstweb\/index.php\/2017\/05\/16\/la-tesoreria-de-seguridad-social-conmemora-su-5to-aniversario\/#primaryimage\"},\"image\":{\"@id\":\"https:\/\/www.mpppst.gob.ve\/mpppstweb\/index.php\/2017\/05\/16\/la-tesoreria-de-seguridad-social-conmemora-su-5to-aniversario\/#primaryimage\"},\"thumbnailUrl\":\"https:\/\/www.mpppst.gob.ve\/mpppstweb\/wp-content\/uploads\/2017\/05\/IMG_20150601_102132.jpg\",\"datePublished\":\"2017-05-16T14:13:25+00:00\",\"dateModified\":\"2017-05-16T14:13:25+00:00\",\"breadcrumb\":{\"@id\":\"https:\/\/www.mpppst.gob.ve\/mpppstweb\/index.php\/2017\/05\/16\/la-tesoreria-de-seguridad-social-conmemora-su-5to-aniversario\/#breadcrumb\"},\"inLanguage\":\"es\",\"potentialAction\":[{\"@type\":\"ReadAction\",\"target\":[\"https:\/\/www.mpppst.gob.ve\/mpppstweb\/index.php\/2017\/05\/16\/la-tesoreria-de-seguridad-social-conmemora-su-5to-aniversario\/\"]}]},{\"@type\":\"ImageObject\",\"inLanguage\":\"es\",\"@id\":\"https:\/\/www.mpppst.gob.ve\/mpppstweb\/index.php\/2017\/05\/16\/la-tesoreria-de-seguridad-social-conmemora-su-5to-aniversario\/#primaryimage\",\"url\":\"https:\/\/www.mpppst.gob.ve\/mpppstweb\/wp-content\/uploads\/2017\/05\/IMG_20150601_102132.jpg\",\"contentUrl\":\"https:\/\/www.mpppst.gob.ve\/mpppstweb\/wp-content\/uploads\/2017\/05\/IMG_20150601_102132.jpg\",\"width\":800,\"height\":445},{\"@type\":\"BreadcrumbList\",\"@id\":\"https:\/\/www.mpppst.gob.ve\/mpppstweb\/index.php\/2017\/05\/16\/la-tesoreria-de-seguridad-social-conmemora-su-5to-aniversario\/#breadcrumb\",\"itemListElement\":[{\"@type\":\"ListItem\",\"position\":1,\"name\":\"Home\",\"item\":\"https:\/\/www.mpppst.gob.ve\/mpppstweb\/\"},{\"@type\":\"ListItem\",\"position\":2,\"name\":\"La Tesorer\u00eda de Seguridad Social conmemora su 5to aniversario\"}]},{\"@type\":\"WebSite\",\"@id\":\"https:\/\/www.mpppst.gob.ve\/mpppstweb\/#website\",\"url\":\"https:\/\/www.mpppst.gob.ve\/mpppstweb\/\",\"name\":\"MPPPST\",\"description\":\"Ministerio del Poder Popular para el Proceso Social de Trabajo\",\"publisher\":{\"@id\":\"https:\/\/www.mpppst.gob.ve\/mpppstweb\/#organization\"},\"potentialAction\":[{\"@type\":\"SearchAction\",\"target\":{\"@type\":\"EntryPoint\",\"urlTemplate\":\"https:\/\/www.mpppst.gob.ve\/mpppstweb\/?s={search_term_string}\"},\"query-input\":\"required name=search_term_string\"}],\"inLanguage\":\"es\"},{\"@type\":\"Organization\",\"@id\":\"https:\/\/www.mpppst.gob.ve\/mpppstweb\/#organization\",\"name\":\"mpppst\",\"url\":\"https:\/\/www.mpppst.gob.ve\/mpppstweb\/\",\"logo\":{\"@type\":\"ImageObject\",\"inLanguage\":\"es\",\"@id\":\"https:\/\/www.mpppst.gob.ve\/mpppstweb\/#\/schema\/logo\/image\/\",\"url\":\"https:\/\/www.mpppst.gob.ve\/mpppstweb\/wp-content\/uploads\/2025\/07\/cropped-cropped-g910.png\",\"contentUrl\":\"https:\/\/www.mpppst.gob.ve\/mpppstweb\/wp-content\/uploads\/2025\/07\/cropped-cropped-g910.png\",\"width\":1080,\"height\":241,\"caption\":\"mpppst\"},\"image\":{\"@id\":\"https:\/\/www.mpppst.gob.ve\/mpppstweb\/#\/schema\/logo\/image\/\"}},{\"@type\":\"Person\",\"@id\":\"https:\/\/www.mpppst.gob.ve\/mpppstweb\/#\/schema\/person\/fc187ee8ead412bd4c9304b62f900ea4\",\"name\":\"MPPPST Prensa\",\"url\":\"https:\/\/www.mpppst.gob.ve\/mpppstweb\/index.php\/author\/prensa-mpppst\/\"}]}<\/script>\n<!-- \/ Yoast SEO plugin. -->","yoast_head_json":{"title":"La Tesorer\u00eda de Seguridad Social conmemora su 5to aniversario - MPPPST","robots":{"index":"index","follow":"follow","max-snippet":"max-snippet:-1","max-image-preview":"max-image-preview:large","max-video-preview":"max-video-preview:-1"},"canonical":"https:\/\/www.mpppst.gob.ve\/mpppstweb\/index.php\/2017\/05\/16\/la-tesoreria-de-seguridad-social-conmemora-su-5to-aniversario\/","og_locale":"es_ES","og_type":"article","og_title":"La Tesorer\u00eda de Seguridad Social conmemora su 5to aniversario - MPPPST","og_description":"La Tesorer\u00eda de Seguridad Social, ente adscrito al Ministerio del Poder Popular para el Proceso Social &hellip; La Tesorer\u00eda de Seguridad Social conmemora su 5to aniversarioRead more","og_url":"https:\/\/www.mpppst.gob.ve\/mpppstweb\/index.php\/2017\/05\/16\/la-tesoreria-de-seguridad-social-conmemora-su-5to-aniversario\/","og_site_name":"MPPPST","article_published_time":"2017-05-16T14:13:25+00:00","og_image":[{"width":800,"height":445,"url":"https:\/\/www.mpppst.gob.ve\/mpppstweb\/wp-content\/uploads\/2017\/05\/IMG_20150601_102132.jpg","type":"image\/jpeg"}],"author":"MPPPST Prensa","twitter_card":"summary_large_image","twitter_misc":{"Escrito por":"MPPPST Prensa","Tiempo de lectura":"2 minutos"},"schema":{"@context":"https:\/\/schema.org","@graph":[{"@type":"Article","@id":"https:\/\/www.mpppst.gob.ve\/mpppstweb\/index.php\/2017\/05\/16\/la-tesoreria-de-seguridad-social-conmemora-su-5to-aniversario\/#article","isPartOf":{"@id":"https:\/\/www.mpppst.gob.ve\/mpppstweb\/index.php\/2017\/05\/16\/la-tesoreria-de-seguridad-social-conmemora-su-5to-aniversario\/"},"author":{"name":"MPPPST Prensa","@id":"https:\/\/www.mpppst.gob.ve\/mpppstweb\/#\/schema\/person\/fc187ee8ead412bd4c9304b62f900ea4"},"headline":"La Tesorer\u00eda de Seguridad Social conmemora su 5to aniversario","datePublished":"2017-05-16T14:13:25+00:00","dateModified":"2017-05-16T14:13:25+00:00","mainEntityOfPage":{"@id":"https:\/\/www.mpppst.gob.ve\/mpppstweb\/index.php\/2017\/05\/16\/la-tesoreria-de-seguridad-social-conmemora-su-5to-aniversario\/"},"wordCount":339,"publisher":{"@id":"https:\/\/www.mpppst.gob.ve\/mpppstweb\/#organization"},"image":{"@id":"https:\/\/www.mpppst.gob.ve\/mpppstweb\/index.php\/2017\/05\/16\/la-tesoreria-de-seguridad-social-conmemora-su-5to-aniversario\/#primaryimage"},"thumbnailUrl":"https:\/\/www.mpppst.gob.ve\/mpppstweb\/wp-content\/uploads\/2017\/05\/IMG_20150601_102132.jpg","keywords":["Entes adscritos","MPPPST","TSS"],"articleSection":["Entes adscritos","Ministerio","Noticias"],"inLanguage":"es"},{"@type":"WebPage","@id":"https:\/\/www.mpppst.gob.ve\/mpppstweb\/index.php\/2017\/05\/16\/la-tesoreria-de-seguridad-social-conmemora-su-5to-aniversario\/","url":"https:\/\/www.mpppst.gob.ve\/mpppstweb\/index.php\/2017\/05\/16\/la-tesoreria-de-seguridad-social-conmemora-su-5to-aniversario\/","name":"La Tesorer\u00eda de Seguridad Social conmemora su 5to aniversario - MPPPST","isPartOf":{"@id":"https:\/\/www.mpppst.gob.ve\/mpppstweb\/#website"},"primaryImageOfPage":{"@id":"https:\/\/www.mpppst.gob.ve\/mpppstweb\/index.php\/2017\/05\/16\/la-tesoreria-de-seguridad-social-conmemora-su-5to-aniversario\/#primaryimage"},"image":{"@id":"https:\/\/www.mpppst.gob.ve\/mpppstweb\/index.php\/2017\/05\/16\/la-tesoreria-de-seguridad-social-conmemora-su-5to-aniversario\/#primaryimage"},"thumbnailUrl":"https:\/\/www.mpppst.gob.ve\/mpppstweb\/wp-content\/uploads\/2017\/05\/IMG_20150601_102132.jpg","datePublished":"2017-05-16T14:13:25+00:00","dateModified":"2017-05-16T14:13:25+00:00","breadcrumb":{"@id":"https:\/\/www.mpppst.gob.ve\/mpppstweb\/index.php\/2017\/05\/16\/la-tesoreria-de-seguridad-social-conmemora-su-5to-aniversario\/#breadcrumb"},"inLanguage":"es","potentialAction":[{"@type":"ReadAction","target":["https:\/\/www.mpppst.gob.ve\/mpppstweb\/index.php\/2017\/05\/16\/la-tesoreria-de-seguridad-social-conmemora-su-5to-aniversario\/"]}]},{"@type":"ImageObject","inLanguage":"es","@id":"https:\/\/www.mpppst.gob.ve\/mpppstweb\/index.php\/2017\/05\/16\/la-tesoreria-de-seguridad-social-conmemora-su-5to-aniversario\/#primaryimage","url":"https:\/\/www.mpppst.gob.ve\/mpppstweb\/wp-content\/uploads\/2017\/05\/IMG_20150601_102132.jpg","contentUrl":"https:\/\/www.mpppst.gob.ve\/mpppstweb\/wp-content\/uploads\/2017\/05\/IMG_20150601_102132.jpg","width":800,"height":445},{"@type":"BreadcrumbList","@id":"https:\/\/www.mpppst.gob.ve\/mpppstweb\/index.php\/2017\/05\/16\/la-tesoreria-de-seguridad-social-conmemora-su-5to-aniversario\/#breadcrumb","itemListElement":[{"@type":"ListItem","position":1,"name":"Home","item":"https:\/\/www.mpppst.gob.ve\/mpppstweb\/"},{"@type":"ListItem","position":2,"name":"La Tesorer\u00eda de Seguridad Social conmemora su 5to aniversario"}]},{"@type":"WebSite","@id":"https:\/\/www.mpppst.gob.ve\/mpppstweb\/#website","url":"https:\/\/www.mpppst.gob.ve\/mpppstweb\/","name":"MPPPST","description":"Ministerio del Poder Popular para el Proceso Social de Trabajo","publisher":{"@id":"https:\/\/www.mpppst.gob.ve\/mpppstweb\/#organization"},"potentialAction":[{"@type":"SearchAction","target":{"@type":"EntryPoint","urlTemplate":"https:\/\/www.mpppst.gob.ve\/mpppstweb\/?s={search_term_string}"},"query-input":"required name=search_term_string"}],"inLanguage":"es"},{"@type":"Organization","@id":"https:\/\/www.mpppst.gob.ve\/mpppstweb\/#organization","name":"mpppst","url":"https:\/\/www.mpppst.gob.ve\/mpppstweb\/","logo":{"@type":"ImageObject","inLanguage":"es","@id":"https:\/\/www.mpppst.gob.ve\/mpppstweb\/#\/schema\/logo\/image\/","url":"https:\/\/www.mpppst.gob.ve\/mpppstweb\/wp-content\/uploads\/2025\/07\/cropped-cropped-g910.png","contentUrl":"https:\/\/www.mpppst.gob.ve\/mpppstweb\/wp-content\/uploads\/2025\/07\/cropped-cropped-g910.png","width":1080,"height":241,"caption":"mpppst"},"image":{"@id":"https:\/\/www.mpppst.gob.ve\/mpppstweb\/#\/schema\/logo\/image\/"}},{"@type":"Person","@id":"https:\/\/www.mpppst.gob.ve\/mpppstweb\/#\/schema\/person\/fc187ee8ead412bd4c9304b62f900ea4","name":"MPPPST Prensa","url":"https:\/\/www.mpppst.gob.ve\/mpppstweb\/index.php\/author\/prensa-mpppst\/"}]}},"_links":{"self":[{"href":"https:\/\/www.mpppst.gob.ve\/mpppstweb\/index.php\/wp-json\/wp\/v2\/posts\/11501"}],"collection":[{"href":"https:\/\/www.mpppst.gob.ve\/mpppstweb\/index.php\/wp-json\/wp\/v2\/posts"}],"about":[{"href":"https:\/\/www.mpppst.gob.ve\/mpppstweb\/index.php\/wp-json\/wp\/v2\/types\/post"}],"author":[{"embeddable":true,"href":"https:\/\/www.mpppst.gob.ve\/mpppstweb\/index.php\/wp-json\/wp\/v2\/users\/25"}],"replies":[{"embeddable":true,"href":"https:\/\/www.mpppst.gob.ve\/mpppstweb\/index.php\/wp-json\/wp\/v2\/comments?post=11501"}],"version-history":[{"count":1,"href":"https:\/\/www.mpppst.gob.ve\/mpppstweb\/index.php\/wp-json\/wp\/v2\/posts\/11501\/revisions"}],"predecessor-version":[{"id":11503,"href":"https:\/\/www.mpppst.gob.ve\/mpppstweb\/index.php\/wp-json\/wp\/v2\/posts\/11501\/revisions\/11503"}],"wp:featuredmedia":[{"embeddable":true,"href":"https:\/\/www.mpppst.gob.ve\/mpppstweb\/index.php\/wp-json\/wp\/v2\/media\/11502"}],"wp:attachment":[{"href":"https:\/\/www.mpppst.gob.ve\/mpppstweb\/index.php\/wp-json\/wp\/v2\/media?parent=11501"}],"wp:term":[{"taxonomy":"category","embeddable":true,"href":"https:\/\/www.mpppst.gob.ve\/mpppstweb\/index.php\/wp-json\/wp\/v2\/categories?post=11501"},{"taxonomy":"post_tag","embeddable":true,"href":"https:\/\/www.mpppst.gob.ve\/mpppstweb\/index.php\/wp-json\/wp\/v2\/tags?post=11501"}],"curies":[{"name":"wp","href":"https:\/\/api.w.org\/{rel}","templated":true}]}}