{"id":11504,"date":"2017-05-16T10:18:55","date_gmt":"2017-05-16T14:18:55","guid":{"rendered":"http:\/\/www.mpppst.gob.ve\/mpppstweb\/?p=11504"},"modified":"2017-05-16T10:18:55","modified_gmt":"2017-05-16T14:18:55","slug":"exhortan-a-denunciar-campana-fascista-contra-el-chavismo","status":"publish","type":"post","link":"https:\/\/www.mpppst.gob.ve\/mpppstweb\/index.php\/2017\/05\/16\/exhortan-a-denunciar-campana-fascista-contra-el-chavismo\/","title":{"rendered":"Exhortan a denunciar campa\u00f1a fascista contra el chavismo"},"content":{"rendered":"<p>AVN.- El dirigente revolucionario Edwin Rojas exhort\u00f3 este martes a denunciar ante el mundo la creciente campa\u00f1a de fascismo en contra del chavismo.<\/p>\n<p>\u00abHay que seguir denunciando la campa\u00f1a de fascismo, que tiene mucho parecido a lo que hac\u00edan los nazis marcando las casas de los jud\u00edos en los a\u00f1os 30. Cuando uno ve a (Freddy) Guevara, a Henry Ramos, a (Julio) Borges, parece que estuvi\u00e9semos viendo a cualquier disc\u00edpulo de (Adolf) Hitler en nuestro pa\u00eds\u00bb, asever\u00f3 Rojas, en entrevista en Venezolana de Televisi\u00f3n.<\/p>\n<p>Insisti\u00f3 en que el fascismo, como conducta de intolerancia y no reconocimiento del otro, \u00abes lo que estamos viendo cuando atacan, por ejemplo, a los hijos de los dirigentes chavistas que hasta son amenazados de muerte, ese es el modelo de ellos\u00bb. Por tal motivo, llam\u00f3 a todos los sectores de la sociedad a reflexionar ante esta conducta, que pone en riesgo la paz y la estabilidad de una naci\u00f3n.<\/p>\n<p>\u00abSi esta gente (oposici\u00f3n) no es Gobierno, imag\u00ednense por un momento que lo sea. Miren todo ese odio y persecuci\u00f3n sin tener el poder. S\u00f3lo imaginen si llegan al poder, es un ejercicio de imaginaci\u00f3n incluso para aquellos que son de oposici\u00f3n (&#8230;) no son Gobierno y est\u00e1n amenazando de muerte a los chavistas\u00bb, alert\u00f3.<\/p>\n<p>Ante esta arremetida de sectores radicales de la derecha nacional, el dirigente llam\u00f3 a las fuerzas revolucionarias a sumarse a la agenda de paz y de di\u00e1logo que ha impulsado el Gobierno Nacional.<\/p>\n<p>\u00abEste tipo de violencia no nos puede distraer de nuestros objetivos estrat\u00e9gicos que son, entre otros, la Agenda Econ\u00f3mica Bolivariana, los 15 motores de la econom\u00eda, los Clap, el Carnet de la Patria. Que nada que nos distraiga de eso\u00bb, pidi\u00f3, y enfatiz\u00f3 que el debate constituyente al cual ha convocado el presidente de la Rep\u00fablica, Nicol\u00e1s Maduro, debe seguir masific\u00e1ndose para ser garant\u00eda suprema de la paz en todo el pa\u00eds \u00aby para proteger nuestras misiones sociales, porque si vienen con ese odio lo primero que van a intentar es eliminarlas\u00bb.<\/p>\n","protected":false},"excerpt":{"rendered":"<p>AVN.- El dirigente revolucionario Edwin Rojas exhort\u00f3 este martes a denunciar ante el mundo la creciente &hellip; <a title=\"Exhortan a denunciar campa\u00f1a fascista contra el chavismo\" class=\"hm-read-more\" href=\"https:\/\/www.mpppst.gob.ve\/mpppstweb\/index.php\/2017\/05\/16\/exhortan-a-denunciar-campana-fascista-contra-el-chavismo\/\"><span class=\"screen-reader-text\">Exhortan a denunciar campa\u00f1a fascista contra el chavismo<\/span>Read more<\/a><\/p>\n","protected":false},"author":25,"featured_media":11505,"comment_status":"closed","ping_status":"closed","sticky":false,"template":"","format":"standard","meta":{"footnotes":""},"categories":[82,163],"tags":[222],"yoast_head":"<!-- This site is optimized with the Yoast SEO plugin v22.5 - https:\/\/yoast.com\/wordpress\/plugins\/seo\/ -->\n<title>Exhortan a denunciar campa\u00f1a fascista contra el chavismo - MPPPST<\/title>\n<meta name=\"robots\" content=\"index, follow, max-snippet:-1, max-image-preview:large, max-video-preview:-1\" \/>\n<link rel=\"canonical\" href=\"https:\/\/www.mpppst.gob.ve\/mpppstweb\/index.php\/2017\/05\/16\/exhortan-a-denunciar-campana-fascista-contra-el-chavismo\/\" \/>\n<meta property=\"og:locale\" content=\"es_ES\" \/>\n<meta property=\"og:type\" content=\"article\" \/>\n<meta property=\"og:title\" content=\"Exhortan a denunciar campa\u00f1a fascista contra el chavismo - MPPPST\" \/>\n<meta property=\"og:description\" content=\"AVN.- El dirigente revolucionario Edwin Rojas exhort\u00f3 este martes a denunciar ante el mundo la creciente &hellip; Exhortan a denunciar campa\u00f1a fascista contra el chavismoRead more\" \/>\n<meta property=\"og:url\" content=\"https:\/\/www.mpppst.gob.ve\/mpppstweb\/index.php\/2017\/05\/16\/exhortan-a-denunciar-campana-fascista-contra-el-chavismo\/\" \/>\n<meta property=\"og:site_name\" content=\"MPPPST\" \/>\n<meta property=\"article:published_time\" content=\"2017-05-16T14:18:55+00:00\" \/>\n<meta property=\"og:image\" content=\"https:\/\/www.mpppst.gob.ve\/mpppstweb\/wp-content\/uploads\/2017\/05\/edwin-rojas.jpg\" \/>\n\t<meta property=\"og:image:width\" content=\"800\" \/>\n\t<meta property=\"og:image:height\" content=\"445\" \/>\n\t<meta property=\"og:image:type\" content=\"image\/jpeg\" \/>\n<meta name=\"author\" content=\"MPPPST Prensa\" \/>\n<meta name=\"twitter:card\" content=\"summary_large_image\" \/>\n<meta name=\"twitter:label1\" content=\"Escrito por\" \/>\n\t<meta name=\"twitter:data1\" content=\"MPPPST Prensa\" \/>\n\t<meta name=\"twitter:label2\" content=\"Tiempo de lectura\" \/>\n\t<meta name=\"twitter:data2\" content=\"2 minutos\" \/>\n<script type=\"application\/ld+json\" class=\"yoast-schema-graph\">{\"@context\":\"https:\/\/schema.org\",\"@graph\":[{\"@type\":\"Article\",\"@id\":\"https:\/\/www.mpppst.gob.ve\/mpppstweb\/index.php\/2017\/05\/16\/exhortan-a-denunciar-campana-fascista-contra-el-chavismo\/#article\",\"isPartOf\":{\"@id\":\"https:\/\/www.mpppst.gob.ve\/mpppstweb\/index.php\/2017\/05\/16\/exhortan-a-denunciar-campana-fascista-contra-el-chavismo\/\"},\"author\":{\"name\":\"MPPPST Prensa\",\"@id\":\"https:\/\/www.mpppst.gob.ve\/mpppstweb\/#\/schema\/person\/fc187ee8ead412bd4c9304b62f900ea4\"},\"headline\":\"Exhortan a denunciar campa\u00f1a fascista contra el chavismo\",\"datePublished\":\"2017-05-16T14:18:55+00:00\",\"dateModified\":\"2017-05-16T14:18:55+00:00\",\"mainEntityOfPage\":{\"@id\":\"https:\/\/www.mpppst.gob.ve\/mpppstweb\/index.php\/2017\/05\/16\/exhortan-a-denunciar-campana-fascista-contra-el-chavismo\/\"},\"wordCount\":367,\"publisher\":{\"@id\":\"https:\/\/www.mpppst.gob.ve\/mpppstweb\/#organization\"},\"image\":{\"@id\":\"https:\/\/www.mpppst.gob.ve\/mpppstweb\/index.php\/2017\/05\/16\/exhortan-a-denunciar-campana-fascista-contra-el-chavismo\/#primaryimage\"},\"thumbnailUrl\":\"https:\/\/www.mpppst.gob.ve\/mpppstweb\/wp-content\/uploads\/2017\/05\/edwin-rojas.jpg\",\"keywords\":[\"Gobierno Bolivariano\"],\"articleSection\":[\"Gobierno Nacional\",\"Noticias\"],\"inLanguage\":\"es\"},{\"@type\":\"WebPage\",\"@id\":\"https:\/\/www.mpppst.gob.ve\/mpppstweb\/index.php\/2017\/05\/16\/exhortan-a-denunciar-campana-fascista-contra-el-chavismo\/\",\"url\":\"https:\/\/www.mpppst.gob.ve\/mpppstweb\/index.php\/2017\/05\/16\/exhortan-a-denunciar-campana-fascista-contra-el-chavismo\/\",\"name\":\"Exhortan a denunciar campa\u00f1a fascista contra el chavismo - MPPPST\",\"isPartOf\":{\"@id\":\"https:\/\/www.mpppst.gob.ve\/mpppstweb\/#website\"},\"primaryImageOfPage\":{\"@id\":\"https:\/\/www.mpppst.gob.ve\/mpppstweb\/index.php\/2017\/05\/16\/exhortan-a-denunciar-campana-fascista-contra-el-chavismo\/#primaryimage\"},\"image\":{\"@id\":\"https:\/\/www.mpppst.gob.ve\/mpppstweb\/index.php\/2017\/05\/16\/exhortan-a-denunciar-campana-fascista-contra-el-chavismo\/#primaryimage\"},\"thumbnailUrl\":\"https:\/\/www.mpppst.gob.ve\/mpppstweb\/wp-content\/uploads\/2017\/05\/edwin-rojas.jpg\",\"datePublished\":\"2017-05-16T14:18:55+00:00\",\"dateModified\":\"2017-05-16T14:18:55+00:00\",\"breadcrumb\":{\"@id\":\"https:\/\/www.mpppst.gob.ve\/mpppstweb\/index.php\/2017\/05\/16\/exhortan-a-denunciar-campana-fascista-contra-el-chavismo\/#breadcrumb\"},\"inLanguage\":\"es\",\"potentialAction\":[{\"@type\":\"ReadAction\",\"target\":[\"https:\/\/www.mpppst.gob.ve\/mpppstweb\/index.php\/2017\/05\/16\/exhortan-a-denunciar-campana-fascista-contra-el-chavismo\/\"]}]},{\"@type\":\"ImageObject\",\"inLanguage\":\"es\",\"@id\":\"https:\/\/www.mpppst.gob.ve\/mpppstweb\/index.php\/2017\/05\/16\/exhortan-a-denunciar-campana-fascista-contra-el-chavismo\/#primaryimage\",\"url\":\"https:\/\/www.mpppst.gob.ve\/mpppstweb\/wp-content\/uploads\/2017\/05\/edwin-rojas.jpg\",\"contentUrl\":\"https:\/\/www.mpppst.gob.ve\/mpppstweb\/wp-content\/uploads\/2017\/05\/edwin-rojas.jpg\",\"width\":800,\"height\":445},{\"@type\":\"BreadcrumbList\",\"@id\":\"https:\/\/www.mpppst.gob.ve\/mpppstweb\/index.php\/2017\/05\/16\/exhortan-a-denunciar-campana-fascista-contra-el-chavismo\/#breadcrumb\",\"itemListElement\":[{\"@type\":\"ListItem\",\"position\":1,\"name\":\"Home\",\"item\":\"https:\/\/www.mpppst.gob.ve\/mpppstweb\/\"},{\"@type\":\"ListItem\",\"position\":2,\"name\":\"Exhortan a denunciar campa\u00f1a fascista contra el chavismo\"}]},{\"@type\":\"WebSite\",\"@id\":\"https:\/\/www.mpppst.gob.ve\/mpppstweb\/#website\",\"url\":\"https:\/\/www.mpppst.gob.ve\/mpppstweb\/\",\"name\":\"MPPPST\",\"description\":\"Ministerio del Poder Popular para el Proceso Social de Trabajo\",\"publisher\":{\"@id\":\"https:\/\/www.mpppst.gob.ve\/mpppstweb\/#organization\"},\"potentialAction\":[{\"@type\":\"SearchAction\",\"target\":{\"@type\":\"EntryPoint\",\"urlTemplate\":\"https:\/\/www.mpppst.gob.ve\/mpppstweb\/?s={search_term_string}\"},\"query-input\":\"required name=search_term_string\"}],\"inLanguage\":\"es\"},{\"@type\":\"Organization\",\"@id\":\"https:\/\/www.mpppst.gob.ve\/mpppstweb\/#organization\",\"name\":\"mpppst\",\"url\":\"https:\/\/www.mpppst.gob.ve\/mpppstweb\/\",\"logo\":{\"@type\":\"ImageObject\",\"inLanguage\":\"es\",\"@id\":\"https:\/\/www.mpppst.gob.ve\/mpppstweb\/#\/schema\/logo\/image\/\",\"url\":\"https:\/\/www.mpppst.gob.ve\/mpppstweb\/wp-content\/uploads\/2025\/07\/cropped-cropped-g910.png\",\"contentUrl\":\"https:\/\/www.mpppst.gob.ve\/mpppstweb\/wp-content\/uploads\/2025\/07\/cropped-cropped-g910.png\",\"width\":1080,\"height\":241,\"caption\":\"mpppst\"},\"image\":{\"@id\":\"https:\/\/www.mpppst.gob.ve\/mpppstweb\/#\/schema\/logo\/image\/\"}},{\"@type\":\"Person\",\"@id\":\"https:\/\/www.mpppst.gob.ve\/mpppstweb\/#\/schema\/person\/fc187ee8ead412bd4c9304b62f900ea4\",\"name\":\"MPPPST Prensa\",\"url\":\"https:\/\/www.mpppst.gob.ve\/mpppstweb\/index.php\/author\/prensa-mpppst\/\"}]}<\/script>\n<!-- \/ Yoast SEO plugin. -->","yoast_head_json":{"title":"Exhortan a denunciar campa\u00f1a fascista contra el chavismo - MPPPST","robots":{"index":"index","follow":"follow","max-snippet":"max-snippet:-1","max-image-preview":"max-image-preview:large","max-video-preview":"max-video-preview:-1"},"canonical":"https:\/\/www.mpppst.gob.ve\/mpppstweb\/index.php\/2017\/05\/16\/exhortan-a-denunciar-campana-fascista-contra-el-chavismo\/","og_locale":"es_ES","og_type":"article","og_title":"Exhortan a denunciar campa\u00f1a fascista contra el chavismo - MPPPST","og_description":"AVN.- El dirigente revolucionario Edwin Rojas exhort\u00f3 este martes a denunciar ante el mundo la creciente &hellip; Exhortan a denunciar campa\u00f1a fascista contra el chavismoRead more","og_url":"https:\/\/www.mpppst.gob.ve\/mpppstweb\/index.php\/2017\/05\/16\/exhortan-a-denunciar-campana-fascista-contra-el-chavismo\/","og_site_name":"MPPPST","article_published_time":"2017-05-16T14:18:55+00:00","og_image":[{"width":800,"height":445,"url":"https:\/\/www.mpppst.gob.ve\/mpppstweb\/wp-content\/uploads\/2017\/05\/edwin-rojas.jpg","type":"image\/jpeg"}],"author":"MPPPST Prensa","twitter_card":"summary_large_image","twitter_misc":{"Escrito por":"MPPPST Prensa","Tiempo de lectura":"2 minutos"},"schema":{"@context":"https:\/\/schema.org","@graph":[{"@type":"Article","@id":"https:\/\/www.mpppst.gob.ve\/mpppstweb\/index.php\/2017\/05\/16\/exhortan-a-denunciar-campana-fascista-contra-el-chavismo\/#article","isPartOf":{"@id":"https:\/\/www.mpppst.gob.ve\/mpppstweb\/index.php\/2017\/05\/16\/exhortan-a-denunciar-campana-fascista-contra-el-chavismo\/"},"author":{"name":"MPPPST Prensa","@id":"https:\/\/www.mpppst.gob.ve\/mpppstweb\/#\/schema\/person\/fc187ee8ead412bd4c9304b62f900ea4"},"headline":"Exhortan a denunciar campa\u00f1a fascista contra el chavismo","datePublished":"2017-05-16T14:18:55+00:00","dateModified":"2017-05-16T14:18:55+00:00","mainEntityOfPage":{"@id":"https:\/\/www.mpppst.gob.ve\/mpppstweb\/index.php\/2017\/05\/16\/exhortan-a-denunciar-campana-fascista-contra-el-chavismo\/"},"wordCount":367,"publisher":{"@id":"https:\/\/www.mpppst.gob.ve\/mpppstweb\/#organization"},"image":{"@id":"https:\/\/www.mpppst.gob.ve\/mpppstweb\/index.php\/2017\/05\/16\/exhortan-a-denunciar-campana-fascista-contra-el-chavismo\/#primaryimage"},"thumbnailUrl":"https:\/\/www.mpppst.gob.ve\/mpppstweb\/wp-content\/uploads\/2017\/05\/edwin-rojas.jpg","keywords":["Gobierno Bolivariano"],"articleSection":["Gobierno Nacional","Noticias"],"inLanguage":"es"},{"@type":"WebPage","@id":"https:\/\/www.mpppst.gob.ve\/mpppstweb\/index.php\/2017\/05\/16\/exhortan-a-denunciar-campana-fascista-contra-el-chavismo\/","url":"https:\/\/www.mpppst.gob.ve\/mpppstweb\/index.php\/2017\/05\/16\/exhortan-a-denunciar-campana-fascista-contra-el-chavismo\/","name":"Exhortan a denunciar campa\u00f1a fascista contra el chavismo - MPPPST","isPartOf":{"@id":"https:\/\/www.mpppst.gob.ve\/mpppstweb\/#website"},"primaryImageOfPage":{"@id":"https:\/\/www.mpppst.gob.ve\/mpppstweb\/index.php\/2017\/05\/16\/exhortan-a-denunciar-campana-fascista-contra-el-chavismo\/#primaryimage"},"image":{"@id":"https:\/\/www.mpppst.gob.ve\/mpppstweb\/index.php\/2017\/05\/16\/exhortan-a-denunciar-campana-fascista-contra-el-chavismo\/#primaryimage"},"thumbnailUrl":"https:\/\/www.mpppst.gob.ve\/mpppstweb\/wp-content\/uploads\/2017\/05\/edwin-rojas.jpg","datePublished":"2017-05-16T14:18:55+00:00","dateModified":"2017-05-16T14:18:55+00:00","breadcrumb":{"@id":"https:\/\/www.mpppst.gob.ve\/mpppstweb\/index.php\/2017\/05\/16\/exhortan-a-denunciar-campana-fascista-contra-el-chavismo\/#breadcrumb"},"inLanguage":"es","potentialAction":[{"@type":"ReadAction","target":["https:\/\/www.mpppst.gob.ve\/mpppstweb\/index.php\/2017\/05\/16\/exhortan-a-denunciar-campana-fascista-contra-el-chavismo\/"]}]},{"@type":"ImageObject","inLanguage":"es","@id":"https:\/\/www.mpppst.gob.ve\/mpppstweb\/index.php\/2017\/05\/16\/exhortan-a-denunciar-campana-fascista-contra-el-chavismo\/#primaryimage","url":"https:\/\/www.mpppst.gob.ve\/mpppstweb\/wp-content\/uploads\/2017\/05\/edwin-rojas.jpg","contentUrl":"https:\/\/www.mpppst.gob.ve\/mpppstweb\/wp-content\/uploads\/2017\/05\/edwin-rojas.jpg","width":800,"height":445},{"@type":"BreadcrumbList","@id":"https:\/\/www.mpppst.gob.ve\/mpppstweb\/index.php\/2017\/05\/16\/exhortan-a-denunciar-campana-fascista-contra-el-chavismo\/#breadcrumb","itemListElement":[{"@type":"ListItem","position":1,"name":"Home","item":"https:\/\/www.mpppst.gob.ve\/mpppstweb\/"},{"@type":"ListItem","position":2,"name":"Exhortan a denunciar campa\u00f1a fascista contra el chavismo"}]},{"@type":"WebSite","@id":"https:\/\/www.mpppst.gob.ve\/mpppstweb\/#website","url":"https:\/\/www.mpppst.gob.ve\/mpppstweb\/","name":"MPPPST","description":"Ministerio del Poder Popular para el Proceso Social de Trabajo","publisher":{"@id":"https:\/\/www.mpppst.gob.ve\/mpppstweb\/#organization"},"potentialAction":[{"@type":"SearchAction","target":{"@type":"EntryPoint","urlTemplate":"https:\/\/www.mpppst.gob.ve\/mpppstweb\/?s={search_term_string}"},"query-input":"required name=search_term_string"}],"inLanguage":"es"},{"@type":"Organization","@id":"https:\/\/www.mpppst.gob.ve\/mpppstweb\/#organization","name":"mpppst","url":"https:\/\/www.mpppst.gob.ve\/mpppstweb\/","logo":{"@type":"ImageObject","inLanguage":"es","@id":"https:\/\/www.mpppst.gob.ve\/mpppstweb\/#\/schema\/logo\/image\/","url":"https:\/\/www.mpppst.gob.ve\/mpppstweb\/wp-content\/uploads\/2025\/07\/cropped-cropped-g910.png","contentUrl":"https:\/\/www.mpppst.gob.ve\/mpppstweb\/wp-content\/uploads\/2025\/07\/cropped-cropped-g910.png","width":1080,"height":241,"caption":"mpppst"},"image":{"@id":"https:\/\/www.mpppst.gob.ve\/mpppstweb\/#\/schema\/logo\/image\/"}},{"@type":"Person","@id":"https:\/\/www.mpppst.gob.ve\/mpppstweb\/#\/schema\/person\/fc187ee8ead412bd4c9304b62f900ea4","name":"MPPPST Prensa","url":"https:\/\/www.mpppst.gob.ve\/mpppstweb\/index.php\/author\/prensa-mpppst\/"}]}},"_links":{"self":[{"href":"https:\/\/www.mpppst.gob.ve\/mpppstweb\/index.php\/wp-json\/wp\/v2\/posts\/11504"}],"collection":[{"href":"https:\/\/www.mpppst.gob.ve\/mpppstweb\/index.php\/wp-json\/wp\/v2\/posts"}],"about":[{"href":"https:\/\/www.mpppst.gob.ve\/mpppstweb\/index.php\/wp-json\/wp\/v2\/types\/post"}],"author":[{"embeddable":true,"href":"https:\/\/www.mpppst.gob.ve\/mpppstweb\/index.php\/wp-json\/wp\/v2\/users\/25"}],"replies":[{"embeddable":true,"href":"https:\/\/www.mpppst.gob.ve\/mpppstweb\/index.php\/wp-json\/wp\/v2\/comments?post=11504"}],"version-history":[{"count":1,"href":"https:\/\/www.mpppst.gob.ve\/mpppstweb\/index.php\/wp-json\/wp\/v2\/posts\/11504\/revisions"}],"predecessor-version":[{"id":11506,"href":"https:\/\/www.mpppst.gob.ve\/mpppstweb\/index.php\/wp-json\/wp\/v2\/posts\/11504\/revisions\/11506"}],"wp:featuredmedia":[{"embeddable":true,"href":"https:\/\/www.mpppst.gob.ve\/mpppstweb\/index.php\/wp-json\/wp\/v2\/media\/11505"}],"wp:attachment":[{"href":"https:\/\/www.mpppst.gob.ve\/mpppstweb\/index.php\/wp-json\/wp\/v2\/media?parent=11504"}],"wp:term":[{"taxonomy":"category","embeddable":true,"href":"https:\/\/www.mpppst.gob.ve\/mpppstweb\/index.php\/wp-json\/wp\/v2\/categories?post=11504"},{"taxonomy":"post_tag","embeddable":true,"href":"https:\/\/www.mpppst.gob.ve\/mpppstweb\/index.php\/wp-json\/wp\/v2\/tags?post=11504"}],"curies":[{"name":"wp","href":"https:\/\/api.w.org\/{rel}","templated":true}]}}