{"id":11516,"date":"2017-05-17T14:38:55","date_gmt":"2017-05-17T18:38:55","guid":{"rendered":"http:\/\/www.mpppst.gob.ve\/mpppstweb\/?p=11516"},"modified":"2017-05-17T14:38:55","modified_gmt":"2017-05-17T18:38:55","slug":"marcha-de-trabajadores-de-la-salud-llega-a-miraflores-en-respaldo-a-la-constituyente","status":"publish","type":"post","link":"https:\/\/www.mpppst.gob.ve\/mpppstweb\/index.php\/2017\/05\/17\/marcha-de-trabajadores-de-la-salud-llega-a-miraflores-en-respaldo-a-la-constituyente\/","title":{"rendered":"Marcha de trabajadores de la salud llega a Miraflores en respaldo a la Constituyente"},"content":{"rendered":"<p>AVN.- En defensa de la naci\u00f3n y en apoyo a la Asamblea Nacional Constituyente, trabajadores de la salud y movimientos sociales llegaron al Palacio de Miraflores, sede del Poder Ejecutivo, la tarde de este mi\u00e9rcoles.<\/p>\n<p>Con esta movilizaci\u00f3n, que parti\u00f3 desde plaza Morelos, Bellas Artes, ese sector respalda iniciativas como dar rangos constitucional al sistema de misiones creado a lo largo de 18 a\u00f1os, con el fin de fortalecer estas pol\u00edticas sociales de protecci\u00f3n social, especialmente en materia m\u00e9dica.<\/p>\n<p>\u00abNosotros queremos paz y rechazamos el terrorismo\u00bb, indic\u00f3 Yanet Barraza, quien llam\u00f3 a la m\u00e1s amplia participaci\u00f3n en la Constituyente.<\/p>\n<p>\u00abSalud presente con la Constituyente\u00bb es una de las frases que se escuch\u00f3 mientras\u00a0m\u00e9dicos, enfermeros, trabajadores de centros asistenciales y movimientos sociales se movilizaron con alegr\u00eda y entusiasmo para decirle al presidente Nicol\u00e1s Maduro que el sector salud lo respalda en su convocatoria al poder originario.<\/p>\n<p>\u00abQueremos que, a trav\u00e9s de esta Constituyente, se unifiquen todas las misiones del sector salud en una sola para que tengan m\u00e1s fuerza\u00bb, destaco Felicia Iriarte, enfermera proveniente del estado Vargas.<\/p>\n<p>Dorca D\u00edaz, enfermera de los Valles del Tuy, cree que \u00abcon este llamado se pueden reimpulsar todas las misiones que se vienen dando en el pueblo de Venezuela\u00bb.<\/p>\n<p>La constitucionalizaci\u00f3n de las misiones es una de las nueve l\u00edneas de debate propuestas por el presidente de la Rep\u00fablica, Nicol\u00e1s Maduro, para el proceso Constituyente.<\/p>\n<p>En la marcha expresaron su compromiso de seguir trabajando por la salud del pueblo venezolano, al tiempo que exhortaron a los venezolanos a integrarse al debate de la Constituyente y repudiaron las acciones violentas promovidas por dirigentes de la derecha venezolana contra instalaciones m\u00e9dicas del pa\u00eds.<\/p>\n<p>\u00abEl que vaya a salir, que lo haga en paz, dentro de la Constituci\u00f3n y no destrozando las cosas\u00bb, pidi\u00f3 V\u00edctor Guerra, uno de los marchistas.<\/p>\n<p><strong>Comit\u00e9s constituyentes<\/strong><\/p>\n<p>El ministro para la Salud, Luis L\u00f3pez, estuvo presente en la marcha. All\u00ed, destac\u00f3 que la mayor\u00eda del pueblo apoya la Constituyente como un gran espacio de discusi\u00f3n para la paz, y resalt\u00f3 la incorporaci\u00f3n al tema de <a href=\"http:\/\/www.avn.info.ve\/contenido\/trabajadores-salud-apoyan-constituyente-como-espacio-discusi%C3%B3n-para-paz\" target=\"_blank\">los trabajadores del sector.<\/a><\/p>\n<p>\u00abVamos a instalar los comit\u00e9s constituyentes en todos los espacios, en todas las instalaciones. Donde exista un espacio de salud vamos a tener all\u00ed la discusi\u00f3n para enriquecer el debate y generar propuestas\u00bb, enfatiz\u00f3 en la Plaza Morelos.<\/p>\n<p>Indic\u00f3 que el venezolano es \u00abun pueblo que siempre ha vivido en paz, que no quiere guerra sino que quiere discutir, y el espacio de la discusi\u00f3n lo ha fijado nuestro presidente, Nicol\u00e1s Maduro, en lo que es el llamado al proceso constituyente\u00bb.<\/p>\n<p>Tras lograr el 100 % de cobertura de la Misi\u00f3n Barrio Adentro en el pa\u00eds, este programa social de salud creado por la Revoluci\u00f3n Bolivariana comienza el lunes una fase que tiene como meta ejecutar 600.000 intervenciones quir\u00fargicas.<\/p>\n<p>La Misi\u00f3n Barrio Adentro fue creada en 2003 por el presidente Hugo Ch\u00e1vez, con el objetivo de democratizar el acceso a la salud y cubrir sectores del pa\u00eds que durante a\u00f1os fueron excluidos del sistema de protecci\u00f3n social.<\/p>\n<p>Desde su puesta en marcha, este plan se ha diversificado. En 2016, el jefe de Estado, Nicol\u00e1s Maduro, anunci\u00f3 la puesta en marcha del Plan Especial de Cobertura Barrio Adentro 100% (2016\u20132017), meta que se alcanz\u00f3 el 21 de abril pasado.<\/p>\n","protected":false},"excerpt":{"rendered":"<p>AVN.- En defensa de la naci\u00f3n y en apoyo a la Asamblea Nacional Constituyente, trabajadores de &hellip; <a title=\"Marcha de trabajadores de la salud llega a Miraflores en respaldo a la Constituyente\" class=\"hm-read-more\" href=\"https:\/\/www.mpppst.gob.ve\/mpppstweb\/index.php\/2017\/05\/17\/marcha-de-trabajadores-de-la-salud-llega-a-miraflores-en-respaldo-a-la-constituyente\/\"><span class=\"screen-reader-text\">Marcha de trabajadores de la salud llega a Miraflores en respaldo a la Constituyente<\/span>Read more<\/a><\/p>\n","protected":false},"author":25,"featured_media":11517,"comment_status":"closed","ping_status":"closed","sticky":false,"template":"","format":"standard","meta":{"footnotes":""},"categories":[82,163],"tags":[222],"yoast_head":"<!-- This site is optimized with the Yoast SEO plugin v22.5 - https:\/\/yoast.com\/wordpress\/plugins\/seo\/ -->\n<title>Marcha de trabajadores de la salud llega a Miraflores en respaldo a la Constituyente - MPPPST<\/title>\n<meta name=\"robots\" content=\"index, follow, max-snippet:-1, max-image-preview:large, max-video-preview:-1\" \/>\n<link rel=\"canonical\" href=\"https:\/\/www.mpppst.gob.ve\/mpppstweb\/index.php\/2017\/05\/17\/marcha-de-trabajadores-de-la-salud-llega-a-miraflores-en-respaldo-a-la-constituyente\/\" \/>\n<meta property=\"og:locale\" content=\"es_ES\" \/>\n<meta property=\"og:type\" content=\"article\" \/>\n<meta property=\"og:title\" content=\"Marcha de trabajadores de la salud llega a Miraflores en respaldo a la Constituyente - MPPPST\" \/>\n<meta property=\"og:description\" content=\"AVN.- En defensa de la naci\u00f3n y en apoyo a la Asamblea Nacional Constituyente, trabajadores de &hellip; Marcha de trabajadores de la salud llega a Miraflores en respaldo a la ConstituyenteRead more\" \/>\n<meta property=\"og:url\" content=\"https:\/\/www.mpppst.gob.ve\/mpppstweb\/index.php\/2017\/05\/17\/marcha-de-trabajadores-de-la-salud-llega-a-miraflores-en-respaldo-a-la-constituyente\/\" \/>\n<meta property=\"og:site_name\" content=\"MPPPST\" \/>\n<meta property=\"article:published_time\" content=\"2017-05-17T18:38:55+00:00\" \/>\n<meta property=\"og:image\" content=\"https:\/\/www.mpppst.gob.ve\/mpppstweb\/wp-content\/uploads\/2017\/05\/Marcha.jpg\" \/>\n\t<meta property=\"og:image:width\" content=\"800\" \/>\n\t<meta property=\"og:image:height\" content=\"445\" \/>\n\t<meta property=\"og:image:type\" content=\"image\/jpeg\" \/>\n<meta name=\"author\" content=\"MPPPST Prensa\" \/>\n<meta name=\"twitter:card\" content=\"summary_large_image\" \/>\n<meta name=\"twitter:label1\" content=\"Escrito por\" \/>\n\t<meta name=\"twitter:data1\" content=\"MPPPST Prensa\" \/>\n\t<meta name=\"twitter:label2\" content=\"Tiempo de lectura\" \/>\n\t<meta name=\"twitter:data2\" content=\"3 minutos\" \/>\n<script type=\"application\/ld+json\" class=\"yoast-schema-graph\">{\"@context\":\"https:\/\/schema.org\",\"@graph\":[{\"@type\":\"Article\",\"@id\":\"https:\/\/www.mpppst.gob.ve\/mpppstweb\/index.php\/2017\/05\/17\/marcha-de-trabajadores-de-la-salud-llega-a-miraflores-en-respaldo-a-la-constituyente\/#article\",\"isPartOf\":{\"@id\":\"https:\/\/www.mpppst.gob.ve\/mpppstweb\/index.php\/2017\/05\/17\/marcha-de-trabajadores-de-la-salud-llega-a-miraflores-en-respaldo-a-la-constituyente\/\"},\"author\":{\"name\":\"MPPPST Prensa\",\"@id\":\"https:\/\/www.mpppst.gob.ve\/mpppstweb\/#\/schema\/person\/fc187ee8ead412bd4c9304b62f900ea4\"},\"headline\":\"Marcha de trabajadores de la salud llega a Miraflores en respaldo a la Constituyente\",\"datePublished\":\"2017-05-17T18:38:55+00:00\",\"dateModified\":\"2017-05-17T18:38:55+00:00\",\"mainEntityOfPage\":{\"@id\":\"https:\/\/www.mpppst.gob.ve\/mpppstweb\/index.php\/2017\/05\/17\/marcha-de-trabajadores-de-la-salud-llega-a-miraflores-en-respaldo-a-la-constituyente\/\"},\"wordCount\":593,\"publisher\":{\"@id\":\"https:\/\/www.mpppst.gob.ve\/mpppstweb\/#organization\"},\"image\":{\"@id\":\"https:\/\/www.mpppst.gob.ve\/mpppstweb\/index.php\/2017\/05\/17\/marcha-de-trabajadores-de-la-salud-llega-a-miraflores-en-respaldo-a-la-constituyente\/#primaryimage\"},\"thumbnailUrl\":\"https:\/\/www.mpppst.gob.ve\/mpppstweb\/wp-content\/uploads\/2017\/05\/Marcha.jpg\",\"keywords\":[\"Gobierno Bolivariano\"],\"articleSection\":[\"Gobierno Nacional\",\"Noticias\"],\"inLanguage\":\"es\"},{\"@type\":\"WebPage\",\"@id\":\"https:\/\/www.mpppst.gob.ve\/mpppstweb\/index.php\/2017\/05\/17\/marcha-de-trabajadores-de-la-salud-llega-a-miraflores-en-respaldo-a-la-constituyente\/\",\"url\":\"https:\/\/www.mpppst.gob.ve\/mpppstweb\/index.php\/2017\/05\/17\/marcha-de-trabajadores-de-la-salud-llega-a-miraflores-en-respaldo-a-la-constituyente\/\",\"name\":\"Marcha de trabajadores de la salud llega a Miraflores en respaldo a la Constituyente - MPPPST\",\"isPartOf\":{\"@id\":\"https:\/\/www.mpppst.gob.ve\/mpppstweb\/#website\"},\"primaryImageOfPage\":{\"@id\":\"https:\/\/www.mpppst.gob.ve\/mpppstweb\/index.php\/2017\/05\/17\/marcha-de-trabajadores-de-la-salud-llega-a-miraflores-en-respaldo-a-la-constituyente\/#primaryimage\"},\"image\":{\"@id\":\"https:\/\/www.mpppst.gob.ve\/mpppstweb\/index.php\/2017\/05\/17\/marcha-de-trabajadores-de-la-salud-llega-a-miraflores-en-respaldo-a-la-constituyente\/#primaryimage\"},\"thumbnailUrl\":\"https:\/\/www.mpppst.gob.ve\/mpppstweb\/wp-content\/uploads\/2017\/05\/Marcha.jpg\",\"datePublished\":\"2017-05-17T18:38:55+00:00\",\"dateModified\":\"2017-05-17T18:38:55+00:00\",\"breadcrumb\":{\"@id\":\"https:\/\/www.mpppst.gob.ve\/mpppstweb\/index.php\/2017\/05\/17\/marcha-de-trabajadores-de-la-salud-llega-a-miraflores-en-respaldo-a-la-constituyente\/#breadcrumb\"},\"inLanguage\":\"es\",\"potentialAction\":[{\"@type\":\"ReadAction\",\"target\":[\"https:\/\/www.mpppst.gob.ve\/mpppstweb\/index.php\/2017\/05\/17\/marcha-de-trabajadores-de-la-salud-llega-a-miraflores-en-respaldo-a-la-constituyente\/\"]}]},{\"@type\":\"ImageObject\",\"inLanguage\":\"es\",\"@id\":\"https:\/\/www.mpppst.gob.ve\/mpppstweb\/index.php\/2017\/05\/17\/marcha-de-trabajadores-de-la-salud-llega-a-miraflores-en-respaldo-a-la-constituyente\/#primaryimage\",\"url\":\"https:\/\/www.mpppst.gob.ve\/mpppstweb\/wp-content\/uploads\/2017\/05\/Marcha.jpg\",\"contentUrl\":\"https:\/\/www.mpppst.gob.ve\/mpppstweb\/wp-content\/uploads\/2017\/05\/Marcha.jpg\",\"width\":800,\"height\":445},{\"@type\":\"BreadcrumbList\",\"@id\":\"https:\/\/www.mpppst.gob.ve\/mpppstweb\/index.php\/2017\/05\/17\/marcha-de-trabajadores-de-la-salud-llega-a-miraflores-en-respaldo-a-la-constituyente\/#breadcrumb\",\"itemListElement\":[{\"@type\":\"ListItem\",\"position\":1,\"name\":\"Home\",\"item\":\"https:\/\/www.mpppst.gob.ve\/mpppstweb\/\"},{\"@type\":\"ListItem\",\"position\":2,\"name\":\"Marcha de trabajadores de la salud llega a Miraflores en respaldo a la Constituyente\"}]},{\"@type\":\"WebSite\",\"@id\":\"https:\/\/www.mpppst.gob.ve\/mpppstweb\/#website\",\"url\":\"https:\/\/www.mpppst.gob.ve\/mpppstweb\/\",\"name\":\"MPPPST\",\"description\":\"Ministerio del Poder Popular para el Proceso Social de Trabajo\",\"publisher\":{\"@id\":\"https:\/\/www.mpppst.gob.ve\/mpppstweb\/#organization\"},\"potentialAction\":[{\"@type\":\"SearchAction\",\"target\":{\"@type\":\"EntryPoint\",\"urlTemplate\":\"https:\/\/www.mpppst.gob.ve\/mpppstweb\/?s={search_term_string}\"},\"query-input\":\"required name=search_term_string\"}],\"inLanguage\":\"es\"},{\"@type\":\"Organization\",\"@id\":\"https:\/\/www.mpppst.gob.ve\/mpppstweb\/#organization\",\"name\":\"mpppst\",\"url\":\"https:\/\/www.mpppst.gob.ve\/mpppstweb\/\",\"logo\":{\"@type\":\"ImageObject\",\"inLanguage\":\"es\",\"@id\":\"https:\/\/www.mpppst.gob.ve\/mpppstweb\/#\/schema\/logo\/image\/\",\"url\":\"https:\/\/www.mpppst.gob.ve\/mpppstweb\/wp-content\/uploads\/2025\/07\/cropped-cropped-g910.png\",\"contentUrl\":\"https:\/\/www.mpppst.gob.ve\/mpppstweb\/wp-content\/uploads\/2025\/07\/cropped-cropped-g910.png\",\"width\":1080,\"height\":241,\"caption\":\"mpppst\"},\"image\":{\"@id\":\"https:\/\/www.mpppst.gob.ve\/mpppstweb\/#\/schema\/logo\/image\/\"}},{\"@type\":\"Person\",\"@id\":\"https:\/\/www.mpppst.gob.ve\/mpppstweb\/#\/schema\/person\/fc187ee8ead412bd4c9304b62f900ea4\",\"name\":\"MPPPST Prensa\",\"url\":\"https:\/\/www.mpppst.gob.ve\/mpppstweb\/index.php\/author\/prensa-mpppst\/\"}]}<\/script>\n<!-- \/ Yoast SEO plugin. -->","yoast_head_json":{"title":"Marcha de trabajadores de la salud llega a Miraflores en respaldo a la Constituyente - MPPPST","robots":{"index":"index","follow":"follow","max-snippet":"max-snippet:-1","max-image-preview":"max-image-preview:large","max-video-preview":"max-video-preview:-1"},"canonical":"https:\/\/www.mpppst.gob.ve\/mpppstweb\/index.php\/2017\/05\/17\/marcha-de-trabajadores-de-la-salud-llega-a-miraflores-en-respaldo-a-la-constituyente\/","og_locale":"es_ES","og_type":"article","og_title":"Marcha de trabajadores de la salud llega a Miraflores en respaldo a la Constituyente - MPPPST","og_description":"AVN.- En defensa de la naci\u00f3n y en apoyo a la Asamblea Nacional Constituyente, trabajadores de &hellip; Marcha de trabajadores de la salud llega a Miraflores en respaldo a la ConstituyenteRead more","og_url":"https:\/\/www.mpppst.gob.ve\/mpppstweb\/index.php\/2017\/05\/17\/marcha-de-trabajadores-de-la-salud-llega-a-miraflores-en-respaldo-a-la-constituyente\/","og_site_name":"MPPPST","article_published_time":"2017-05-17T18:38:55+00:00","og_image":[{"width":800,"height":445,"url":"https:\/\/www.mpppst.gob.ve\/mpppstweb\/wp-content\/uploads\/2017\/05\/Marcha.jpg","type":"image\/jpeg"}],"author":"MPPPST Prensa","twitter_card":"summary_large_image","twitter_misc":{"Escrito por":"MPPPST Prensa","Tiempo de lectura":"3 minutos"},"schema":{"@context":"https:\/\/schema.org","@graph":[{"@type":"Article","@id":"https:\/\/www.mpppst.gob.ve\/mpppstweb\/index.php\/2017\/05\/17\/marcha-de-trabajadores-de-la-salud-llega-a-miraflores-en-respaldo-a-la-constituyente\/#article","isPartOf":{"@id":"https:\/\/www.mpppst.gob.ve\/mpppstweb\/index.php\/2017\/05\/17\/marcha-de-trabajadores-de-la-salud-llega-a-miraflores-en-respaldo-a-la-constituyente\/"},"author":{"name":"MPPPST Prensa","@id":"https:\/\/www.mpppst.gob.ve\/mpppstweb\/#\/schema\/person\/fc187ee8ead412bd4c9304b62f900ea4"},"headline":"Marcha de trabajadores de la salud llega a Miraflores en respaldo a la Constituyente","datePublished":"2017-05-17T18:38:55+00:00","dateModified":"2017-05-17T18:38:55+00:00","mainEntityOfPage":{"@id":"https:\/\/www.mpppst.gob.ve\/mpppstweb\/index.php\/2017\/05\/17\/marcha-de-trabajadores-de-la-salud-llega-a-miraflores-en-respaldo-a-la-constituyente\/"},"wordCount":593,"publisher":{"@id":"https:\/\/www.mpppst.gob.ve\/mpppstweb\/#organization"},"image":{"@id":"https:\/\/www.mpppst.gob.ve\/mpppstweb\/index.php\/2017\/05\/17\/marcha-de-trabajadores-de-la-salud-llega-a-miraflores-en-respaldo-a-la-constituyente\/#primaryimage"},"thumbnailUrl":"https:\/\/www.mpppst.gob.ve\/mpppstweb\/wp-content\/uploads\/2017\/05\/Marcha.jpg","keywords":["Gobierno Bolivariano"],"articleSection":["Gobierno Nacional","Noticias"],"inLanguage":"es"},{"@type":"WebPage","@id":"https:\/\/www.mpppst.gob.ve\/mpppstweb\/index.php\/2017\/05\/17\/marcha-de-trabajadores-de-la-salud-llega-a-miraflores-en-respaldo-a-la-constituyente\/","url":"https:\/\/www.mpppst.gob.ve\/mpppstweb\/index.php\/2017\/05\/17\/marcha-de-trabajadores-de-la-salud-llega-a-miraflores-en-respaldo-a-la-constituyente\/","name":"Marcha de trabajadores de la salud llega a Miraflores en respaldo a la Constituyente - MPPPST","isPartOf":{"@id":"https:\/\/www.mpppst.gob.ve\/mpppstweb\/#website"},"primaryImageOfPage":{"@id":"https:\/\/www.mpppst.gob.ve\/mpppstweb\/index.php\/2017\/05\/17\/marcha-de-trabajadores-de-la-salud-llega-a-miraflores-en-respaldo-a-la-constituyente\/#primaryimage"},"image":{"@id":"https:\/\/www.mpppst.gob.ve\/mpppstweb\/index.php\/2017\/05\/17\/marcha-de-trabajadores-de-la-salud-llega-a-miraflores-en-respaldo-a-la-constituyente\/#primaryimage"},"thumbnailUrl":"https:\/\/www.mpppst.gob.ve\/mpppstweb\/wp-content\/uploads\/2017\/05\/Marcha.jpg","datePublished":"2017-05-17T18:38:55+00:00","dateModified":"2017-05-17T18:38:55+00:00","breadcrumb":{"@id":"https:\/\/www.mpppst.gob.ve\/mpppstweb\/index.php\/2017\/05\/17\/marcha-de-trabajadores-de-la-salud-llega-a-miraflores-en-respaldo-a-la-constituyente\/#breadcrumb"},"inLanguage":"es","potentialAction":[{"@type":"ReadAction","target":["https:\/\/www.mpppst.gob.ve\/mpppstweb\/index.php\/2017\/05\/17\/marcha-de-trabajadores-de-la-salud-llega-a-miraflores-en-respaldo-a-la-constituyente\/"]}]},{"@type":"ImageObject","inLanguage":"es","@id":"https:\/\/www.mpppst.gob.ve\/mpppstweb\/index.php\/2017\/05\/17\/marcha-de-trabajadores-de-la-salud-llega-a-miraflores-en-respaldo-a-la-constituyente\/#primaryimage","url":"https:\/\/www.mpppst.gob.ve\/mpppstweb\/wp-content\/uploads\/2017\/05\/Marcha.jpg","contentUrl":"https:\/\/www.mpppst.gob.ve\/mpppstweb\/wp-content\/uploads\/2017\/05\/Marcha.jpg","width":800,"height":445},{"@type":"BreadcrumbList","@id":"https:\/\/www.mpppst.gob.ve\/mpppstweb\/index.php\/2017\/05\/17\/marcha-de-trabajadores-de-la-salud-llega-a-miraflores-en-respaldo-a-la-constituyente\/#breadcrumb","itemListElement":[{"@type":"ListItem","position":1,"name":"Home","item":"https:\/\/www.mpppst.gob.ve\/mpppstweb\/"},{"@type":"ListItem","position":2,"name":"Marcha de trabajadores de la salud llega a Miraflores en respaldo a la Constituyente"}]},{"@type":"WebSite","@id":"https:\/\/www.mpppst.gob.ve\/mpppstweb\/#website","url":"https:\/\/www.mpppst.gob.ve\/mpppstweb\/","name":"MPPPST","description":"Ministerio del Poder Popular para el Proceso Social de Trabajo","publisher":{"@id":"https:\/\/www.mpppst.gob.ve\/mpppstweb\/#organization"},"potentialAction":[{"@type":"SearchAction","target":{"@type":"EntryPoint","urlTemplate":"https:\/\/www.mpppst.gob.ve\/mpppstweb\/?s={search_term_string}"},"query-input":"required name=search_term_string"}],"inLanguage":"es"},{"@type":"Organization","@id":"https:\/\/www.mpppst.gob.ve\/mpppstweb\/#organization","name":"mpppst","url":"https:\/\/www.mpppst.gob.ve\/mpppstweb\/","logo":{"@type":"ImageObject","inLanguage":"es","@id":"https:\/\/www.mpppst.gob.ve\/mpppstweb\/#\/schema\/logo\/image\/","url":"https:\/\/www.mpppst.gob.ve\/mpppstweb\/wp-content\/uploads\/2025\/07\/cropped-cropped-g910.png","contentUrl":"https:\/\/www.mpppst.gob.ve\/mpppstweb\/wp-content\/uploads\/2025\/07\/cropped-cropped-g910.png","width":1080,"height":241,"caption":"mpppst"},"image":{"@id":"https:\/\/www.mpppst.gob.ve\/mpppstweb\/#\/schema\/logo\/image\/"}},{"@type":"Person","@id":"https:\/\/www.mpppst.gob.ve\/mpppstweb\/#\/schema\/person\/fc187ee8ead412bd4c9304b62f900ea4","name":"MPPPST Prensa","url":"https:\/\/www.mpppst.gob.ve\/mpppstweb\/index.php\/author\/prensa-mpppst\/"}]}},"_links":{"self":[{"href":"https:\/\/www.mpppst.gob.ve\/mpppstweb\/index.php\/wp-json\/wp\/v2\/posts\/11516"}],"collection":[{"href":"https:\/\/www.mpppst.gob.ve\/mpppstweb\/index.php\/wp-json\/wp\/v2\/posts"}],"about":[{"href":"https:\/\/www.mpppst.gob.ve\/mpppstweb\/index.php\/wp-json\/wp\/v2\/types\/post"}],"author":[{"embeddable":true,"href":"https:\/\/www.mpppst.gob.ve\/mpppstweb\/index.php\/wp-json\/wp\/v2\/users\/25"}],"replies":[{"embeddable":true,"href":"https:\/\/www.mpppst.gob.ve\/mpppstweb\/index.php\/wp-json\/wp\/v2\/comments?post=11516"}],"version-history":[{"count":1,"href":"https:\/\/www.mpppst.gob.ve\/mpppstweb\/index.php\/wp-json\/wp\/v2\/posts\/11516\/revisions"}],"predecessor-version":[{"id":11518,"href":"https:\/\/www.mpppst.gob.ve\/mpppstweb\/index.php\/wp-json\/wp\/v2\/posts\/11516\/revisions\/11518"}],"wp:featuredmedia":[{"embeddable":true,"href":"https:\/\/www.mpppst.gob.ve\/mpppstweb\/index.php\/wp-json\/wp\/v2\/media\/11517"}],"wp:attachment":[{"href":"https:\/\/www.mpppst.gob.ve\/mpppstweb\/index.php\/wp-json\/wp\/v2\/media?parent=11516"}],"wp:term":[{"taxonomy":"category","embeddable":true,"href":"https:\/\/www.mpppst.gob.ve\/mpppstweb\/index.php\/wp-json\/wp\/v2\/categories?post=11516"},{"taxonomy":"post_tag","embeddable":true,"href":"https:\/\/www.mpppst.gob.ve\/mpppstweb\/index.php\/wp-json\/wp\/v2\/tags?post=11516"}],"curies":[{"name":"wp","href":"https:\/\/api.w.org\/{rel}","templated":true}]}}