{"id":11522,"date":"2017-05-17T15:38:07","date_gmt":"2017-05-17T19:38:07","guid":{"rendered":"http:\/\/www.mpppst.gob.ve\/mpppstweb\/?p=11522"},"modified":"2017-05-17T15:38:07","modified_gmt":"2017-05-17T19:38:07","slug":"juramentado-comando-constituyente-del-mpppst-y-sus-entes-adscritos","status":"publish","type":"post","link":"https:\/\/www.mpppst.gob.ve\/mpppstweb\/index.php\/2017\/05\/17\/juramentado-comando-constituyente-del-mpppst-y-sus-entes-adscritos\/","title":{"rendered":"Juramentado Comando Constituyente del MPPPST y sus Entes Adscritos"},"content":{"rendered":"<p>Prensa (MPPPST). El\u00a0 17 de mayo fue juramentado el Comando Constituyente de los trabajadores del Sector P\u00fablico, Ministerio del Poder Popular para el Proceso Social de Trabajo (MPPPST) y sus Entes Adscritos, para debatir propuestas importantes sobre la Asamblea Nacional Constituyente.<\/p>\n<p>El acto estuvo presidido por el Ministro del Poder Popular para el Proceso Social de Trabajo, Francisco Torrealba, quien destac\u00f3 que la Clase Obrera venezolana participar\u00e1 de manera masiva en el proceso Constituyente para decirle \u201cs\u00ed\u201d a la paz y no a las balas.<\/p>\n<p>Torrealba sostuvo que en los \u00faltimos a\u00f1os no ha habido mayor demostraci\u00f3n de talante democr\u00e1tico que la que ha dado el Presidente Obrero Nicol\u00e1s Maduro al convocar a la Asamblea Nacional Constituyente<\/p>\n<p>El Ministro destac\u00f3 que la derecha nacional demuestra con sus acciones violentas que la \u00fanica v\u00eda para sacar al presidente Maduro del poder es generando caos y violencia en nuestro pa\u00eds. Subray\u00f3 adem\u00e1s que en nuestro pa\u00eds existe un pueblo consciente que no permitir\u00e1 que el terrorismo se adue\u00f1e del pa\u00eds.<\/p>\n<p>El Ministro sentenci\u00f3 que la Revoluci\u00f3n Bolivariana no permitir\u00e1 que se den la condiciones de una intervenci\u00f3n militar en Venezuela, objetivo apetecido por la derecha nacional. Por eso puntualiz\u00f3: m\u00e1s que nunca el pueblo venezolano debe estar unido ante estas arremetidas constantes.<\/p>\n<p>La m\u00e1xima autoridad del trabajo coloc\u00f3 como ejemplo lo que sucede en Argentina, Brasil y M\u00e9xico pa\u00edses donde gobierna la derecha, donde han tenido como pol\u00edtica despedir masivamente a los trabajadores, poner en pr\u00e1ctica una represi\u00f3n constante contra los periodistas y donde hay protestas constantes del pueblo por redimir sus derechos.<\/p>\n<p><strong>Carnet de la patria para la Clase Obrera<\/strong><\/p>\n<p>Torrealba destac\u00f3 que ning\u00fan trabajador se puede\u00a0 quedar sin su carnet de la Patria. Para tal fin exhort\u00f3 a todos los centros de trabajo o f\u00e1bricas con el fin de coordinar cooperativos en los que los que la clase obrera pueda sacarse este instrumento creado por el Presidente Obrero Nicol\u00e1s Maduro.<\/p>\n<p>&nbsp;<\/p>\n<p>Por Carlos Palacios<\/p>\n","protected":false},"excerpt":{"rendered":"<p>Prensa (MPPPST). El\u00a0 17 de mayo fue juramentado el Comando Constituyente de los trabajadores del Sector &hellip; <a title=\"Juramentado Comando Constituyente del MPPPST y sus Entes Adscritos\" class=\"hm-read-more\" href=\"https:\/\/www.mpppst.gob.ve\/mpppstweb\/index.php\/2017\/05\/17\/juramentado-comando-constituyente-del-mpppst-y-sus-entes-adscritos\/\"><span class=\"screen-reader-text\">Juramentado Comando Constituyente del MPPPST y sus Entes Adscritos<\/span>Read more<\/a><\/p>\n","protected":false},"author":25,"featured_media":11523,"comment_status":"closed","ping_status":"closed","sticky":false,"template":"","format":"standard","meta":{"footnotes":""},"categories":[83,163,84],"tags":[384,223],"yoast_head":"<!-- This site is optimized with the Yoast SEO plugin v22.5 - https:\/\/yoast.com\/wordpress\/plugins\/seo\/ -->\n<title>Juramentado Comando Constituyente del MPPPST y sus Entes Adscritos - MPPPST<\/title>\n<meta name=\"robots\" content=\"index, follow, max-snippet:-1, max-image-preview:large, max-video-preview:-1\" \/>\n<link rel=\"canonical\" href=\"https:\/\/www.mpppst.gob.ve\/mpppstweb\/index.php\/2017\/05\/17\/juramentado-comando-constituyente-del-mpppst-y-sus-entes-adscritos\/\" \/>\n<meta property=\"og:locale\" content=\"es_ES\" \/>\n<meta property=\"og:type\" content=\"article\" \/>\n<meta property=\"og:title\" content=\"Juramentado Comando Constituyente del MPPPST y sus Entes Adscritos - MPPPST\" \/>\n<meta property=\"og:description\" content=\"Prensa (MPPPST). El\u00a0 17 de mayo fue juramentado el Comando Constituyente de los trabajadores del Sector &hellip; Juramentado Comando Constituyente del MPPPST y sus Entes AdscritosRead more\" \/>\n<meta property=\"og:url\" content=\"https:\/\/www.mpppst.gob.ve\/mpppstweb\/index.php\/2017\/05\/17\/juramentado-comando-constituyente-del-mpppst-y-sus-entes-adscritos\/\" \/>\n<meta property=\"og:site_name\" content=\"MPPPST\" \/>\n<meta property=\"article:published_time\" content=\"2017-05-17T19:38:07+00:00\" \/>\n<meta property=\"og:image\" content=\"https:\/\/www.mpppst.gob.ve\/mpppstweb\/wp-content\/uploads\/2017\/05\/IMG_6415.jpg\" \/>\n\t<meta property=\"og:image:width\" content=\"800\" \/>\n\t<meta property=\"og:image:height\" content=\"445\" \/>\n\t<meta property=\"og:image:type\" content=\"image\/jpeg\" \/>\n<meta name=\"author\" content=\"MPPPST Prensa\" \/>\n<meta name=\"twitter:card\" content=\"summary_large_image\" \/>\n<meta name=\"twitter:label1\" content=\"Escrito por\" \/>\n\t<meta name=\"twitter:data1\" content=\"MPPPST Prensa\" \/>\n\t<meta name=\"twitter:label2\" content=\"Tiempo de lectura\" \/>\n\t<meta name=\"twitter:data2\" content=\"2 minutos\" \/>\n<script type=\"application\/ld+json\" class=\"yoast-schema-graph\">{\"@context\":\"https:\/\/schema.org\",\"@graph\":[{\"@type\":\"Article\",\"@id\":\"https:\/\/www.mpppst.gob.ve\/mpppstweb\/index.php\/2017\/05\/17\/juramentado-comando-constituyente-del-mpppst-y-sus-entes-adscritos\/#article\",\"isPartOf\":{\"@id\":\"https:\/\/www.mpppst.gob.ve\/mpppstweb\/index.php\/2017\/05\/17\/juramentado-comando-constituyente-del-mpppst-y-sus-entes-adscritos\/\"},\"author\":{\"name\":\"MPPPST Prensa\",\"@id\":\"https:\/\/www.mpppst.gob.ve\/mpppstweb\/#\/schema\/person\/fc187ee8ead412bd4c9304b62f900ea4\"},\"headline\":\"Juramentado Comando Constituyente del MPPPST y sus Entes Adscritos\",\"datePublished\":\"2017-05-17T19:38:07+00:00\",\"dateModified\":\"2017-05-17T19:38:07+00:00\",\"mainEntityOfPage\":{\"@id\":\"https:\/\/www.mpppst.gob.ve\/mpppstweb\/index.php\/2017\/05\/17\/juramentado-comando-constituyente-del-mpppst-y-sus-entes-adscritos\/\"},\"wordCount\":355,\"publisher\":{\"@id\":\"https:\/\/www.mpppst.gob.ve\/mpppstweb\/#organization\"},\"image\":{\"@id\":\"https:\/\/www.mpppst.gob.ve\/mpppstweb\/index.php\/2017\/05\/17\/juramentado-comando-constituyente-del-mpppst-y-sus-entes-adscritos\/#primaryimage\"},\"thumbnailUrl\":\"https:\/\/www.mpppst.gob.ve\/mpppstweb\/wp-content\/uploads\/2017\/05\/IMG_6415.jpg\",\"keywords\":[\"Constituyente\",\"MPPPST\"],\"articleSection\":[\"Ministerio\",\"Noticias\",\"Vida Laboral y Sindical\"],\"inLanguage\":\"es\"},{\"@type\":\"WebPage\",\"@id\":\"https:\/\/www.mpppst.gob.ve\/mpppstweb\/index.php\/2017\/05\/17\/juramentado-comando-constituyente-del-mpppst-y-sus-entes-adscritos\/\",\"url\":\"https:\/\/www.mpppst.gob.ve\/mpppstweb\/index.php\/2017\/05\/17\/juramentado-comando-constituyente-del-mpppst-y-sus-entes-adscritos\/\",\"name\":\"Juramentado Comando Constituyente del MPPPST y sus Entes Adscritos - MPPPST\",\"isPartOf\":{\"@id\":\"https:\/\/www.mpppst.gob.ve\/mpppstweb\/#website\"},\"primaryImageOfPage\":{\"@id\":\"https:\/\/www.mpppst.gob.ve\/mpppstweb\/index.php\/2017\/05\/17\/juramentado-comando-constituyente-del-mpppst-y-sus-entes-adscritos\/#primaryimage\"},\"image\":{\"@id\":\"https:\/\/www.mpppst.gob.ve\/mpppstweb\/index.php\/2017\/05\/17\/juramentado-comando-constituyente-del-mpppst-y-sus-entes-adscritos\/#primaryimage\"},\"thumbnailUrl\":\"https:\/\/www.mpppst.gob.ve\/mpppstweb\/wp-content\/uploads\/2017\/05\/IMG_6415.jpg\",\"datePublished\":\"2017-05-17T19:38:07+00:00\",\"dateModified\":\"2017-05-17T19:38:07+00:00\",\"breadcrumb\":{\"@id\":\"https:\/\/www.mpppst.gob.ve\/mpppstweb\/index.php\/2017\/05\/17\/juramentado-comando-constituyente-del-mpppst-y-sus-entes-adscritos\/#breadcrumb\"},\"inLanguage\":\"es\",\"potentialAction\":[{\"@type\":\"ReadAction\",\"target\":[\"https:\/\/www.mpppst.gob.ve\/mpppstweb\/index.php\/2017\/05\/17\/juramentado-comando-constituyente-del-mpppst-y-sus-entes-adscritos\/\"]}]},{\"@type\":\"ImageObject\",\"inLanguage\":\"es\",\"@id\":\"https:\/\/www.mpppst.gob.ve\/mpppstweb\/index.php\/2017\/05\/17\/juramentado-comando-constituyente-del-mpppst-y-sus-entes-adscritos\/#primaryimage\",\"url\":\"https:\/\/www.mpppst.gob.ve\/mpppstweb\/wp-content\/uploads\/2017\/05\/IMG_6415.jpg\",\"contentUrl\":\"https:\/\/www.mpppst.gob.ve\/mpppstweb\/wp-content\/uploads\/2017\/05\/IMG_6415.jpg\",\"width\":800,\"height\":445},{\"@type\":\"BreadcrumbList\",\"@id\":\"https:\/\/www.mpppst.gob.ve\/mpppstweb\/index.php\/2017\/05\/17\/juramentado-comando-constituyente-del-mpppst-y-sus-entes-adscritos\/#breadcrumb\",\"itemListElement\":[{\"@type\":\"ListItem\",\"position\":1,\"name\":\"Home\",\"item\":\"https:\/\/www.mpppst.gob.ve\/mpppstweb\/\"},{\"@type\":\"ListItem\",\"position\":2,\"name\":\"Juramentado Comando Constituyente del MPPPST y sus Entes Adscritos\"}]},{\"@type\":\"WebSite\",\"@id\":\"https:\/\/www.mpppst.gob.ve\/mpppstweb\/#website\",\"url\":\"https:\/\/www.mpppst.gob.ve\/mpppstweb\/\",\"name\":\"MPPPST\",\"description\":\"Ministerio del Poder Popular para el Proceso Social de Trabajo\",\"publisher\":{\"@id\":\"https:\/\/www.mpppst.gob.ve\/mpppstweb\/#organization\"},\"potentialAction\":[{\"@type\":\"SearchAction\",\"target\":{\"@type\":\"EntryPoint\",\"urlTemplate\":\"https:\/\/www.mpppst.gob.ve\/mpppstweb\/?s={search_term_string}\"},\"query-input\":\"required name=search_term_string\"}],\"inLanguage\":\"es\"},{\"@type\":\"Organization\",\"@id\":\"https:\/\/www.mpppst.gob.ve\/mpppstweb\/#organization\",\"name\":\"mpppst\",\"url\":\"https:\/\/www.mpppst.gob.ve\/mpppstweb\/\",\"logo\":{\"@type\":\"ImageObject\",\"inLanguage\":\"es\",\"@id\":\"https:\/\/www.mpppst.gob.ve\/mpppstweb\/#\/schema\/logo\/image\/\",\"url\":\"https:\/\/www.mpppst.gob.ve\/mpppstweb\/wp-content\/uploads\/2025\/07\/cropped-cropped-g910.png\",\"contentUrl\":\"https:\/\/www.mpppst.gob.ve\/mpppstweb\/wp-content\/uploads\/2025\/07\/cropped-cropped-g910.png\",\"width\":1080,\"height\":241,\"caption\":\"mpppst\"},\"image\":{\"@id\":\"https:\/\/www.mpppst.gob.ve\/mpppstweb\/#\/schema\/logo\/image\/\"}},{\"@type\":\"Person\",\"@id\":\"https:\/\/www.mpppst.gob.ve\/mpppstweb\/#\/schema\/person\/fc187ee8ead412bd4c9304b62f900ea4\",\"name\":\"MPPPST Prensa\",\"url\":\"https:\/\/www.mpppst.gob.ve\/mpppstweb\/index.php\/author\/prensa-mpppst\/\"}]}<\/script>\n<!-- \/ Yoast SEO plugin. -->","yoast_head_json":{"title":"Juramentado Comando Constituyente del MPPPST y sus Entes Adscritos - MPPPST","robots":{"index":"index","follow":"follow","max-snippet":"max-snippet:-1","max-image-preview":"max-image-preview:large","max-video-preview":"max-video-preview:-1"},"canonical":"https:\/\/www.mpppst.gob.ve\/mpppstweb\/index.php\/2017\/05\/17\/juramentado-comando-constituyente-del-mpppst-y-sus-entes-adscritos\/","og_locale":"es_ES","og_type":"article","og_title":"Juramentado Comando Constituyente del MPPPST y sus Entes Adscritos - MPPPST","og_description":"Prensa (MPPPST). El\u00a0 17 de mayo fue juramentado el Comando Constituyente de los trabajadores del Sector &hellip; Juramentado Comando Constituyente del MPPPST y sus Entes AdscritosRead more","og_url":"https:\/\/www.mpppst.gob.ve\/mpppstweb\/index.php\/2017\/05\/17\/juramentado-comando-constituyente-del-mpppst-y-sus-entes-adscritos\/","og_site_name":"MPPPST","article_published_time":"2017-05-17T19:38:07+00:00","og_image":[{"width":800,"height":445,"url":"https:\/\/www.mpppst.gob.ve\/mpppstweb\/wp-content\/uploads\/2017\/05\/IMG_6415.jpg","type":"image\/jpeg"}],"author":"MPPPST Prensa","twitter_card":"summary_large_image","twitter_misc":{"Escrito por":"MPPPST Prensa","Tiempo de lectura":"2 minutos"},"schema":{"@context":"https:\/\/schema.org","@graph":[{"@type":"Article","@id":"https:\/\/www.mpppst.gob.ve\/mpppstweb\/index.php\/2017\/05\/17\/juramentado-comando-constituyente-del-mpppst-y-sus-entes-adscritos\/#article","isPartOf":{"@id":"https:\/\/www.mpppst.gob.ve\/mpppstweb\/index.php\/2017\/05\/17\/juramentado-comando-constituyente-del-mpppst-y-sus-entes-adscritos\/"},"author":{"name":"MPPPST Prensa","@id":"https:\/\/www.mpppst.gob.ve\/mpppstweb\/#\/schema\/person\/fc187ee8ead412bd4c9304b62f900ea4"},"headline":"Juramentado Comando Constituyente del MPPPST y sus Entes Adscritos","datePublished":"2017-05-17T19:38:07+00:00","dateModified":"2017-05-17T19:38:07+00:00","mainEntityOfPage":{"@id":"https:\/\/www.mpppst.gob.ve\/mpppstweb\/index.php\/2017\/05\/17\/juramentado-comando-constituyente-del-mpppst-y-sus-entes-adscritos\/"},"wordCount":355,"publisher":{"@id":"https:\/\/www.mpppst.gob.ve\/mpppstweb\/#organization"},"image":{"@id":"https:\/\/www.mpppst.gob.ve\/mpppstweb\/index.php\/2017\/05\/17\/juramentado-comando-constituyente-del-mpppst-y-sus-entes-adscritos\/#primaryimage"},"thumbnailUrl":"https:\/\/www.mpppst.gob.ve\/mpppstweb\/wp-content\/uploads\/2017\/05\/IMG_6415.jpg","keywords":["Constituyente","MPPPST"],"articleSection":["Ministerio","Noticias","Vida Laboral y Sindical"],"inLanguage":"es"},{"@type":"WebPage","@id":"https:\/\/www.mpppst.gob.ve\/mpppstweb\/index.php\/2017\/05\/17\/juramentado-comando-constituyente-del-mpppst-y-sus-entes-adscritos\/","url":"https:\/\/www.mpppst.gob.ve\/mpppstweb\/index.php\/2017\/05\/17\/juramentado-comando-constituyente-del-mpppst-y-sus-entes-adscritos\/","name":"Juramentado Comando Constituyente del MPPPST y sus Entes Adscritos - MPPPST","isPartOf":{"@id":"https:\/\/www.mpppst.gob.ve\/mpppstweb\/#website"},"primaryImageOfPage":{"@id":"https:\/\/www.mpppst.gob.ve\/mpppstweb\/index.php\/2017\/05\/17\/juramentado-comando-constituyente-del-mpppst-y-sus-entes-adscritos\/#primaryimage"},"image":{"@id":"https:\/\/www.mpppst.gob.ve\/mpppstweb\/index.php\/2017\/05\/17\/juramentado-comando-constituyente-del-mpppst-y-sus-entes-adscritos\/#primaryimage"},"thumbnailUrl":"https:\/\/www.mpppst.gob.ve\/mpppstweb\/wp-content\/uploads\/2017\/05\/IMG_6415.jpg","datePublished":"2017-05-17T19:38:07+00:00","dateModified":"2017-05-17T19:38:07+00:00","breadcrumb":{"@id":"https:\/\/www.mpppst.gob.ve\/mpppstweb\/index.php\/2017\/05\/17\/juramentado-comando-constituyente-del-mpppst-y-sus-entes-adscritos\/#breadcrumb"},"inLanguage":"es","potentialAction":[{"@type":"ReadAction","target":["https:\/\/www.mpppst.gob.ve\/mpppstweb\/index.php\/2017\/05\/17\/juramentado-comando-constituyente-del-mpppst-y-sus-entes-adscritos\/"]}]},{"@type":"ImageObject","inLanguage":"es","@id":"https:\/\/www.mpppst.gob.ve\/mpppstweb\/index.php\/2017\/05\/17\/juramentado-comando-constituyente-del-mpppst-y-sus-entes-adscritos\/#primaryimage","url":"https:\/\/www.mpppst.gob.ve\/mpppstweb\/wp-content\/uploads\/2017\/05\/IMG_6415.jpg","contentUrl":"https:\/\/www.mpppst.gob.ve\/mpppstweb\/wp-content\/uploads\/2017\/05\/IMG_6415.jpg","width":800,"height":445},{"@type":"BreadcrumbList","@id":"https:\/\/www.mpppst.gob.ve\/mpppstweb\/index.php\/2017\/05\/17\/juramentado-comando-constituyente-del-mpppst-y-sus-entes-adscritos\/#breadcrumb","itemListElement":[{"@type":"ListItem","position":1,"name":"Home","item":"https:\/\/www.mpppst.gob.ve\/mpppstweb\/"},{"@type":"ListItem","position":2,"name":"Juramentado Comando Constituyente del MPPPST y sus Entes Adscritos"}]},{"@type":"WebSite","@id":"https:\/\/www.mpppst.gob.ve\/mpppstweb\/#website","url":"https:\/\/www.mpppst.gob.ve\/mpppstweb\/","name":"MPPPST","description":"Ministerio del Poder Popular para el Proceso Social de Trabajo","publisher":{"@id":"https:\/\/www.mpppst.gob.ve\/mpppstweb\/#organization"},"potentialAction":[{"@type":"SearchAction","target":{"@type":"EntryPoint","urlTemplate":"https:\/\/www.mpppst.gob.ve\/mpppstweb\/?s={search_term_string}"},"query-input":"required name=search_term_string"}],"inLanguage":"es"},{"@type":"Organization","@id":"https:\/\/www.mpppst.gob.ve\/mpppstweb\/#organization","name":"mpppst","url":"https:\/\/www.mpppst.gob.ve\/mpppstweb\/","logo":{"@type":"ImageObject","inLanguage":"es","@id":"https:\/\/www.mpppst.gob.ve\/mpppstweb\/#\/schema\/logo\/image\/","url":"https:\/\/www.mpppst.gob.ve\/mpppstweb\/wp-content\/uploads\/2025\/07\/cropped-cropped-g910.png","contentUrl":"https:\/\/www.mpppst.gob.ve\/mpppstweb\/wp-content\/uploads\/2025\/07\/cropped-cropped-g910.png","width":1080,"height":241,"caption":"mpppst"},"image":{"@id":"https:\/\/www.mpppst.gob.ve\/mpppstweb\/#\/schema\/logo\/image\/"}},{"@type":"Person","@id":"https:\/\/www.mpppst.gob.ve\/mpppstweb\/#\/schema\/person\/fc187ee8ead412bd4c9304b62f900ea4","name":"MPPPST Prensa","url":"https:\/\/www.mpppst.gob.ve\/mpppstweb\/index.php\/author\/prensa-mpppst\/"}]}},"_links":{"self":[{"href":"https:\/\/www.mpppst.gob.ve\/mpppstweb\/index.php\/wp-json\/wp\/v2\/posts\/11522"}],"collection":[{"href":"https:\/\/www.mpppst.gob.ve\/mpppstweb\/index.php\/wp-json\/wp\/v2\/posts"}],"about":[{"href":"https:\/\/www.mpppst.gob.ve\/mpppstweb\/index.php\/wp-json\/wp\/v2\/types\/post"}],"author":[{"embeddable":true,"href":"https:\/\/www.mpppst.gob.ve\/mpppstweb\/index.php\/wp-json\/wp\/v2\/users\/25"}],"replies":[{"embeddable":true,"href":"https:\/\/www.mpppst.gob.ve\/mpppstweb\/index.php\/wp-json\/wp\/v2\/comments?post=11522"}],"version-history":[{"count":1,"href":"https:\/\/www.mpppst.gob.ve\/mpppstweb\/index.php\/wp-json\/wp\/v2\/posts\/11522\/revisions"}],"predecessor-version":[{"id":11524,"href":"https:\/\/www.mpppst.gob.ve\/mpppstweb\/index.php\/wp-json\/wp\/v2\/posts\/11522\/revisions\/11524"}],"wp:featuredmedia":[{"embeddable":true,"href":"https:\/\/www.mpppst.gob.ve\/mpppstweb\/index.php\/wp-json\/wp\/v2\/media\/11523"}],"wp:attachment":[{"href":"https:\/\/www.mpppst.gob.ve\/mpppstweb\/index.php\/wp-json\/wp\/v2\/media?parent=11522"}],"wp:term":[{"taxonomy":"category","embeddable":true,"href":"https:\/\/www.mpppst.gob.ve\/mpppstweb\/index.php\/wp-json\/wp\/v2\/categories?post=11522"},{"taxonomy":"post_tag","embeddable":true,"href":"https:\/\/www.mpppst.gob.ve\/mpppstweb\/index.php\/wp-json\/wp\/v2\/tags?post=11522"}],"curies":[{"name":"wp","href":"https:\/\/api.w.org\/{rel}","templated":true}]}}