{"id":11525,"date":"2017-05-18T09:58:51","date_gmt":"2017-05-18T13:58:51","guid":{"rendered":"http:\/\/www.mpppst.gob.ve\/mpppstweb\/?p=11525"},"modified":"2017-05-18T09:58:51","modified_gmt":"2017-05-18T13:58:51","slug":"presidente-maduro-celebra-liberacion-de-oscar-lopez-rivera","status":"publish","type":"post","link":"https:\/\/www.mpppst.gob.ve\/mpppstweb\/index.php\/2017\/05\/18\/presidente-maduro-celebra-liberacion-de-oscar-lopez-rivera\/","title":{"rendered":"Presidente Maduro celebra liberaci\u00f3n de Oscar L\u00f3pez Rivera"},"content":{"rendered":"<p>\u201cOscar L\u00f3pez Rivera felicidades por la Victoria de tu Libertad\u2026Que Viva Puerto Rico Libre\u2026eres H\u00e9roe de la Patria Grande el Pueblo\u2026\u201d, fueron las palabras con las que el jefe de Estado venezolano, Nicol\u00e1s Maduro Moros, se expres\u00f3 mediante la red social de Twitter @NicolasMaduro, para referirse a la liberaci\u00f3n del independentista puertorrique\u00f1o.<\/p>\n<p>Enseguida, el Mandatario nacional escribi\u00f3: \u201cEl Pueblo de Bol\u00edvar y Ch\u00e1vez te abraza con Amor\u2026y en Batalla, por la Uni\u00f3n y la Independencia de Nuestra Am\u00e9rica\u2026Viva Puerto Rico Libre\u201d, y acompa\u00f1\u00f3 su mensaje con una gr\u00e1fica del luchador por la independencia de Puerto Rico.<\/p>\n<p>Este mi\u00e9rcoles, el puertorrique\u00f1o\u00a0Oscar L\u00f3pez Rivera\u00a0fue puesto en libertad, tras permanecer encarcelado durante 36 a\u00f1os en EE.UU.<\/p>\n<p>De esta forma, las autoridades har\u00e1n efectivo el indulto\u00a0concedido\u00a0por\u00a0la administraci\u00f3n (Barack) Obama\u00a0en sus \u00faltimos d\u00edas de mandato.<\/p>\n","protected":false},"excerpt":{"rendered":"<p>\u201cOscar L\u00f3pez Rivera felicidades por la Victoria de tu Libertad\u2026Que Viva Puerto Rico Libre\u2026eres H\u00e9roe de &hellip; <a title=\"Presidente Maduro celebra liberaci\u00f3n de Oscar L\u00f3pez Rivera\" class=\"hm-read-more\" href=\"https:\/\/www.mpppst.gob.ve\/mpppstweb\/index.php\/2017\/05\/18\/presidente-maduro-celebra-liberacion-de-oscar-lopez-rivera\/\"><span class=\"screen-reader-text\">Presidente Maduro celebra liberaci\u00f3n de Oscar L\u00f3pez Rivera<\/span>Read more<\/a><\/p>\n","protected":false},"author":25,"featured_media":11526,"comment_status":"closed","ping_status":"closed","sticky":false,"template":"","format":"standard","meta":{"footnotes":""},"categories":[82,163,213],"tags":[222,285],"yoast_head":"<!-- This site is optimized with the Yoast SEO plugin v22.5 - https:\/\/yoast.com\/wordpress\/plugins\/seo\/ -->\n<title>Presidente Maduro celebra liberaci\u00f3n de Oscar L\u00f3pez Rivera - MPPPST<\/title>\n<meta name=\"robots\" content=\"index, follow, max-snippet:-1, max-image-preview:large, max-video-preview:-1\" \/>\n<link rel=\"canonical\" href=\"https:\/\/www.mpppst.gob.ve\/mpppstweb\/index.php\/2017\/05\/18\/presidente-maduro-celebra-liberacion-de-oscar-lopez-rivera\/\" \/>\n<meta property=\"og:locale\" content=\"es_ES\" \/>\n<meta property=\"og:type\" content=\"article\" \/>\n<meta property=\"og:title\" content=\"Presidente Maduro celebra liberaci\u00f3n de Oscar L\u00f3pez Rivera - MPPPST\" \/>\n<meta property=\"og:description\" content=\"\u201cOscar L\u00f3pez Rivera felicidades por la Victoria de tu Libertad\u2026Que Viva Puerto Rico Libre\u2026eres H\u00e9roe de &hellip; Presidente Maduro celebra liberaci\u00f3n de Oscar L\u00f3pez RiveraRead more\" \/>\n<meta property=\"og:url\" content=\"https:\/\/www.mpppst.gob.ve\/mpppstweb\/index.php\/2017\/05\/18\/presidente-maduro-celebra-liberacion-de-oscar-lopez-rivera\/\" \/>\n<meta property=\"og:site_name\" content=\"MPPPST\" \/>\n<meta property=\"article:published_time\" content=\"2017-05-18T13:58:51+00:00\" \/>\n<meta property=\"og:image\" content=\"https:\/\/www.mpppst.gob.ve\/mpppstweb\/wp-content\/uploads\/2017\/05\/Maduro-9.jpg\" \/>\n\t<meta property=\"og:image:width\" content=\"800\" \/>\n\t<meta property=\"og:image:height\" content=\"445\" \/>\n\t<meta property=\"og:image:type\" content=\"image\/jpeg\" \/>\n<meta name=\"author\" content=\"MPPPST Prensa\" \/>\n<meta name=\"twitter:card\" content=\"summary_large_image\" \/>\n<meta name=\"twitter:label1\" content=\"Escrito por\" \/>\n\t<meta name=\"twitter:data1\" content=\"MPPPST Prensa\" \/>\n\t<meta name=\"twitter:label2\" content=\"Tiempo de lectura\" \/>\n\t<meta name=\"twitter:data2\" content=\"1 minuto\" \/>\n<script type=\"application\/ld+json\" class=\"yoast-schema-graph\">{\"@context\":\"https:\/\/schema.org\",\"@graph\":[{\"@type\":\"Article\",\"@id\":\"https:\/\/www.mpppst.gob.ve\/mpppstweb\/index.php\/2017\/05\/18\/presidente-maduro-celebra-liberacion-de-oscar-lopez-rivera\/#article\",\"isPartOf\":{\"@id\":\"https:\/\/www.mpppst.gob.ve\/mpppstweb\/index.php\/2017\/05\/18\/presidente-maduro-celebra-liberacion-de-oscar-lopez-rivera\/\"},\"author\":{\"name\":\"MPPPST Prensa\",\"@id\":\"https:\/\/www.mpppst.gob.ve\/mpppstweb\/#\/schema\/person\/fc187ee8ead412bd4c9304b62f900ea4\"},\"headline\":\"Presidente Maduro celebra liberaci\u00f3n de Oscar L\u00f3pez Rivera\",\"datePublished\":\"2017-05-18T13:58:51+00:00\",\"dateModified\":\"2017-05-18T13:58:51+00:00\",\"mainEntityOfPage\":{\"@id\":\"https:\/\/www.mpppst.gob.ve\/mpppstweb\/index.php\/2017\/05\/18\/presidente-maduro-celebra-liberacion-de-oscar-lopez-rivera\/\"},\"wordCount\":167,\"publisher\":{\"@id\":\"https:\/\/www.mpppst.gob.ve\/mpppstweb\/#organization\"},\"image\":{\"@id\":\"https:\/\/www.mpppst.gob.ve\/mpppstweb\/index.php\/2017\/05\/18\/presidente-maduro-celebra-liberacion-de-oscar-lopez-rivera\/#primaryimage\"},\"thumbnailUrl\":\"https:\/\/www.mpppst.gob.ve\/mpppstweb\/wp-content\/uploads\/2017\/05\/Maduro-9.jpg\",\"keywords\":[\"Gobierno Bolivariano\",\"Presidente Maduro\"],\"articleSection\":[\"Gobierno Nacional\",\"Noticias\",\"Presidencia de la Rep\u00fablica\"],\"inLanguage\":\"es\"},{\"@type\":\"WebPage\",\"@id\":\"https:\/\/www.mpppst.gob.ve\/mpppstweb\/index.php\/2017\/05\/18\/presidente-maduro-celebra-liberacion-de-oscar-lopez-rivera\/\",\"url\":\"https:\/\/www.mpppst.gob.ve\/mpppstweb\/index.php\/2017\/05\/18\/presidente-maduro-celebra-liberacion-de-oscar-lopez-rivera\/\",\"name\":\"Presidente Maduro celebra liberaci\u00f3n de Oscar L\u00f3pez Rivera - MPPPST\",\"isPartOf\":{\"@id\":\"https:\/\/www.mpppst.gob.ve\/mpppstweb\/#website\"},\"primaryImageOfPage\":{\"@id\":\"https:\/\/www.mpppst.gob.ve\/mpppstweb\/index.php\/2017\/05\/18\/presidente-maduro-celebra-liberacion-de-oscar-lopez-rivera\/#primaryimage\"},\"image\":{\"@id\":\"https:\/\/www.mpppst.gob.ve\/mpppstweb\/index.php\/2017\/05\/18\/presidente-maduro-celebra-liberacion-de-oscar-lopez-rivera\/#primaryimage\"},\"thumbnailUrl\":\"https:\/\/www.mpppst.gob.ve\/mpppstweb\/wp-content\/uploads\/2017\/05\/Maduro-9.jpg\",\"datePublished\":\"2017-05-18T13:58:51+00:00\",\"dateModified\":\"2017-05-18T13:58:51+00:00\",\"breadcrumb\":{\"@id\":\"https:\/\/www.mpppst.gob.ve\/mpppstweb\/index.php\/2017\/05\/18\/presidente-maduro-celebra-liberacion-de-oscar-lopez-rivera\/#breadcrumb\"},\"inLanguage\":\"es\",\"potentialAction\":[{\"@type\":\"ReadAction\",\"target\":[\"https:\/\/www.mpppst.gob.ve\/mpppstweb\/index.php\/2017\/05\/18\/presidente-maduro-celebra-liberacion-de-oscar-lopez-rivera\/\"]}]},{\"@type\":\"ImageObject\",\"inLanguage\":\"es\",\"@id\":\"https:\/\/www.mpppst.gob.ve\/mpppstweb\/index.php\/2017\/05\/18\/presidente-maduro-celebra-liberacion-de-oscar-lopez-rivera\/#primaryimage\",\"url\":\"https:\/\/www.mpppst.gob.ve\/mpppstweb\/wp-content\/uploads\/2017\/05\/Maduro-9.jpg\",\"contentUrl\":\"https:\/\/www.mpppst.gob.ve\/mpppstweb\/wp-content\/uploads\/2017\/05\/Maduro-9.jpg\",\"width\":800,\"height\":445},{\"@type\":\"BreadcrumbList\",\"@id\":\"https:\/\/www.mpppst.gob.ve\/mpppstweb\/index.php\/2017\/05\/18\/presidente-maduro-celebra-liberacion-de-oscar-lopez-rivera\/#breadcrumb\",\"itemListElement\":[{\"@type\":\"ListItem\",\"position\":1,\"name\":\"Home\",\"item\":\"https:\/\/www.mpppst.gob.ve\/mpppstweb\/\"},{\"@type\":\"ListItem\",\"position\":2,\"name\":\"Presidente Maduro celebra liberaci\u00f3n de Oscar L\u00f3pez Rivera\"}]},{\"@type\":\"WebSite\",\"@id\":\"https:\/\/www.mpppst.gob.ve\/mpppstweb\/#website\",\"url\":\"https:\/\/www.mpppst.gob.ve\/mpppstweb\/\",\"name\":\"MPPPST\",\"description\":\"Ministerio del Poder Popular para el Proceso Social de Trabajo\",\"publisher\":{\"@id\":\"https:\/\/www.mpppst.gob.ve\/mpppstweb\/#organization\"},\"potentialAction\":[{\"@type\":\"SearchAction\",\"target\":{\"@type\":\"EntryPoint\",\"urlTemplate\":\"https:\/\/www.mpppst.gob.ve\/mpppstweb\/?s={search_term_string}\"},\"query-input\":\"required name=search_term_string\"}],\"inLanguage\":\"es\"},{\"@type\":\"Organization\",\"@id\":\"https:\/\/www.mpppst.gob.ve\/mpppstweb\/#organization\",\"name\":\"mpppst\",\"url\":\"https:\/\/www.mpppst.gob.ve\/mpppstweb\/\",\"logo\":{\"@type\":\"ImageObject\",\"inLanguage\":\"es\",\"@id\":\"https:\/\/www.mpppst.gob.ve\/mpppstweb\/#\/schema\/logo\/image\/\",\"url\":\"https:\/\/www.mpppst.gob.ve\/mpppstweb\/wp-content\/uploads\/2025\/07\/cropped-cropped-g910.png\",\"contentUrl\":\"https:\/\/www.mpppst.gob.ve\/mpppstweb\/wp-content\/uploads\/2025\/07\/cropped-cropped-g910.png\",\"width\":1080,\"height\":241,\"caption\":\"mpppst\"},\"image\":{\"@id\":\"https:\/\/www.mpppst.gob.ve\/mpppstweb\/#\/schema\/logo\/image\/\"}},{\"@type\":\"Person\",\"@id\":\"https:\/\/www.mpppst.gob.ve\/mpppstweb\/#\/schema\/person\/fc187ee8ead412bd4c9304b62f900ea4\",\"name\":\"MPPPST Prensa\",\"url\":\"https:\/\/www.mpppst.gob.ve\/mpppstweb\/index.php\/author\/prensa-mpppst\/\"}]}<\/script>\n<!-- \/ Yoast SEO plugin. -->","yoast_head_json":{"title":"Presidente Maduro celebra liberaci\u00f3n de Oscar L\u00f3pez Rivera - MPPPST","robots":{"index":"index","follow":"follow","max-snippet":"max-snippet:-1","max-image-preview":"max-image-preview:large","max-video-preview":"max-video-preview:-1"},"canonical":"https:\/\/www.mpppst.gob.ve\/mpppstweb\/index.php\/2017\/05\/18\/presidente-maduro-celebra-liberacion-de-oscar-lopez-rivera\/","og_locale":"es_ES","og_type":"article","og_title":"Presidente Maduro celebra liberaci\u00f3n de Oscar L\u00f3pez Rivera - MPPPST","og_description":"\u201cOscar L\u00f3pez Rivera felicidades por la Victoria de tu Libertad\u2026Que Viva Puerto Rico Libre\u2026eres H\u00e9roe de &hellip; Presidente Maduro celebra liberaci\u00f3n de Oscar L\u00f3pez RiveraRead more","og_url":"https:\/\/www.mpppst.gob.ve\/mpppstweb\/index.php\/2017\/05\/18\/presidente-maduro-celebra-liberacion-de-oscar-lopez-rivera\/","og_site_name":"MPPPST","article_published_time":"2017-05-18T13:58:51+00:00","og_image":[{"width":800,"height":445,"url":"https:\/\/www.mpppst.gob.ve\/mpppstweb\/wp-content\/uploads\/2017\/05\/Maduro-9.jpg","type":"image\/jpeg"}],"author":"MPPPST Prensa","twitter_card":"summary_large_image","twitter_misc":{"Escrito por":"MPPPST Prensa","Tiempo de lectura":"1 minuto"},"schema":{"@context":"https:\/\/schema.org","@graph":[{"@type":"Article","@id":"https:\/\/www.mpppst.gob.ve\/mpppstweb\/index.php\/2017\/05\/18\/presidente-maduro-celebra-liberacion-de-oscar-lopez-rivera\/#article","isPartOf":{"@id":"https:\/\/www.mpppst.gob.ve\/mpppstweb\/index.php\/2017\/05\/18\/presidente-maduro-celebra-liberacion-de-oscar-lopez-rivera\/"},"author":{"name":"MPPPST Prensa","@id":"https:\/\/www.mpppst.gob.ve\/mpppstweb\/#\/schema\/person\/fc187ee8ead412bd4c9304b62f900ea4"},"headline":"Presidente Maduro celebra liberaci\u00f3n de Oscar L\u00f3pez Rivera","datePublished":"2017-05-18T13:58:51+00:00","dateModified":"2017-05-18T13:58:51+00:00","mainEntityOfPage":{"@id":"https:\/\/www.mpppst.gob.ve\/mpppstweb\/index.php\/2017\/05\/18\/presidente-maduro-celebra-liberacion-de-oscar-lopez-rivera\/"},"wordCount":167,"publisher":{"@id":"https:\/\/www.mpppst.gob.ve\/mpppstweb\/#organization"},"image":{"@id":"https:\/\/www.mpppst.gob.ve\/mpppstweb\/index.php\/2017\/05\/18\/presidente-maduro-celebra-liberacion-de-oscar-lopez-rivera\/#primaryimage"},"thumbnailUrl":"https:\/\/www.mpppst.gob.ve\/mpppstweb\/wp-content\/uploads\/2017\/05\/Maduro-9.jpg","keywords":["Gobierno Bolivariano","Presidente Maduro"],"articleSection":["Gobierno Nacional","Noticias","Presidencia de la Rep\u00fablica"],"inLanguage":"es"},{"@type":"WebPage","@id":"https:\/\/www.mpppst.gob.ve\/mpppstweb\/index.php\/2017\/05\/18\/presidente-maduro-celebra-liberacion-de-oscar-lopez-rivera\/","url":"https:\/\/www.mpppst.gob.ve\/mpppstweb\/index.php\/2017\/05\/18\/presidente-maduro-celebra-liberacion-de-oscar-lopez-rivera\/","name":"Presidente Maduro celebra liberaci\u00f3n de Oscar L\u00f3pez Rivera - MPPPST","isPartOf":{"@id":"https:\/\/www.mpppst.gob.ve\/mpppstweb\/#website"},"primaryImageOfPage":{"@id":"https:\/\/www.mpppst.gob.ve\/mpppstweb\/index.php\/2017\/05\/18\/presidente-maduro-celebra-liberacion-de-oscar-lopez-rivera\/#primaryimage"},"image":{"@id":"https:\/\/www.mpppst.gob.ve\/mpppstweb\/index.php\/2017\/05\/18\/presidente-maduro-celebra-liberacion-de-oscar-lopez-rivera\/#primaryimage"},"thumbnailUrl":"https:\/\/www.mpppst.gob.ve\/mpppstweb\/wp-content\/uploads\/2017\/05\/Maduro-9.jpg","datePublished":"2017-05-18T13:58:51+00:00","dateModified":"2017-05-18T13:58:51+00:00","breadcrumb":{"@id":"https:\/\/www.mpppst.gob.ve\/mpppstweb\/index.php\/2017\/05\/18\/presidente-maduro-celebra-liberacion-de-oscar-lopez-rivera\/#breadcrumb"},"inLanguage":"es","potentialAction":[{"@type":"ReadAction","target":["https:\/\/www.mpppst.gob.ve\/mpppstweb\/index.php\/2017\/05\/18\/presidente-maduro-celebra-liberacion-de-oscar-lopez-rivera\/"]}]},{"@type":"ImageObject","inLanguage":"es","@id":"https:\/\/www.mpppst.gob.ve\/mpppstweb\/index.php\/2017\/05\/18\/presidente-maduro-celebra-liberacion-de-oscar-lopez-rivera\/#primaryimage","url":"https:\/\/www.mpppst.gob.ve\/mpppstweb\/wp-content\/uploads\/2017\/05\/Maduro-9.jpg","contentUrl":"https:\/\/www.mpppst.gob.ve\/mpppstweb\/wp-content\/uploads\/2017\/05\/Maduro-9.jpg","width":800,"height":445},{"@type":"BreadcrumbList","@id":"https:\/\/www.mpppst.gob.ve\/mpppstweb\/index.php\/2017\/05\/18\/presidente-maduro-celebra-liberacion-de-oscar-lopez-rivera\/#breadcrumb","itemListElement":[{"@type":"ListItem","position":1,"name":"Home","item":"https:\/\/www.mpppst.gob.ve\/mpppstweb\/"},{"@type":"ListItem","position":2,"name":"Presidente Maduro celebra liberaci\u00f3n de Oscar L\u00f3pez Rivera"}]},{"@type":"WebSite","@id":"https:\/\/www.mpppst.gob.ve\/mpppstweb\/#website","url":"https:\/\/www.mpppst.gob.ve\/mpppstweb\/","name":"MPPPST","description":"Ministerio del Poder Popular para el Proceso Social de Trabajo","publisher":{"@id":"https:\/\/www.mpppst.gob.ve\/mpppstweb\/#organization"},"potentialAction":[{"@type":"SearchAction","target":{"@type":"EntryPoint","urlTemplate":"https:\/\/www.mpppst.gob.ve\/mpppstweb\/?s={search_term_string}"},"query-input":"required name=search_term_string"}],"inLanguage":"es"},{"@type":"Organization","@id":"https:\/\/www.mpppst.gob.ve\/mpppstweb\/#organization","name":"mpppst","url":"https:\/\/www.mpppst.gob.ve\/mpppstweb\/","logo":{"@type":"ImageObject","inLanguage":"es","@id":"https:\/\/www.mpppst.gob.ve\/mpppstweb\/#\/schema\/logo\/image\/","url":"https:\/\/www.mpppst.gob.ve\/mpppstweb\/wp-content\/uploads\/2025\/07\/cropped-cropped-g910.png","contentUrl":"https:\/\/www.mpppst.gob.ve\/mpppstweb\/wp-content\/uploads\/2025\/07\/cropped-cropped-g910.png","width":1080,"height":241,"caption":"mpppst"},"image":{"@id":"https:\/\/www.mpppst.gob.ve\/mpppstweb\/#\/schema\/logo\/image\/"}},{"@type":"Person","@id":"https:\/\/www.mpppst.gob.ve\/mpppstweb\/#\/schema\/person\/fc187ee8ead412bd4c9304b62f900ea4","name":"MPPPST Prensa","url":"https:\/\/www.mpppst.gob.ve\/mpppstweb\/index.php\/author\/prensa-mpppst\/"}]}},"_links":{"self":[{"href":"https:\/\/www.mpppst.gob.ve\/mpppstweb\/index.php\/wp-json\/wp\/v2\/posts\/11525"}],"collection":[{"href":"https:\/\/www.mpppst.gob.ve\/mpppstweb\/index.php\/wp-json\/wp\/v2\/posts"}],"about":[{"href":"https:\/\/www.mpppst.gob.ve\/mpppstweb\/index.php\/wp-json\/wp\/v2\/types\/post"}],"author":[{"embeddable":true,"href":"https:\/\/www.mpppst.gob.ve\/mpppstweb\/index.php\/wp-json\/wp\/v2\/users\/25"}],"replies":[{"embeddable":true,"href":"https:\/\/www.mpppst.gob.ve\/mpppstweb\/index.php\/wp-json\/wp\/v2\/comments?post=11525"}],"version-history":[{"count":1,"href":"https:\/\/www.mpppst.gob.ve\/mpppstweb\/index.php\/wp-json\/wp\/v2\/posts\/11525\/revisions"}],"predecessor-version":[{"id":11527,"href":"https:\/\/www.mpppst.gob.ve\/mpppstweb\/index.php\/wp-json\/wp\/v2\/posts\/11525\/revisions\/11527"}],"wp:featuredmedia":[{"embeddable":true,"href":"https:\/\/www.mpppst.gob.ve\/mpppstweb\/index.php\/wp-json\/wp\/v2\/media\/11526"}],"wp:attachment":[{"href":"https:\/\/www.mpppst.gob.ve\/mpppstweb\/index.php\/wp-json\/wp\/v2\/media?parent=11525"}],"wp:term":[{"taxonomy":"category","embeddable":true,"href":"https:\/\/www.mpppst.gob.ve\/mpppstweb\/index.php\/wp-json\/wp\/v2\/categories?post=11525"},{"taxonomy":"post_tag","embeddable":true,"href":"https:\/\/www.mpppst.gob.ve\/mpppstweb\/index.php\/wp-json\/wp\/v2\/tags?post=11525"}],"curies":[{"name":"wp","href":"https:\/\/api.w.org\/{rel}","templated":true}]}}