{"id":11707,"date":"2017-05-30T09:54:10","date_gmt":"2017-05-30T13:54:10","guid":{"rendered":"http:\/\/www.mpppst.gob.ve\/mpppstweb\/?p=11707"},"modified":"2017-05-30T09:54:10","modified_gmt":"2017-05-30T13:54:10","slug":"cerca-de-14-millones-de-compatriotas-tienen-el-carnet-de-la-patria","status":"publish","type":"post","link":"https:\/\/www.mpppst.gob.ve\/mpppstweb\/index.php\/2017\/05\/30\/cerca-de-14-millones-de-compatriotas-tienen-el-carnet-de-la-patria\/","title":{"rendered":"Cerca de 14 millones de compatriotas tienen el Carnet de la Patria"},"content":{"rendered":"<p>Minci<\/p>\n<p>El presidente de la Rep\u00fablica Bolivariana de Venezuela, Nicol\u00e1s Maduro, coment\u00f3 que 13 millones 907 mil 951 compatriotas ya obtienen el Carnet de la Patria, esta informaci\u00f3n la ofreci\u00f3 durante el juramento de los integrantes del Comando de Campa\u00f1a por la Constituyente.<\/p>\n<p>\u201cEl Carnet de la Patria es el gran instrument\u00f3 que ha nacido durante el 2017 y bendijo el d\u00eda que naci\u00f3 el Carnet de la Patria, has llego para hacer la revoluci\u00f3n\u201d.<\/p>\n<p>Hizo una distribuci\u00f3n de los revolucionarios carnetizados de la siguiente manera: Cojedes con 225 mil 244, Anzo\u00e1tegui 786 mil 362, Sucre 512 mil 495, M\u00e9rida 414 mil 151, Nueva Esparta 240 mil 224, Amazonas 70 mil 628, Lara 896 mil 300, bol\u00edvar 686 mil 966, Monagas 478 mil 456, Barinas 426 mil 476, Apure 272 mil 690, Yaracuy 335 mil 570, Carabobo 1 mill\u00f3n 120 mil 733, Zulia 1 mill\u00f3n 668 mil 859, Falc\u00f3n 507 mil 865, T\u00e1chira 462 mil 167, Portuguesa 547 mil 242, Gu\u00e1rico 408 mil 69, Aragua 901 mil 316, Delta Amacuro 89 mil 343, Miranda 1 mill\u00f3n 227 mil 435, Trujillo 400 mil 736, Vargas 198 mil 943, Distrito capital 1 mill\u00f3n 29 mil 734.<\/p>\n<p>Resalt\u00f3 que desde el jueves 1 hasta el domingo 4 de junio es la pen\u00faltima jornada del Carnet de la Patria y la pr\u00f3xima semana es el cierre de la inscripci\u00f3n.<\/p>\n<p>Destac\u00f3 que una de las tareas fundamentales es convertir el Carnet de la Patria en una gran fuerza del renacimiento bolivariano de la justicia social y de la Revoluci\u00f3n.<\/p>\n<p>\u201cEl Carnet de la Patria es el gran instrumento para que llegue la mano redentoras a las misiones, para que se alivie el dolor del que sufre y para que nadie este solo, porque en Revoluci\u00f3n tenemos que estar juntos\u201d, dijo El Presidente.<\/p>\n","protected":false},"excerpt":{"rendered":"<p>Minci El presidente de la Rep\u00fablica Bolivariana de Venezuela, Nicol\u00e1s Maduro, coment\u00f3 que 13 millones 907 &hellip; <a title=\"Cerca de 14 millones de compatriotas tienen el Carnet de la Patria\" class=\"hm-read-more\" href=\"https:\/\/www.mpppst.gob.ve\/mpppstweb\/index.php\/2017\/05\/30\/cerca-de-14-millones-de-compatriotas-tienen-el-carnet-de-la-patria\/\"><span class=\"screen-reader-text\">Cerca de 14 millones de compatriotas tienen el Carnet de la Patria<\/span>Read more<\/a><\/p>\n","protected":false},"author":25,"featured_media":11708,"comment_status":"closed","ping_status":"closed","sticky":false,"template":"","format":"standard","meta":{"footnotes":""},"categories":[82,163,213],"tags":[348,222,285],"yoast_head":"<!-- This site is optimized with the Yoast SEO plugin v22.5 - https:\/\/yoast.com\/wordpress\/plugins\/seo\/ -->\n<title>Cerca de 14 millones de compatriotas tienen el Carnet de la Patria - MPPPST<\/title>\n<meta name=\"robots\" content=\"index, follow, max-snippet:-1, max-image-preview:large, max-video-preview:-1\" \/>\n<link rel=\"canonical\" href=\"https:\/\/www.mpppst.gob.ve\/mpppstweb\/index.php\/2017\/05\/30\/cerca-de-14-millones-de-compatriotas-tienen-el-carnet-de-la-patria\/\" \/>\n<meta property=\"og:locale\" content=\"es_ES\" \/>\n<meta property=\"og:type\" content=\"article\" \/>\n<meta property=\"og:title\" content=\"Cerca de 14 millones de compatriotas tienen el Carnet de la Patria - MPPPST\" \/>\n<meta property=\"og:description\" content=\"Minci El presidente de la Rep\u00fablica Bolivariana de Venezuela, Nicol\u00e1s Maduro, coment\u00f3 que 13 millones 907 &hellip; Cerca de 14 millones de compatriotas tienen el Carnet de la PatriaRead more\" \/>\n<meta property=\"og:url\" content=\"https:\/\/www.mpppst.gob.ve\/mpppstweb\/index.php\/2017\/05\/30\/cerca-de-14-millones-de-compatriotas-tienen-el-carnet-de-la-patria\/\" \/>\n<meta property=\"og:site_name\" content=\"MPPPST\" \/>\n<meta property=\"article:published_time\" content=\"2017-05-30T13:54:10+00:00\" \/>\n<meta property=\"og:image\" content=\"https:\/\/www.mpppst.gob.ve\/mpppstweb\/wp-content\/uploads\/2017\/05\/007_FS2115_W.jpg\" \/>\n\t<meta property=\"og:image:width\" content=\"800\" \/>\n\t<meta property=\"og:image:height\" content=\"445\" \/>\n\t<meta property=\"og:image:type\" content=\"image\/jpeg\" \/>\n<meta name=\"author\" content=\"MPPPST Prensa\" \/>\n<meta name=\"twitter:card\" content=\"summary_large_image\" \/>\n<meta name=\"twitter:label1\" content=\"Escrito por\" \/>\n\t<meta name=\"twitter:data1\" content=\"MPPPST Prensa\" \/>\n\t<meta name=\"twitter:label2\" content=\"Tiempo de lectura\" \/>\n\t<meta name=\"twitter:data2\" content=\"1 minuto\" \/>\n<script type=\"application\/ld+json\" class=\"yoast-schema-graph\">{\"@context\":\"https:\/\/schema.org\",\"@graph\":[{\"@type\":\"Article\",\"@id\":\"https:\/\/www.mpppst.gob.ve\/mpppstweb\/index.php\/2017\/05\/30\/cerca-de-14-millones-de-compatriotas-tienen-el-carnet-de-la-patria\/#article\",\"isPartOf\":{\"@id\":\"https:\/\/www.mpppst.gob.ve\/mpppstweb\/index.php\/2017\/05\/30\/cerca-de-14-millones-de-compatriotas-tienen-el-carnet-de-la-patria\/\"},\"author\":{\"name\":\"MPPPST Prensa\",\"@id\":\"https:\/\/www.mpppst.gob.ve\/mpppstweb\/#\/schema\/person\/fc187ee8ead412bd4c9304b62f900ea4\"},\"headline\":\"Cerca de 14 millones de compatriotas tienen el Carnet de la Patria\",\"datePublished\":\"2017-05-30T13:54:10+00:00\",\"dateModified\":\"2017-05-30T13:54:10+00:00\",\"mainEntityOfPage\":{\"@id\":\"https:\/\/www.mpppst.gob.ve\/mpppstweb\/index.php\/2017\/05\/30\/cerca-de-14-millones-de-compatriotas-tienen-el-carnet-de-la-patria\/\"},\"wordCount\":272,\"publisher\":{\"@id\":\"https:\/\/www.mpppst.gob.ve\/mpppstweb\/#organization\"},\"image\":{\"@id\":\"https:\/\/www.mpppst.gob.ve\/mpppstweb\/index.php\/2017\/05\/30\/cerca-de-14-millones-de-compatriotas-tienen-el-carnet-de-la-patria\/#primaryimage\"},\"thumbnailUrl\":\"https:\/\/www.mpppst.gob.ve\/mpppstweb\/wp-content\/uploads\/2017\/05\/007_FS2115_W.jpg\",\"keywords\":[\"Carnet de la Patria\",\"Gobierno Bolivariano\",\"Presidente Maduro\"],\"articleSection\":[\"Gobierno Nacional\",\"Noticias\",\"Presidencia de la Rep\u00fablica\"],\"inLanguage\":\"es\"},{\"@type\":\"WebPage\",\"@id\":\"https:\/\/www.mpppst.gob.ve\/mpppstweb\/index.php\/2017\/05\/30\/cerca-de-14-millones-de-compatriotas-tienen-el-carnet-de-la-patria\/\",\"url\":\"https:\/\/www.mpppst.gob.ve\/mpppstweb\/index.php\/2017\/05\/30\/cerca-de-14-millones-de-compatriotas-tienen-el-carnet-de-la-patria\/\",\"name\":\"Cerca de 14 millones de compatriotas tienen el Carnet de la Patria - MPPPST\",\"isPartOf\":{\"@id\":\"https:\/\/www.mpppst.gob.ve\/mpppstweb\/#website\"},\"primaryImageOfPage\":{\"@id\":\"https:\/\/www.mpppst.gob.ve\/mpppstweb\/index.php\/2017\/05\/30\/cerca-de-14-millones-de-compatriotas-tienen-el-carnet-de-la-patria\/#primaryimage\"},\"image\":{\"@id\":\"https:\/\/www.mpppst.gob.ve\/mpppstweb\/index.php\/2017\/05\/30\/cerca-de-14-millones-de-compatriotas-tienen-el-carnet-de-la-patria\/#primaryimage\"},\"thumbnailUrl\":\"https:\/\/www.mpppst.gob.ve\/mpppstweb\/wp-content\/uploads\/2017\/05\/007_FS2115_W.jpg\",\"datePublished\":\"2017-05-30T13:54:10+00:00\",\"dateModified\":\"2017-05-30T13:54:10+00:00\",\"breadcrumb\":{\"@id\":\"https:\/\/www.mpppst.gob.ve\/mpppstweb\/index.php\/2017\/05\/30\/cerca-de-14-millones-de-compatriotas-tienen-el-carnet-de-la-patria\/#breadcrumb\"},\"inLanguage\":\"es\",\"potentialAction\":[{\"@type\":\"ReadAction\",\"target\":[\"https:\/\/www.mpppst.gob.ve\/mpppstweb\/index.php\/2017\/05\/30\/cerca-de-14-millones-de-compatriotas-tienen-el-carnet-de-la-patria\/\"]}]},{\"@type\":\"ImageObject\",\"inLanguage\":\"es\",\"@id\":\"https:\/\/www.mpppst.gob.ve\/mpppstweb\/index.php\/2017\/05\/30\/cerca-de-14-millones-de-compatriotas-tienen-el-carnet-de-la-patria\/#primaryimage\",\"url\":\"https:\/\/www.mpppst.gob.ve\/mpppstweb\/wp-content\/uploads\/2017\/05\/007_FS2115_W.jpg\",\"contentUrl\":\"https:\/\/www.mpppst.gob.ve\/mpppstweb\/wp-content\/uploads\/2017\/05\/007_FS2115_W.jpg\",\"width\":800,\"height\":445},{\"@type\":\"BreadcrumbList\",\"@id\":\"https:\/\/www.mpppst.gob.ve\/mpppstweb\/index.php\/2017\/05\/30\/cerca-de-14-millones-de-compatriotas-tienen-el-carnet-de-la-patria\/#breadcrumb\",\"itemListElement\":[{\"@type\":\"ListItem\",\"position\":1,\"name\":\"Home\",\"item\":\"https:\/\/www.mpppst.gob.ve\/mpppstweb\/\"},{\"@type\":\"ListItem\",\"position\":2,\"name\":\"Cerca de 14 millones de compatriotas tienen el Carnet de la Patria\"}]},{\"@type\":\"WebSite\",\"@id\":\"https:\/\/www.mpppst.gob.ve\/mpppstweb\/#website\",\"url\":\"https:\/\/www.mpppst.gob.ve\/mpppstweb\/\",\"name\":\"MPPPST\",\"description\":\"Ministerio del Poder Popular para el Proceso Social de Trabajo\",\"publisher\":{\"@id\":\"https:\/\/www.mpppst.gob.ve\/mpppstweb\/#organization\"},\"potentialAction\":[{\"@type\":\"SearchAction\",\"target\":{\"@type\":\"EntryPoint\",\"urlTemplate\":\"https:\/\/www.mpppst.gob.ve\/mpppstweb\/?s={search_term_string}\"},\"query-input\":\"required name=search_term_string\"}],\"inLanguage\":\"es\"},{\"@type\":\"Organization\",\"@id\":\"https:\/\/www.mpppst.gob.ve\/mpppstweb\/#organization\",\"name\":\"mpppst\",\"url\":\"https:\/\/www.mpppst.gob.ve\/mpppstweb\/\",\"logo\":{\"@type\":\"ImageObject\",\"inLanguage\":\"es\",\"@id\":\"https:\/\/www.mpppst.gob.ve\/mpppstweb\/#\/schema\/logo\/image\/\",\"url\":\"https:\/\/www.mpppst.gob.ve\/mpppstweb\/wp-content\/uploads\/2025\/07\/cropped-cropped-g910.png\",\"contentUrl\":\"https:\/\/www.mpppst.gob.ve\/mpppstweb\/wp-content\/uploads\/2025\/07\/cropped-cropped-g910.png\",\"width\":1080,\"height\":241,\"caption\":\"mpppst\"},\"image\":{\"@id\":\"https:\/\/www.mpppst.gob.ve\/mpppstweb\/#\/schema\/logo\/image\/\"}},{\"@type\":\"Person\",\"@id\":\"https:\/\/www.mpppst.gob.ve\/mpppstweb\/#\/schema\/person\/fc187ee8ead412bd4c9304b62f900ea4\",\"name\":\"MPPPST Prensa\",\"url\":\"https:\/\/www.mpppst.gob.ve\/mpppstweb\/index.php\/author\/prensa-mpppst\/\"}]}<\/script>\n<!-- \/ Yoast SEO plugin. -->","yoast_head_json":{"title":"Cerca de 14 millones de compatriotas tienen el Carnet de la Patria - MPPPST","robots":{"index":"index","follow":"follow","max-snippet":"max-snippet:-1","max-image-preview":"max-image-preview:large","max-video-preview":"max-video-preview:-1"},"canonical":"https:\/\/www.mpppst.gob.ve\/mpppstweb\/index.php\/2017\/05\/30\/cerca-de-14-millones-de-compatriotas-tienen-el-carnet-de-la-patria\/","og_locale":"es_ES","og_type":"article","og_title":"Cerca de 14 millones de compatriotas tienen el Carnet de la Patria - MPPPST","og_description":"Minci El presidente de la Rep\u00fablica Bolivariana de Venezuela, Nicol\u00e1s Maduro, coment\u00f3 que 13 millones 907 &hellip; Cerca de 14 millones de compatriotas tienen el Carnet de la PatriaRead more","og_url":"https:\/\/www.mpppst.gob.ve\/mpppstweb\/index.php\/2017\/05\/30\/cerca-de-14-millones-de-compatriotas-tienen-el-carnet-de-la-patria\/","og_site_name":"MPPPST","article_published_time":"2017-05-30T13:54:10+00:00","og_image":[{"width":800,"height":445,"url":"https:\/\/www.mpppst.gob.ve\/mpppstweb\/wp-content\/uploads\/2017\/05\/007_FS2115_W.jpg","type":"image\/jpeg"}],"author":"MPPPST Prensa","twitter_card":"summary_large_image","twitter_misc":{"Escrito por":"MPPPST Prensa","Tiempo de lectura":"1 minuto"},"schema":{"@context":"https:\/\/schema.org","@graph":[{"@type":"Article","@id":"https:\/\/www.mpppst.gob.ve\/mpppstweb\/index.php\/2017\/05\/30\/cerca-de-14-millones-de-compatriotas-tienen-el-carnet-de-la-patria\/#article","isPartOf":{"@id":"https:\/\/www.mpppst.gob.ve\/mpppstweb\/index.php\/2017\/05\/30\/cerca-de-14-millones-de-compatriotas-tienen-el-carnet-de-la-patria\/"},"author":{"name":"MPPPST Prensa","@id":"https:\/\/www.mpppst.gob.ve\/mpppstweb\/#\/schema\/person\/fc187ee8ead412bd4c9304b62f900ea4"},"headline":"Cerca de 14 millones de compatriotas tienen el Carnet de la Patria","datePublished":"2017-05-30T13:54:10+00:00","dateModified":"2017-05-30T13:54:10+00:00","mainEntityOfPage":{"@id":"https:\/\/www.mpppst.gob.ve\/mpppstweb\/index.php\/2017\/05\/30\/cerca-de-14-millones-de-compatriotas-tienen-el-carnet-de-la-patria\/"},"wordCount":272,"publisher":{"@id":"https:\/\/www.mpppst.gob.ve\/mpppstweb\/#organization"},"image":{"@id":"https:\/\/www.mpppst.gob.ve\/mpppstweb\/index.php\/2017\/05\/30\/cerca-de-14-millones-de-compatriotas-tienen-el-carnet-de-la-patria\/#primaryimage"},"thumbnailUrl":"https:\/\/www.mpppst.gob.ve\/mpppstweb\/wp-content\/uploads\/2017\/05\/007_FS2115_W.jpg","keywords":["Carnet de la Patria","Gobierno Bolivariano","Presidente Maduro"],"articleSection":["Gobierno Nacional","Noticias","Presidencia de la Rep\u00fablica"],"inLanguage":"es"},{"@type":"WebPage","@id":"https:\/\/www.mpppst.gob.ve\/mpppstweb\/index.php\/2017\/05\/30\/cerca-de-14-millones-de-compatriotas-tienen-el-carnet-de-la-patria\/","url":"https:\/\/www.mpppst.gob.ve\/mpppstweb\/index.php\/2017\/05\/30\/cerca-de-14-millones-de-compatriotas-tienen-el-carnet-de-la-patria\/","name":"Cerca de 14 millones de compatriotas tienen el Carnet de la Patria - MPPPST","isPartOf":{"@id":"https:\/\/www.mpppst.gob.ve\/mpppstweb\/#website"},"primaryImageOfPage":{"@id":"https:\/\/www.mpppst.gob.ve\/mpppstweb\/index.php\/2017\/05\/30\/cerca-de-14-millones-de-compatriotas-tienen-el-carnet-de-la-patria\/#primaryimage"},"image":{"@id":"https:\/\/www.mpppst.gob.ve\/mpppstweb\/index.php\/2017\/05\/30\/cerca-de-14-millones-de-compatriotas-tienen-el-carnet-de-la-patria\/#primaryimage"},"thumbnailUrl":"https:\/\/www.mpppst.gob.ve\/mpppstweb\/wp-content\/uploads\/2017\/05\/007_FS2115_W.jpg","datePublished":"2017-05-30T13:54:10+00:00","dateModified":"2017-05-30T13:54:10+00:00","breadcrumb":{"@id":"https:\/\/www.mpppst.gob.ve\/mpppstweb\/index.php\/2017\/05\/30\/cerca-de-14-millones-de-compatriotas-tienen-el-carnet-de-la-patria\/#breadcrumb"},"inLanguage":"es","potentialAction":[{"@type":"ReadAction","target":["https:\/\/www.mpppst.gob.ve\/mpppstweb\/index.php\/2017\/05\/30\/cerca-de-14-millones-de-compatriotas-tienen-el-carnet-de-la-patria\/"]}]},{"@type":"ImageObject","inLanguage":"es","@id":"https:\/\/www.mpppst.gob.ve\/mpppstweb\/index.php\/2017\/05\/30\/cerca-de-14-millones-de-compatriotas-tienen-el-carnet-de-la-patria\/#primaryimage","url":"https:\/\/www.mpppst.gob.ve\/mpppstweb\/wp-content\/uploads\/2017\/05\/007_FS2115_W.jpg","contentUrl":"https:\/\/www.mpppst.gob.ve\/mpppstweb\/wp-content\/uploads\/2017\/05\/007_FS2115_W.jpg","width":800,"height":445},{"@type":"BreadcrumbList","@id":"https:\/\/www.mpppst.gob.ve\/mpppstweb\/index.php\/2017\/05\/30\/cerca-de-14-millones-de-compatriotas-tienen-el-carnet-de-la-patria\/#breadcrumb","itemListElement":[{"@type":"ListItem","position":1,"name":"Home","item":"https:\/\/www.mpppst.gob.ve\/mpppstweb\/"},{"@type":"ListItem","position":2,"name":"Cerca de 14 millones de compatriotas tienen el Carnet de la Patria"}]},{"@type":"WebSite","@id":"https:\/\/www.mpppst.gob.ve\/mpppstweb\/#website","url":"https:\/\/www.mpppst.gob.ve\/mpppstweb\/","name":"MPPPST","description":"Ministerio del Poder Popular para el Proceso Social de Trabajo","publisher":{"@id":"https:\/\/www.mpppst.gob.ve\/mpppstweb\/#organization"},"potentialAction":[{"@type":"SearchAction","target":{"@type":"EntryPoint","urlTemplate":"https:\/\/www.mpppst.gob.ve\/mpppstweb\/?s={search_term_string}"},"query-input":"required name=search_term_string"}],"inLanguage":"es"},{"@type":"Organization","@id":"https:\/\/www.mpppst.gob.ve\/mpppstweb\/#organization","name":"mpppst","url":"https:\/\/www.mpppst.gob.ve\/mpppstweb\/","logo":{"@type":"ImageObject","inLanguage":"es","@id":"https:\/\/www.mpppst.gob.ve\/mpppstweb\/#\/schema\/logo\/image\/","url":"https:\/\/www.mpppst.gob.ve\/mpppstweb\/wp-content\/uploads\/2025\/07\/cropped-cropped-g910.png","contentUrl":"https:\/\/www.mpppst.gob.ve\/mpppstweb\/wp-content\/uploads\/2025\/07\/cropped-cropped-g910.png","width":1080,"height":241,"caption":"mpppst"},"image":{"@id":"https:\/\/www.mpppst.gob.ve\/mpppstweb\/#\/schema\/logo\/image\/"}},{"@type":"Person","@id":"https:\/\/www.mpppst.gob.ve\/mpppstweb\/#\/schema\/person\/fc187ee8ead412bd4c9304b62f900ea4","name":"MPPPST Prensa","url":"https:\/\/www.mpppst.gob.ve\/mpppstweb\/index.php\/author\/prensa-mpppst\/"}]}},"_links":{"self":[{"href":"https:\/\/www.mpppst.gob.ve\/mpppstweb\/index.php\/wp-json\/wp\/v2\/posts\/11707"}],"collection":[{"href":"https:\/\/www.mpppst.gob.ve\/mpppstweb\/index.php\/wp-json\/wp\/v2\/posts"}],"about":[{"href":"https:\/\/www.mpppst.gob.ve\/mpppstweb\/index.php\/wp-json\/wp\/v2\/types\/post"}],"author":[{"embeddable":true,"href":"https:\/\/www.mpppst.gob.ve\/mpppstweb\/index.php\/wp-json\/wp\/v2\/users\/25"}],"replies":[{"embeddable":true,"href":"https:\/\/www.mpppst.gob.ve\/mpppstweb\/index.php\/wp-json\/wp\/v2\/comments?post=11707"}],"version-history":[{"count":1,"href":"https:\/\/www.mpppst.gob.ve\/mpppstweb\/index.php\/wp-json\/wp\/v2\/posts\/11707\/revisions"}],"predecessor-version":[{"id":11709,"href":"https:\/\/www.mpppst.gob.ve\/mpppstweb\/index.php\/wp-json\/wp\/v2\/posts\/11707\/revisions\/11709"}],"wp:featuredmedia":[{"embeddable":true,"href":"https:\/\/www.mpppst.gob.ve\/mpppstweb\/index.php\/wp-json\/wp\/v2\/media\/11708"}],"wp:attachment":[{"href":"https:\/\/www.mpppst.gob.ve\/mpppstweb\/index.php\/wp-json\/wp\/v2\/media?parent=11707"}],"wp:term":[{"taxonomy":"category","embeddable":true,"href":"https:\/\/www.mpppst.gob.ve\/mpppstweb\/index.php\/wp-json\/wp\/v2\/categories?post=11707"},{"taxonomy":"post_tag","embeddable":true,"href":"https:\/\/www.mpppst.gob.ve\/mpppstweb\/index.php\/wp-json\/wp\/v2\/tags?post=11707"}],"curies":[{"name":"wp","href":"https:\/\/api.w.org\/{rel}","templated":true}]}}