{"id":11710,"date":"2017-05-30T09:57:39","date_gmt":"2017-05-30T13:57:39","guid":{"rendered":"http:\/\/www.mpppst.gob.ve\/mpppstweb\/?p=11710"},"modified":"2017-05-30T09:57:39","modified_gmt":"2017-05-30T13:57:39","slug":"presidente-nicolas-maduro-he-trabajado-estos-4-anos-en-el-dialogo-por-la-paz","status":"publish","type":"post","link":"https:\/\/www.mpppst.gob.ve\/mpppstweb\/index.php\/2017\/05\/30\/presidente-nicolas-maduro-he-trabajado-estos-4-anos-en-el-dialogo-por-la-paz\/","title":{"rendered":"Presidente Nicol\u00e1s Maduro: \u201cHe trabajado estos 4 a\u00f1os en el di\u00e1logo por la Paz\u201d"},"content":{"rendered":"<p>Minci<\/p>\n<p>\u201cMe he dedicado estos cuatros a\u00f1os a trabajar, impulsar y concretar el di\u00e1logo por la Paz\u201d, destac\u00f3 el presidente de la Rep\u00fablica Bolivariana de Venezuela, Nicol\u00e1s Maduro, durante el juramento de los integrantes del Comando de Campa\u00f1a por la Constituyente, desde el Parque Ezequiel Zamora<\/p>\n<p>\u201cHa sido imposible el dialogo porque el imperialismo cay\u00f3 en manos de los extremistas\u00a0 y dieron la orden desde la llegada de Donald Trump a la presidencia de la Rep\u00fablica, para destruir el di\u00e1logo y venir a destruir Venezuela y recoger los restos de la cenizas que queden en nuestra Patria\u201d.<\/p>\n<p>Coment\u00f3 que cuando se instal\u00f3 el di\u00e1logo salieron corriendo y no hab\u00edan terminado de salir de la sala y Chuo Torrealba ya estaba destituido de su cargo.<\/p>\n<p>Agreg\u00f3 que muchos tuvieron dudas y miedos en el 2016 a lo que explic\u00f3 que, \u201clos revolucionarios no podemos tener dudas, los revolucionarios estamos hechos para tener certezas de la causa que defendemos y la batalla que tenemos que dar, la sabidur\u00eda de esta Revoluci\u00f3n que fund\u00f3 y sembr\u00f3 para siempre nuestro Comandante Hugo Ch\u00e1vez\u201d.<\/p>\n<p>Resalt\u00f3, el jefe de Estado y de Gobierno que el 2016 dej\u00f3 una derecha descuartizada, desmoralizada, minimizada, que destruy\u00f3 la Asamblea Nacional, dej\u00e1ndola desprestigiada en su improvisaci\u00f3n, en su violencia, en su incapacidad para\u00a0 gobernar.<\/p>\n","protected":false},"excerpt":{"rendered":"<p>Minci \u201cMe he dedicado estos cuatros a\u00f1os a trabajar, impulsar y concretar el di\u00e1logo por la &hellip; <a title=\"Presidente Nicol\u00e1s Maduro: \u201cHe trabajado estos 4 a\u00f1os en el di\u00e1logo por la Paz\u201d\" class=\"hm-read-more\" href=\"https:\/\/www.mpppst.gob.ve\/mpppstweb\/index.php\/2017\/05\/30\/presidente-nicolas-maduro-he-trabajado-estos-4-anos-en-el-dialogo-por-la-paz\/\"><span class=\"screen-reader-text\">Presidente Nicol\u00e1s Maduro: \u201cHe trabajado estos 4 a\u00f1os en el di\u00e1logo por la Paz\u201d<\/span>Read more<\/a><\/p>\n","protected":false},"author":25,"featured_media":11711,"comment_status":"closed","ping_status":"closed","sticky":false,"template":"","format":"standard","meta":{"footnotes":""},"categories":[82,163,84],"tags":[222,285],"yoast_head":"<!-- This site is optimized with the Yoast SEO plugin v22.5 - https:\/\/yoast.com\/wordpress\/plugins\/seo\/ -->\n<title>Presidente Nicol\u00e1s Maduro: \u201cHe trabajado estos 4 a\u00f1os en el di\u00e1logo por la Paz\u201d - MPPPST<\/title>\n<meta name=\"robots\" content=\"index, follow, max-snippet:-1, max-image-preview:large, max-video-preview:-1\" \/>\n<link rel=\"canonical\" href=\"https:\/\/www.mpppst.gob.ve\/mpppstweb\/index.php\/2017\/05\/30\/presidente-nicolas-maduro-he-trabajado-estos-4-anos-en-el-dialogo-por-la-paz\/\" \/>\n<meta property=\"og:locale\" content=\"es_ES\" \/>\n<meta property=\"og:type\" content=\"article\" \/>\n<meta property=\"og:title\" content=\"Presidente Nicol\u00e1s Maduro: \u201cHe trabajado estos 4 a\u00f1os en el di\u00e1logo por la Paz\u201d - MPPPST\" \/>\n<meta property=\"og:description\" content=\"Minci \u201cMe he dedicado estos cuatros a\u00f1os a trabajar, impulsar y concretar el di\u00e1logo por la &hellip; Presidente Nicol\u00e1s Maduro: \u201cHe trabajado estos 4 a\u00f1os en el di\u00e1logo por la Paz\u201dRead more\" \/>\n<meta property=\"og:url\" content=\"https:\/\/www.mpppst.gob.ve\/mpppstweb\/index.php\/2017\/05\/30\/presidente-nicolas-maduro-he-trabajado-estos-4-anos-en-el-dialogo-por-la-paz\/\" \/>\n<meta property=\"og:site_name\" content=\"MPPPST\" \/>\n<meta property=\"article:published_time\" content=\"2017-05-30T13:57:39+00:00\" \/>\n<meta property=\"og:image\" content=\"https:\/\/www.mpppst.gob.ve\/mpppstweb\/wp-content\/uploads\/2017\/05\/004_004_MG2763_P_W.jpg\" \/>\n\t<meta property=\"og:image:width\" content=\"800\" \/>\n\t<meta property=\"og:image:height\" content=\"445\" \/>\n\t<meta property=\"og:image:type\" content=\"image\/jpeg\" \/>\n<meta name=\"author\" content=\"MPPPST Prensa\" \/>\n<meta name=\"twitter:card\" content=\"summary_large_image\" \/>\n<meta name=\"twitter:label1\" content=\"Escrito por\" \/>\n\t<meta name=\"twitter:data1\" content=\"MPPPST Prensa\" \/>\n\t<meta name=\"twitter:label2\" content=\"Tiempo de lectura\" \/>\n\t<meta name=\"twitter:data2\" content=\"1 minuto\" \/>\n<script type=\"application\/ld+json\" class=\"yoast-schema-graph\">{\"@context\":\"https:\/\/schema.org\",\"@graph\":[{\"@type\":\"Article\",\"@id\":\"https:\/\/www.mpppst.gob.ve\/mpppstweb\/index.php\/2017\/05\/30\/presidente-nicolas-maduro-he-trabajado-estos-4-anos-en-el-dialogo-por-la-paz\/#article\",\"isPartOf\":{\"@id\":\"https:\/\/www.mpppst.gob.ve\/mpppstweb\/index.php\/2017\/05\/30\/presidente-nicolas-maduro-he-trabajado-estos-4-anos-en-el-dialogo-por-la-paz\/\"},\"author\":{\"name\":\"MPPPST Prensa\",\"@id\":\"https:\/\/www.mpppst.gob.ve\/mpppstweb\/#\/schema\/person\/fc187ee8ead412bd4c9304b62f900ea4\"},\"headline\":\"Presidente Nicol\u00e1s Maduro: \u201cHe trabajado estos 4 a\u00f1os en el di\u00e1logo por la Paz\u201d\",\"datePublished\":\"2017-05-30T13:57:39+00:00\",\"dateModified\":\"2017-05-30T13:57:39+00:00\",\"mainEntityOfPage\":{\"@id\":\"https:\/\/www.mpppst.gob.ve\/mpppstweb\/index.php\/2017\/05\/30\/presidente-nicolas-maduro-he-trabajado-estos-4-anos-en-el-dialogo-por-la-paz\/\"},\"wordCount\":242,\"publisher\":{\"@id\":\"https:\/\/www.mpppst.gob.ve\/mpppstweb\/#organization\"},\"image\":{\"@id\":\"https:\/\/www.mpppst.gob.ve\/mpppstweb\/index.php\/2017\/05\/30\/presidente-nicolas-maduro-he-trabajado-estos-4-anos-en-el-dialogo-por-la-paz\/#primaryimage\"},\"thumbnailUrl\":\"https:\/\/www.mpppst.gob.ve\/mpppstweb\/wp-content\/uploads\/2017\/05\/004_004_MG2763_P_W.jpg\",\"keywords\":[\"Gobierno Bolivariano\",\"Presidente Maduro\"],\"articleSection\":[\"Gobierno Nacional\",\"Noticias\",\"Vida Laboral y Sindical\"],\"inLanguage\":\"es\"},{\"@type\":\"WebPage\",\"@id\":\"https:\/\/www.mpppst.gob.ve\/mpppstweb\/index.php\/2017\/05\/30\/presidente-nicolas-maduro-he-trabajado-estos-4-anos-en-el-dialogo-por-la-paz\/\",\"url\":\"https:\/\/www.mpppst.gob.ve\/mpppstweb\/index.php\/2017\/05\/30\/presidente-nicolas-maduro-he-trabajado-estos-4-anos-en-el-dialogo-por-la-paz\/\",\"name\":\"Presidente Nicol\u00e1s Maduro: \u201cHe trabajado estos 4 a\u00f1os en el di\u00e1logo por la Paz\u201d - MPPPST\",\"isPartOf\":{\"@id\":\"https:\/\/www.mpppst.gob.ve\/mpppstweb\/#website\"},\"primaryImageOfPage\":{\"@id\":\"https:\/\/www.mpppst.gob.ve\/mpppstweb\/index.php\/2017\/05\/30\/presidente-nicolas-maduro-he-trabajado-estos-4-anos-en-el-dialogo-por-la-paz\/#primaryimage\"},\"image\":{\"@id\":\"https:\/\/www.mpppst.gob.ve\/mpppstweb\/index.php\/2017\/05\/30\/presidente-nicolas-maduro-he-trabajado-estos-4-anos-en-el-dialogo-por-la-paz\/#primaryimage\"},\"thumbnailUrl\":\"https:\/\/www.mpppst.gob.ve\/mpppstweb\/wp-content\/uploads\/2017\/05\/004_004_MG2763_P_W.jpg\",\"datePublished\":\"2017-05-30T13:57:39+00:00\",\"dateModified\":\"2017-05-30T13:57:39+00:00\",\"breadcrumb\":{\"@id\":\"https:\/\/www.mpppst.gob.ve\/mpppstweb\/index.php\/2017\/05\/30\/presidente-nicolas-maduro-he-trabajado-estos-4-anos-en-el-dialogo-por-la-paz\/#breadcrumb\"},\"inLanguage\":\"es\",\"potentialAction\":[{\"@type\":\"ReadAction\",\"target\":[\"https:\/\/www.mpppst.gob.ve\/mpppstweb\/index.php\/2017\/05\/30\/presidente-nicolas-maduro-he-trabajado-estos-4-anos-en-el-dialogo-por-la-paz\/\"]}]},{\"@type\":\"ImageObject\",\"inLanguage\":\"es\",\"@id\":\"https:\/\/www.mpppst.gob.ve\/mpppstweb\/index.php\/2017\/05\/30\/presidente-nicolas-maduro-he-trabajado-estos-4-anos-en-el-dialogo-por-la-paz\/#primaryimage\",\"url\":\"https:\/\/www.mpppst.gob.ve\/mpppstweb\/wp-content\/uploads\/2017\/05\/004_004_MG2763_P_W.jpg\",\"contentUrl\":\"https:\/\/www.mpppst.gob.ve\/mpppstweb\/wp-content\/uploads\/2017\/05\/004_004_MG2763_P_W.jpg\",\"width\":800,\"height\":445},{\"@type\":\"BreadcrumbList\",\"@id\":\"https:\/\/www.mpppst.gob.ve\/mpppstweb\/index.php\/2017\/05\/30\/presidente-nicolas-maduro-he-trabajado-estos-4-anos-en-el-dialogo-por-la-paz\/#breadcrumb\",\"itemListElement\":[{\"@type\":\"ListItem\",\"position\":1,\"name\":\"Home\",\"item\":\"https:\/\/www.mpppst.gob.ve\/mpppstweb\/\"},{\"@type\":\"ListItem\",\"position\":2,\"name\":\"Presidente Nicol\u00e1s Maduro: \u201cHe trabajado estos 4 a\u00f1os en el di\u00e1logo por la Paz\u201d\"}]},{\"@type\":\"WebSite\",\"@id\":\"https:\/\/www.mpppst.gob.ve\/mpppstweb\/#website\",\"url\":\"https:\/\/www.mpppst.gob.ve\/mpppstweb\/\",\"name\":\"MPPPST\",\"description\":\"Ministerio del Poder Popular para el Proceso Social de Trabajo\",\"publisher\":{\"@id\":\"https:\/\/www.mpppst.gob.ve\/mpppstweb\/#organization\"},\"potentialAction\":[{\"@type\":\"SearchAction\",\"target\":{\"@type\":\"EntryPoint\",\"urlTemplate\":\"https:\/\/www.mpppst.gob.ve\/mpppstweb\/?s={search_term_string}\"},\"query-input\":\"required name=search_term_string\"}],\"inLanguage\":\"es\"},{\"@type\":\"Organization\",\"@id\":\"https:\/\/www.mpppst.gob.ve\/mpppstweb\/#organization\",\"name\":\"mpppst\",\"url\":\"https:\/\/www.mpppst.gob.ve\/mpppstweb\/\",\"logo\":{\"@type\":\"ImageObject\",\"inLanguage\":\"es\",\"@id\":\"https:\/\/www.mpppst.gob.ve\/mpppstweb\/#\/schema\/logo\/image\/\",\"url\":\"https:\/\/www.mpppst.gob.ve\/mpppstweb\/wp-content\/uploads\/2025\/07\/cropped-cropped-g910.png\",\"contentUrl\":\"https:\/\/www.mpppst.gob.ve\/mpppstweb\/wp-content\/uploads\/2025\/07\/cropped-cropped-g910.png\",\"width\":1080,\"height\":241,\"caption\":\"mpppst\"},\"image\":{\"@id\":\"https:\/\/www.mpppst.gob.ve\/mpppstweb\/#\/schema\/logo\/image\/\"}},{\"@type\":\"Person\",\"@id\":\"https:\/\/www.mpppst.gob.ve\/mpppstweb\/#\/schema\/person\/fc187ee8ead412bd4c9304b62f900ea4\",\"name\":\"MPPPST Prensa\",\"url\":\"https:\/\/www.mpppst.gob.ve\/mpppstweb\/index.php\/author\/prensa-mpppst\/\"}]}<\/script>\n<!-- \/ Yoast SEO plugin. -->","yoast_head_json":{"title":"Presidente Nicol\u00e1s Maduro: \u201cHe trabajado estos 4 a\u00f1os en el di\u00e1logo por la Paz\u201d - MPPPST","robots":{"index":"index","follow":"follow","max-snippet":"max-snippet:-1","max-image-preview":"max-image-preview:large","max-video-preview":"max-video-preview:-1"},"canonical":"https:\/\/www.mpppst.gob.ve\/mpppstweb\/index.php\/2017\/05\/30\/presidente-nicolas-maduro-he-trabajado-estos-4-anos-en-el-dialogo-por-la-paz\/","og_locale":"es_ES","og_type":"article","og_title":"Presidente Nicol\u00e1s Maduro: \u201cHe trabajado estos 4 a\u00f1os en el di\u00e1logo por la Paz\u201d - MPPPST","og_description":"Minci \u201cMe he dedicado estos cuatros a\u00f1os a trabajar, impulsar y concretar el di\u00e1logo por la &hellip; Presidente Nicol\u00e1s Maduro: \u201cHe trabajado estos 4 a\u00f1os en el di\u00e1logo por la Paz\u201dRead more","og_url":"https:\/\/www.mpppst.gob.ve\/mpppstweb\/index.php\/2017\/05\/30\/presidente-nicolas-maduro-he-trabajado-estos-4-anos-en-el-dialogo-por-la-paz\/","og_site_name":"MPPPST","article_published_time":"2017-05-30T13:57:39+00:00","og_image":[{"width":800,"height":445,"url":"https:\/\/www.mpppst.gob.ve\/mpppstweb\/wp-content\/uploads\/2017\/05\/004_004_MG2763_P_W.jpg","type":"image\/jpeg"}],"author":"MPPPST Prensa","twitter_card":"summary_large_image","twitter_misc":{"Escrito por":"MPPPST Prensa","Tiempo de lectura":"1 minuto"},"schema":{"@context":"https:\/\/schema.org","@graph":[{"@type":"Article","@id":"https:\/\/www.mpppst.gob.ve\/mpppstweb\/index.php\/2017\/05\/30\/presidente-nicolas-maduro-he-trabajado-estos-4-anos-en-el-dialogo-por-la-paz\/#article","isPartOf":{"@id":"https:\/\/www.mpppst.gob.ve\/mpppstweb\/index.php\/2017\/05\/30\/presidente-nicolas-maduro-he-trabajado-estos-4-anos-en-el-dialogo-por-la-paz\/"},"author":{"name":"MPPPST Prensa","@id":"https:\/\/www.mpppst.gob.ve\/mpppstweb\/#\/schema\/person\/fc187ee8ead412bd4c9304b62f900ea4"},"headline":"Presidente Nicol\u00e1s Maduro: \u201cHe trabajado estos 4 a\u00f1os en el di\u00e1logo por la Paz\u201d","datePublished":"2017-05-30T13:57:39+00:00","dateModified":"2017-05-30T13:57:39+00:00","mainEntityOfPage":{"@id":"https:\/\/www.mpppst.gob.ve\/mpppstweb\/index.php\/2017\/05\/30\/presidente-nicolas-maduro-he-trabajado-estos-4-anos-en-el-dialogo-por-la-paz\/"},"wordCount":242,"publisher":{"@id":"https:\/\/www.mpppst.gob.ve\/mpppstweb\/#organization"},"image":{"@id":"https:\/\/www.mpppst.gob.ve\/mpppstweb\/index.php\/2017\/05\/30\/presidente-nicolas-maduro-he-trabajado-estos-4-anos-en-el-dialogo-por-la-paz\/#primaryimage"},"thumbnailUrl":"https:\/\/www.mpppst.gob.ve\/mpppstweb\/wp-content\/uploads\/2017\/05\/004_004_MG2763_P_W.jpg","keywords":["Gobierno Bolivariano","Presidente Maduro"],"articleSection":["Gobierno Nacional","Noticias","Vida Laboral y Sindical"],"inLanguage":"es"},{"@type":"WebPage","@id":"https:\/\/www.mpppst.gob.ve\/mpppstweb\/index.php\/2017\/05\/30\/presidente-nicolas-maduro-he-trabajado-estos-4-anos-en-el-dialogo-por-la-paz\/","url":"https:\/\/www.mpppst.gob.ve\/mpppstweb\/index.php\/2017\/05\/30\/presidente-nicolas-maduro-he-trabajado-estos-4-anos-en-el-dialogo-por-la-paz\/","name":"Presidente Nicol\u00e1s Maduro: \u201cHe trabajado estos 4 a\u00f1os en el di\u00e1logo por la Paz\u201d - MPPPST","isPartOf":{"@id":"https:\/\/www.mpppst.gob.ve\/mpppstweb\/#website"},"primaryImageOfPage":{"@id":"https:\/\/www.mpppst.gob.ve\/mpppstweb\/index.php\/2017\/05\/30\/presidente-nicolas-maduro-he-trabajado-estos-4-anos-en-el-dialogo-por-la-paz\/#primaryimage"},"image":{"@id":"https:\/\/www.mpppst.gob.ve\/mpppstweb\/index.php\/2017\/05\/30\/presidente-nicolas-maduro-he-trabajado-estos-4-anos-en-el-dialogo-por-la-paz\/#primaryimage"},"thumbnailUrl":"https:\/\/www.mpppst.gob.ve\/mpppstweb\/wp-content\/uploads\/2017\/05\/004_004_MG2763_P_W.jpg","datePublished":"2017-05-30T13:57:39+00:00","dateModified":"2017-05-30T13:57:39+00:00","breadcrumb":{"@id":"https:\/\/www.mpppst.gob.ve\/mpppstweb\/index.php\/2017\/05\/30\/presidente-nicolas-maduro-he-trabajado-estos-4-anos-en-el-dialogo-por-la-paz\/#breadcrumb"},"inLanguage":"es","potentialAction":[{"@type":"ReadAction","target":["https:\/\/www.mpppst.gob.ve\/mpppstweb\/index.php\/2017\/05\/30\/presidente-nicolas-maduro-he-trabajado-estos-4-anos-en-el-dialogo-por-la-paz\/"]}]},{"@type":"ImageObject","inLanguage":"es","@id":"https:\/\/www.mpppst.gob.ve\/mpppstweb\/index.php\/2017\/05\/30\/presidente-nicolas-maduro-he-trabajado-estos-4-anos-en-el-dialogo-por-la-paz\/#primaryimage","url":"https:\/\/www.mpppst.gob.ve\/mpppstweb\/wp-content\/uploads\/2017\/05\/004_004_MG2763_P_W.jpg","contentUrl":"https:\/\/www.mpppst.gob.ve\/mpppstweb\/wp-content\/uploads\/2017\/05\/004_004_MG2763_P_W.jpg","width":800,"height":445},{"@type":"BreadcrumbList","@id":"https:\/\/www.mpppst.gob.ve\/mpppstweb\/index.php\/2017\/05\/30\/presidente-nicolas-maduro-he-trabajado-estos-4-anos-en-el-dialogo-por-la-paz\/#breadcrumb","itemListElement":[{"@type":"ListItem","position":1,"name":"Home","item":"https:\/\/www.mpppst.gob.ve\/mpppstweb\/"},{"@type":"ListItem","position":2,"name":"Presidente Nicol\u00e1s Maduro: \u201cHe trabajado estos 4 a\u00f1os en el di\u00e1logo por la Paz\u201d"}]},{"@type":"WebSite","@id":"https:\/\/www.mpppst.gob.ve\/mpppstweb\/#website","url":"https:\/\/www.mpppst.gob.ve\/mpppstweb\/","name":"MPPPST","description":"Ministerio del Poder Popular para el Proceso Social de Trabajo","publisher":{"@id":"https:\/\/www.mpppst.gob.ve\/mpppstweb\/#organization"},"potentialAction":[{"@type":"SearchAction","target":{"@type":"EntryPoint","urlTemplate":"https:\/\/www.mpppst.gob.ve\/mpppstweb\/?s={search_term_string}"},"query-input":"required name=search_term_string"}],"inLanguage":"es"},{"@type":"Organization","@id":"https:\/\/www.mpppst.gob.ve\/mpppstweb\/#organization","name":"mpppst","url":"https:\/\/www.mpppst.gob.ve\/mpppstweb\/","logo":{"@type":"ImageObject","inLanguage":"es","@id":"https:\/\/www.mpppst.gob.ve\/mpppstweb\/#\/schema\/logo\/image\/","url":"https:\/\/www.mpppst.gob.ve\/mpppstweb\/wp-content\/uploads\/2025\/07\/cropped-cropped-g910.png","contentUrl":"https:\/\/www.mpppst.gob.ve\/mpppstweb\/wp-content\/uploads\/2025\/07\/cropped-cropped-g910.png","width":1080,"height":241,"caption":"mpppst"},"image":{"@id":"https:\/\/www.mpppst.gob.ve\/mpppstweb\/#\/schema\/logo\/image\/"}},{"@type":"Person","@id":"https:\/\/www.mpppst.gob.ve\/mpppstweb\/#\/schema\/person\/fc187ee8ead412bd4c9304b62f900ea4","name":"MPPPST Prensa","url":"https:\/\/www.mpppst.gob.ve\/mpppstweb\/index.php\/author\/prensa-mpppst\/"}]}},"_links":{"self":[{"href":"https:\/\/www.mpppst.gob.ve\/mpppstweb\/index.php\/wp-json\/wp\/v2\/posts\/11710"}],"collection":[{"href":"https:\/\/www.mpppst.gob.ve\/mpppstweb\/index.php\/wp-json\/wp\/v2\/posts"}],"about":[{"href":"https:\/\/www.mpppst.gob.ve\/mpppstweb\/index.php\/wp-json\/wp\/v2\/types\/post"}],"author":[{"embeddable":true,"href":"https:\/\/www.mpppst.gob.ve\/mpppstweb\/index.php\/wp-json\/wp\/v2\/users\/25"}],"replies":[{"embeddable":true,"href":"https:\/\/www.mpppst.gob.ve\/mpppstweb\/index.php\/wp-json\/wp\/v2\/comments?post=11710"}],"version-history":[{"count":1,"href":"https:\/\/www.mpppst.gob.ve\/mpppstweb\/index.php\/wp-json\/wp\/v2\/posts\/11710\/revisions"}],"predecessor-version":[{"id":11712,"href":"https:\/\/www.mpppst.gob.ve\/mpppstweb\/index.php\/wp-json\/wp\/v2\/posts\/11710\/revisions\/11712"}],"wp:featuredmedia":[{"embeddable":true,"href":"https:\/\/www.mpppst.gob.ve\/mpppstweb\/index.php\/wp-json\/wp\/v2\/media\/11711"}],"wp:attachment":[{"href":"https:\/\/www.mpppst.gob.ve\/mpppstweb\/index.php\/wp-json\/wp\/v2\/media?parent=11710"}],"wp:term":[{"taxonomy":"category","embeddable":true,"href":"https:\/\/www.mpppst.gob.ve\/mpppstweb\/index.php\/wp-json\/wp\/v2\/categories?post=11710"},{"taxonomy":"post_tag","embeddable":true,"href":"https:\/\/www.mpppst.gob.ve\/mpppstweb\/index.php\/wp-json\/wp\/v2\/tags?post=11710"}],"curies":[{"name":"wp","href":"https:\/\/api.w.org\/{rel}","templated":true}]}}