{"id":11717,"date":"2017-05-31T09:27:03","date_gmt":"2017-05-31T13:27:03","guid":{"rendered":"http:\/\/www.mpppst.gob.ve\/mpppstweb\/?p=11717"},"modified":"2017-05-31T09:27:03","modified_gmt":"2017-05-31T13:27:03","slug":"este-miercoles-comienza-proceso-de-registro-de-aspirantes-para-la-constituyente","status":"publish","type":"post","link":"https:\/\/www.mpppst.gob.ve\/mpppstweb\/index.php\/2017\/05\/31\/este-miercoles-comienza-proceso-de-registro-de-aspirantes-para-la-constituyente\/","title":{"rendered":"Este mi\u00e9rcoles comienza proceso de registro de aspirantes para la Constituyente"},"content":{"rendered":"<p>AVN.- Este mi\u00e9rcoles se activ\u00f3 el m\u00f3dulo web para iniciar el proceso de registro de los aspirantes que participar\u00e1n en el proceso constituyente, convocado el pasado 1\u00ba de mayo por el Ejecutivo Nacional.<\/p>\n<p>Para esta iniciativa, cuyos 364 miembros territoriales y 181 sectoriales ser\u00e1n electos a finales de julio, existen dos formas de postulaci\u00f3n: por iniciativa propia y mediante los grupos de electores, conformados por un n\u00famero no menor a cinco electores.<\/p>\n<p>M\u00e1s temprano, la presidenta del Consejo Nacional Electoral (CNE), Tibisay Lucena, detall\u00f3 que los aspirantes al proceso constituyente deben ingresar al portal web del Poder Electoral, http:\/\/www.cne.gov.ve\/web\/index.php, donde se habilitar\u00e1 un aviso para las postulaciones territoriales y sectoriales.<\/p>\n<p>Posteriormente, se ingresar\u00e1 al sistema, en el que se deber\u00e1 colocar usuario y contrase\u00f1a. Luego de aceptar, habr\u00e1 una pantalla para crear la solicitud y se generar\u00e1 la postulaci\u00f3n.<\/p>\n<p>Tras este paso, se deber\u00e1n registrar usuario y su nombre, apellido y el tipo de elecci\u00f3n. De ser sectorial, es necesario indicar el sector por el cual est\u00e1 interesado participar; mientras que para el \u00e1mbito territorial, los interesados deber\u00e1n descargar una planilla en la que se indicar\u00e1 el proceso de respaldo del 3% de las firmas correspondientes a su municipio.<\/p>\n<p>Para participar se debe cumplir con los siguientes requisitos:<\/p>\n<p>-Ser venezolano, sin otra nacionalidad.<\/p>\n<p>-Ser mayor de 18 a\u00f1os de edad.<\/p>\n<p>-Haber residido cinco a\u00f1os en la entidad por la cual se postula.<\/p>\n<p>&#8211; Estar inscrito en el Registro Electoral.<\/p>\n<p>&#8211; Presentar constancia del postulado de pertenecer al sector postulante (en caso de ser postulante para el \u00e1mbito sectorial).<\/p>\n","protected":false},"excerpt":{"rendered":"<p>AVN.- Este mi\u00e9rcoles se activ\u00f3 el m\u00f3dulo web para iniciar el proceso de registro de los &hellip; <a title=\"Este mi\u00e9rcoles comienza proceso de registro de aspirantes para la Constituyente\" class=\"hm-read-more\" href=\"https:\/\/www.mpppst.gob.ve\/mpppstweb\/index.php\/2017\/05\/31\/este-miercoles-comienza-proceso-de-registro-de-aspirantes-para-la-constituyente\/\"><span class=\"screen-reader-text\">Este mi\u00e9rcoles comienza proceso de registro de aspirantes para la Constituyente<\/span>Read more<\/a><\/p>\n","protected":false},"author":25,"featured_media":11718,"comment_status":"closed","ping_status":"closed","sticky":false,"template":"","format":"standard","meta":{"footnotes":""},"categories":[82,163],"tags":[393,384,222],"yoast_head":"<!-- This site is optimized with the Yoast SEO plugin v22.5 - https:\/\/yoast.com\/wordpress\/plugins\/seo\/ -->\n<title>Este mi\u00e9rcoles comienza proceso de registro de aspirantes para la Constituyente - MPPPST<\/title>\n<meta name=\"robots\" content=\"index, follow, max-snippet:-1, max-image-preview:large, max-video-preview:-1\" \/>\n<link rel=\"canonical\" href=\"https:\/\/www.mpppst.gob.ve\/mpppstweb\/index.php\/2017\/05\/31\/este-miercoles-comienza-proceso-de-registro-de-aspirantes-para-la-constituyente\/\" \/>\n<meta property=\"og:locale\" content=\"es_ES\" \/>\n<meta property=\"og:type\" content=\"article\" \/>\n<meta property=\"og:title\" content=\"Este mi\u00e9rcoles comienza proceso de registro de aspirantes para la Constituyente - MPPPST\" \/>\n<meta property=\"og:description\" content=\"AVN.- Este mi\u00e9rcoles se activ\u00f3 el m\u00f3dulo web para iniciar el proceso de registro de los &hellip; Este mi\u00e9rcoles comienza proceso de registro de aspirantes para la ConstituyenteRead more\" \/>\n<meta property=\"og:url\" content=\"https:\/\/www.mpppst.gob.ve\/mpppstweb\/index.php\/2017\/05\/31\/este-miercoles-comienza-proceso-de-registro-de-aspirantes-para-la-constituyente\/\" \/>\n<meta property=\"og:site_name\" content=\"MPPPST\" \/>\n<meta property=\"article:published_time\" content=\"2017-05-31T13:27:03+00:00\" \/>\n<meta property=\"og:image\" content=\"https:\/\/www.mpppst.gob.ve\/mpppstweb\/wp-content\/uploads\/2017\/05\/CNE-1.jpg\" \/>\n\t<meta property=\"og:image:width\" content=\"800\" \/>\n\t<meta property=\"og:image:height\" content=\"445\" \/>\n\t<meta property=\"og:image:type\" content=\"image\/jpeg\" \/>\n<meta name=\"author\" content=\"MPPPST Prensa\" \/>\n<meta name=\"twitter:card\" content=\"summary_large_image\" \/>\n<meta name=\"twitter:label1\" content=\"Escrito por\" \/>\n\t<meta name=\"twitter:data1\" content=\"MPPPST Prensa\" \/>\n\t<meta name=\"twitter:label2\" content=\"Tiempo de lectura\" \/>\n\t<meta name=\"twitter:data2\" content=\"1 minuto\" \/>\n<script type=\"application\/ld+json\" class=\"yoast-schema-graph\">{\"@context\":\"https:\/\/schema.org\",\"@graph\":[{\"@type\":\"Article\",\"@id\":\"https:\/\/www.mpppst.gob.ve\/mpppstweb\/index.php\/2017\/05\/31\/este-miercoles-comienza-proceso-de-registro-de-aspirantes-para-la-constituyente\/#article\",\"isPartOf\":{\"@id\":\"https:\/\/www.mpppst.gob.ve\/mpppstweb\/index.php\/2017\/05\/31\/este-miercoles-comienza-proceso-de-registro-de-aspirantes-para-la-constituyente\/\"},\"author\":{\"name\":\"MPPPST Prensa\",\"@id\":\"https:\/\/www.mpppst.gob.ve\/mpppstweb\/#\/schema\/person\/fc187ee8ead412bd4c9304b62f900ea4\"},\"headline\":\"Este mi\u00e9rcoles comienza proceso de registro de aspirantes para la Constituyente\",\"datePublished\":\"2017-05-31T13:27:03+00:00\",\"dateModified\":\"2017-05-31T13:27:03+00:00\",\"mainEntityOfPage\":{\"@id\":\"https:\/\/www.mpppst.gob.ve\/mpppstweb\/index.php\/2017\/05\/31\/este-miercoles-comienza-proceso-de-registro-de-aspirantes-para-la-constituyente\/\"},\"wordCount\":287,\"publisher\":{\"@id\":\"https:\/\/www.mpppst.gob.ve\/mpppstweb\/#organization\"},\"image\":{\"@id\":\"https:\/\/www.mpppst.gob.ve\/mpppstweb\/index.php\/2017\/05\/31\/este-miercoles-comienza-proceso-de-registro-de-aspirantes-para-la-constituyente\/#primaryimage\"},\"thumbnailUrl\":\"https:\/\/www.mpppst.gob.ve\/mpppstweb\/wp-content\/uploads\/2017\/05\/CNE-1.jpg\",\"keywords\":[\"CNE\",\"Constituyente\",\"Gobierno Bolivariano\"],\"articleSection\":[\"Gobierno Nacional\",\"Noticias\"],\"inLanguage\":\"es\"},{\"@type\":\"WebPage\",\"@id\":\"https:\/\/www.mpppst.gob.ve\/mpppstweb\/index.php\/2017\/05\/31\/este-miercoles-comienza-proceso-de-registro-de-aspirantes-para-la-constituyente\/\",\"url\":\"https:\/\/www.mpppst.gob.ve\/mpppstweb\/index.php\/2017\/05\/31\/este-miercoles-comienza-proceso-de-registro-de-aspirantes-para-la-constituyente\/\",\"name\":\"Este mi\u00e9rcoles comienza proceso de registro de aspirantes para la Constituyente - MPPPST\",\"isPartOf\":{\"@id\":\"https:\/\/www.mpppst.gob.ve\/mpppstweb\/#website\"},\"primaryImageOfPage\":{\"@id\":\"https:\/\/www.mpppst.gob.ve\/mpppstweb\/index.php\/2017\/05\/31\/este-miercoles-comienza-proceso-de-registro-de-aspirantes-para-la-constituyente\/#primaryimage\"},\"image\":{\"@id\":\"https:\/\/www.mpppst.gob.ve\/mpppstweb\/index.php\/2017\/05\/31\/este-miercoles-comienza-proceso-de-registro-de-aspirantes-para-la-constituyente\/#primaryimage\"},\"thumbnailUrl\":\"https:\/\/www.mpppst.gob.ve\/mpppstweb\/wp-content\/uploads\/2017\/05\/CNE-1.jpg\",\"datePublished\":\"2017-05-31T13:27:03+00:00\",\"dateModified\":\"2017-05-31T13:27:03+00:00\",\"breadcrumb\":{\"@id\":\"https:\/\/www.mpppst.gob.ve\/mpppstweb\/index.php\/2017\/05\/31\/este-miercoles-comienza-proceso-de-registro-de-aspirantes-para-la-constituyente\/#breadcrumb\"},\"inLanguage\":\"es\",\"potentialAction\":[{\"@type\":\"ReadAction\",\"target\":[\"https:\/\/www.mpppst.gob.ve\/mpppstweb\/index.php\/2017\/05\/31\/este-miercoles-comienza-proceso-de-registro-de-aspirantes-para-la-constituyente\/\"]}]},{\"@type\":\"ImageObject\",\"inLanguage\":\"es\",\"@id\":\"https:\/\/www.mpppst.gob.ve\/mpppstweb\/index.php\/2017\/05\/31\/este-miercoles-comienza-proceso-de-registro-de-aspirantes-para-la-constituyente\/#primaryimage\",\"url\":\"https:\/\/www.mpppst.gob.ve\/mpppstweb\/wp-content\/uploads\/2017\/05\/CNE-1.jpg\",\"contentUrl\":\"https:\/\/www.mpppst.gob.ve\/mpppstweb\/wp-content\/uploads\/2017\/05\/CNE-1.jpg\",\"width\":800,\"height\":445},{\"@type\":\"BreadcrumbList\",\"@id\":\"https:\/\/www.mpppst.gob.ve\/mpppstweb\/index.php\/2017\/05\/31\/este-miercoles-comienza-proceso-de-registro-de-aspirantes-para-la-constituyente\/#breadcrumb\",\"itemListElement\":[{\"@type\":\"ListItem\",\"position\":1,\"name\":\"Home\",\"item\":\"https:\/\/www.mpppst.gob.ve\/mpppstweb\/\"},{\"@type\":\"ListItem\",\"position\":2,\"name\":\"Este mi\u00e9rcoles comienza proceso de registro de aspirantes para la Constituyente\"}]},{\"@type\":\"WebSite\",\"@id\":\"https:\/\/www.mpppst.gob.ve\/mpppstweb\/#website\",\"url\":\"https:\/\/www.mpppst.gob.ve\/mpppstweb\/\",\"name\":\"MPPPST\",\"description\":\"Ministerio del Poder Popular para el Proceso Social de Trabajo\",\"publisher\":{\"@id\":\"https:\/\/www.mpppst.gob.ve\/mpppstweb\/#organization\"},\"potentialAction\":[{\"@type\":\"SearchAction\",\"target\":{\"@type\":\"EntryPoint\",\"urlTemplate\":\"https:\/\/www.mpppst.gob.ve\/mpppstweb\/?s={search_term_string}\"},\"query-input\":\"required name=search_term_string\"}],\"inLanguage\":\"es\"},{\"@type\":\"Organization\",\"@id\":\"https:\/\/www.mpppst.gob.ve\/mpppstweb\/#organization\",\"name\":\"mpppst\",\"url\":\"https:\/\/www.mpppst.gob.ve\/mpppstweb\/\",\"logo\":{\"@type\":\"ImageObject\",\"inLanguage\":\"es\",\"@id\":\"https:\/\/www.mpppst.gob.ve\/mpppstweb\/#\/schema\/logo\/image\/\",\"url\":\"https:\/\/www.mpppst.gob.ve\/mpppstweb\/wp-content\/uploads\/2025\/07\/cropped-cropped-g910.png\",\"contentUrl\":\"https:\/\/www.mpppst.gob.ve\/mpppstweb\/wp-content\/uploads\/2025\/07\/cropped-cropped-g910.png\",\"width\":1080,\"height\":241,\"caption\":\"mpppst\"},\"image\":{\"@id\":\"https:\/\/www.mpppst.gob.ve\/mpppstweb\/#\/schema\/logo\/image\/\"}},{\"@type\":\"Person\",\"@id\":\"https:\/\/www.mpppst.gob.ve\/mpppstweb\/#\/schema\/person\/fc187ee8ead412bd4c9304b62f900ea4\",\"name\":\"MPPPST Prensa\",\"url\":\"https:\/\/www.mpppst.gob.ve\/mpppstweb\/index.php\/author\/prensa-mpppst\/\"}]}<\/script>\n<!-- \/ Yoast SEO plugin. -->","yoast_head_json":{"title":"Este mi\u00e9rcoles comienza proceso de registro de aspirantes para la Constituyente - MPPPST","robots":{"index":"index","follow":"follow","max-snippet":"max-snippet:-1","max-image-preview":"max-image-preview:large","max-video-preview":"max-video-preview:-1"},"canonical":"https:\/\/www.mpppst.gob.ve\/mpppstweb\/index.php\/2017\/05\/31\/este-miercoles-comienza-proceso-de-registro-de-aspirantes-para-la-constituyente\/","og_locale":"es_ES","og_type":"article","og_title":"Este mi\u00e9rcoles comienza proceso de registro de aspirantes para la Constituyente - MPPPST","og_description":"AVN.- Este mi\u00e9rcoles se activ\u00f3 el m\u00f3dulo web para iniciar el proceso de registro de los &hellip; Este mi\u00e9rcoles comienza proceso de registro de aspirantes para la ConstituyenteRead more","og_url":"https:\/\/www.mpppst.gob.ve\/mpppstweb\/index.php\/2017\/05\/31\/este-miercoles-comienza-proceso-de-registro-de-aspirantes-para-la-constituyente\/","og_site_name":"MPPPST","article_published_time":"2017-05-31T13:27:03+00:00","og_image":[{"width":800,"height":445,"url":"https:\/\/www.mpppst.gob.ve\/mpppstweb\/wp-content\/uploads\/2017\/05\/CNE-1.jpg","type":"image\/jpeg"}],"author":"MPPPST Prensa","twitter_card":"summary_large_image","twitter_misc":{"Escrito por":"MPPPST Prensa","Tiempo de lectura":"1 minuto"},"schema":{"@context":"https:\/\/schema.org","@graph":[{"@type":"Article","@id":"https:\/\/www.mpppst.gob.ve\/mpppstweb\/index.php\/2017\/05\/31\/este-miercoles-comienza-proceso-de-registro-de-aspirantes-para-la-constituyente\/#article","isPartOf":{"@id":"https:\/\/www.mpppst.gob.ve\/mpppstweb\/index.php\/2017\/05\/31\/este-miercoles-comienza-proceso-de-registro-de-aspirantes-para-la-constituyente\/"},"author":{"name":"MPPPST Prensa","@id":"https:\/\/www.mpppst.gob.ve\/mpppstweb\/#\/schema\/person\/fc187ee8ead412bd4c9304b62f900ea4"},"headline":"Este mi\u00e9rcoles comienza proceso de registro de aspirantes para la Constituyente","datePublished":"2017-05-31T13:27:03+00:00","dateModified":"2017-05-31T13:27:03+00:00","mainEntityOfPage":{"@id":"https:\/\/www.mpppst.gob.ve\/mpppstweb\/index.php\/2017\/05\/31\/este-miercoles-comienza-proceso-de-registro-de-aspirantes-para-la-constituyente\/"},"wordCount":287,"publisher":{"@id":"https:\/\/www.mpppst.gob.ve\/mpppstweb\/#organization"},"image":{"@id":"https:\/\/www.mpppst.gob.ve\/mpppstweb\/index.php\/2017\/05\/31\/este-miercoles-comienza-proceso-de-registro-de-aspirantes-para-la-constituyente\/#primaryimage"},"thumbnailUrl":"https:\/\/www.mpppst.gob.ve\/mpppstweb\/wp-content\/uploads\/2017\/05\/CNE-1.jpg","keywords":["CNE","Constituyente","Gobierno Bolivariano"],"articleSection":["Gobierno Nacional","Noticias"],"inLanguage":"es"},{"@type":"WebPage","@id":"https:\/\/www.mpppst.gob.ve\/mpppstweb\/index.php\/2017\/05\/31\/este-miercoles-comienza-proceso-de-registro-de-aspirantes-para-la-constituyente\/","url":"https:\/\/www.mpppst.gob.ve\/mpppstweb\/index.php\/2017\/05\/31\/este-miercoles-comienza-proceso-de-registro-de-aspirantes-para-la-constituyente\/","name":"Este mi\u00e9rcoles comienza proceso de registro de aspirantes para la Constituyente - MPPPST","isPartOf":{"@id":"https:\/\/www.mpppst.gob.ve\/mpppstweb\/#website"},"primaryImageOfPage":{"@id":"https:\/\/www.mpppst.gob.ve\/mpppstweb\/index.php\/2017\/05\/31\/este-miercoles-comienza-proceso-de-registro-de-aspirantes-para-la-constituyente\/#primaryimage"},"image":{"@id":"https:\/\/www.mpppst.gob.ve\/mpppstweb\/index.php\/2017\/05\/31\/este-miercoles-comienza-proceso-de-registro-de-aspirantes-para-la-constituyente\/#primaryimage"},"thumbnailUrl":"https:\/\/www.mpppst.gob.ve\/mpppstweb\/wp-content\/uploads\/2017\/05\/CNE-1.jpg","datePublished":"2017-05-31T13:27:03+00:00","dateModified":"2017-05-31T13:27:03+00:00","breadcrumb":{"@id":"https:\/\/www.mpppst.gob.ve\/mpppstweb\/index.php\/2017\/05\/31\/este-miercoles-comienza-proceso-de-registro-de-aspirantes-para-la-constituyente\/#breadcrumb"},"inLanguage":"es","potentialAction":[{"@type":"ReadAction","target":["https:\/\/www.mpppst.gob.ve\/mpppstweb\/index.php\/2017\/05\/31\/este-miercoles-comienza-proceso-de-registro-de-aspirantes-para-la-constituyente\/"]}]},{"@type":"ImageObject","inLanguage":"es","@id":"https:\/\/www.mpppst.gob.ve\/mpppstweb\/index.php\/2017\/05\/31\/este-miercoles-comienza-proceso-de-registro-de-aspirantes-para-la-constituyente\/#primaryimage","url":"https:\/\/www.mpppst.gob.ve\/mpppstweb\/wp-content\/uploads\/2017\/05\/CNE-1.jpg","contentUrl":"https:\/\/www.mpppst.gob.ve\/mpppstweb\/wp-content\/uploads\/2017\/05\/CNE-1.jpg","width":800,"height":445},{"@type":"BreadcrumbList","@id":"https:\/\/www.mpppst.gob.ve\/mpppstweb\/index.php\/2017\/05\/31\/este-miercoles-comienza-proceso-de-registro-de-aspirantes-para-la-constituyente\/#breadcrumb","itemListElement":[{"@type":"ListItem","position":1,"name":"Home","item":"https:\/\/www.mpppst.gob.ve\/mpppstweb\/"},{"@type":"ListItem","position":2,"name":"Este mi\u00e9rcoles comienza proceso de registro de aspirantes para la Constituyente"}]},{"@type":"WebSite","@id":"https:\/\/www.mpppst.gob.ve\/mpppstweb\/#website","url":"https:\/\/www.mpppst.gob.ve\/mpppstweb\/","name":"MPPPST","description":"Ministerio del Poder Popular para el Proceso Social de Trabajo","publisher":{"@id":"https:\/\/www.mpppst.gob.ve\/mpppstweb\/#organization"},"potentialAction":[{"@type":"SearchAction","target":{"@type":"EntryPoint","urlTemplate":"https:\/\/www.mpppst.gob.ve\/mpppstweb\/?s={search_term_string}"},"query-input":"required name=search_term_string"}],"inLanguage":"es"},{"@type":"Organization","@id":"https:\/\/www.mpppst.gob.ve\/mpppstweb\/#organization","name":"mpppst","url":"https:\/\/www.mpppst.gob.ve\/mpppstweb\/","logo":{"@type":"ImageObject","inLanguage":"es","@id":"https:\/\/www.mpppst.gob.ve\/mpppstweb\/#\/schema\/logo\/image\/","url":"https:\/\/www.mpppst.gob.ve\/mpppstweb\/wp-content\/uploads\/2025\/07\/cropped-cropped-g910.png","contentUrl":"https:\/\/www.mpppst.gob.ve\/mpppstweb\/wp-content\/uploads\/2025\/07\/cropped-cropped-g910.png","width":1080,"height":241,"caption":"mpppst"},"image":{"@id":"https:\/\/www.mpppst.gob.ve\/mpppstweb\/#\/schema\/logo\/image\/"}},{"@type":"Person","@id":"https:\/\/www.mpppst.gob.ve\/mpppstweb\/#\/schema\/person\/fc187ee8ead412bd4c9304b62f900ea4","name":"MPPPST Prensa","url":"https:\/\/www.mpppst.gob.ve\/mpppstweb\/index.php\/author\/prensa-mpppst\/"}]}},"_links":{"self":[{"href":"https:\/\/www.mpppst.gob.ve\/mpppstweb\/index.php\/wp-json\/wp\/v2\/posts\/11717"}],"collection":[{"href":"https:\/\/www.mpppst.gob.ve\/mpppstweb\/index.php\/wp-json\/wp\/v2\/posts"}],"about":[{"href":"https:\/\/www.mpppst.gob.ve\/mpppstweb\/index.php\/wp-json\/wp\/v2\/types\/post"}],"author":[{"embeddable":true,"href":"https:\/\/www.mpppst.gob.ve\/mpppstweb\/index.php\/wp-json\/wp\/v2\/users\/25"}],"replies":[{"embeddable":true,"href":"https:\/\/www.mpppst.gob.ve\/mpppstweb\/index.php\/wp-json\/wp\/v2\/comments?post=11717"}],"version-history":[{"count":1,"href":"https:\/\/www.mpppst.gob.ve\/mpppstweb\/index.php\/wp-json\/wp\/v2\/posts\/11717\/revisions"}],"predecessor-version":[{"id":11719,"href":"https:\/\/www.mpppst.gob.ve\/mpppstweb\/index.php\/wp-json\/wp\/v2\/posts\/11717\/revisions\/11719"}],"wp:featuredmedia":[{"embeddable":true,"href":"https:\/\/www.mpppst.gob.ve\/mpppstweb\/index.php\/wp-json\/wp\/v2\/media\/11718"}],"wp:attachment":[{"href":"https:\/\/www.mpppst.gob.ve\/mpppstweb\/index.php\/wp-json\/wp\/v2\/media?parent=11717"}],"wp:term":[{"taxonomy":"category","embeddable":true,"href":"https:\/\/www.mpppst.gob.ve\/mpppstweb\/index.php\/wp-json\/wp\/v2\/categories?post=11717"},{"taxonomy":"post_tag","embeddable":true,"href":"https:\/\/www.mpppst.gob.ve\/mpppstweb\/index.php\/wp-json\/wp\/v2\/tags?post=11717"}],"curies":[{"name":"wp","href":"https:\/\/api.w.org\/{rel}","templated":true}]}}