{"id":11720,"date":"2017-05-31T09:35:28","date_gmt":"2017-05-31T13:35:28","guid":{"rendered":"http:\/\/www.mpppst.gob.ve\/mpppstweb\/?p=11720"},"modified":"2017-05-31T09:35:28","modified_gmt":"2017-05-31T13:35:28","slug":"presidente-maduro-la-anc-es-profundamente-popular-y-ciudadana","status":"publish","type":"post","link":"https:\/\/www.mpppst.gob.ve\/mpppstweb\/index.php\/2017\/05\/31\/presidente-maduro-la-anc-es-profundamente-popular-y-ciudadana\/","title":{"rendered":"Presidente Maduro: La ANC es profundamente popular y ciudadana"},"content":{"rendered":"<p>AVN.- El presidente de la Rep\u00fablica, Nicol\u00e1s Maduro, reafirm\u00f3 este martes que la Asamblea Nacional Constituyente (ANC) es profundamente popular y ciudadana, para blindar los logros sociales alcanzados en Revoluci\u00f3n Bolivariana y consolidar el desarrollo de la naci\u00f3n.<\/p>\n<p>\u00abEs una constituyente profundamente ciudadana, profundamente popular; una constituyente para generar un gran cambio en el pa\u00eds\u00bb, expres\u00f3 el jefe de Estado durante contacto televisivo para VTV, desde el Palacio de Miraflores, donde sostuvo un encuentro con los integrantes del Comando Constituyente Zamora 200.<\/p>\n<p>El Presidente Maduro indic\u00f3 que esta el Comando Constituyente Zamora 200 es una instancia \u00abdel m\u00e1s alto nivel para dirigir el proceso popular Constituyente en todo las fases, que nos deben llevar a la Asamblea Nacional Constituyente para la regeneraci\u00f3n de la bases de paz y de convivencia de nuestra patria en medio de una gran conspiraci\u00f3n imperialista\u00bb.<\/p>\n<p>Este comando est\u00e1 compuesto por cinco frentes: Gobierno de Calle Constituyente, dirigido por\u00a0Tareck El Aissami y Carmen Melendez; Organizaci\u00f3n de la Estructura y Maquinar\u00eda Pol\u00edtica Electoral, conducido Diosdado Cabello y \u00c9rika Far\u00eda;\u00a0Estrategia y Propaganda, coordinado por Tania D\u00edaz y Jorge Rodr\u00edguez;\u00a0Movilizaci\u00f3n Permanente, liderado por Dar\u00edo Vivas y Gladys Requena\u00a0y el Frente de los Movimientos Sociales, encabezado por\u00a0H\u00e9ctor Rodr\u00edguez y Blanca Eekhout.<\/p>\n<p>En su alocuci\u00f3n el Mandatario conden\u00f3 los actos terroristas que han ejecutados escuadras sediciosas que organizan y financian algunos voceros extremistas de la derecha y que se imponen ante los dem\u00e1s voceros de oposici\u00f3n.<\/p>\n<p>La oposici\u00f3n est\u00e1 \u00absecuestrada por los sectores extremistas violentos de la ultra de derecha, que han llevado hasta m\u00e1s all\u00e1 (&#8230;) el l\u00edmite del odio, la intolerancia, la violencia\u00bb.<\/p>\n<p>Por tal raz\u00f3n insistir\u00e1 en el proceso Constituyente como espacio de di\u00e1logo con todos los sectores. \u00abSolo en un gran di\u00e1logo es posible lograr una Constituyente que de verdad represente a nuestro pueblo, se ha abierto un gran debate de ideas\u00bb, enfatiz\u00f3.<\/p>\n<p>Adem\u00e1s, record\u00f3 que este mi\u00e9rcoles 31 de mayo y jueves 1 de junio se har\u00e1 el registro de postulantes a la ANC, a trav\u00e9s del Consejo Nacional Electoral en su portal web.<\/p>\n<p>En este proceso se elegir\u00e1n 545 constituyentes, de los que 364 ser\u00e1n en \u00e1mbito territorial y 181 por sectores, divididos en campesinos y pescadores, comunas y consejos comunales, estudiantes, pensionados, empresarios, pueblos ind\u00edgenas y la comunidad de personas con alguna discapacidad f\u00edsica.<\/p>\n<p>La Constituyente, convocada de acuerdo con los art\u00edculos 347 y 348 de la Carta Magna, tendr\u00e1 nueve objetivos: la paz nacional, el perfeccionamiento del sistema econ\u00f3mico, constitucionalizar las misiones sociales, el fortalecimiento del sistema de justicia, la lucha contra el terrorismo y el narcotr\u00e1fico; las nuevas formas de la democracia participativa y protag\u00f3nica; la defensa de la soberan\u00eda, la integridad de la naci\u00f3n y el rechazo al intervencionismo; el car\u00e1cter pluricultural del pa\u00eds; la garant\u00eda de futuro y la preservaci\u00f3n de la vida en el planeta.<\/p>\n<p>En la reuni\u00f3n tambi\u00e9n participaron los integrantes de la Comisi\u00f3n Presidencial de la Constituyente, Ad\u00e1n Ch\u00e1vez y El\u00edas Jaua y el coordinador del\u00a0Comando especial de seguridad antiterrorista del Comando Constituyente Zamora 200,\u00a0Gustavo Gonz\u00e1lez L\u00f3pez.<\/p>\n","protected":false},"excerpt":{"rendered":"<p>AVN.- El presidente de la Rep\u00fablica, Nicol\u00e1s Maduro, reafirm\u00f3 este martes que la Asamblea Nacional Constituyente &hellip; <a title=\"Presidente Maduro: La ANC es profundamente popular y ciudadana\" class=\"hm-read-more\" href=\"https:\/\/www.mpppst.gob.ve\/mpppstweb\/index.php\/2017\/05\/31\/presidente-maduro-la-anc-es-profundamente-popular-y-ciudadana\/\"><span class=\"screen-reader-text\">Presidente Maduro: La ANC es profundamente popular y ciudadana<\/span>Read more<\/a><\/p>\n","protected":false},"author":25,"featured_media":11721,"comment_status":"closed","ping_status":"closed","sticky":false,"template":"","format":"standard","meta":{"footnotes":""},"categories":[82,163,213],"tags":[222],"yoast_head":"<!-- This site is optimized with the Yoast SEO plugin v22.5 - https:\/\/yoast.com\/wordpress\/plugins\/seo\/ -->\n<title>Presidente Maduro: La ANC es profundamente popular y ciudadana - MPPPST<\/title>\n<meta name=\"robots\" content=\"index, follow, max-snippet:-1, max-image-preview:large, max-video-preview:-1\" \/>\n<link rel=\"canonical\" href=\"https:\/\/www.mpppst.gob.ve\/mpppstweb\/index.php\/2017\/05\/31\/presidente-maduro-la-anc-es-profundamente-popular-y-ciudadana\/\" \/>\n<meta property=\"og:locale\" content=\"es_ES\" \/>\n<meta property=\"og:type\" content=\"article\" \/>\n<meta property=\"og:title\" content=\"Presidente Maduro: La ANC es profundamente popular y ciudadana - MPPPST\" \/>\n<meta property=\"og:description\" content=\"AVN.- El presidente de la Rep\u00fablica, Nicol\u00e1s Maduro, reafirm\u00f3 este martes que la Asamblea Nacional Constituyente &hellip; Presidente Maduro: La ANC es profundamente popular y ciudadanaRead more\" \/>\n<meta property=\"og:url\" content=\"https:\/\/www.mpppst.gob.ve\/mpppstweb\/index.php\/2017\/05\/31\/presidente-maduro-la-anc-es-profundamente-popular-y-ciudadana\/\" \/>\n<meta property=\"og:site_name\" content=\"MPPPST\" \/>\n<meta property=\"article:published_time\" content=\"2017-05-31T13:35:28+00:00\" \/>\n<meta property=\"og:image\" content=\"https:\/\/www.mpppst.gob.ve\/mpppstweb\/wp-content\/uploads\/2017\/05\/ANC-1.jpg\" \/>\n\t<meta property=\"og:image:width\" content=\"800\" \/>\n\t<meta property=\"og:image:height\" content=\"445\" \/>\n\t<meta property=\"og:image:type\" content=\"image\/jpeg\" \/>\n<meta name=\"author\" content=\"MPPPST Prensa\" \/>\n<meta name=\"twitter:card\" content=\"summary_large_image\" \/>\n<meta name=\"twitter:label1\" content=\"Escrito por\" \/>\n\t<meta name=\"twitter:data1\" content=\"MPPPST Prensa\" \/>\n\t<meta name=\"twitter:label2\" content=\"Tiempo de lectura\" \/>\n\t<meta name=\"twitter:data2\" content=\"3 minutos\" \/>\n<script type=\"application\/ld+json\" class=\"yoast-schema-graph\">{\"@context\":\"https:\/\/schema.org\",\"@graph\":[{\"@type\":\"Article\",\"@id\":\"https:\/\/www.mpppst.gob.ve\/mpppstweb\/index.php\/2017\/05\/31\/presidente-maduro-la-anc-es-profundamente-popular-y-ciudadana\/#article\",\"isPartOf\":{\"@id\":\"https:\/\/www.mpppst.gob.ve\/mpppstweb\/index.php\/2017\/05\/31\/presidente-maduro-la-anc-es-profundamente-popular-y-ciudadana\/\"},\"author\":{\"name\":\"MPPPST Prensa\",\"@id\":\"https:\/\/www.mpppst.gob.ve\/mpppstweb\/#\/schema\/person\/fc187ee8ead412bd4c9304b62f900ea4\"},\"headline\":\"Presidente Maduro: La ANC es profundamente popular y ciudadana\",\"datePublished\":\"2017-05-31T13:35:28+00:00\",\"dateModified\":\"2017-05-31T13:35:28+00:00\",\"mainEntityOfPage\":{\"@id\":\"https:\/\/www.mpppst.gob.ve\/mpppstweb\/index.php\/2017\/05\/31\/presidente-maduro-la-anc-es-profundamente-popular-y-ciudadana\/\"},\"wordCount\":558,\"publisher\":{\"@id\":\"https:\/\/www.mpppst.gob.ve\/mpppstweb\/#organization\"},\"image\":{\"@id\":\"https:\/\/www.mpppst.gob.ve\/mpppstweb\/index.php\/2017\/05\/31\/presidente-maduro-la-anc-es-profundamente-popular-y-ciudadana\/#primaryimage\"},\"thumbnailUrl\":\"https:\/\/www.mpppst.gob.ve\/mpppstweb\/wp-content\/uploads\/2017\/05\/ANC-1.jpg\",\"keywords\":[\"Gobierno Bolivariano\"],\"articleSection\":[\"Gobierno Nacional\",\"Noticias\",\"Presidencia de la Rep\u00fablica\"],\"inLanguage\":\"es\"},{\"@type\":\"WebPage\",\"@id\":\"https:\/\/www.mpppst.gob.ve\/mpppstweb\/index.php\/2017\/05\/31\/presidente-maduro-la-anc-es-profundamente-popular-y-ciudadana\/\",\"url\":\"https:\/\/www.mpppst.gob.ve\/mpppstweb\/index.php\/2017\/05\/31\/presidente-maduro-la-anc-es-profundamente-popular-y-ciudadana\/\",\"name\":\"Presidente Maduro: La ANC es profundamente popular y ciudadana - MPPPST\",\"isPartOf\":{\"@id\":\"https:\/\/www.mpppst.gob.ve\/mpppstweb\/#website\"},\"primaryImageOfPage\":{\"@id\":\"https:\/\/www.mpppst.gob.ve\/mpppstweb\/index.php\/2017\/05\/31\/presidente-maduro-la-anc-es-profundamente-popular-y-ciudadana\/#primaryimage\"},\"image\":{\"@id\":\"https:\/\/www.mpppst.gob.ve\/mpppstweb\/index.php\/2017\/05\/31\/presidente-maduro-la-anc-es-profundamente-popular-y-ciudadana\/#primaryimage\"},\"thumbnailUrl\":\"https:\/\/www.mpppst.gob.ve\/mpppstweb\/wp-content\/uploads\/2017\/05\/ANC-1.jpg\",\"datePublished\":\"2017-05-31T13:35:28+00:00\",\"dateModified\":\"2017-05-31T13:35:28+00:00\",\"breadcrumb\":{\"@id\":\"https:\/\/www.mpppst.gob.ve\/mpppstweb\/index.php\/2017\/05\/31\/presidente-maduro-la-anc-es-profundamente-popular-y-ciudadana\/#breadcrumb\"},\"inLanguage\":\"es\",\"potentialAction\":[{\"@type\":\"ReadAction\",\"target\":[\"https:\/\/www.mpppst.gob.ve\/mpppstweb\/index.php\/2017\/05\/31\/presidente-maduro-la-anc-es-profundamente-popular-y-ciudadana\/\"]}]},{\"@type\":\"ImageObject\",\"inLanguage\":\"es\",\"@id\":\"https:\/\/www.mpppst.gob.ve\/mpppstweb\/index.php\/2017\/05\/31\/presidente-maduro-la-anc-es-profundamente-popular-y-ciudadana\/#primaryimage\",\"url\":\"https:\/\/www.mpppst.gob.ve\/mpppstweb\/wp-content\/uploads\/2017\/05\/ANC-1.jpg\",\"contentUrl\":\"https:\/\/www.mpppst.gob.ve\/mpppstweb\/wp-content\/uploads\/2017\/05\/ANC-1.jpg\",\"width\":800,\"height\":445},{\"@type\":\"BreadcrumbList\",\"@id\":\"https:\/\/www.mpppst.gob.ve\/mpppstweb\/index.php\/2017\/05\/31\/presidente-maduro-la-anc-es-profundamente-popular-y-ciudadana\/#breadcrumb\",\"itemListElement\":[{\"@type\":\"ListItem\",\"position\":1,\"name\":\"Home\",\"item\":\"https:\/\/www.mpppst.gob.ve\/mpppstweb\/\"},{\"@type\":\"ListItem\",\"position\":2,\"name\":\"Presidente Maduro: La ANC es profundamente popular y ciudadana\"}]},{\"@type\":\"WebSite\",\"@id\":\"https:\/\/www.mpppst.gob.ve\/mpppstweb\/#website\",\"url\":\"https:\/\/www.mpppst.gob.ve\/mpppstweb\/\",\"name\":\"MPPPST\",\"description\":\"Ministerio del Poder Popular para el Proceso Social de Trabajo\",\"publisher\":{\"@id\":\"https:\/\/www.mpppst.gob.ve\/mpppstweb\/#organization\"},\"potentialAction\":[{\"@type\":\"SearchAction\",\"target\":{\"@type\":\"EntryPoint\",\"urlTemplate\":\"https:\/\/www.mpppst.gob.ve\/mpppstweb\/?s={search_term_string}\"},\"query-input\":\"required name=search_term_string\"}],\"inLanguage\":\"es\"},{\"@type\":\"Organization\",\"@id\":\"https:\/\/www.mpppst.gob.ve\/mpppstweb\/#organization\",\"name\":\"mpppst\",\"url\":\"https:\/\/www.mpppst.gob.ve\/mpppstweb\/\",\"logo\":{\"@type\":\"ImageObject\",\"inLanguage\":\"es\",\"@id\":\"https:\/\/www.mpppst.gob.ve\/mpppstweb\/#\/schema\/logo\/image\/\",\"url\":\"https:\/\/www.mpppst.gob.ve\/mpppstweb\/wp-content\/uploads\/2025\/07\/cropped-cropped-g910.png\",\"contentUrl\":\"https:\/\/www.mpppst.gob.ve\/mpppstweb\/wp-content\/uploads\/2025\/07\/cropped-cropped-g910.png\",\"width\":1080,\"height\":241,\"caption\":\"mpppst\"},\"image\":{\"@id\":\"https:\/\/www.mpppst.gob.ve\/mpppstweb\/#\/schema\/logo\/image\/\"}},{\"@type\":\"Person\",\"@id\":\"https:\/\/www.mpppst.gob.ve\/mpppstweb\/#\/schema\/person\/fc187ee8ead412bd4c9304b62f900ea4\",\"name\":\"MPPPST Prensa\",\"url\":\"https:\/\/www.mpppst.gob.ve\/mpppstweb\/index.php\/author\/prensa-mpppst\/\"}]}<\/script>\n<!-- \/ Yoast SEO plugin. -->","yoast_head_json":{"title":"Presidente Maduro: La ANC es profundamente popular y ciudadana - MPPPST","robots":{"index":"index","follow":"follow","max-snippet":"max-snippet:-1","max-image-preview":"max-image-preview:large","max-video-preview":"max-video-preview:-1"},"canonical":"https:\/\/www.mpppst.gob.ve\/mpppstweb\/index.php\/2017\/05\/31\/presidente-maduro-la-anc-es-profundamente-popular-y-ciudadana\/","og_locale":"es_ES","og_type":"article","og_title":"Presidente Maduro: La ANC es profundamente popular y ciudadana - MPPPST","og_description":"AVN.- El presidente de la Rep\u00fablica, Nicol\u00e1s Maduro, reafirm\u00f3 este martes que la Asamblea Nacional Constituyente &hellip; Presidente Maduro: La ANC es profundamente popular y ciudadanaRead more","og_url":"https:\/\/www.mpppst.gob.ve\/mpppstweb\/index.php\/2017\/05\/31\/presidente-maduro-la-anc-es-profundamente-popular-y-ciudadana\/","og_site_name":"MPPPST","article_published_time":"2017-05-31T13:35:28+00:00","og_image":[{"width":800,"height":445,"url":"https:\/\/www.mpppst.gob.ve\/mpppstweb\/wp-content\/uploads\/2017\/05\/ANC-1.jpg","type":"image\/jpeg"}],"author":"MPPPST Prensa","twitter_card":"summary_large_image","twitter_misc":{"Escrito por":"MPPPST Prensa","Tiempo de lectura":"3 minutos"},"schema":{"@context":"https:\/\/schema.org","@graph":[{"@type":"Article","@id":"https:\/\/www.mpppst.gob.ve\/mpppstweb\/index.php\/2017\/05\/31\/presidente-maduro-la-anc-es-profundamente-popular-y-ciudadana\/#article","isPartOf":{"@id":"https:\/\/www.mpppst.gob.ve\/mpppstweb\/index.php\/2017\/05\/31\/presidente-maduro-la-anc-es-profundamente-popular-y-ciudadana\/"},"author":{"name":"MPPPST Prensa","@id":"https:\/\/www.mpppst.gob.ve\/mpppstweb\/#\/schema\/person\/fc187ee8ead412bd4c9304b62f900ea4"},"headline":"Presidente Maduro: La ANC es profundamente popular y ciudadana","datePublished":"2017-05-31T13:35:28+00:00","dateModified":"2017-05-31T13:35:28+00:00","mainEntityOfPage":{"@id":"https:\/\/www.mpppst.gob.ve\/mpppstweb\/index.php\/2017\/05\/31\/presidente-maduro-la-anc-es-profundamente-popular-y-ciudadana\/"},"wordCount":558,"publisher":{"@id":"https:\/\/www.mpppst.gob.ve\/mpppstweb\/#organization"},"image":{"@id":"https:\/\/www.mpppst.gob.ve\/mpppstweb\/index.php\/2017\/05\/31\/presidente-maduro-la-anc-es-profundamente-popular-y-ciudadana\/#primaryimage"},"thumbnailUrl":"https:\/\/www.mpppst.gob.ve\/mpppstweb\/wp-content\/uploads\/2017\/05\/ANC-1.jpg","keywords":["Gobierno Bolivariano"],"articleSection":["Gobierno Nacional","Noticias","Presidencia de la Rep\u00fablica"],"inLanguage":"es"},{"@type":"WebPage","@id":"https:\/\/www.mpppst.gob.ve\/mpppstweb\/index.php\/2017\/05\/31\/presidente-maduro-la-anc-es-profundamente-popular-y-ciudadana\/","url":"https:\/\/www.mpppst.gob.ve\/mpppstweb\/index.php\/2017\/05\/31\/presidente-maduro-la-anc-es-profundamente-popular-y-ciudadana\/","name":"Presidente Maduro: La ANC es profundamente popular y ciudadana - MPPPST","isPartOf":{"@id":"https:\/\/www.mpppst.gob.ve\/mpppstweb\/#website"},"primaryImageOfPage":{"@id":"https:\/\/www.mpppst.gob.ve\/mpppstweb\/index.php\/2017\/05\/31\/presidente-maduro-la-anc-es-profundamente-popular-y-ciudadana\/#primaryimage"},"image":{"@id":"https:\/\/www.mpppst.gob.ve\/mpppstweb\/index.php\/2017\/05\/31\/presidente-maduro-la-anc-es-profundamente-popular-y-ciudadana\/#primaryimage"},"thumbnailUrl":"https:\/\/www.mpppst.gob.ve\/mpppstweb\/wp-content\/uploads\/2017\/05\/ANC-1.jpg","datePublished":"2017-05-31T13:35:28+00:00","dateModified":"2017-05-31T13:35:28+00:00","breadcrumb":{"@id":"https:\/\/www.mpppst.gob.ve\/mpppstweb\/index.php\/2017\/05\/31\/presidente-maduro-la-anc-es-profundamente-popular-y-ciudadana\/#breadcrumb"},"inLanguage":"es","potentialAction":[{"@type":"ReadAction","target":["https:\/\/www.mpppst.gob.ve\/mpppstweb\/index.php\/2017\/05\/31\/presidente-maduro-la-anc-es-profundamente-popular-y-ciudadana\/"]}]},{"@type":"ImageObject","inLanguage":"es","@id":"https:\/\/www.mpppst.gob.ve\/mpppstweb\/index.php\/2017\/05\/31\/presidente-maduro-la-anc-es-profundamente-popular-y-ciudadana\/#primaryimage","url":"https:\/\/www.mpppst.gob.ve\/mpppstweb\/wp-content\/uploads\/2017\/05\/ANC-1.jpg","contentUrl":"https:\/\/www.mpppst.gob.ve\/mpppstweb\/wp-content\/uploads\/2017\/05\/ANC-1.jpg","width":800,"height":445},{"@type":"BreadcrumbList","@id":"https:\/\/www.mpppst.gob.ve\/mpppstweb\/index.php\/2017\/05\/31\/presidente-maduro-la-anc-es-profundamente-popular-y-ciudadana\/#breadcrumb","itemListElement":[{"@type":"ListItem","position":1,"name":"Home","item":"https:\/\/www.mpppst.gob.ve\/mpppstweb\/"},{"@type":"ListItem","position":2,"name":"Presidente Maduro: La ANC es profundamente popular y ciudadana"}]},{"@type":"WebSite","@id":"https:\/\/www.mpppst.gob.ve\/mpppstweb\/#website","url":"https:\/\/www.mpppst.gob.ve\/mpppstweb\/","name":"MPPPST","description":"Ministerio del Poder Popular para el Proceso Social de Trabajo","publisher":{"@id":"https:\/\/www.mpppst.gob.ve\/mpppstweb\/#organization"},"potentialAction":[{"@type":"SearchAction","target":{"@type":"EntryPoint","urlTemplate":"https:\/\/www.mpppst.gob.ve\/mpppstweb\/?s={search_term_string}"},"query-input":"required name=search_term_string"}],"inLanguage":"es"},{"@type":"Organization","@id":"https:\/\/www.mpppst.gob.ve\/mpppstweb\/#organization","name":"mpppst","url":"https:\/\/www.mpppst.gob.ve\/mpppstweb\/","logo":{"@type":"ImageObject","inLanguage":"es","@id":"https:\/\/www.mpppst.gob.ve\/mpppstweb\/#\/schema\/logo\/image\/","url":"https:\/\/www.mpppst.gob.ve\/mpppstweb\/wp-content\/uploads\/2025\/07\/cropped-cropped-g910.png","contentUrl":"https:\/\/www.mpppst.gob.ve\/mpppstweb\/wp-content\/uploads\/2025\/07\/cropped-cropped-g910.png","width":1080,"height":241,"caption":"mpppst"},"image":{"@id":"https:\/\/www.mpppst.gob.ve\/mpppstweb\/#\/schema\/logo\/image\/"}},{"@type":"Person","@id":"https:\/\/www.mpppst.gob.ve\/mpppstweb\/#\/schema\/person\/fc187ee8ead412bd4c9304b62f900ea4","name":"MPPPST Prensa","url":"https:\/\/www.mpppst.gob.ve\/mpppstweb\/index.php\/author\/prensa-mpppst\/"}]}},"_links":{"self":[{"href":"https:\/\/www.mpppst.gob.ve\/mpppstweb\/index.php\/wp-json\/wp\/v2\/posts\/11720"}],"collection":[{"href":"https:\/\/www.mpppst.gob.ve\/mpppstweb\/index.php\/wp-json\/wp\/v2\/posts"}],"about":[{"href":"https:\/\/www.mpppst.gob.ve\/mpppstweb\/index.php\/wp-json\/wp\/v2\/types\/post"}],"author":[{"embeddable":true,"href":"https:\/\/www.mpppst.gob.ve\/mpppstweb\/index.php\/wp-json\/wp\/v2\/users\/25"}],"replies":[{"embeddable":true,"href":"https:\/\/www.mpppst.gob.ve\/mpppstweb\/index.php\/wp-json\/wp\/v2\/comments?post=11720"}],"version-history":[{"count":1,"href":"https:\/\/www.mpppst.gob.ve\/mpppstweb\/index.php\/wp-json\/wp\/v2\/posts\/11720\/revisions"}],"predecessor-version":[{"id":11722,"href":"https:\/\/www.mpppst.gob.ve\/mpppstweb\/index.php\/wp-json\/wp\/v2\/posts\/11720\/revisions\/11722"}],"wp:featuredmedia":[{"embeddable":true,"href":"https:\/\/www.mpppst.gob.ve\/mpppstweb\/index.php\/wp-json\/wp\/v2\/media\/11721"}],"wp:attachment":[{"href":"https:\/\/www.mpppst.gob.ve\/mpppstweb\/index.php\/wp-json\/wp\/v2\/media?parent=11720"}],"wp:term":[{"taxonomy":"category","embeddable":true,"href":"https:\/\/www.mpppst.gob.ve\/mpppstweb\/index.php\/wp-json\/wp\/v2\/categories?post=11720"},{"taxonomy":"post_tag","embeddable":true,"href":"https:\/\/www.mpppst.gob.ve\/mpppstweb\/index.php\/wp-json\/wp\/v2\/tags?post=11720"}],"curies":[{"name":"wp","href":"https:\/\/api.w.org\/{rel}","templated":true}]}}