{"id":11723,"date":"2017-05-31T10:04:41","date_gmt":"2017-05-31T14:04:41","guid":{"rendered":"http:\/\/www.mpppst.gob.ve\/mpppstweb\/?p=11723"},"modified":"2017-05-31T10:04:41","modified_gmt":"2017-05-31T14:04:41","slug":"fuerzas-revolucionarias-se-movilizaran-este-miercoles-para-rechazar-injerencia-contra-el-pais","status":"publish","type":"post","link":"https:\/\/www.mpppst.gob.ve\/mpppstweb\/index.php\/2017\/05\/31\/fuerzas-revolucionarias-se-movilizaran-este-miercoles-para-rechazar-injerencia-contra-el-pais\/","title":{"rendered":"Fuerzas revolucionarias se movilizar\u00e1n este mi\u00e9rcoles para rechazar injerencia contra el pa\u00eds"},"content":{"rendered":"<p>AVN.- Las fuerzas revolucionarias se movilizar\u00e1n este mi\u00e9rcoles desde la sede la Cantv, en la avenida Libertador, hasta la esquina de San Francisco, en el centro de Caracas, para rechazar la injerencia contra Venezuela por parte de la Organizaci\u00f3n de Estados Americanos (OEA), inform\u00f3 este martes el presidente de la Comisi\u00f3n Presidencial para la Asamblea Nacional Constituyente (ANC), El\u00edas Jaua.<\/p>\n<p>Sostuvo que se trata de una \u00abmarcha antiimperialista para decirle a los gobiernos que ma\u00f1ana se re\u00fanen en la OEA, con la pretensi\u00f3n de aprobar medidas injerencistas contra Venezuela, que la patria se respeta y que ya nosotros no somos parte de ese organismo unilateral\u00bb.<\/p>\n<p>Para este mi\u00e9rcoles, la OEA tiene planteada una reuni\u00f3n en Washington, Estados Unidos, con el objetivo de abordar la situaci\u00f3n del pa\u00eds, aun cuando Venezuela decidi\u00f3 retirarse de este organismo internacional el pasado 26 de abril.<\/p>\n<p>La campa\u00f1a contra el pa\u00eds ha sido protagonizada por el secretario general de la OEA, Luis Almagro, quien en reiteradas ocasiones ha promovido la aplicaci\u00f3n de la Carta Democr\u00e1tica Interamericana a Venezuela, con el fin \u00faltimo de desestabilizar a la naci\u00f3n sure\u00f1a.<\/p>\n<p>Durante su discurso, ofrecido desde las afueras del Palacio de Miraflores, Caracas, hasta donde marcharon fuerzas revolucionarias del sector telecomunicaciones, Jaua tambi\u00e9n se\u00f1al\u00f3 que el espacio de la pol\u00edtica en el pa\u00eds lo ocupa el debate constituyente, convocado el pasado 1\u00ba de mayo por el presidente de la Rep\u00fablica, Nicol\u00e1s Maduro, como v\u00eda para atender temas de inter\u00e9s nacional.<\/p>\n<p>Destac\u00f3 que los focos de violencia, desatados en algunas ciudades tras llamados a acciones de calles hechos por partidos aglomerados en la autodenominada Mesa de la Unidad Democr\u00e1tica (MUD), fueron derrotados por el debate pol\u00edtico que caracteriza a la sociedad venezolana.<\/p>\n<p>Igualmente, coment\u00f3 que es necesario que todos los sectores activen los Comit\u00e9s Constituyentes Zamora 200, para lograr la victoria del proceso constituyente.<\/p>\n<p>En ese sentido, invit\u00f3 a activarlos en universidades y en empresas de telecomunicaciones del Estado.<\/p>\n<p>Durante las \u00faltimas semanas, diversos sectores del pa\u00eds se han movilizado hasta Miraflores en respaldo a la ANC, convocada por el jefe de Estado al ver agotadas las posibilidades de un di\u00e1logo con sectores de oposici\u00f3n, espacio vital para alcanzar la paz.<\/p>\n","protected":false},"excerpt":{"rendered":"<p>AVN.- Las fuerzas revolucionarias se movilizar\u00e1n este mi\u00e9rcoles desde la sede la Cantv, en la avenida &hellip; <a title=\"Fuerzas revolucionarias se movilizar\u00e1n este mi\u00e9rcoles para rechazar injerencia contra el pa\u00eds\" class=\"hm-read-more\" href=\"https:\/\/www.mpppst.gob.ve\/mpppstweb\/index.php\/2017\/05\/31\/fuerzas-revolucionarias-se-movilizaran-este-miercoles-para-rechazar-injerencia-contra-el-pais\/\"><span class=\"screen-reader-text\">Fuerzas revolucionarias se movilizar\u00e1n este mi\u00e9rcoles para rechazar injerencia contra el pa\u00eds<\/span>Read more<\/a><\/p>\n","protected":false},"author":25,"featured_media":11724,"comment_status":"closed","ping_status":"closed","sticky":false,"template":"","format":"standard","meta":{"footnotes":""},"categories":[82,163],"tags":[222],"yoast_head":"<!-- This site is optimized with the Yoast SEO plugin v22.5 - https:\/\/yoast.com\/wordpress\/plugins\/seo\/ -->\n<title>Fuerzas revolucionarias se movilizar\u00e1n este mi\u00e9rcoles para rechazar injerencia contra el pa\u00eds - MPPPST<\/title>\n<meta name=\"robots\" content=\"index, follow, max-snippet:-1, max-image-preview:large, max-video-preview:-1\" \/>\n<link rel=\"canonical\" href=\"https:\/\/www.mpppst.gob.ve\/mpppstweb\/index.php\/2017\/05\/31\/fuerzas-revolucionarias-se-movilizaran-este-miercoles-para-rechazar-injerencia-contra-el-pais\/\" \/>\n<meta property=\"og:locale\" content=\"es_ES\" \/>\n<meta property=\"og:type\" content=\"article\" \/>\n<meta property=\"og:title\" content=\"Fuerzas revolucionarias se movilizar\u00e1n este mi\u00e9rcoles para rechazar injerencia contra el pa\u00eds - MPPPST\" \/>\n<meta property=\"og:description\" content=\"AVN.- Las fuerzas revolucionarias se movilizar\u00e1n este mi\u00e9rcoles desde la sede la Cantv, en la avenida &hellip; Fuerzas revolucionarias se movilizar\u00e1n este mi\u00e9rcoles para rechazar injerencia contra el pa\u00edsRead more\" \/>\n<meta property=\"og:url\" content=\"https:\/\/www.mpppst.gob.ve\/mpppstweb\/index.php\/2017\/05\/31\/fuerzas-revolucionarias-se-movilizaran-este-miercoles-para-rechazar-injerencia-contra-el-pais\/\" \/>\n<meta property=\"og:site_name\" content=\"MPPPST\" \/>\n<meta property=\"article:published_time\" content=\"2017-05-31T14:04:41+00:00\" \/>\n<meta property=\"og:image\" content=\"https:\/\/www.mpppst.gob.ve\/mpppstweb\/wp-content\/uploads\/2017\/05\/mg_3036_rh_1496180929.jpg\" \/>\n\t<meta property=\"og:image:width\" content=\"640\" \/>\n\t<meta property=\"og:image:height\" content=\"322\" \/>\n\t<meta property=\"og:image:type\" content=\"image\/jpeg\" \/>\n<meta name=\"author\" content=\"MPPPST Prensa\" \/>\n<meta name=\"twitter:card\" content=\"summary_large_image\" \/>\n<meta name=\"twitter:label1\" content=\"Escrito por\" \/>\n\t<meta name=\"twitter:data1\" content=\"MPPPST Prensa\" \/>\n\t<meta name=\"twitter:label2\" content=\"Tiempo de lectura\" \/>\n\t<meta name=\"twitter:data2\" content=\"2 minutos\" \/>\n<script type=\"application\/ld+json\" class=\"yoast-schema-graph\">{\"@context\":\"https:\/\/schema.org\",\"@graph\":[{\"@type\":\"Article\",\"@id\":\"https:\/\/www.mpppst.gob.ve\/mpppstweb\/index.php\/2017\/05\/31\/fuerzas-revolucionarias-se-movilizaran-este-miercoles-para-rechazar-injerencia-contra-el-pais\/#article\",\"isPartOf\":{\"@id\":\"https:\/\/www.mpppst.gob.ve\/mpppstweb\/index.php\/2017\/05\/31\/fuerzas-revolucionarias-se-movilizaran-este-miercoles-para-rechazar-injerencia-contra-el-pais\/\"},\"author\":{\"name\":\"MPPPST Prensa\",\"@id\":\"https:\/\/www.mpppst.gob.ve\/mpppstweb\/#\/schema\/person\/fc187ee8ead412bd4c9304b62f900ea4\"},\"headline\":\"Fuerzas revolucionarias se movilizar\u00e1n este mi\u00e9rcoles para rechazar injerencia contra el pa\u00eds\",\"datePublished\":\"2017-05-31T14:04:41+00:00\",\"dateModified\":\"2017-05-31T14:04:41+00:00\",\"mainEntityOfPage\":{\"@id\":\"https:\/\/www.mpppst.gob.ve\/mpppstweb\/index.php\/2017\/05\/31\/fuerzas-revolucionarias-se-movilizaran-este-miercoles-para-rechazar-injerencia-contra-el-pais\/\"},\"wordCount\":407,\"publisher\":{\"@id\":\"https:\/\/www.mpppst.gob.ve\/mpppstweb\/#organization\"},\"image\":{\"@id\":\"https:\/\/www.mpppst.gob.ve\/mpppstweb\/index.php\/2017\/05\/31\/fuerzas-revolucionarias-se-movilizaran-este-miercoles-para-rechazar-injerencia-contra-el-pais\/#primaryimage\"},\"thumbnailUrl\":\"https:\/\/www.mpppst.gob.ve\/mpppstweb\/wp-content\/uploads\/2017\/05\/mg_3036_rh_1496180929.jpg\",\"keywords\":[\"Gobierno Bolivariano\"],\"articleSection\":[\"Gobierno Nacional\",\"Noticias\"],\"inLanguage\":\"es\"},{\"@type\":\"WebPage\",\"@id\":\"https:\/\/www.mpppst.gob.ve\/mpppstweb\/index.php\/2017\/05\/31\/fuerzas-revolucionarias-se-movilizaran-este-miercoles-para-rechazar-injerencia-contra-el-pais\/\",\"url\":\"https:\/\/www.mpppst.gob.ve\/mpppstweb\/index.php\/2017\/05\/31\/fuerzas-revolucionarias-se-movilizaran-este-miercoles-para-rechazar-injerencia-contra-el-pais\/\",\"name\":\"Fuerzas revolucionarias se movilizar\u00e1n este mi\u00e9rcoles para rechazar injerencia contra el pa\u00eds - MPPPST\",\"isPartOf\":{\"@id\":\"https:\/\/www.mpppst.gob.ve\/mpppstweb\/#website\"},\"primaryImageOfPage\":{\"@id\":\"https:\/\/www.mpppst.gob.ve\/mpppstweb\/index.php\/2017\/05\/31\/fuerzas-revolucionarias-se-movilizaran-este-miercoles-para-rechazar-injerencia-contra-el-pais\/#primaryimage\"},\"image\":{\"@id\":\"https:\/\/www.mpppst.gob.ve\/mpppstweb\/index.php\/2017\/05\/31\/fuerzas-revolucionarias-se-movilizaran-este-miercoles-para-rechazar-injerencia-contra-el-pais\/#primaryimage\"},\"thumbnailUrl\":\"https:\/\/www.mpppst.gob.ve\/mpppstweb\/wp-content\/uploads\/2017\/05\/mg_3036_rh_1496180929.jpg\",\"datePublished\":\"2017-05-31T14:04:41+00:00\",\"dateModified\":\"2017-05-31T14:04:41+00:00\",\"breadcrumb\":{\"@id\":\"https:\/\/www.mpppst.gob.ve\/mpppstweb\/index.php\/2017\/05\/31\/fuerzas-revolucionarias-se-movilizaran-este-miercoles-para-rechazar-injerencia-contra-el-pais\/#breadcrumb\"},\"inLanguage\":\"es\",\"potentialAction\":[{\"@type\":\"ReadAction\",\"target\":[\"https:\/\/www.mpppst.gob.ve\/mpppstweb\/index.php\/2017\/05\/31\/fuerzas-revolucionarias-se-movilizaran-este-miercoles-para-rechazar-injerencia-contra-el-pais\/\"]}]},{\"@type\":\"ImageObject\",\"inLanguage\":\"es\",\"@id\":\"https:\/\/www.mpppst.gob.ve\/mpppstweb\/index.php\/2017\/05\/31\/fuerzas-revolucionarias-se-movilizaran-este-miercoles-para-rechazar-injerencia-contra-el-pais\/#primaryimage\",\"url\":\"https:\/\/www.mpppst.gob.ve\/mpppstweb\/wp-content\/uploads\/2017\/05\/mg_3036_rh_1496180929.jpg\",\"contentUrl\":\"https:\/\/www.mpppst.gob.ve\/mpppstweb\/wp-content\/uploads\/2017\/05\/mg_3036_rh_1496180929.jpg\",\"width\":640,\"height\":322},{\"@type\":\"BreadcrumbList\",\"@id\":\"https:\/\/www.mpppst.gob.ve\/mpppstweb\/index.php\/2017\/05\/31\/fuerzas-revolucionarias-se-movilizaran-este-miercoles-para-rechazar-injerencia-contra-el-pais\/#breadcrumb\",\"itemListElement\":[{\"@type\":\"ListItem\",\"position\":1,\"name\":\"Home\",\"item\":\"https:\/\/www.mpppst.gob.ve\/mpppstweb\/\"},{\"@type\":\"ListItem\",\"position\":2,\"name\":\"Fuerzas revolucionarias se movilizar\u00e1n este mi\u00e9rcoles para rechazar injerencia contra el pa\u00eds\"}]},{\"@type\":\"WebSite\",\"@id\":\"https:\/\/www.mpppst.gob.ve\/mpppstweb\/#website\",\"url\":\"https:\/\/www.mpppst.gob.ve\/mpppstweb\/\",\"name\":\"MPPPST\",\"description\":\"Ministerio del Poder Popular para el Proceso Social de Trabajo\",\"publisher\":{\"@id\":\"https:\/\/www.mpppst.gob.ve\/mpppstweb\/#organization\"},\"potentialAction\":[{\"@type\":\"SearchAction\",\"target\":{\"@type\":\"EntryPoint\",\"urlTemplate\":\"https:\/\/www.mpppst.gob.ve\/mpppstweb\/?s={search_term_string}\"},\"query-input\":\"required name=search_term_string\"}],\"inLanguage\":\"es\"},{\"@type\":\"Organization\",\"@id\":\"https:\/\/www.mpppst.gob.ve\/mpppstweb\/#organization\",\"name\":\"mpppst\",\"url\":\"https:\/\/www.mpppst.gob.ve\/mpppstweb\/\",\"logo\":{\"@type\":\"ImageObject\",\"inLanguage\":\"es\",\"@id\":\"https:\/\/www.mpppst.gob.ve\/mpppstweb\/#\/schema\/logo\/image\/\",\"url\":\"https:\/\/www.mpppst.gob.ve\/mpppstweb\/wp-content\/uploads\/2025\/07\/cropped-cropped-g910.png\",\"contentUrl\":\"https:\/\/www.mpppst.gob.ve\/mpppstweb\/wp-content\/uploads\/2025\/07\/cropped-cropped-g910.png\",\"width\":1080,\"height\":241,\"caption\":\"mpppst\"},\"image\":{\"@id\":\"https:\/\/www.mpppst.gob.ve\/mpppstweb\/#\/schema\/logo\/image\/\"}},{\"@type\":\"Person\",\"@id\":\"https:\/\/www.mpppst.gob.ve\/mpppstweb\/#\/schema\/person\/fc187ee8ead412bd4c9304b62f900ea4\",\"name\":\"MPPPST Prensa\",\"url\":\"https:\/\/www.mpppst.gob.ve\/mpppstweb\/index.php\/author\/prensa-mpppst\/\"}]}<\/script>\n<!-- \/ Yoast SEO plugin. -->","yoast_head_json":{"title":"Fuerzas revolucionarias se movilizar\u00e1n este mi\u00e9rcoles para rechazar injerencia contra el pa\u00eds - MPPPST","robots":{"index":"index","follow":"follow","max-snippet":"max-snippet:-1","max-image-preview":"max-image-preview:large","max-video-preview":"max-video-preview:-1"},"canonical":"https:\/\/www.mpppst.gob.ve\/mpppstweb\/index.php\/2017\/05\/31\/fuerzas-revolucionarias-se-movilizaran-este-miercoles-para-rechazar-injerencia-contra-el-pais\/","og_locale":"es_ES","og_type":"article","og_title":"Fuerzas revolucionarias se movilizar\u00e1n este mi\u00e9rcoles para rechazar injerencia contra el pa\u00eds - MPPPST","og_description":"AVN.- Las fuerzas revolucionarias se movilizar\u00e1n este mi\u00e9rcoles desde la sede la Cantv, en la avenida &hellip; Fuerzas revolucionarias se movilizar\u00e1n este mi\u00e9rcoles para rechazar injerencia contra el pa\u00edsRead more","og_url":"https:\/\/www.mpppst.gob.ve\/mpppstweb\/index.php\/2017\/05\/31\/fuerzas-revolucionarias-se-movilizaran-este-miercoles-para-rechazar-injerencia-contra-el-pais\/","og_site_name":"MPPPST","article_published_time":"2017-05-31T14:04:41+00:00","og_image":[{"width":640,"height":322,"url":"https:\/\/www.mpppst.gob.ve\/mpppstweb\/wp-content\/uploads\/2017\/05\/mg_3036_rh_1496180929.jpg","type":"image\/jpeg"}],"author":"MPPPST Prensa","twitter_card":"summary_large_image","twitter_misc":{"Escrito por":"MPPPST Prensa","Tiempo de lectura":"2 minutos"},"schema":{"@context":"https:\/\/schema.org","@graph":[{"@type":"Article","@id":"https:\/\/www.mpppst.gob.ve\/mpppstweb\/index.php\/2017\/05\/31\/fuerzas-revolucionarias-se-movilizaran-este-miercoles-para-rechazar-injerencia-contra-el-pais\/#article","isPartOf":{"@id":"https:\/\/www.mpppst.gob.ve\/mpppstweb\/index.php\/2017\/05\/31\/fuerzas-revolucionarias-se-movilizaran-este-miercoles-para-rechazar-injerencia-contra-el-pais\/"},"author":{"name":"MPPPST Prensa","@id":"https:\/\/www.mpppst.gob.ve\/mpppstweb\/#\/schema\/person\/fc187ee8ead412bd4c9304b62f900ea4"},"headline":"Fuerzas revolucionarias se movilizar\u00e1n este mi\u00e9rcoles para rechazar injerencia contra el pa\u00eds","datePublished":"2017-05-31T14:04:41+00:00","dateModified":"2017-05-31T14:04:41+00:00","mainEntityOfPage":{"@id":"https:\/\/www.mpppst.gob.ve\/mpppstweb\/index.php\/2017\/05\/31\/fuerzas-revolucionarias-se-movilizaran-este-miercoles-para-rechazar-injerencia-contra-el-pais\/"},"wordCount":407,"publisher":{"@id":"https:\/\/www.mpppst.gob.ve\/mpppstweb\/#organization"},"image":{"@id":"https:\/\/www.mpppst.gob.ve\/mpppstweb\/index.php\/2017\/05\/31\/fuerzas-revolucionarias-se-movilizaran-este-miercoles-para-rechazar-injerencia-contra-el-pais\/#primaryimage"},"thumbnailUrl":"https:\/\/www.mpppst.gob.ve\/mpppstweb\/wp-content\/uploads\/2017\/05\/mg_3036_rh_1496180929.jpg","keywords":["Gobierno Bolivariano"],"articleSection":["Gobierno Nacional","Noticias"],"inLanguage":"es"},{"@type":"WebPage","@id":"https:\/\/www.mpppst.gob.ve\/mpppstweb\/index.php\/2017\/05\/31\/fuerzas-revolucionarias-se-movilizaran-este-miercoles-para-rechazar-injerencia-contra-el-pais\/","url":"https:\/\/www.mpppst.gob.ve\/mpppstweb\/index.php\/2017\/05\/31\/fuerzas-revolucionarias-se-movilizaran-este-miercoles-para-rechazar-injerencia-contra-el-pais\/","name":"Fuerzas revolucionarias se movilizar\u00e1n este mi\u00e9rcoles para rechazar injerencia contra el pa\u00eds - MPPPST","isPartOf":{"@id":"https:\/\/www.mpppst.gob.ve\/mpppstweb\/#website"},"primaryImageOfPage":{"@id":"https:\/\/www.mpppst.gob.ve\/mpppstweb\/index.php\/2017\/05\/31\/fuerzas-revolucionarias-se-movilizaran-este-miercoles-para-rechazar-injerencia-contra-el-pais\/#primaryimage"},"image":{"@id":"https:\/\/www.mpppst.gob.ve\/mpppstweb\/index.php\/2017\/05\/31\/fuerzas-revolucionarias-se-movilizaran-este-miercoles-para-rechazar-injerencia-contra-el-pais\/#primaryimage"},"thumbnailUrl":"https:\/\/www.mpppst.gob.ve\/mpppstweb\/wp-content\/uploads\/2017\/05\/mg_3036_rh_1496180929.jpg","datePublished":"2017-05-31T14:04:41+00:00","dateModified":"2017-05-31T14:04:41+00:00","breadcrumb":{"@id":"https:\/\/www.mpppst.gob.ve\/mpppstweb\/index.php\/2017\/05\/31\/fuerzas-revolucionarias-se-movilizaran-este-miercoles-para-rechazar-injerencia-contra-el-pais\/#breadcrumb"},"inLanguage":"es","potentialAction":[{"@type":"ReadAction","target":["https:\/\/www.mpppst.gob.ve\/mpppstweb\/index.php\/2017\/05\/31\/fuerzas-revolucionarias-se-movilizaran-este-miercoles-para-rechazar-injerencia-contra-el-pais\/"]}]},{"@type":"ImageObject","inLanguage":"es","@id":"https:\/\/www.mpppst.gob.ve\/mpppstweb\/index.php\/2017\/05\/31\/fuerzas-revolucionarias-se-movilizaran-este-miercoles-para-rechazar-injerencia-contra-el-pais\/#primaryimage","url":"https:\/\/www.mpppst.gob.ve\/mpppstweb\/wp-content\/uploads\/2017\/05\/mg_3036_rh_1496180929.jpg","contentUrl":"https:\/\/www.mpppst.gob.ve\/mpppstweb\/wp-content\/uploads\/2017\/05\/mg_3036_rh_1496180929.jpg","width":640,"height":322},{"@type":"BreadcrumbList","@id":"https:\/\/www.mpppst.gob.ve\/mpppstweb\/index.php\/2017\/05\/31\/fuerzas-revolucionarias-se-movilizaran-este-miercoles-para-rechazar-injerencia-contra-el-pais\/#breadcrumb","itemListElement":[{"@type":"ListItem","position":1,"name":"Home","item":"https:\/\/www.mpppst.gob.ve\/mpppstweb\/"},{"@type":"ListItem","position":2,"name":"Fuerzas revolucionarias se movilizar\u00e1n este mi\u00e9rcoles para rechazar injerencia contra el pa\u00eds"}]},{"@type":"WebSite","@id":"https:\/\/www.mpppst.gob.ve\/mpppstweb\/#website","url":"https:\/\/www.mpppst.gob.ve\/mpppstweb\/","name":"MPPPST","description":"Ministerio del Poder Popular para el Proceso Social de Trabajo","publisher":{"@id":"https:\/\/www.mpppst.gob.ve\/mpppstweb\/#organization"},"potentialAction":[{"@type":"SearchAction","target":{"@type":"EntryPoint","urlTemplate":"https:\/\/www.mpppst.gob.ve\/mpppstweb\/?s={search_term_string}"},"query-input":"required name=search_term_string"}],"inLanguage":"es"},{"@type":"Organization","@id":"https:\/\/www.mpppst.gob.ve\/mpppstweb\/#organization","name":"mpppst","url":"https:\/\/www.mpppst.gob.ve\/mpppstweb\/","logo":{"@type":"ImageObject","inLanguage":"es","@id":"https:\/\/www.mpppst.gob.ve\/mpppstweb\/#\/schema\/logo\/image\/","url":"https:\/\/www.mpppst.gob.ve\/mpppstweb\/wp-content\/uploads\/2025\/07\/cropped-cropped-g910.png","contentUrl":"https:\/\/www.mpppst.gob.ve\/mpppstweb\/wp-content\/uploads\/2025\/07\/cropped-cropped-g910.png","width":1080,"height":241,"caption":"mpppst"},"image":{"@id":"https:\/\/www.mpppst.gob.ve\/mpppstweb\/#\/schema\/logo\/image\/"}},{"@type":"Person","@id":"https:\/\/www.mpppst.gob.ve\/mpppstweb\/#\/schema\/person\/fc187ee8ead412bd4c9304b62f900ea4","name":"MPPPST Prensa","url":"https:\/\/www.mpppst.gob.ve\/mpppstweb\/index.php\/author\/prensa-mpppst\/"}]}},"_links":{"self":[{"href":"https:\/\/www.mpppst.gob.ve\/mpppstweb\/index.php\/wp-json\/wp\/v2\/posts\/11723"}],"collection":[{"href":"https:\/\/www.mpppst.gob.ve\/mpppstweb\/index.php\/wp-json\/wp\/v2\/posts"}],"about":[{"href":"https:\/\/www.mpppst.gob.ve\/mpppstweb\/index.php\/wp-json\/wp\/v2\/types\/post"}],"author":[{"embeddable":true,"href":"https:\/\/www.mpppst.gob.ve\/mpppstweb\/index.php\/wp-json\/wp\/v2\/users\/25"}],"replies":[{"embeddable":true,"href":"https:\/\/www.mpppst.gob.ve\/mpppstweb\/index.php\/wp-json\/wp\/v2\/comments?post=11723"}],"version-history":[{"count":1,"href":"https:\/\/www.mpppst.gob.ve\/mpppstweb\/index.php\/wp-json\/wp\/v2\/posts\/11723\/revisions"}],"predecessor-version":[{"id":11725,"href":"https:\/\/www.mpppst.gob.ve\/mpppstweb\/index.php\/wp-json\/wp\/v2\/posts\/11723\/revisions\/11725"}],"wp:featuredmedia":[{"embeddable":true,"href":"https:\/\/www.mpppst.gob.ve\/mpppstweb\/index.php\/wp-json\/wp\/v2\/media\/11724"}],"wp:attachment":[{"href":"https:\/\/www.mpppst.gob.ve\/mpppstweb\/index.php\/wp-json\/wp\/v2\/media?parent=11723"}],"wp:term":[{"taxonomy":"category","embeddable":true,"href":"https:\/\/www.mpppst.gob.ve\/mpppstweb\/index.php\/wp-json\/wp\/v2\/categories?post=11723"},{"taxonomy":"post_tag","embeddable":true,"href":"https:\/\/www.mpppst.gob.ve\/mpppstweb\/index.php\/wp-json\/wp\/v2\/tags?post=11723"}],"curies":[{"name":"wp","href":"https:\/\/api.w.org\/{rel}","templated":true}]}}