{"id":11730,"date":"2017-06-01T09:26:35","date_gmt":"2017-06-01T13:26:35","guid":{"rendered":"http:\/\/www.mpppst.gob.ve\/mpppstweb\/?p=11730"},"modified":"2017-06-01T09:26:35","modified_gmt":"2017-06-01T13:26:35","slug":"el-pueblo-de-caracas-tomo-las-calles-en-defensa-de-la-soberania","status":"publish","type":"post","link":"https:\/\/www.mpppst.gob.ve\/mpppstweb\/index.php\/2017\/06\/01\/el-pueblo-de-caracas-tomo-las-calles-en-defensa-de-la-soberania\/","title":{"rendered":"El pueblo de Caracas tom\u00f3 las calles en defensa de la soberan\u00eda"},"content":{"rendered":"<p>AVN.- Con m\u00fasica, bailes y alegr\u00eda, cientos de caraque\u00f1os marcharon este mi\u00e9rcoles por el centro de la capital en rechazo rotundo a las pretensiones injerencistas impulsadas desde organismos internacionales y centros de poder al servicio de intereses imperialistas, para intervenir en las decisiones de la Rep\u00fablica Bolivariana de Venezuela.<\/p>\n<p>Al final de la avenida Libertador, en el sector Marip\u00e9rez, comenzaron a reunirse desde horas de la ma\u00f1ana habitantes de la capital, que marcharon hasta la esquina de San Francisco, en el centro de Caracas, \u00abpara ratificar el car\u00e1cter soberanista y de autodeterminaci\u00f3n del pueblo venezolano, sostenido por la Revoluci\u00f3n Bolivariana desde la llegada del presidente Hugo Ch\u00e1vez en 1999\u00bb, explic\u00f3 el se\u00f1or Alberto Nieto, habitante de la parroquia San Jos\u00e9, y militante revolucionario.<\/p>\n<p>En la marcha, que se extendi\u00f3 por varias cuadras de las avenidas Libertador, M\u00e9xico y Universidad, se divisaban grandes pancartas y estandartes, algunos distintivos de las diversas organizaciones y otros con mensajes en rechazo a las maniobras injerencistas contra la naci\u00f3n, impulsadas desde el seno de la Organizaci\u00f3n de Estados Americanos (OEA), por su secretario general, Luis Almagro, y un grupo de gobiernos de derecha al servicio de los intereses imperialistas de los Estados Unidos de norteam\u00e9rica (EE.UU).<\/p>\n<p>Ante las persistentes acciones de grupos de poder de la regi\u00f3n, que este mi\u00e9rcoles nuevamente efectuaron una sesi\u00f3n del organismo internacional para discutir asuntos internos de la Rep\u00fablica Bolivariana de Venezuela sin su consentimiento, Nieto asever\u00f3 que \u00abel pueblo venezolano no es el mismo de hace 20 a\u00f1os. Hemos tomado conciencia y aqu\u00ed estamos, independientemente de las carencias y errores que tenemos que corregir, eso lo tenemos que resolver nosotros mismos. Nunca m\u00e1s nos dir\u00e1n desde ninguna potencia a los venezolanos c\u00f3mo debemos conducir nuestro pa\u00eds\u00bb<\/p>\n<p>Al frente de la marcha, entre los primeros grupos de gente se levantaba una pancarta: \u00abEs el momento del pueblo legislador\u00bb, en alusi\u00f3n a la Asamblea Nacional Constituyente, convocada por el presidente de la Rep\u00fablica, Nicol\u00e1s Maduro, en uso de sus facultades constitucionales, para propiciar una soluci\u00f3n democr\u00e1tica a la actual coyuntura pol\u00edtica y social que afecta al pa\u00eds.<\/p>\n<p>Entre la multitud se encontraban comuneros, trabajadores, representantes de misiones y grandes misiones sociales, colectivos culturales, movimientos pol\u00edticos y sociales, y ciudadanos en general que hacen vida en la gran Caracas.<\/p>\n<p>Al ritmo de grupos de tambores, canciones de Al\u00ed Primera y m\u00fasica llanera avanz\u00f3 esta marcha movida por la alegr\u00eda, pese a las maniobras de la derecha, nacional e internacional, que persiste en la b\u00fasqueda de opciones antidemocr\u00e1ticas e inconstitucionales, como la violencia y la intervenci\u00f3n extranjera, para dar un golpe de Estado al mandato leg\u00edtimo del presidente Maduro.<\/p>\n","protected":false},"excerpt":{"rendered":"<p>AVN.- Con m\u00fasica, bailes y alegr\u00eda, cientos de caraque\u00f1os marcharon este mi\u00e9rcoles por el centro de &hellip; <a title=\"El pueblo de Caracas tom\u00f3 las calles en defensa de la soberan\u00eda\" class=\"hm-read-more\" href=\"https:\/\/www.mpppst.gob.ve\/mpppstweb\/index.php\/2017\/06\/01\/el-pueblo-de-caracas-tomo-las-calles-en-defensa-de-la-soberania\/\"><span class=\"screen-reader-text\">El pueblo de Caracas tom\u00f3 las calles en defensa de la soberan\u00eda<\/span>Read more<\/a><\/p>\n","protected":false},"author":25,"featured_media":11731,"comment_status":"closed","ping_status":"closed","sticky":false,"template":"","format":"standard","meta":{"footnotes":""},"categories":[82,163],"tags":[222],"yoast_head":"<!-- This site is optimized with the Yoast SEO plugin v22.5 - https:\/\/yoast.com\/wordpress\/plugins\/seo\/ -->\n<title>El pueblo de Caracas tom\u00f3 las calles en defensa de la soberan\u00eda - MPPPST<\/title>\n<meta name=\"robots\" content=\"index, follow, max-snippet:-1, max-image-preview:large, max-video-preview:-1\" \/>\n<link rel=\"canonical\" href=\"https:\/\/www.mpppst.gob.ve\/mpppstweb\/index.php\/2017\/06\/01\/el-pueblo-de-caracas-tomo-las-calles-en-defensa-de-la-soberania\/\" \/>\n<meta property=\"og:locale\" content=\"es_ES\" \/>\n<meta property=\"og:type\" content=\"article\" \/>\n<meta property=\"og:title\" content=\"El pueblo de Caracas tom\u00f3 las calles en defensa de la soberan\u00eda - MPPPST\" \/>\n<meta property=\"og:description\" content=\"AVN.- Con m\u00fasica, bailes y alegr\u00eda, cientos de caraque\u00f1os marcharon este mi\u00e9rcoles por el centro de &hellip; El pueblo de Caracas tom\u00f3 las calles en defensa de la soberan\u00edaRead more\" \/>\n<meta property=\"og:url\" content=\"https:\/\/www.mpppst.gob.ve\/mpppstweb\/index.php\/2017\/06\/01\/el-pueblo-de-caracas-tomo-las-calles-en-defensa-de-la-soberania\/\" \/>\n<meta property=\"og:site_name\" content=\"MPPPST\" \/>\n<meta property=\"article:published_time\" content=\"2017-06-01T13:26:35+00:00\" \/>\n<meta property=\"og:image\" content=\"https:\/\/www.mpppst.gob.ve\/mpppstweb\/wp-content\/uploads\/2017\/06\/Pueblo.jpg\" \/>\n\t<meta property=\"og:image:width\" content=\"800\" \/>\n\t<meta property=\"og:image:height\" content=\"445\" \/>\n\t<meta property=\"og:image:type\" content=\"image\/jpeg\" \/>\n<meta name=\"author\" content=\"MPPPST Prensa\" \/>\n<meta name=\"twitter:card\" content=\"summary_large_image\" \/>\n<meta name=\"twitter:label1\" content=\"Escrito por\" \/>\n\t<meta name=\"twitter:data1\" content=\"MPPPST Prensa\" \/>\n\t<meta name=\"twitter:label2\" content=\"Tiempo de lectura\" \/>\n\t<meta name=\"twitter:data2\" content=\"2 minutos\" \/>\n<script type=\"application\/ld+json\" class=\"yoast-schema-graph\">{\"@context\":\"https:\/\/schema.org\",\"@graph\":[{\"@type\":\"Article\",\"@id\":\"https:\/\/www.mpppst.gob.ve\/mpppstweb\/index.php\/2017\/06\/01\/el-pueblo-de-caracas-tomo-las-calles-en-defensa-de-la-soberania\/#article\",\"isPartOf\":{\"@id\":\"https:\/\/www.mpppst.gob.ve\/mpppstweb\/index.php\/2017\/06\/01\/el-pueblo-de-caracas-tomo-las-calles-en-defensa-de-la-soberania\/\"},\"author\":{\"name\":\"MPPPST Prensa\",\"@id\":\"https:\/\/www.mpppst.gob.ve\/mpppstweb\/#\/schema\/person\/fc187ee8ead412bd4c9304b62f900ea4\"},\"headline\":\"El pueblo de Caracas tom\u00f3 las calles en defensa de la soberan\u00eda\",\"datePublished\":\"2017-06-01T13:26:35+00:00\",\"dateModified\":\"2017-06-01T13:26:35+00:00\",\"mainEntityOfPage\":{\"@id\":\"https:\/\/www.mpppst.gob.ve\/mpppstweb\/index.php\/2017\/06\/01\/el-pueblo-de-caracas-tomo-las-calles-en-defensa-de-la-soberania\/\"},\"wordCount\":488,\"publisher\":{\"@id\":\"https:\/\/www.mpppst.gob.ve\/mpppstweb\/#organization\"},\"image\":{\"@id\":\"https:\/\/www.mpppst.gob.ve\/mpppstweb\/index.php\/2017\/06\/01\/el-pueblo-de-caracas-tomo-las-calles-en-defensa-de-la-soberania\/#primaryimage\"},\"thumbnailUrl\":\"https:\/\/www.mpppst.gob.ve\/mpppstweb\/wp-content\/uploads\/2017\/06\/Pueblo.jpg\",\"keywords\":[\"Gobierno Bolivariano\"],\"articleSection\":[\"Gobierno Nacional\",\"Noticias\"],\"inLanguage\":\"es\"},{\"@type\":\"WebPage\",\"@id\":\"https:\/\/www.mpppst.gob.ve\/mpppstweb\/index.php\/2017\/06\/01\/el-pueblo-de-caracas-tomo-las-calles-en-defensa-de-la-soberania\/\",\"url\":\"https:\/\/www.mpppst.gob.ve\/mpppstweb\/index.php\/2017\/06\/01\/el-pueblo-de-caracas-tomo-las-calles-en-defensa-de-la-soberania\/\",\"name\":\"El pueblo de Caracas tom\u00f3 las calles en defensa de la soberan\u00eda - MPPPST\",\"isPartOf\":{\"@id\":\"https:\/\/www.mpppst.gob.ve\/mpppstweb\/#website\"},\"primaryImageOfPage\":{\"@id\":\"https:\/\/www.mpppst.gob.ve\/mpppstweb\/index.php\/2017\/06\/01\/el-pueblo-de-caracas-tomo-las-calles-en-defensa-de-la-soberania\/#primaryimage\"},\"image\":{\"@id\":\"https:\/\/www.mpppst.gob.ve\/mpppstweb\/index.php\/2017\/06\/01\/el-pueblo-de-caracas-tomo-las-calles-en-defensa-de-la-soberania\/#primaryimage\"},\"thumbnailUrl\":\"https:\/\/www.mpppst.gob.ve\/mpppstweb\/wp-content\/uploads\/2017\/06\/Pueblo.jpg\",\"datePublished\":\"2017-06-01T13:26:35+00:00\",\"dateModified\":\"2017-06-01T13:26:35+00:00\",\"breadcrumb\":{\"@id\":\"https:\/\/www.mpppst.gob.ve\/mpppstweb\/index.php\/2017\/06\/01\/el-pueblo-de-caracas-tomo-las-calles-en-defensa-de-la-soberania\/#breadcrumb\"},\"inLanguage\":\"es\",\"potentialAction\":[{\"@type\":\"ReadAction\",\"target\":[\"https:\/\/www.mpppst.gob.ve\/mpppstweb\/index.php\/2017\/06\/01\/el-pueblo-de-caracas-tomo-las-calles-en-defensa-de-la-soberania\/\"]}]},{\"@type\":\"ImageObject\",\"inLanguage\":\"es\",\"@id\":\"https:\/\/www.mpppst.gob.ve\/mpppstweb\/index.php\/2017\/06\/01\/el-pueblo-de-caracas-tomo-las-calles-en-defensa-de-la-soberania\/#primaryimage\",\"url\":\"https:\/\/www.mpppst.gob.ve\/mpppstweb\/wp-content\/uploads\/2017\/06\/Pueblo.jpg\",\"contentUrl\":\"https:\/\/www.mpppst.gob.ve\/mpppstweb\/wp-content\/uploads\/2017\/06\/Pueblo.jpg\",\"width\":800,\"height\":445},{\"@type\":\"BreadcrumbList\",\"@id\":\"https:\/\/www.mpppst.gob.ve\/mpppstweb\/index.php\/2017\/06\/01\/el-pueblo-de-caracas-tomo-las-calles-en-defensa-de-la-soberania\/#breadcrumb\",\"itemListElement\":[{\"@type\":\"ListItem\",\"position\":1,\"name\":\"Home\",\"item\":\"https:\/\/www.mpppst.gob.ve\/mpppstweb\/\"},{\"@type\":\"ListItem\",\"position\":2,\"name\":\"El pueblo de Caracas tom\u00f3 las calles en defensa de la soberan\u00eda\"}]},{\"@type\":\"WebSite\",\"@id\":\"https:\/\/www.mpppst.gob.ve\/mpppstweb\/#website\",\"url\":\"https:\/\/www.mpppst.gob.ve\/mpppstweb\/\",\"name\":\"MPPPST\",\"description\":\"Ministerio del Poder Popular para el Proceso Social de Trabajo\",\"publisher\":{\"@id\":\"https:\/\/www.mpppst.gob.ve\/mpppstweb\/#organization\"},\"potentialAction\":[{\"@type\":\"SearchAction\",\"target\":{\"@type\":\"EntryPoint\",\"urlTemplate\":\"https:\/\/www.mpppst.gob.ve\/mpppstweb\/?s={search_term_string}\"},\"query-input\":\"required name=search_term_string\"}],\"inLanguage\":\"es\"},{\"@type\":\"Organization\",\"@id\":\"https:\/\/www.mpppst.gob.ve\/mpppstweb\/#organization\",\"name\":\"mpppst\",\"url\":\"https:\/\/www.mpppst.gob.ve\/mpppstweb\/\",\"logo\":{\"@type\":\"ImageObject\",\"inLanguage\":\"es\",\"@id\":\"https:\/\/www.mpppst.gob.ve\/mpppstweb\/#\/schema\/logo\/image\/\",\"url\":\"https:\/\/www.mpppst.gob.ve\/mpppstweb\/wp-content\/uploads\/2025\/07\/cropped-cropped-g910.png\",\"contentUrl\":\"https:\/\/www.mpppst.gob.ve\/mpppstweb\/wp-content\/uploads\/2025\/07\/cropped-cropped-g910.png\",\"width\":1080,\"height\":241,\"caption\":\"mpppst\"},\"image\":{\"@id\":\"https:\/\/www.mpppst.gob.ve\/mpppstweb\/#\/schema\/logo\/image\/\"}},{\"@type\":\"Person\",\"@id\":\"https:\/\/www.mpppst.gob.ve\/mpppstweb\/#\/schema\/person\/fc187ee8ead412bd4c9304b62f900ea4\",\"name\":\"MPPPST Prensa\",\"url\":\"https:\/\/www.mpppst.gob.ve\/mpppstweb\/index.php\/author\/prensa-mpppst\/\"}]}<\/script>\n<!-- \/ Yoast SEO plugin. -->","yoast_head_json":{"title":"El pueblo de Caracas tom\u00f3 las calles en defensa de la soberan\u00eda - MPPPST","robots":{"index":"index","follow":"follow","max-snippet":"max-snippet:-1","max-image-preview":"max-image-preview:large","max-video-preview":"max-video-preview:-1"},"canonical":"https:\/\/www.mpppst.gob.ve\/mpppstweb\/index.php\/2017\/06\/01\/el-pueblo-de-caracas-tomo-las-calles-en-defensa-de-la-soberania\/","og_locale":"es_ES","og_type":"article","og_title":"El pueblo de Caracas tom\u00f3 las calles en defensa de la soberan\u00eda - MPPPST","og_description":"AVN.- Con m\u00fasica, bailes y alegr\u00eda, cientos de caraque\u00f1os marcharon este mi\u00e9rcoles por el centro de &hellip; El pueblo de Caracas tom\u00f3 las calles en defensa de la soberan\u00edaRead more","og_url":"https:\/\/www.mpppst.gob.ve\/mpppstweb\/index.php\/2017\/06\/01\/el-pueblo-de-caracas-tomo-las-calles-en-defensa-de-la-soberania\/","og_site_name":"MPPPST","article_published_time":"2017-06-01T13:26:35+00:00","og_image":[{"width":800,"height":445,"url":"https:\/\/www.mpppst.gob.ve\/mpppstweb\/wp-content\/uploads\/2017\/06\/Pueblo.jpg","type":"image\/jpeg"}],"author":"MPPPST Prensa","twitter_card":"summary_large_image","twitter_misc":{"Escrito por":"MPPPST Prensa","Tiempo de lectura":"2 minutos"},"schema":{"@context":"https:\/\/schema.org","@graph":[{"@type":"Article","@id":"https:\/\/www.mpppst.gob.ve\/mpppstweb\/index.php\/2017\/06\/01\/el-pueblo-de-caracas-tomo-las-calles-en-defensa-de-la-soberania\/#article","isPartOf":{"@id":"https:\/\/www.mpppst.gob.ve\/mpppstweb\/index.php\/2017\/06\/01\/el-pueblo-de-caracas-tomo-las-calles-en-defensa-de-la-soberania\/"},"author":{"name":"MPPPST Prensa","@id":"https:\/\/www.mpppst.gob.ve\/mpppstweb\/#\/schema\/person\/fc187ee8ead412bd4c9304b62f900ea4"},"headline":"El pueblo de Caracas tom\u00f3 las calles en defensa de la soberan\u00eda","datePublished":"2017-06-01T13:26:35+00:00","dateModified":"2017-06-01T13:26:35+00:00","mainEntityOfPage":{"@id":"https:\/\/www.mpppst.gob.ve\/mpppstweb\/index.php\/2017\/06\/01\/el-pueblo-de-caracas-tomo-las-calles-en-defensa-de-la-soberania\/"},"wordCount":488,"publisher":{"@id":"https:\/\/www.mpppst.gob.ve\/mpppstweb\/#organization"},"image":{"@id":"https:\/\/www.mpppst.gob.ve\/mpppstweb\/index.php\/2017\/06\/01\/el-pueblo-de-caracas-tomo-las-calles-en-defensa-de-la-soberania\/#primaryimage"},"thumbnailUrl":"https:\/\/www.mpppst.gob.ve\/mpppstweb\/wp-content\/uploads\/2017\/06\/Pueblo.jpg","keywords":["Gobierno Bolivariano"],"articleSection":["Gobierno Nacional","Noticias"],"inLanguage":"es"},{"@type":"WebPage","@id":"https:\/\/www.mpppst.gob.ve\/mpppstweb\/index.php\/2017\/06\/01\/el-pueblo-de-caracas-tomo-las-calles-en-defensa-de-la-soberania\/","url":"https:\/\/www.mpppst.gob.ve\/mpppstweb\/index.php\/2017\/06\/01\/el-pueblo-de-caracas-tomo-las-calles-en-defensa-de-la-soberania\/","name":"El pueblo de Caracas tom\u00f3 las calles en defensa de la soberan\u00eda - MPPPST","isPartOf":{"@id":"https:\/\/www.mpppst.gob.ve\/mpppstweb\/#website"},"primaryImageOfPage":{"@id":"https:\/\/www.mpppst.gob.ve\/mpppstweb\/index.php\/2017\/06\/01\/el-pueblo-de-caracas-tomo-las-calles-en-defensa-de-la-soberania\/#primaryimage"},"image":{"@id":"https:\/\/www.mpppst.gob.ve\/mpppstweb\/index.php\/2017\/06\/01\/el-pueblo-de-caracas-tomo-las-calles-en-defensa-de-la-soberania\/#primaryimage"},"thumbnailUrl":"https:\/\/www.mpppst.gob.ve\/mpppstweb\/wp-content\/uploads\/2017\/06\/Pueblo.jpg","datePublished":"2017-06-01T13:26:35+00:00","dateModified":"2017-06-01T13:26:35+00:00","breadcrumb":{"@id":"https:\/\/www.mpppst.gob.ve\/mpppstweb\/index.php\/2017\/06\/01\/el-pueblo-de-caracas-tomo-las-calles-en-defensa-de-la-soberania\/#breadcrumb"},"inLanguage":"es","potentialAction":[{"@type":"ReadAction","target":["https:\/\/www.mpppst.gob.ve\/mpppstweb\/index.php\/2017\/06\/01\/el-pueblo-de-caracas-tomo-las-calles-en-defensa-de-la-soberania\/"]}]},{"@type":"ImageObject","inLanguage":"es","@id":"https:\/\/www.mpppst.gob.ve\/mpppstweb\/index.php\/2017\/06\/01\/el-pueblo-de-caracas-tomo-las-calles-en-defensa-de-la-soberania\/#primaryimage","url":"https:\/\/www.mpppst.gob.ve\/mpppstweb\/wp-content\/uploads\/2017\/06\/Pueblo.jpg","contentUrl":"https:\/\/www.mpppst.gob.ve\/mpppstweb\/wp-content\/uploads\/2017\/06\/Pueblo.jpg","width":800,"height":445},{"@type":"BreadcrumbList","@id":"https:\/\/www.mpppst.gob.ve\/mpppstweb\/index.php\/2017\/06\/01\/el-pueblo-de-caracas-tomo-las-calles-en-defensa-de-la-soberania\/#breadcrumb","itemListElement":[{"@type":"ListItem","position":1,"name":"Home","item":"https:\/\/www.mpppst.gob.ve\/mpppstweb\/"},{"@type":"ListItem","position":2,"name":"El pueblo de Caracas tom\u00f3 las calles en defensa de la soberan\u00eda"}]},{"@type":"WebSite","@id":"https:\/\/www.mpppst.gob.ve\/mpppstweb\/#website","url":"https:\/\/www.mpppst.gob.ve\/mpppstweb\/","name":"MPPPST","description":"Ministerio del Poder Popular para el Proceso Social de Trabajo","publisher":{"@id":"https:\/\/www.mpppst.gob.ve\/mpppstweb\/#organization"},"potentialAction":[{"@type":"SearchAction","target":{"@type":"EntryPoint","urlTemplate":"https:\/\/www.mpppst.gob.ve\/mpppstweb\/?s={search_term_string}"},"query-input":"required name=search_term_string"}],"inLanguage":"es"},{"@type":"Organization","@id":"https:\/\/www.mpppst.gob.ve\/mpppstweb\/#organization","name":"mpppst","url":"https:\/\/www.mpppst.gob.ve\/mpppstweb\/","logo":{"@type":"ImageObject","inLanguage":"es","@id":"https:\/\/www.mpppst.gob.ve\/mpppstweb\/#\/schema\/logo\/image\/","url":"https:\/\/www.mpppst.gob.ve\/mpppstweb\/wp-content\/uploads\/2025\/07\/cropped-cropped-g910.png","contentUrl":"https:\/\/www.mpppst.gob.ve\/mpppstweb\/wp-content\/uploads\/2025\/07\/cropped-cropped-g910.png","width":1080,"height":241,"caption":"mpppst"},"image":{"@id":"https:\/\/www.mpppst.gob.ve\/mpppstweb\/#\/schema\/logo\/image\/"}},{"@type":"Person","@id":"https:\/\/www.mpppst.gob.ve\/mpppstweb\/#\/schema\/person\/fc187ee8ead412bd4c9304b62f900ea4","name":"MPPPST Prensa","url":"https:\/\/www.mpppst.gob.ve\/mpppstweb\/index.php\/author\/prensa-mpppst\/"}]}},"_links":{"self":[{"href":"https:\/\/www.mpppst.gob.ve\/mpppstweb\/index.php\/wp-json\/wp\/v2\/posts\/11730"}],"collection":[{"href":"https:\/\/www.mpppst.gob.ve\/mpppstweb\/index.php\/wp-json\/wp\/v2\/posts"}],"about":[{"href":"https:\/\/www.mpppst.gob.ve\/mpppstweb\/index.php\/wp-json\/wp\/v2\/types\/post"}],"author":[{"embeddable":true,"href":"https:\/\/www.mpppst.gob.ve\/mpppstweb\/index.php\/wp-json\/wp\/v2\/users\/25"}],"replies":[{"embeddable":true,"href":"https:\/\/www.mpppst.gob.ve\/mpppstweb\/index.php\/wp-json\/wp\/v2\/comments?post=11730"}],"version-history":[{"count":1,"href":"https:\/\/www.mpppst.gob.ve\/mpppstweb\/index.php\/wp-json\/wp\/v2\/posts\/11730\/revisions"}],"predecessor-version":[{"id":11732,"href":"https:\/\/www.mpppst.gob.ve\/mpppstweb\/index.php\/wp-json\/wp\/v2\/posts\/11730\/revisions\/11732"}],"wp:featuredmedia":[{"embeddable":true,"href":"https:\/\/www.mpppst.gob.ve\/mpppstweb\/index.php\/wp-json\/wp\/v2\/media\/11731"}],"wp:attachment":[{"href":"https:\/\/www.mpppst.gob.ve\/mpppstweb\/index.php\/wp-json\/wp\/v2\/media?parent=11730"}],"wp:term":[{"taxonomy":"category","embeddable":true,"href":"https:\/\/www.mpppst.gob.ve\/mpppstweb\/index.php\/wp-json\/wp\/v2\/categories?post=11730"},{"taxonomy":"post_tag","embeddable":true,"href":"https:\/\/www.mpppst.gob.ve\/mpppstweb\/index.php\/wp-json\/wp\/v2\/tags?post=11730"}],"curies":[{"name":"wp","href":"https:\/\/api.w.org\/{rel}","templated":true}]}}