{"id":11733,"date":"2017-06-01T09:27:49","date_gmt":"2017-06-01T13:27:49","guid":{"rendered":"http:\/\/www.mpppst.gob.ve\/mpppstweb\/?p=11733"},"modified":"2017-06-01T09:27:49","modified_gmt":"2017-06-01T13:27:49","slug":"canciller-rodriguez-en-la-oea-se-impuso-la-voz-de-la-moral-de-los-paises-del-alba-y-del-caricom","status":"publish","type":"post","link":"https:\/\/www.mpppst.gob.ve\/mpppstweb\/index.php\/2017\/06\/01\/canciller-rodriguez-en-la-oea-se-impuso-la-voz-de-la-moral-de-los-paises-del-alba-y-del-caricom\/","title":{"rendered":"Canciller Rodr\u00edguez: En la OEA se impuso la voz de la moral de los pa\u00edses del Alba y del Caricom"},"content":{"rendered":"<p>AVN.- La ministra para Relaciones Exteriores, Delcy Rodr\u00edguez, enfatiz\u00f3 este mi\u00e9rcoles que en la reuni\u00f3n de Cancilleres de la Organizaci\u00f3n de los Estados Americanos (OEA) se impuso la voz de la moral de los pa\u00edses de la Alianza Bolivariana para los Pueblos de Nuestra Am\u00e9rica (Alba) y de la Comunidad del Caribe (Caricom).<\/p>\n<p>\u00abEl \u00fanico consenso que result\u00f3 de esta reuni\u00f3n es que no hay consenso, porque frente a este grupo de intervenci\u00f3n, de irrespeto al derecho internacional, se impuso la voz moral y de respeto estricto a las normas internacionales de grupo Pa\u00edses del Alba y del Caricom. Fue una batalla pol\u00edtica que evidencio la pugna entre dos modelos. El modelo hegem\u00f3nico y el modelo que propugna el respeto a la soberan\u00eda y a la independencia de los pa\u00edses\u00bb, expres\u00f3 la diplom\u00e1tica en un contacto telef\u00f3nico al programa Con el Mazo Dando, que transmite VTV.<\/p>\n<p>M\u00e1s temprano, la reuni\u00f3n de cancilleres de la OEA para tratar la situaci\u00f3n de Venezuela fue suspendida \u2013 por solicitud de los pa\u00edses de Caricom \u2013, tras la falta de consenso entre las 34 delegaciones presentes en la asamblea.<\/p>\n<p>En este sentido, la titular del ministerio manifest\u00f3 que en esta reuni\u00f3n estaba en \u00abcurso un plan de intervenci\u00f3n, y lleg\u00f3 el grupo de pa\u00edses, el G15 con su carta de intervenci\u00f3n y de tutelaje a Venezuela a buscar un consenso\u00bb, que fue derrotado \u00abpor las posiciones dignas del Caricom y del Alba\u00bb.<\/p>\n<p>Detall\u00f3 que en la reuni\u00f3n, este grupo de cancilleres pretend\u00edan frenar el proceso constituyente, convocado el pasado 1\u00ba de mayo por el Ejecutivo Nacional, que tiene como objetivo consolidar la paz y la estabilidad de la Rep\u00fablica.<\/p>\n<p>\u00abEllos tra\u00edan para hoy una receta de intervenci\u00f3n, atendiendo los deseos intervencionistas de parte de Julio Borges y la oposici\u00f3n violenta\u00bb, denunci\u00f3 la ministra.<\/p>\n<p>\u00abEste grupo intervencionista que lleg\u00f3 con sus mentiras leyendo la lista de deseos de Julio Borges, que debe sentirse hoy profundamente frustrado (&#8230;) porque la OEA no le dio el respaldo que ellos han estado buscando y pretendiendo. La lista de deseos de Almagro, la lista de deseos de Borges y de la oposici\u00f3n violenta, fueron derrotadas\u00bb, agreg\u00f3.<\/p>\n<p>Por otra parte, la ministra Rodr\u00edguez inform\u00f3 que, por instrucciones del presidente de la Rep\u00fablica, Nicol\u00e1s Maduro; Venezuela participar\u00e1 en la pr\u00f3xima reuni\u00f3n que llevar\u00e1 a cabo la OEA en Canc\u00fan, M\u00e9xico, entre el 19 y 21 de junio.<\/p>\n<p>\u00abMe ha instruido participar personalmente, como canciller de Venezuela, en la pr\u00f3xima Asamblea General que se realizar\u00e1 en Canc\u00fan, M\u00e9xico. Ah\u00ed llegaremos. Llegaremos con los pueblos de Centroam\u00e9rica, con los pueblos de Am\u00e9rica Latina y el Caribe a defender a Venezuela\u00bb, indic\u00f3.<\/p>\n<p>\u00abAh\u00ed llegaremos de la mano de los pueblos, como debe ser, a defender a Venezuela. Hoy ha sido un gran fracaso para este gran grupo intervencionista. Nosotros llegaremos a Canc\u00fan a defender los derechos leg\u00edtimos de Venezuela\u00bb, agreg\u00f3 la ministra.<\/p>\n<p>Se\u00f1al\u00f3 que en esta reuni\u00f3n se ratificar\u00e1 la disposici\u00f3n de Venezuela de retirarse del organismo internacional \u2014 proceso que inici\u00f3 el pasado 28 de abril y que tiene una duraci\u00f3n de 24 meses \u2014 desde donde se ha gestado un plan de arremetida y de quebrantamiento de la soberan\u00eda e independencia de la patria bolivariana.<\/p>\n","protected":false},"excerpt":{"rendered":"<p>AVN.- La ministra para Relaciones Exteriores, Delcy Rodr\u00edguez, enfatiz\u00f3 este mi\u00e9rcoles que en la reuni\u00f3n de &hellip; <a title=\"Canciller Rodr\u00edguez: En la OEA se impuso la voz de la moral de los pa\u00edses del Alba y del Caricom\" class=\"hm-read-more\" href=\"https:\/\/www.mpppst.gob.ve\/mpppstweb\/index.php\/2017\/06\/01\/canciller-rodriguez-en-la-oea-se-impuso-la-voz-de-la-moral-de-los-paises-del-alba-y-del-caricom\/\"><span class=\"screen-reader-text\">Canciller Rodr\u00edguez: En la OEA se impuso la voz de la moral de los pa\u00edses del Alba y del Caricom<\/span>Read more<\/a><\/p>\n","protected":false},"author":25,"featured_media":11734,"comment_status":"closed","ping_status":"closed","sticky":false,"template":"","format":"standard","meta":{"footnotes":""},"categories":[82,163],"tags":[222],"yoast_head":"<!-- This site is optimized with the Yoast SEO plugin v22.5 - https:\/\/yoast.com\/wordpress\/plugins\/seo\/ -->\n<title>Canciller Rodr\u00edguez: En la OEA se impuso la voz de la moral de los pa\u00edses del Alba y del Caricom - MPPPST<\/title>\n<meta name=\"robots\" content=\"index, follow, max-snippet:-1, max-image-preview:large, max-video-preview:-1\" \/>\n<link rel=\"canonical\" href=\"https:\/\/www.mpppst.gob.ve\/mpppstweb\/index.php\/2017\/06\/01\/canciller-rodriguez-en-la-oea-se-impuso-la-voz-de-la-moral-de-los-paises-del-alba-y-del-caricom\/\" \/>\n<meta property=\"og:locale\" content=\"es_ES\" \/>\n<meta property=\"og:type\" content=\"article\" \/>\n<meta property=\"og:title\" content=\"Canciller Rodr\u00edguez: En la OEA se impuso la voz de la moral de los pa\u00edses del Alba y del Caricom - MPPPST\" \/>\n<meta property=\"og:description\" content=\"AVN.- La ministra para Relaciones Exteriores, Delcy Rodr\u00edguez, enfatiz\u00f3 este mi\u00e9rcoles que en la reuni\u00f3n de &hellip; Canciller Rodr\u00edguez: En la OEA se impuso la voz de la moral de los pa\u00edses del Alba y del CaricomRead more\" \/>\n<meta property=\"og:url\" content=\"https:\/\/www.mpppst.gob.ve\/mpppstweb\/index.php\/2017\/06\/01\/canciller-rodriguez-en-la-oea-se-impuso-la-voz-de-la-moral-de-los-paises-del-alba-y-del-caricom\/\" \/>\n<meta property=\"og:site_name\" content=\"MPPPST\" \/>\n<meta property=\"article:published_time\" content=\"2017-06-01T13:27:49+00:00\" \/>\n<meta property=\"og:image\" content=\"https:\/\/www.mpppst.gob.ve\/mpppstweb\/wp-content\/uploads\/2017\/06\/Canciller.jpg\" \/>\n\t<meta property=\"og:image:width\" content=\"800\" \/>\n\t<meta property=\"og:image:height\" content=\"445\" \/>\n\t<meta property=\"og:image:type\" content=\"image\/jpeg\" \/>\n<meta name=\"author\" content=\"MPPPST Prensa\" \/>\n<meta name=\"twitter:card\" content=\"summary_large_image\" \/>\n<meta name=\"twitter:label1\" content=\"Escrito por\" \/>\n\t<meta name=\"twitter:data1\" content=\"MPPPST Prensa\" \/>\n\t<meta name=\"twitter:label2\" content=\"Tiempo de lectura\" \/>\n\t<meta name=\"twitter:data2\" content=\"3 minutos\" \/>\n<script type=\"application\/ld+json\" class=\"yoast-schema-graph\">{\"@context\":\"https:\/\/schema.org\",\"@graph\":[{\"@type\":\"Article\",\"@id\":\"https:\/\/www.mpppst.gob.ve\/mpppstweb\/index.php\/2017\/06\/01\/canciller-rodriguez-en-la-oea-se-impuso-la-voz-de-la-moral-de-los-paises-del-alba-y-del-caricom\/#article\",\"isPartOf\":{\"@id\":\"https:\/\/www.mpppst.gob.ve\/mpppstweb\/index.php\/2017\/06\/01\/canciller-rodriguez-en-la-oea-se-impuso-la-voz-de-la-moral-de-los-paises-del-alba-y-del-caricom\/\"},\"author\":{\"name\":\"MPPPST Prensa\",\"@id\":\"https:\/\/www.mpppst.gob.ve\/mpppstweb\/#\/schema\/person\/fc187ee8ead412bd4c9304b62f900ea4\"},\"headline\":\"Canciller Rodr\u00edguez: En la OEA se impuso la voz de la moral de los pa\u00edses del Alba y del Caricom\",\"datePublished\":\"2017-06-01T13:27:49+00:00\",\"dateModified\":\"2017-06-01T13:27:49+00:00\",\"mainEntityOfPage\":{\"@id\":\"https:\/\/www.mpppst.gob.ve\/mpppstweb\/index.php\/2017\/06\/01\/canciller-rodriguez-en-la-oea-se-impuso-la-voz-de-la-moral-de-los-paises-del-alba-y-del-caricom\/\"},\"wordCount\":594,\"publisher\":{\"@id\":\"https:\/\/www.mpppst.gob.ve\/mpppstweb\/#organization\"},\"image\":{\"@id\":\"https:\/\/www.mpppst.gob.ve\/mpppstweb\/index.php\/2017\/06\/01\/canciller-rodriguez-en-la-oea-se-impuso-la-voz-de-la-moral-de-los-paises-del-alba-y-del-caricom\/#primaryimage\"},\"thumbnailUrl\":\"https:\/\/www.mpppst.gob.ve\/mpppstweb\/wp-content\/uploads\/2017\/06\/Canciller.jpg\",\"keywords\":[\"Gobierno Bolivariano\"],\"articleSection\":[\"Gobierno Nacional\",\"Noticias\"],\"inLanguage\":\"es\"},{\"@type\":\"WebPage\",\"@id\":\"https:\/\/www.mpppst.gob.ve\/mpppstweb\/index.php\/2017\/06\/01\/canciller-rodriguez-en-la-oea-se-impuso-la-voz-de-la-moral-de-los-paises-del-alba-y-del-caricom\/\",\"url\":\"https:\/\/www.mpppst.gob.ve\/mpppstweb\/index.php\/2017\/06\/01\/canciller-rodriguez-en-la-oea-se-impuso-la-voz-de-la-moral-de-los-paises-del-alba-y-del-caricom\/\",\"name\":\"Canciller Rodr\u00edguez: En la OEA se impuso la voz de la moral de los pa\u00edses del Alba y del Caricom - MPPPST\",\"isPartOf\":{\"@id\":\"https:\/\/www.mpppst.gob.ve\/mpppstweb\/#website\"},\"primaryImageOfPage\":{\"@id\":\"https:\/\/www.mpppst.gob.ve\/mpppstweb\/index.php\/2017\/06\/01\/canciller-rodriguez-en-la-oea-se-impuso-la-voz-de-la-moral-de-los-paises-del-alba-y-del-caricom\/#primaryimage\"},\"image\":{\"@id\":\"https:\/\/www.mpppst.gob.ve\/mpppstweb\/index.php\/2017\/06\/01\/canciller-rodriguez-en-la-oea-se-impuso-la-voz-de-la-moral-de-los-paises-del-alba-y-del-caricom\/#primaryimage\"},\"thumbnailUrl\":\"https:\/\/www.mpppst.gob.ve\/mpppstweb\/wp-content\/uploads\/2017\/06\/Canciller.jpg\",\"datePublished\":\"2017-06-01T13:27:49+00:00\",\"dateModified\":\"2017-06-01T13:27:49+00:00\",\"breadcrumb\":{\"@id\":\"https:\/\/www.mpppst.gob.ve\/mpppstweb\/index.php\/2017\/06\/01\/canciller-rodriguez-en-la-oea-se-impuso-la-voz-de-la-moral-de-los-paises-del-alba-y-del-caricom\/#breadcrumb\"},\"inLanguage\":\"es\",\"potentialAction\":[{\"@type\":\"ReadAction\",\"target\":[\"https:\/\/www.mpppst.gob.ve\/mpppstweb\/index.php\/2017\/06\/01\/canciller-rodriguez-en-la-oea-se-impuso-la-voz-de-la-moral-de-los-paises-del-alba-y-del-caricom\/\"]}]},{\"@type\":\"ImageObject\",\"inLanguage\":\"es\",\"@id\":\"https:\/\/www.mpppst.gob.ve\/mpppstweb\/index.php\/2017\/06\/01\/canciller-rodriguez-en-la-oea-se-impuso-la-voz-de-la-moral-de-los-paises-del-alba-y-del-caricom\/#primaryimage\",\"url\":\"https:\/\/www.mpppst.gob.ve\/mpppstweb\/wp-content\/uploads\/2017\/06\/Canciller.jpg\",\"contentUrl\":\"https:\/\/www.mpppst.gob.ve\/mpppstweb\/wp-content\/uploads\/2017\/06\/Canciller.jpg\",\"width\":800,\"height\":445},{\"@type\":\"BreadcrumbList\",\"@id\":\"https:\/\/www.mpppst.gob.ve\/mpppstweb\/index.php\/2017\/06\/01\/canciller-rodriguez-en-la-oea-se-impuso-la-voz-de-la-moral-de-los-paises-del-alba-y-del-caricom\/#breadcrumb\",\"itemListElement\":[{\"@type\":\"ListItem\",\"position\":1,\"name\":\"Home\",\"item\":\"https:\/\/www.mpppst.gob.ve\/mpppstweb\/\"},{\"@type\":\"ListItem\",\"position\":2,\"name\":\"Canciller Rodr\u00edguez: En la OEA se impuso la voz de la moral de los pa\u00edses del Alba y del Caricom\"}]},{\"@type\":\"WebSite\",\"@id\":\"https:\/\/www.mpppst.gob.ve\/mpppstweb\/#website\",\"url\":\"https:\/\/www.mpppst.gob.ve\/mpppstweb\/\",\"name\":\"MPPPST\",\"description\":\"Ministerio del Poder Popular para el Proceso Social de Trabajo\",\"publisher\":{\"@id\":\"https:\/\/www.mpppst.gob.ve\/mpppstweb\/#organization\"},\"potentialAction\":[{\"@type\":\"SearchAction\",\"target\":{\"@type\":\"EntryPoint\",\"urlTemplate\":\"https:\/\/www.mpppst.gob.ve\/mpppstweb\/?s={search_term_string}\"},\"query-input\":\"required name=search_term_string\"}],\"inLanguage\":\"es\"},{\"@type\":\"Organization\",\"@id\":\"https:\/\/www.mpppst.gob.ve\/mpppstweb\/#organization\",\"name\":\"mpppst\",\"url\":\"https:\/\/www.mpppst.gob.ve\/mpppstweb\/\",\"logo\":{\"@type\":\"ImageObject\",\"inLanguage\":\"es\",\"@id\":\"https:\/\/www.mpppst.gob.ve\/mpppstweb\/#\/schema\/logo\/image\/\",\"url\":\"https:\/\/www.mpppst.gob.ve\/mpppstweb\/wp-content\/uploads\/2025\/07\/cropped-cropped-g910.png\",\"contentUrl\":\"https:\/\/www.mpppst.gob.ve\/mpppstweb\/wp-content\/uploads\/2025\/07\/cropped-cropped-g910.png\",\"width\":1080,\"height\":241,\"caption\":\"mpppst\"},\"image\":{\"@id\":\"https:\/\/www.mpppst.gob.ve\/mpppstweb\/#\/schema\/logo\/image\/\"}},{\"@type\":\"Person\",\"@id\":\"https:\/\/www.mpppst.gob.ve\/mpppstweb\/#\/schema\/person\/fc187ee8ead412bd4c9304b62f900ea4\",\"name\":\"MPPPST Prensa\",\"url\":\"https:\/\/www.mpppst.gob.ve\/mpppstweb\/index.php\/author\/prensa-mpppst\/\"}]}<\/script>\n<!-- \/ Yoast SEO plugin. -->","yoast_head_json":{"title":"Canciller Rodr\u00edguez: En la OEA se impuso la voz de la moral de los pa\u00edses del Alba y del Caricom - MPPPST","robots":{"index":"index","follow":"follow","max-snippet":"max-snippet:-1","max-image-preview":"max-image-preview:large","max-video-preview":"max-video-preview:-1"},"canonical":"https:\/\/www.mpppst.gob.ve\/mpppstweb\/index.php\/2017\/06\/01\/canciller-rodriguez-en-la-oea-se-impuso-la-voz-de-la-moral-de-los-paises-del-alba-y-del-caricom\/","og_locale":"es_ES","og_type":"article","og_title":"Canciller Rodr\u00edguez: En la OEA se impuso la voz de la moral de los pa\u00edses del Alba y del Caricom - MPPPST","og_description":"AVN.- La ministra para Relaciones Exteriores, Delcy Rodr\u00edguez, enfatiz\u00f3 este mi\u00e9rcoles que en la reuni\u00f3n de &hellip; Canciller Rodr\u00edguez: En la OEA se impuso la voz de la moral de los pa\u00edses del Alba y del CaricomRead more","og_url":"https:\/\/www.mpppst.gob.ve\/mpppstweb\/index.php\/2017\/06\/01\/canciller-rodriguez-en-la-oea-se-impuso-la-voz-de-la-moral-de-los-paises-del-alba-y-del-caricom\/","og_site_name":"MPPPST","article_published_time":"2017-06-01T13:27:49+00:00","og_image":[{"width":800,"height":445,"url":"https:\/\/www.mpppst.gob.ve\/mpppstweb\/wp-content\/uploads\/2017\/06\/Canciller.jpg","type":"image\/jpeg"}],"author":"MPPPST Prensa","twitter_card":"summary_large_image","twitter_misc":{"Escrito por":"MPPPST Prensa","Tiempo de lectura":"3 minutos"},"schema":{"@context":"https:\/\/schema.org","@graph":[{"@type":"Article","@id":"https:\/\/www.mpppst.gob.ve\/mpppstweb\/index.php\/2017\/06\/01\/canciller-rodriguez-en-la-oea-se-impuso-la-voz-de-la-moral-de-los-paises-del-alba-y-del-caricom\/#article","isPartOf":{"@id":"https:\/\/www.mpppst.gob.ve\/mpppstweb\/index.php\/2017\/06\/01\/canciller-rodriguez-en-la-oea-se-impuso-la-voz-de-la-moral-de-los-paises-del-alba-y-del-caricom\/"},"author":{"name":"MPPPST Prensa","@id":"https:\/\/www.mpppst.gob.ve\/mpppstweb\/#\/schema\/person\/fc187ee8ead412bd4c9304b62f900ea4"},"headline":"Canciller Rodr\u00edguez: En la OEA se impuso la voz de la moral de los pa\u00edses del Alba y del Caricom","datePublished":"2017-06-01T13:27:49+00:00","dateModified":"2017-06-01T13:27:49+00:00","mainEntityOfPage":{"@id":"https:\/\/www.mpppst.gob.ve\/mpppstweb\/index.php\/2017\/06\/01\/canciller-rodriguez-en-la-oea-se-impuso-la-voz-de-la-moral-de-los-paises-del-alba-y-del-caricom\/"},"wordCount":594,"publisher":{"@id":"https:\/\/www.mpppst.gob.ve\/mpppstweb\/#organization"},"image":{"@id":"https:\/\/www.mpppst.gob.ve\/mpppstweb\/index.php\/2017\/06\/01\/canciller-rodriguez-en-la-oea-se-impuso-la-voz-de-la-moral-de-los-paises-del-alba-y-del-caricom\/#primaryimage"},"thumbnailUrl":"https:\/\/www.mpppst.gob.ve\/mpppstweb\/wp-content\/uploads\/2017\/06\/Canciller.jpg","keywords":["Gobierno Bolivariano"],"articleSection":["Gobierno Nacional","Noticias"],"inLanguage":"es"},{"@type":"WebPage","@id":"https:\/\/www.mpppst.gob.ve\/mpppstweb\/index.php\/2017\/06\/01\/canciller-rodriguez-en-la-oea-se-impuso-la-voz-de-la-moral-de-los-paises-del-alba-y-del-caricom\/","url":"https:\/\/www.mpppst.gob.ve\/mpppstweb\/index.php\/2017\/06\/01\/canciller-rodriguez-en-la-oea-se-impuso-la-voz-de-la-moral-de-los-paises-del-alba-y-del-caricom\/","name":"Canciller Rodr\u00edguez: En la OEA se impuso la voz de la moral de los pa\u00edses del Alba y del Caricom - MPPPST","isPartOf":{"@id":"https:\/\/www.mpppst.gob.ve\/mpppstweb\/#website"},"primaryImageOfPage":{"@id":"https:\/\/www.mpppst.gob.ve\/mpppstweb\/index.php\/2017\/06\/01\/canciller-rodriguez-en-la-oea-se-impuso-la-voz-de-la-moral-de-los-paises-del-alba-y-del-caricom\/#primaryimage"},"image":{"@id":"https:\/\/www.mpppst.gob.ve\/mpppstweb\/index.php\/2017\/06\/01\/canciller-rodriguez-en-la-oea-se-impuso-la-voz-de-la-moral-de-los-paises-del-alba-y-del-caricom\/#primaryimage"},"thumbnailUrl":"https:\/\/www.mpppst.gob.ve\/mpppstweb\/wp-content\/uploads\/2017\/06\/Canciller.jpg","datePublished":"2017-06-01T13:27:49+00:00","dateModified":"2017-06-01T13:27:49+00:00","breadcrumb":{"@id":"https:\/\/www.mpppst.gob.ve\/mpppstweb\/index.php\/2017\/06\/01\/canciller-rodriguez-en-la-oea-se-impuso-la-voz-de-la-moral-de-los-paises-del-alba-y-del-caricom\/#breadcrumb"},"inLanguage":"es","potentialAction":[{"@type":"ReadAction","target":["https:\/\/www.mpppst.gob.ve\/mpppstweb\/index.php\/2017\/06\/01\/canciller-rodriguez-en-la-oea-se-impuso-la-voz-de-la-moral-de-los-paises-del-alba-y-del-caricom\/"]}]},{"@type":"ImageObject","inLanguage":"es","@id":"https:\/\/www.mpppst.gob.ve\/mpppstweb\/index.php\/2017\/06\/01\/canciller-rodriguez-en-la-oea-se-impuso-la-voz-de-la-moral-de-los-paises-del-alba-y-del-caricom\/#primaryimage","url":"https:\/\/www.mpppst.gob.ve\/mpppstweb\/wp-content\/uploads\/2017\/06\/Canciller.jpg","contentUrl":"https:\/\/www.mpppst.gob.ve\/mpppstweb\/wp-content\/uploads\/2017\/06\/Canciller.jpg","width":800,"height":445},{"@type":"BreadcrumbList","@id":"https:\/\/www.mpppst.gob.ve\/mpppstweb\/index.php\/2017\/06\/01\/canciller-rodriguez-en-la-oea-se-impuso-la-voz-de-la-moral-de-los-paises-del-alba-y-del-caricom\/#breadcrumb","itemListElement":[{"@type":"ListItem","position":1,"name":"Home","item":"https:\/\/www.mpppst.gob.ve\/mpppstweb\/"},{"@type":"ListItem","position":2,"name":"Canciller Rodr\u00edguez: En la OEA se impuso la voz de la moral de los pa\u00edses del Alba y del Caricom"}]},{"@type":"WebSite","@id":"https:\/\/www.mpppst.gob.ve\/mpppstweb\/#website","url":"https:\/\/www.mpppst.gob.ve\/mpppstweb\/","name":"MPPPST","description":"Ministerio del Poder Popular para el Proceso Social de Trabajo","publisher":{"@id":"https:\/\/www.mpppst.gob.ve\/mpppstweb\/#organization"},"potentialAction":[{"@type":"SearchAction","target":{"@type":"EntryPoint","urlTemplate":"https:\/\/www.mpppst.gob.ve\/mpppstweb\/?s={search_term_string}"},"query-input":"required name=search_term_string"}],"inLanguage":"es"},{"@type":"Organization","@id":"https:\/\/www.mpppst.gob.ve\/mpppstweb\/#organization","name":"mpppst","url":"https:\/\/www.mpppst.gob.ve\/mpppstweb\/","logo":{"@type":"ImageObject","inLanguage":"es","@id":"https:\/\/www.mpppst.gob.ve\/mpppstweb\/#\/schema\/logo\/image\/","url":"https:\/\/www.mpppst.gob.ve\/mpppstweb\/wp-content\/uploads\/2025\/07\/cropped-cropped-g910.png","contentUrl":"https:\/\/www.mpppst.gob.ve\/mpppstweb\/wp-content\/uploads\/2025\/07\/cropped-cropped-g910.png","width":1080,"height":241,"caption":"mpppst"},"image":{"@id":"https:\/\/www.mpppst.gob.ve\/mpppstweb\/#\/schema\/logo\/image\/"}},{"@type":"Person","@id":"https:\/\/www.mpppst.gob.ve\/mpppstweb\/#\/schema\/person\/fc187ee8ead412bd4c9304b62f900ea4","name":"MPPPST Prensa","url":"https:\/\/www.mpppst.gob.ve\/mpppstweb\/index.php\/author\/prensa-mpppst\/"}]}},"_links":{"self":[{"href":"https:\/\/www.mpppst.gob.ve\/mpppstweb\/index.php\/wp-json\/wp\/v2\/posts\/11733"}],"collection":[{"href":"https:\/\/www.mpppst.gob.ve\/mpppstweb\/index.php\/wp-json\/wp\/v2\/posts"}],"about":[{"href":"https:\/\/www.mpppst.gob.ve\/mpppstweb\/index.php\/wp-json\/wp\/v2\/types\/post"}],"author":[{"embeddable":true,"href":"https:\/\/www.mpppst.gob.ve\/mpppstweb\/index.php\/wp-json\/wp\/v2\/users\/25"}],"replies":[{"embeddable":true,"href":"https:\/\/www.mpppst.gob.ve\/mpppstweb\/index.php\/wp-json\/wp\/v2\/comments?post=11733"}],"version-history":[{"count":1,"href":"https:\/\/www.mpppst.gob.ve\/mpppstweb\/index.php\/wp-json\/wp\/v2\/posts\/11733\/revisions"}],"predecessor-version":[{"id":11735,"href":"https:\/\/www.mpppst.gob.ve\/mpppstweb\/index.php\/wp-json\/wp\/v2\/posts\/11733\/revisions\/11735"}],"wp:featuredmedia":[{"embeddable":true,"href":"https:\/\/www.mpppst.gob.ve\/mpppstweb\/index.php\/wp-json\/wp\/v2\/media\/11734"}],"wp:attachment":[{"href":"https:\/\/www.mpppst.gob.ve\/mpppstweb\/index.php\/wp-json\/wp\/v2\/media?parent=11733"}],"wp:term":[{"taxonomy":"category","embeddable":true,"href":"https:\/\/www.mpppst.gob.ve\/mpppstweb\/index.php\/wp-json\/wp\/v2\/categories?post=11733"},{"taxonomy":"post_tag","embeddable":true,"href":"https:\/\/www.mpppst.gob.ve\/mpppstweb\/index.php\/wp-json\/wp\/v2\/tags?post=11733"}],"curies":[{"name":"wp","href":"https:\/\/api.w.org\/{rel}","templated":true}]}}