{"id":11736,"date":"2017-06-01T10:54:23","date_gmt":"2017-06-01T14:54:23","guid":{"rendered":"http:\/\/www.mpppst.gob.ve\/mpppstweb\/?p=11736"},"modified":"2017-06-01T10:54:23","modified_gmt":"2017-06-01T14:54:23","slug":"clase-obrera-acude-a-convocatoria-para-registro-de-candidaturas-a-constituyentes","status":"publish","type":"post","link":"https:\/\/www.mpppst.gob.ve\/mpppstweb\/index.php\/2017\/06\/01\/clase-obrera-acude-a-convocatoria-para-registro-de-candidaturas-a-constituyentes\/","title":{"rendered":"Clase obrera acude a convocatoria para registro de candidaturas a constituyentes"},"content":{"rendered":"<p>AVN.- Trabajadores de las empresas p\u00fablicas del pa\u00eds participaron este mi\u00e9rcoles en el proceso de registro de candidaturas a constituyentes, que inici\u00f3 el Consejo Nacional Electoral (CNE) a trav\u00e9s de su portal web.<\/p>\n<p>Obreros como Ra\u00fal Gonz\u00e1lez, de la Compa\u00f1\u00eda An\u00f3nima Nacional Tel\u00e9fonos de Venezuela (Cantv); Alexander Molina, de la Industria Venezolana End\u00f3gena de Papel (Invepal); Eliana Zavarce, de Venezolana de Industria Tecnol\u00f3gica (VIT); y Ra\u00fal Rodr\u00edguez, de la Industria Venezolana de Aluminio (Venalum), realizaron el registro, refiere un bolet\u00edn de prensa del Ministerio de Industrias B\u00e1sicas, Estrat\u00e9gicas y Socialistas.<\/p>\n<p>En el registro, ya sea sectorial o territorial, los candidatos obtienen la planilla oficial para la recolecci\u00f3n de 3 % de las firmas de los inscritos en el Registro Electoral (RE) por su sector o por el municipio al que se postulan.<\/p>\n<p>Una vez finalizada la fase de registro, los inscritos deber\u00e1n consignar los requisitos ante la Junta Municipal Electoral, entre el 6 y 10 de junio. Las candidaturas ser\u00e1n evaluadas entre el 11 y 15 de este mes.<\/p>\n<p>Para participar, los interesados deben ser venezolanos por nacimiento sin otra nacionalidad, mayores de 18 a\u00f1os de edad para el momento de la elecci\u00f3n, haber residido cinco a\u00f1os en la entidad por la cual se postula, estar inscrito en el Registro Electoral y presentar constancia del postulado de pertenecer al sector postulante (en caso de ser candidato para el \u00e1mbito sectorial).<\/p>\n","protected":false},"excerpt":{"rendered":"<p>AVN.- Trabajadores de las empresas p\u00fablicas del pa\u00eds participaron este mi\u00e9rcoles en el proceso de registro &hellip; <a title=\"Clase obrera acude a convocatoria para registro de candidaturas a constituyentes\" class=\"hm-read-more\" href=\"https:\/\/www.mpppst.gob.ve\/mpppstweb\/index.php\/2017\/06\/01\/clase-obrera-acude-a-convocatoria-para-registro-de-candidaturas-a-constituyentes\/\"><span class=\"screen-reader-text\">Clase obrera acude a convocatoria para registro de candidaturas a constituyentes<\/span>Read more<\/a><\/p>\n","protected":false},"author":25,"featured_media":11738,"comment_status":"closed","ping_status":"closed","sticky":false,"template":"","format":"standard","meta":{"footnotes":""},"categories":[82,163,84],"tags":[225,222],"yoast_head":"<!-- This site is optimized with the Yoast SEO plugin v22.5 - https:\/\/yoast.com\/wordpress\/plugins\/seo\/ -->\n<title>Clase obrera acude a convocatoria para registro de candidaturas a constituyentes - MPPPST<\/title>\n<meta name=\"robots\" content=\"index, follow, max-snippet:-1, max-image-preview:large, max-video-preview:-1\" \/>\n<link rel=\"canonical\" href=\"https:\/\/www.mpppst.gob.ve\/mpppstweb\/index.php\/2017\/06\/01\/clase-obrera-acude-a-convocatoria-para-registro-de-candidaturas-a-constituyentes\/\" \/>\n<meta property=\"og:locale\" content=\"es_ES\" \/>\n<meta property=\"og:type\" content=\"article\" \/>\n<meta property=\"og:title\" content=\"Clase obrera acude a convocatoria para registro de candidaturas a constituyentes - MPPPST\" \/>\n<meta property=\"og:description\" content=\"AVN.- Trabajadores de las empresas p\u00fablicas del pa\u00eds participaron este mi\u00e9rcoles en el proceso de registro &hellip; Clase obrera acude a convocatoria para registro de candidaturas a constituyentesRead more\" \/>\n<meta property=\"og:url\" content=\"https:\/\/www.mpppst.gob.ve\/mpppstweb\/index.php\/2017\/06\/01\/clase-obrera-acude-a-convocatoria-para-registro-de-candidaturas-a-constituyentes\/\" \/>\n<meta property=\"og:site_name\" content=\"MPPPST\" \/>\n<meta property=\"article:published_time\" content=\"2017-06-01T14:54:23+00:00\" \/>\n<meta property=\"og:image\" content=\"https:\/\/www.mpppst.gob.ve\/mpppstweb\/wp-content\/uploads\/2017\/06\/trabajadoresmarcha1.jpg\" \/>\n\t<meta property=\"og:image:width\" content=\"800\" \/>\n\t<meta property=\"og:image:height\" content=\"445\" \/>\n\t<meta property=\"og:image:type\" content=\"image\/jpeg\" \/>\n<meta name=\"author\" content=\"MPPPST Prensa\" \/>\n<meta name=\"twitter:card\" content=\"summary_large_image\" \/>\n<meta name=\"twitter:label1\" content=\"Escrito por\" \/>\n\t<meta name=\"twitter:data1\" content=\"MPPPST Prensa\" \/>\n\t<meta name=\"twitter:label2\" content=\"Tiempo de lectura\" \/>\n\t<meta name=\"twitter:data2\" content=\"1 minuto\" \/>\n<script type=\"application\/ld+json\" class=\"yoast-schema-graph\">{\"@context\":\"https:\/\/schema.org\",\"@graph\":[{\"@type\":\"Article\",\"@id\":\"https:\/\/www.mpppst.gob.ve\/mpppstweb\/index.php\/2017\/06\/01\/clase-obrera-acude-a-convocatoria-para-registro-de-candidaturas-a-constituyentes\/#article\",\"isPartOf\":{\"@id\":\"https:\/\/www.mpppst.gob.ve\/mpppstweb\/index.php\/2017\/06\/01\/clase-obrera-acude-a-convocatoria-para-registro-de-candidaturas-a-constituyentes\/\"},\"author\":{\"name\":\"MPPPST Prensa\",\"@id\":\"https:\/\/www.mpppst.gob.ve\/mpppstweb\/#\/schema\/person\/fc187ee8ead412bd4c9304b62f900ea4\"},\"headline\":\"Clase obrera acude a convocatoria para registro de candidaturas a constituyentes\",\"datePublished\":\"2017-06-01T14:54:23+00:00\",\"dateModified\":\"2017-06-01T14:54:23+00:00\",\"mainEntityOfPage\":{\"@id\":\"https:\/\/www.mpppst.gob.ve\/mpppstweb\/index.php\/2017\/06\/01\/clase-obrera-acude-a-convocatoria-para-registro-de-candidaturas-a-constituyentes\/\"},\"wordCount\":257,\"publisher\":{\"@id\":\"https:\/\/www.mpppst.gob.ve\/mpppstweb\/#organization\"},\"image\":{\"@id\":\"https:\/\/www.mpppst.gob.ve\/mpppstweb\/index.php\/2017\/06\/01\/clase-obrera-acude-a-convocatoria-para-registro-de-candidaturas-a-constituyentes\/#primaryimage\"},\"thumbnailUrl\":\"https:\/\/www.mpppst.gob.ve\/mpppstweb\/wp-content\/uploads\/2017\/06\/trabajadoresmarcha1.jpg\",\"keywords\":[\"Fuerza Laboral\",\"Gobierno Bolivariano\"],\"articleSection\":[\"Gobierno Nacional\",\"Noticias\",\"Vida Laboral y Sindical\"],\"inLanguage\":\"es\"},{\"@type\":\"WebPage\",\"@id\":\"https:\/\/www.mpppst.gob.ve\/mpppstweb\/index.php\/2017\/06\/01\/clase-obrera-acude-a-convocatoria-para-registro-de-candidaturas-a-constituyentes\/\",\"url\":\"https:\/\/www.mpppst.gob.ve\/mpppstweb\/index.php\/2017\/06\/01\/clase-obrera-acude-a-convocatoria-para-registro-de-candidaturas-a-constituyentes\/\",\"name\":\"Clase obrera acude a convocatoria para registro de candidaturas a constituyentes - MPPPST\",\"isPartOf\":{\"@id\":\"https:\/\/www.mpppst.gob.ve\/mpppstweb\/#website\"},\"primaryImageOfPage\":{\"@id\":\"https:\/\/www.mpppst.gob.ve\/mpppstweb\/index.php\/2017\/06\/01\/clase-obrera-acude-a-convocatoria-para-registro-de-candidaturas-a-constituyentes\/#primaryimage\"},\"image\":{\"@id\":\"https:\/\/www.mpppst.gob.ve\/mpppstweb\/index.php\/2017\/06\/01\/clase-obrera-acude-a-convocatoria-para-registro-de-candidaturas-a-constituyentes\/#primaryimage\"},\"thumbnailUrl\":\"https:\/\/www.mpppst.gob.ve\/mpppstweb\/wp-content\/uploads\/2017\/06\/trabajadoresmarcha1.jpg\",\"datePublished\":\"2017-06-01T14:54:23+00:00\",\"dateModified\":\"2017-06-01T14:54:23+00:00\",\"breadcrumb\":{\"@id\":\"https:\/\/www.mpppst.gob.ve\/mpppstweb\/index.php\/2017\/06\/01\/clase-obrera-acude-a-convocatoria-para-registro-de-candidaturas-a-constituyentes\/#breadcrumb\"},\"inLanguage\":\"es\",\"potentialAction\":[{\"@type\":\"ReadAction\",\"target\":[\"https:\/\/www.mpppst.gob.ve\/mpppstweb\/index.php\/2017\/06\/01\/clase-obrera-acude-a-convocatoria-para-registro-de-candidaturas-a-constituyentes\/\"]}]},{\"@type\":\"ImageObject\",\"inLanguage\":\"es\",\"@id\":\"https:\/\/www.mpppst.gob.ve\/mpppstweb\/index.php\/2017\/06\/01\/clase-obrera-acude-a-convocatoria-para-registro-de-candidaturas-a-constituyentes\/#primaryimage\",\"url\":\"https:\/\/www.mpppst.gob.ve\/mpppstweb\/wp-content\/uploads\/2017\/06\/trabajadoresmarcha1.jpg\",\"contentUrl\":\"https:\/\/www.mpppst.gob.ve\/mpppstweb\/wp-content\/uploads\/2017\/06\/trabajadoresmarcha1.jpg\",\"width\":800,\"height\":445},{\"@type\":\"BreadcrumbList\",\"@id\":\"https:\/\/www.mpppst.gob.ve\/mpppstweb\/index.php\/2017\/06\/01\/clase-obrera-acude-a-convocatoria-para-registro-de-candidaturas-a-constituyentes\/#breadcrumb\",\"itemListElement\":[{\"@type\":\"ListItem\",\"position\":1,\"name\":\"Home\",\"item\":\"https:\/\/www.mpppst.gob.ve\/mpppstweb\/\"},{\"@type\":\"ListItem\",\"position\":2,\"name\":\"Clase obrera acude a convocatoria para registro de candidaturas a constituyentes\"}]},{\"@type\":\"WebSite\",\"@id\":\"https:\/\/www.mpppst.gob.ve\/mpppstweb\/#website\",\"url\":\"https:\/\/www.mpppst.gob.ve\/mpppstweb\/\",\"name\":\"MPPPST\",\"description\":\"Ministerio del Poder Popular para el Proceso Social de Trabajo\",\"publisher\":{\"@id\":\"https:\/\/www.mpppst.gob.ve\/mpppstweb\/#organization\"},\"potentialAction\":[{\"@type\":\"SearchAction\",\"target\":{\"@type\":\"EntryPoint\",\"urlTemplate\":\"https:\/\/www.mpppst.gob.ve\/mpppstweb\/?s={search_term_string}\"},\"query-input\":\"required name=search_term_string\"}],\"inLanguage\":\"es\"},{\"@type\":\"Organization\",\"@id\":\"https:\/\/www.mpppst.gob.ve\/mpppstweb\/#organization\",\"name\":\"mpppst\",\"url\":\"https:\/\/www.mpppst.gob.ve\/mpppstweb\/\",\"logo\":{\"@type\":\"ImageObject\",\"inLanguage\":\"es\",\"@id\":\"https:\/\/www.mpppst.gob.ve\/mpppstweb\/#\/schema\/logo\/image\/\",\"url\":\"https:\/\/www.mpppst.gob.ve\/mpppstweb\/wp-content\/uploads\/2025\/07\/cropped-cropped-g910.png\",\"contentUrl\":\"https:\/\/www.mpppst.gob.ve\/mpppstweb\/wp-content\/uploads\/2025\/07\/cropped-cropped-g910.png\",\"width\":1080,\"height\":241,\"caption\":\"mpppst\"},\"image\":{\"@id\":\"https:\/\/www.mpppst.gob.ve\/mpppstweb\/#\/schema\/logo\/image\/\"}},{\"@type\":\"Person\",\"@id\":\"https:\/\/www.mpppst.gob.ve\/mpppstweb\/#\/schema\/person\/fc187ee8ead412bd4c9304b62f900ea4\",\"name\":\"MPPPST Prensa\",\"url\":\"https:\/\/www.mpppst.gob.ve\/mpppstweb\/index.php\/author\/prensa-mpppst\/\"}]}<\/script>\n<!-- \/ Yoast SEO plugin. -->","yoast_head_json":{"title":"Clase obrera acude a convocatoria para registro de candidaturas a constituyentes - MPPPST","robots":{"index":"index","follow":"follow","max-snippet":"max-snippet:-1","max-image-preview":"max-image-preview:large","max-video-preview":"max-video-preview:-1"},"canonical":"https:\/\/www.mpppst.gob.ve\/mpppstweb\/index.php\/2017\/06\/01\/clase-obrera-acude-a-convocatoria-para-registro-de-candidaturas-a-constituyentes\/","og_locale":"es_ES","og_type":"article","og_title":"Clase obrera acude a convocatoria para registro de candidaturas a constituyentes - MPPPST","og_description":"AVN.- Trabajadores de las empresas p\u00fablicas del pa\u00eds participaron este mi\u00e9rcoles en el proceso de registro &hellip; Clase obrera acude a convocatoria para registro de candidaturas a constituyentesRead more","og_url":"https:\/\/www.mpppst.gob.ve\/mpppstweb\/index.php\/2017\/06\/01\/clase-obrera-acude-a-convocatoria-para-registro-de-candidaturas-a-constituyentes\/","og_site_name":"MPPPST","article_published_time":"2017-06-01T14:54:23+00:00","og_image":[{"width":800,"height":445,"url":"https:\/\/www.mpppst.gob.ve\/mpppstweb\/wp-content\/uploads\/2017\/06\/trabajadoresmarcha1.jpg","type":"image\/jpeg"}],"author":"MPPPST Prensa","twitter_card":"summary_large_image","twitter_misc":{"Escrito por":"MPPPST Prensa","Tiempo de lectura":"1 minuto"},"schema":{"@context":"https:\/\/schema.org","@graph":[{"@type":"Article","@id":"https:\/\/www.mpppst.gob.ve\/mpppstweb\/index.php\/2017\/06\/01\/clase-obrera-acude-a-convocatoria-para-registro-de-candidaturas-a-constituyentes\/#article","isPartOf":{"@id":"https:\/\/www.mpppst.gob.ve\/mpppstweb\/index.php\/2017\/06\/01\/clase-obrera-acude-a-convocatoria-para-registro-de-candidaturas-a-constituyentes\/"},"author":{"name":"MPPPST Prensa","@id":"https:\/\/www.mpppst.gob.ve\/mpppstweb\/#\/schema\/person\/fc187ee8ead412bd4c9304b62f900ea4"},"headline":"Clase obrera acude a convocatoria para registro de candidaturas a constituyentes","datePublished":"2017-06-01T14:54:23+00:00","dateModified":"2017-06-01T14:54:23+00:00","mainEntityOfPage":{"@id":"https:\/\/www.mpppst.gob.ve\/mpppstweb\/index.php\/2017\/06\/01\/clase-obrera-acude-a-convocatoria-para-registro-de-candidaturas-a-constituyentes\/"},"wordCount":257,"publisher":{"@id":"https:\/\/www.mpppst.gob.ve\/mpppstweb\/#organization"},"image":{"@id":"https:\/\/www.mpppst.gob.ve\/mpppstweb\/index.php\/2017\/06\/01\/clase-obrera-acude-a-convocatoria-para-registro-de-candidaturas-a-constituyentes\/#primaryimage"},"thumbnailUrl":"https:\/\/www.mpppst.gob.ve\/mpppstweb\/wp-content\/uploads\/2017\/06\/trabajadoresmarcha1.jpg","keywords":["Fuerza Laboral","Gobierno Bolivariano"],"articleSection":["Gobierno Nacional","Noticias","Vida Laboral y Sindical"],"inLanguage":"es"},{"@type":"WebPage","@id":"https:\/\/www.mpppst.gob.ve\/mpppstweb\/index.php\/2017\/06\/01\/clase-obrera-acude-a-convocatoria-para-registro-de-candidaturas-a-constituyentes\/","url":"https:\/\/www.mpppst.gob.ve\/mpppstweb\/index.php\/2017\/06\/01\/clase-obrera-acude-a-convocatoria-para-registro-de-candidaturas-a-constituyentes\/","name":"Clase obrera acude a convocatoria para registro de candidaturas a constituyentes - MPPPST","isPartOf":{"@id":"https:\/\/www.mpppst.gob.ve\/mpppstweb\/#website"},"primaryImageOfPage":{"@id":"https:\/\/www.mpppst.gob.ve\/mpppstweb\/index.php\/2017\/06\/01\/clase-obrera-acude-a-convocatoria-para-registro-de-candidaturas-a-constituyentes\/#primaryimage"},"image":{"@id":"https:\/\/www.mpppst.gob.ve\/mpppstweb\/index.php\/2017\/06\/01\/clase-obrera-acude-a-convocatoria-para-registro-de-candidaturas-a-constituyentes\/#primaryimage"},"thumbnailUrl":"https:\/\/www.mpppst.gob.ve\/mpppstweb\/wp-content\/uploads\/2017\/06\/trabajadoresmarcha1.jpg","datePublished":"2017-06-01T14:54:23+00:00","dateModified":"2017-06-01T14:54:23+00:00","breadcrumb":{"@id":"https:\/\/www.mpppst.gob.ve\/mpppstweb\/index.php\/2017\/06\/01\/clase-obrera-acude-a-convocatoria-para-registro-de-candidaturas-a-constituyentes\/#breadcrumb"},"inLanguage":"es","potentialAction":[{"@type":"ReadAction","target":["https:\/\/www.mpppst.gob.ve\/mpppstweb\/index.php\/2017\/06\/01\/clase-obrera-acude-a-convocatoria-para-registro-de-candidaturas-a-constituyentes\/"]}]},{"@type":"ImageObject","inLanguage":"es","@id":"https:\/\/www.mpppst.gob.ve\/mpppstweb\/index.php\/2017\/06\/01\/clase-obrera-acude-a-convocatoria-para-registro-de-candidaturas-a-constituyentes\/#primaryimage","url":"https:\/\/www.mpppst.gob.ve\/mpppstweb\/wp-content\/uploads\/2017\/06\/trabajadoresmarcha1.jpg","contentUrl":"https:\/\/www.mpppst.gob.ve\/mpppstweb\/wp-content\/uploads\/2017\/06\/trabajadoresmarcha1.jpg","width":800,"height":445},{"@type":"BreadcrumbList","@id":"https:\/\/www.mpppst.gob.ve\/mpppstweb\/index.php\/2017\/06\/01\/clase-obrera-acude-a-convocatoria-para-registro-de-candidaturas-a-constituyentes\/#breadcrumb","itemListElement":[{"@type":"ListItem","position":1,"name":"Home","item":"https:\/\/www.mpppst.gob.ve\/mpppstweb\/"},{"@type":"ListItem","position":2,"name":"Clase obrera acude a convocatoria para registro de candidaturas a constituyentes"}]},{"@type":"WebSite","@id":"https:\/\/www.mpppst.gob.ve\/mpppstweb\/#website","url":"https:\/\/www.mpppst.gob.ve\/mpppstweb\/","name":"MPPPST","description":"Ministerio del Poder Popular para el Proceso Social de Trabajo","publisher":{"@id":"https:\/\/www.mpppst.gob.ve\/mpppstweb\/#organization"},"potentialAction":[{"@type":"SearchAction","target":{"@type":"EntryPoint","urlTemplate":"https:\/\/www.mpppst.gob.ve\/mpppstweb\/?s={search_term_string}"},"query-input":"required name=search_term_string"}],"inLanguage":"es"},{"@type":"Organization","@id":"https:\/\/www.mpppst.gob.ve\/mpppstweb\/#organization","name":"mpppst","url":"https:\/\/www.mpppst.gob.ve\/mpppstweb\/","logo":{"@type":"ImageObject","inLanguage":"es","@id":"https:\/\/www.mpppst.gob.ve\/mpppstweb\/#\/schema\/logo\/image\/","url":"https:\/\/www.mpppst.gob.ve\/mpppstweb\/wp-content\/uploads\/2025\/07\/cropped-cropped-g910.png","contentUrl":"https:\/\/www.mpppst.gob.ve\/mpppstweb\/wp-content\/uploads\/2025\/07\/cropped-cropped-g910.png","width":1080,"height":241,"caption":"mpppst"},"image":{"@id":"https:\/\/www.mpppst.gob.ve\/mpppstweb\/#\/schema\/logo\/image\/"}},{"@type":"Person","@id":"https:\/\/www.mpppst.gob.ve\/mpppstweb\/#\/schema\/person\/fc187ee8ead412bd4c9304b62f900ea4","name":"MPPPST Prensa","url":"https:\/\/www.mpppst.gob.ve\/mpppstweb\/index.php\/author\/prensa-mpppst\/"}]}},"_links":{"self":[{"href":"https:\/\/www.mpppst.gob.ve\/mpppstweb\/index.php\/wp-json\/wp\/v2\/posts\/11736"}],"collection":[{"href":"https:\/\/www.mpppst.gob.ve\/mpppstweb\/index.php\/wp-json\/wp\/v2\/posts"}],"about":[{"href":"https:\/\/www.mpppst.gob.ve\/mpppstweb\/index.php\/wp-json\/wp\/v2\/types\/post"}],"author":[{"embeddable":true,"href":"https:\/\/www.mpppst.gob.ve\/mpppstweb\/index.php\/wp-json\/wp\/v2\/users\/25"}],"replies":[{"embeddable":true,"href":"https:\/\/www.mpppst.gob.ve\/mpppstweb\/index.php\/wp-json\/wp\/v2\/comments?post=11736"}],"version-history":[{"count":1,"href":"https:\/\/www.mpppst.gob.ve\/mpppstweb\/index.php\/wp-json\/wp\/v2\/posts\/11736\/revisions"}],"predecessor-version":[{"id":11739,"href":"https:\/\/www.mpppst.gob.ve\/mpppstweb\/index.php\/wp-json\/wp\/v2\/posts\/11736\/revisions\/11739"}],"wp:featuredmedia":[{"embeddable":true,"href":"https:\/\/www.mpppst.gob.ve\/mpppstweb\/index.php\/wp-json\/wp\/v2\/media\/11738"}],"wp:attachment":[{"href":"https:\/\/www.mpppst.gob.ve\/mpppstweb\/index.php\/wp-json\/wp\/v2\/media?parent=11736"}],"wp:term":[{"taxonomy":"category","embeddable":true,"href":"https:\/\/www.mpppst.gob.ve\/mpppstweb\/index.php\/wp-json\/wp\/v2\/categories?post=11736"},{"taxonomy":"post_tag","embeddable":true,"href":"https:\/\/www.mpppst.gob.ve\/mpppstweb\/index.php\/wp-json\/wp\/v2\/tags?post=11736"}],"curies":[{"name":"wp","href":"https:\/\/api.w.org\/{rel}","templated":true}]}}